{"id":2337,"date":"2019-07-15T11:36:56","date_gmt":"2019-07-15T11:36:56","guid":{"rendered":"https:\/\/super-news.info\/mx\/aumenta-6-3-el-empleo-en-queretaro\/"},"modified":"2019-07-15T11:36:58","modified_gmt":"2019-07-15T11:36:58","slug":"aumenta-6-3-el-empleo-en-queretaro","status":"publish","type":"post","link":"https:\/\/super-news.info\/mx\/aumenta-6-3-el-empleo-en-queretaro\/","title":{"rendered":"Aumenta 6.3% el empleo en Quer\u00e9taro"},"content":{"rendered":"<p> [ad_1]<br \/>\n<\/p>\n<p class=\"paragraph\" data-count=\"245\" data-wrap=\"42\"> En junio de 2019, el n\u00famero de trabajadores afiliados al Instituto Mexicano del Seguro Social (IMSS) report\u00f3 en Quer\u00e9taro un aumento anual de 6.3 por ciento, con lo cual la entidad se mantuvo en el segundo sitio nacional, inform\u00f3 el organismo.\n<\/p>\n<p class=\"paragraph\" data-count=\"167\" data-wrap=\"32\">\nAl mes de junio, el estado registr\u00f3 607 mil 566 trabajadores asegurados, lo que significa que en los \u00faltimos 12 meses se han creado m\u00e1s de 36 mil puestos de trabajo. <\/p>\n<p class=\"paragraph\" data-count=\"129\" data-wrap=\"23\">En tanto, Aguascalientes tuvo un crecimiento de 4 por ciento; Guanajuato, de 3.4 por ciento, y San Luis Potos\u00ed de 2.2 por ciento.<\/p>\n<p class=\"paragraph\" data-count=\"123\" data-wrap=\"21\">Aguascalientes report\u00f3 329 mil 438 trabajadores asegurados, Guanajuato un mill\u00f3n 8 mil 309 y San Luis Potos\u00ed 445 mil 124.\n<\/p>\n<p class=\"paragraph\" data-count=\"200\" data-wrap=\"43\">De junio de 2018 a igual mes de 2019, se  han generado en el Baj\u00edo m\u00e1s de 91 mil puestos laborales, de los cuales poco m\u00e1s de 63 mil son plazas  registradas ante el IMSS en el primer semestre del a\u00f1o.<\/p>\n<p class=\"paragraph\" data-count=\"361\" data-wrap=\"62\">\nLos estados de la Rep\u00fablica, adem\u00e1s de Quer\u00e9taro, que registraron el mayor avance en la creaci\u00f3n de plazas de trabajo en el periodo, fueron: Nayarit -en el primer sitio-, con un crecimiento de 7.7 por ciento; Campeche, con 5.5 por ciento; Yucat\u00e1n, con un aumento de 4.8 por ciento; Baja California Sur, con 4.2 por ciento; y, Aguascalientes, con 4 por ciento.\n<\/p>\n<p class=\"paragraph\" data-count=\"115\" data-wrap=\"22\">\nA nivel nacional, la variaci\u00f3n anual del empleo en el sexto mes del a\u00f1o es de 2.4 por ciento, seg\u00fan el instituto.\n<\/p>\n<p class=\"paragraph\" data-count=\"399\" data-wrap=\"73\">\nLas entidades del pa\u00eds que, por el contrario, tuvieron un saldo negativo en el registro de trabajadores ante el IMSS, entre junio de 2018 y el mismo mes de este a\u00f1o, fueron: Guerrero, con una disminuci\u00f3n de 4.6 por ciento, en el lapso; Chiapas, con una baja de 1.1 por ciento; Oaxaca, con una reducci\u00f3n de 0.4 por ciento; as\u00ed como Durango y Tabasco, con una disminuci\u00f3n de 0.2 por ciento, cada uno.<\/p>\n<div class=\"rich__block \">\n<div>\n<\/div>\n<p><span class=\"element__footer\"><\/span><span class=\"element__credit\"><\/span><\/div>\n<p>[ad_2]<br \/>\n<br \/><a href=\"https:\/\/www.elfinanciero.com.mx\/rss\/bajio\/aumenta-6-3-el-empleo-en-queretaro\">Source link <\/a><\/p>\n","protected":false},"excerpt":{"rendered":"<p>[ad_1] En junio de 2019, el n\u00famero de trabajadores afiliados al Instituto Mexicano del Seguro Social (IMSS) report\u00f3 en Quer\u00e9taro un aumento anual de 6.3 por ciento, con lo cual la entidad se mantuvo en el segundo sitio nacional, inform\u00f3 el organismo. Al mes de junio, el estado registr\u00f3 607 mil 566 trabajadores asegurados, lo [&hellip;]<\/p>\n","protected":false},"author":3,"featured_media":2338,"comment_status":"open","ping_status":"open","sticky":false,"template":"","format":"standard","meta":{"footnotes":""},"categories":[1],"tags":[],"class_list":["post-2337","post","type-post","status-publish","format-standard","has-post-thumbnail","hentry","category-noticias-financieras"],"yoast_head":"<!-- This site is optimized with the Yoast SEO plugin v27.4 - https:\/\/yoast.com\/product\/yoast-seo-wordpress\/ -->\n<title>Aumenta 6.3% el empleo en Quer\u00e9taro - Super News<\/title>\n<meta name=\"robots\" content=\"index, follow, max-snippet:-1, max-image-preview:large, max-video-preview:-1\" \/>\n<link rel=\"canonical\" href=\"https:\/\/super-news.info\/mx\/aumenta-6-3-el-empleo-en-queretaro\/\" \/>\n<meta property=\"og:locale\" content=\"es_MX\" \/>\n<meta property=\"og:type\" content=\"article\" \/>\n<meta property=\"og:title\" content=\"Aumenta 6.3% el empleo en Quer\u00e9taro - Super News\" \/>\n<meta property=\"og:description\" content=\"[ad_1] En junio de 2019, el n\u00famero de trabajadores afiliados al Instituto Mexicano del Seguro Social (IMSS) report\u00f3 en Quer\u00e9taro un aumento anual de 6.3 por ciento, con lo cual la entidad se mantuvo en el segundo sitio nacional, inform\u00f3 el organismo. Al mes de junio, el estado registr\u00f3 607 mil 566 trabajadores asegurados, lo [&hellip;]\" \/>\n<meta property=\"og:url\" content=\"https:\/\/super-news.info\/mx\/aumenta-6-3-el-empleo-en-queretaro\/\" \/>\n<meta property=\"og:site_name\" content=\"Super News\" \/>\n<meta property=\"article:published_time\" content=\"2019-07-15T11:36:56+00:00\" \/>\n<meta property=\"article:modified_time\" content=\"2019-07-15T11:36:58+00:00\" \/>\n<meta property=\"og:image\" content=\"https:\/\/super-news.info\/mx\/wp-content\/uploads\/sites\/8\/2019\/07\/Aumenta-6.3-el-empleo-en-Quer\u00e9taro.jpg\" \/>\n\t<meta property=\"og:image:width\" content=\"864\" \/>\n\t<meta property=\"og:image:height\" content=\"490\" \/>\n\t<meta property=\"og:image:type\" content=\"image\/jpeg\" \/>\n<meta name=\"author\" content=\"mx\" \/>\n<meta name=\"twitter:card\" content=\"summary_large_image\" \/>\n<meta name=\"twitter:label1\" content=\"Escrito por\" \/>\n\t<meta name=\"twitter:data1\" content=\"mx\" \/>\n\t<meta name=\"twitter:label2\" content=\"Tiempo de lectura\" \/>\n\t<meta name=\"twitter:data2\" content=\"2 minutos\" \/>\n<script type=\"application\/ld+json\" class=\"yoast-schema-graph\">{\"@context\":\"https:\\\/\\\/schema.org\",\"@graph\":[{\"@type\":\"Article\",\"@id\":\"https:\\\/\\\/super-news.info\\\/mx\\\/aumenta-6-3-el-empleo-en-queretaro\\\/#article\",\"isPartOf\":{\"@id\":\"https:\\\/\\\/super-news.info\\\/mx\\\/aumenta-6-3-el-empleo-en-queretaro\\\/\"},\"author\":{\"name\":\"mx\",\"@id\":\"https:\\\/\\\/super-news.info\\\/mx\\\/#\\\/schema\\\/person\\\/74b71ca3d407439fd57da2d9c89449ca\"},\"headline\":\"Aumenta 6.3% el empleo en Quer\u00e9taro\",\"datePublished\":\"2019-07-15T11:36:56+00:00\",\"dateModified\":\"2019-07-15T11:36:58+00:00\",\"mainEntityOfPage\":{\"@id\":\"https:\\\/\\\/super-news.info\\\/mx\\\/aumenta-6-3-el-empleo-en-queretaro\\\/\"},\"wordCount\":314,\"commentCount\":0,\"image\":{\"@id\":\"https:\\\/\\\/super-news.info\\\/mx\\\/aumenta-6-3-el-empleo-en-queretaro\\\/#primaryimage\"},\"thumbnailUrl\":\"https:\\\/\\\/super-news.info\\\/mx\\\/wp-content\\\/uploads\\\/sites\\\/8\\\/2019\\\/07\\\/Aumenta-6.3-el-empleo-en-Quer\u00e9taro.jpg\",\"articleSection\":[\"NOTICIAS FINANCIERAS\"],\"inLanguage\":\"es\",\"potentialAction\":[{\"@type\":\"CommentAction\",\"name\":\"Comment\",\"target\":[\"https:\\\/\\\/super-news.info\\\/mx\\\/aumenta-6-3-el-empleo-en-queretaro\\\/#respond\"]}]},{\"@type\":\"WebPage\",\"@id\":\"https:\\\/\\\/super-news.info\\\/mx\\\/aumenta-6-3-el-empleo-en-queretaro\\\/\",\"url\":\"https:\\\/\\\/super-news.info\\\/mx\\\/aumenta-6-3-el-empleo-en-queretaro\\\/\",\"name\":\"Aumenta 6.3% el empleo en Quer\u00e9taro - Super News\",\"isPartOf\":{\"@id\":\"https:\\\/\\\/super-news.info\\\/mx\\\/#website\"},\"primaryImageOfPage\":{\"@id\":\"https:\\\/\\\/super-news.info\\\/mx\\\/aumenta-6-3-el-empleo-en-queretaro\\\/#primaryimage\"},\"image\":{\"@id\":\"https:\\\/\\\/super-news.info\\\/mx\\\/aumenta-6-3-el-empleo-en-queretaro\\\/#primaryimage\"},\"thumbnailUrl\":\"https:\\\/\\\/super-news.info\\\/mx\\\/wp-content\\\/uploads\\\/sites\\\/8\\\/2019\\\/07\\\/Aumenta-6.3-el-empleo-en-Quer\u00e9taro.jpg\",\"datePublished\":\"2019-07-15T11:36:56+00:00\",\"dateModified\":\"2019-07-15T11:36:58+00:00\",\"author\":{\"@id\":\"https:\\\/\\\/super-news.info\\\/mx\\\/#\\\/schema\\\/person\\\/74b71ca3d407439fd57da2d9c89449ca\"},\"breadcrumb\":{\"@id\":\"https:\\\/\\\/super-news.info\\\/mx\\\/aumenta-6-3-el-empleo-en-queretaro\\\/#breadcrumb\"},\"inLanguage\":\"es\",\"potentialAction\":[{\"@type\":\"ReadAction\",\"target\":[\"https:\\\/\\\/super-news.info\\\/mx\\\/aumenta-6-3-el-empleo-en-queretaro\\\/\"]}]},{\"@type\":\"ImageObject\",\"inLanguage\":\"es\",\"@id\":\"https:\\\/\\\/super-news.info\\\/mx\\\/aumenta-6-3-el-empleo-en-queretaro\\\/#primaryimage\",\"url\":\"https:\\\/\\\/super-news.info\\\/mx\\\/wp-content\\\/uploads\\\/sites\\\/8\\\/2019\\\/07\\\/Aumenta-6.3-el-empleo-en-Quer\u00e9taro.jpg\",\"contentUrl\":\"https:\\\/\\\/super-news.info\\\/mx\\\/wp-content\\\/uploads\\\/sites\\\/8\\\/2019\\\/07\\\/Aumenta-6.3-el-empleo-en-Quer\u00e9taro.jpg\",\"width\":864,\"height\":490,\"caption\":\"Aumenta 6.3% el empleo en Quer\u00e9taro\"},{\"@type\":\"BreadcrumbList\",\"@id\":\"https:\\\/\\\/super-news.info\\\/mx\\\/aumenta-6-3-el-empleo-en-queretaro\\\/#breadcrumb\",\"itemListElement\":[{\"@type\":\"ListItem\",\"position\":1,\"name\":\"Home\",\"item\":\"https:\\\/\\\/super-news.info\\\/mx\\\/\"},{\"@type\":\"ListItem\",\"position\":2,\"name\":\"Aumenta 6.3% el empleo en Quer\u00e9taro\"}]},{\"@type\":\"WebSite\",\"@id\":\"https:\\\/\\\/super-news.info\\\/mx\\\/#website\",\"url\":\"https:\\\/\\\/super-news.info\\\/mx\\\/\",\"name\":\"Super News\",\"description\":\"Super News Mexico\",\"potentialAction\":[{\"@type\":\"SearchAction\",\"target\":{\"@type\":\"EntryPoint\",\"urlTemplate\":\"https:\\\/\\\/super-news.info\\\/mx\\\/?s={search_term_string}\"},\"query-input\":{\"@type\":\"PropertyValueSpecification\",\"valueRequired\":true,\"valueName\":\"search_term_string\"}}],\"inLanguage\":\"es\"},{\"@type\":\"Person\",\"@id\":\"https:\\\/\\\/super-news.info\\\/mx\\\/#\\\/schema\\\/person\\\/74b71ca3d407439fd57da2d9c89449ca\",\"name\":\"mx\",\"image\":{\"@type\":\"ImageObject\",\"inLanguage\":\"es\",\"@id\":\"https:\\\/\\\/secure.gravatar.com\\\/avatar\\\/6374ac65ff69c362a0ae1303d73d69dcd9bd198d62d9861f054a69aaf82c017b?s=96&d=mm&r=g\",\"url\":\"https:\\\/\\\/secure.gravatar.com\\\/avatar\\\/6374ac65ff69c362a0ae1303d73d69dcd9bd198d62d9861f054a69aaf82c017b?s=96&d=mm&r=g\",\"contentUrl\":\"https:\\\/\\\/secure.gravatar.com\\\/avatar\\\/6374ac65ff69c362a0ae1303d73d69dcd9bd198d62d9861f054a69aaf82c017b?s=96&d=mm&r=g\",\"caption\":\"mx\"},\"url\":\"https:\\\/\\\/super-news.info\\\/mx\\\/author\\\/mx\\\/\"}]}<\/script>\n<!-- \/ Yoast SEO plugin. -->","yoast_head_json":{"title":"Aumenta 6.3% el empleo en Quer\u00e9taro - Super News","robots":{"index":"index","follow":"follow","max-snippet":"max-snippet:-1","max-image-preview":"max-image-preview:large","max-video-preview":"max-video-preview:-1"},"canonical":"https:\/\/super-news.info\/mx\/aumenta-6-3-el-empleo-en-queretaro\/","og_locale":"es_MX","og_type":"article","og_title":"Aumenta 6.3% el empleo en Quer\u00e9taro - Super News","og_description":"[ad_1] En junio de 2019, el n\u00famero de trabajadores afiliados al Instituto Mexicano del Seguro Social (IMSS) report\u00f3 en Quer\u00e9taro un aumento anual de 6.3 por ciento, con lo cual la entidad se mantuvo en el segundo sitio nacional, inform\u00f3 el organismo. Al mes de junio, el estado registr\u00f3 607 mil 566 trabajadores asegurados, lo [&hellip;]","og_url":"https:\/\/super-news.info\/mx\/aumenta-6-3-el-empleo-en-queretaro\/","og_site_name":"Super News","article_published_time":"2019-07-15T11:36:56+00:00","article_modified_time":"2019-07-15T11:36:58+00:00","og_image":[{"width":864,"height":490,"url":"https:\/\/super-news.info\/mx\/wp-content\/uploads\/sites\/8\/2019\/07\/Aumenta-6.3-el-empleo-en-Quer\u00e9taro.jpg","type":"image\/jpeg"}],"author":"mx","twitter_card":"summary_large_image","twitter_misc":{"Escrito por":"mx","Tiempo de lectura":"2 minutos"},"schema":{"@context":"https:\/\/schema.org","@graph":[{"@type":"Article","@id":"https:\/\/super-news.info\/mx\/aumenta-6-3-el-empleo-en-queretaro\/#article","isPartOf":{"@id":"https:\/\/super-news.info\/mx\/aumenta-6-3-el-empleo-en-queretaro\/"},"author":{"name":"mx","@id":"https:\/\/super-news.info\/mx\/#\/schema\/person\/74b71ca3d407439fd57da2d9c89449ca"},"headline":"Aumenta 6.3% el empleo en Quer\u00e9taro","datePublished":"2019-07-15T11:36:56+00:00","dateModified":"2019-07-15T11:36:58+00:00","mainEntityOfPage":{"@id":"https:\/\/super-news.info\/mx\/aumenta-6-3-el-empleo-en-queretaro\/"},"wordCount":314,"commentCount":0,"image":{"@id":"https:\/\/super-news.info\/mx\/aumenta-6-3-el-empleo-en-queretaro\/#primaryimage"},"thumbnailUrl":"https:\/\/super-news.info\/mx\/wp-content\/uploads\/sites\/8\/2019\/07\/Aumenta-6.3-el-empleo-en-Quer\u00e9taro.jpg","articleSection":["NOTICIAS FINANCIERAS"],"inLanguage":"es","potentialAction":[{"@type":"CommentAction","name":"Comment","target":["https:\/\/super-news.info\/mx\/aumenta-6-3-el-empleo-en-queretaro\/#respond"]}]},{"@type":"WebPage","@id":"https:\/\/super-news.info\/mx\/aumenta-6-3-el-empleo-en-queretaro\/","url":"https:\/\/super-news.info\/mx\/aumenta-6-3-el-empleo-en-queretaro\/","name":"Aumenta 6.3% el empleo en Quer\u00e9taro - Super News","isPartOf":{"@id":"https:\/\/super-news.info\/mx\/#website"},"primaryImageOfPage":{"@id":"https:\/\/super-news.info\/mx\/aumenta-6-3-el-empleo-en-queretaro\/#primaryimage"},"image":{"@id":"https:\/\/super-news.info\/mx\/aumenta-6-3-el-empleo-en-queretaro\/#primaryimage"},"thumbnailUrl":"https:\/\/super-news.info\/mx\/wp-content\/uploads\/sites\/8\/2019\/07\/Aumenta-6.3-el-empleo-en-Quer\u00e9taro.jpg","datePublished":"2019-07-15T11:36:56+00:00","dateModified":"2019-07-15T11:36:58+00:00","author":{"@id":"https:\/\/super-news.info\/mx\/#\/schema\/person\/74b71ca3d407439fd57da2d9c89449ca"},"breadcrumb":{"@id":"https:\/\/super-news.info\/mx\/aumenta-6-3-el-empleo-en-queretaro\/#breadcrumb"},"inLanguage":"es","potentialAction":[{"@type":"ReadAction","target":["https:\/\/super-news.info\/mx\/aumenta-6-3-el-empleo-en-queretaro\/"]}]},{"@type":"ImageObject","inLanguage":"es","@id":"https:\/\/super-news.info\/mx\/aumenta-6-3-el-empleo-en-queretaro\/#primaryimage","url":"https:\/\/super-news.info\/mx\/wp-content\/uploads\/sites\/8\/2019\/07\/Aumenta-6.3-el-empleo-en-Quer\u00e9taro.jpg","contentUrl":"https:\/\/super-news.info\/mx\/wp-content\/uploads\/sites\/8\/2019\/07\/Aumenta-6.3-el-empleo-en-Quer\u00e9taro.jpg","width":864,"height":490,"caption":"Aumenta 6.3% el empleo en Quer\u00e9taro"},{"@type":"BreadcrumbList","@id":"https:\/\/super-news.info\/mx\/aumenta-6-3-el-empleo-en-queretaro\/#breadcrumb","itemListElement":[{"@type":"ListItem","position":1,"name":"Home","item":"https:\/\/super-news.info\/mx\/"},{"@type":"ListItem","position":2,"name":"Aumenta 6.3% el empleo en Quer\u00e9taro"}]},{"@type":"WebSite","@id":"https:\/\/super-news.info\/mx\/#website","url":"https:\/\/super-news.info\/mx\/","name":"Super News","description":"Super News Mexico","potentialAction":[{"@type":"SearchAction","target":{"@type":"EntryPoint","urlTemplate":"https:\/\/super-news.info\/mx\/?s={search_term_string}"},"query-input":{"@type":"PropertyValueSpecification","valueRequired":true,"valueName":"search_term_string"}}],"inLanguage":"es"},{"@type":"Person","@id":"https:\/\/super-news.info\/mx\/#\/schema\/person\/74b71ca3d407439fd57da2d9c89449ca","name":"mx","image":{"@type":"ImageObject","inLanguage":"es","@id":"https:\/\/secure.gravatar.com\/avatar\/6374ac65ff69c362a0ae1303d73d69dcd9bd198d62d9861f054a69aaf82c017b?s=96&d=mm&r=g","url":"https:\/\/secure.gravatar.com\/avatar\/6374ac65ff69c362a0ae1303d73d69dcd9bd198d62d9861f054a69aaf82c017b?s=96&d=mm&r=g","contentUrl":"https:\/\/secure.gravatar.com\/avatar\/6374ac65ff69c362a0ae1303d73d69dcd9bd198d62d9861f054a69aaf82c017b?s=96&d=mm&r=g","caption":"mx"},"url":"https:\/\/super-news.info\/mx\/author\/mx\/"}]}},"_links":{"self":[{"href":"https:\/\/super-news.info\/mx\/wp-json\/wp\/v2\/posts\/2337","targetHints":{"allow":["GET"]}}],"collection":[{"href":"https:\/\/super-news.info\/mx\/wp-json\/wp\/v2\/posts"}],"about":[{"href":"https:\/\/super-news.info\/mx\/wp-json\/wp\/v2\/types\/post"}],"author":[{"embeddable":true,"href":"https:\/\/super-news.info\/mx\/wp-json\/wp\/v2\/users\/3"}],"replies":[{"embeddable":true,"href":"https:\/\/super-news.info\/mx\/wp-json\/wp\/v2\/comments?post=2337"}],"version-history":[{"count":1,"href":"https:\/\/super-news.info\/mx\/wp-json\/wp\/v2\/posts\/2337\/revisions"}],"predecessor-version":[{"id":2339,"href":"https:\/\/super-news.info\/mx\/wp-json\/wp\/v2\/posts\/2337\/revisions\/2339"}],"wp:featuredmedia":[{"embeddable":true,"href":"https:\/\/super-news.info\/mx\/wp-json\/wp\/v2\/media\/2338"}],"wp:attachment":[{"href":"https:\/\/super-news.info\/mx\/wp-json\/wp\/v2\/media?parent=2337"}],"wp:term":[{"taxonomy":"category","embeddable":true,"href":"https:\/\/super-news.info\/mx\/wp-json\/wp\/v2\/categories?post=2337"},{"taxonomy":"post_tag","embeddable":true,"href":"https:\/\/super-news.info\/mx\/wp-json\/wp\/v2\/tags?post=2337"}],"curies":[{"name":"wp","href":"https:\/\/api.w.org\/{rel}","templated":true}]}}