{"id":2334,"date":"2019-07-15T10:48:45","date_gmt":"2019-07-15T10:48:45","guid":{"rendered":"https:\/\/super-news.info\/mx\/se-reduce-actividad-industrial-en-el-bajio\/"},"modified":"2019-07-15T10:48:46","modified_gmt":"2019-07-15T10:48:46","slug":"se-reduce-actividad-industrial-en-el-bajio","status":"publish","type":"post","link":"https:\/\/super-news.info\/mx\/se-reduce-actividad-industrial-en-el-bajio\/","title":{"rendered":"Se reduce actividad industrial en el Baj\u00edo"},"content":{"rendered":"<p> [ad_1]<br \/>\n<\/p>\n<p class=\"paragraph\" data-count=\"213\" data-wrap=\"33\">En el tercer mes del a\u00f1o, la actividad industrial entre las entidades del Baj\u00edo report\u00f3 una disminuci\u00f3n anualizada, de 0.8 por ciento, en promedio, indic\u00f3 el Instituto Nacional de Estad\u00edstica y Geograf\u00eda (INEGI).\n<\/p>\n<p class=\"paragraph\" data-count=\"90\" data-wrap=\"17\">\nDicha variaci\u00f3n se debi\u00f3 a un saldo negativo en tres de los cuatro estados de la regi\u00f3n.\n<\/p>\n<p class=\"paragraph\" data-count=\"229\" data-wrap=\"41\">\nLos datos estatales que reporta el INEGI, indican que, en marzo de 2019, la actividad industrial en Aguascalientes tuvo una baja de 3.2 por ciento, anual; en Guanajuato, de 2.9 por ciento, y en San Luis Potos\u00ed, de 3 por ciento.\n<\/p>\n<p class=\"paragraph\" data-count=\"114\" data-wrap=\"19\">\nSolamente Quer\u00e9taro registr\u00f3 un aumento anualizado, de 5.9 por ciento en el indicador, en el tercer mes de 2019.\n<\/p>\n<p class=\"paragraph\" data-count=\"96\" data-wrap=\"16\">\nA nivel nacional, la actividad industrial tuvo una disminuci\u00f3n de 0.1 por ciento, en el lapso.\n<\/p>\n<p class=\"paragraph\" data-count=\"207\" data-wrap=\"35\">\nSaldos negativos en la construcci\u00f3n y la miner\u00eda en todos los estados de la zona; as\u00ed como resultados diversos en el resto de las actividades, provocaron el bajo desempe\u00f1o en el indicador, en marzo pasado.\n<\/p>\n<p class=\"paragraph\" data-count=\"292\" data-wrap=\"50\">\nCon excepci\u00f3n de Quer\u00e9taro, que ha logrado un resultado positivo en los tres primeros meses de 2019, las entidades del Baj\u00edo han presentado ajustes a la baja en la actividad industrial, desde enero pasado en el caso de Guanajuato y Aguascalientes, y, en febrero y marzo, en San Luis Potos\u00ed.\n<\/p>\n<p class=\"paragraph\" data-count=\"245\" data-wrap=\"45\">\nAs\u00ed, de acuerdo con el INEGI, en el tercer mes del a\u00f1o, <strong>la miner\u00eda en Aguascalientes registr\u00f3 una reducci\u00f3n, anual, de 18.7 por ciento; de 14.4 por ciento, en Guanajuato; de 2.2 por ciento, en Quer\u00e9taro, y de 9.6 por ciento en San Luis Potos\u00ed.<br \/>\n<\/strong><\/p>\n<p class=\"paragraph\" data-count=\"322\" data-wrap=\"55\">\nLa generaci\u00f3n, transmisi\u00f3n y distribuci\u00f3n de energ\u00eda el\u00e9ctrica, suministro de agua y de gas por ductos al consumidor final, tuvo un aumento de 12.1 por ciento, en el lapso, en Aguascalientes; de 4.9 por ciento, en Guanajuato; de 14.7 por ciento, en Quer\u00e9taro; as\u00ed como una reducci\u00f3n de 4.8 por ciento en San Luis Potos\u00ed.\n<\/p>\n<p class=\"paragraph\" data-count=\"238\" data-wrap=\"43\"><strong><br \/>\nEn el tema de la construcci\u00f3n, el instituto se\u00f1ala una baja anualizada, de 9.3 por ciento, en marzo de 2019, en Aguascalientes; de 8.6 por ciento, en Guanajuato; de 0.8 por ciento, en Quer\u00e9taro, y de 18.4 por ciento, en San Luis Potos\u00ed.<br \/>\n<\/strong><\/p>\n<p class=\"paragraph\" data-count=\"272\" data-wrap=\"43\">\nY, en las industrias manufactureras, Aguascalientes y Guanajuato presentaron una disminuci\u00f3n de 0.7 por ciento y 1.5 por ciento, respectivamente, en el periodo; mientras, Quer\u00e9taro y San Luis Potos\u00ed reportaron un aumento de 7.9 por ciento y 1.4 por ciento, en cada caso.\n<\/p>\n<p class=\"paragraph\" data-count=\"1\" data-wrap=\"1\">\n<p class=\"paragraph\" data-count=\"1\" data-wrap=\"2\">\n<div class=\"rich__block \">\n<div>\n<\/div>\n<p><span class=\"element__footer\"><\/span><span class=\"element__credit\"><\/span><\/div>\n<p>[ad_2]<br \/>\n<br \/><a href=\"https:\/\/www.elfinanciero.com.mx\/rss\/bajio\/se-reduce-actividad-industrial-en-el-bajio\">Source link <\/a><\/p>\n","protected":false},"excerpt":{"rendered":"<p>[ad_1] En el tercer mes del a\u00f1o, la actividad industrial entre las entidades del Baj\u00edo report\u00f3 una disminuci\u00f3n anualizada, de 0.8 por ciento, en promedio, indic\u00f3 el Instituto Nacional de Estad\u00edstica y Geograf\u00eda (INEGI). Dicha variaci\u00f3n se debi\u00f3 a un saldo negativo en tres de los cuatro estados de la regi\u00f3n. Los datos estatales que [&hellip;]<\/p>\n","protected":false},"author":3,"featured_media":2335,"comment_status":"open","ping_status":"open","sticky":false,"template":"","format":"standard","meta":{"footnotes":""},"categories":[1],"tags":[],"class_list":["post-2334","post","type-post","status-publish","format-standard","has-post-thumbnail","hentry","category-noticias-financieras"],"yoast_head":"<!-- This site is optimized with the Yoast SEO plugin v27.4 - https:\/\/yoast.com\/product\/yoast-seo-wordpress\/ -->\n<title>Se reduce actividad industrial en el Baj\u00edo - Super News<\/title>\n<meta name=\"robots\" content=\"index, follow, max-snippet:-1, max-image-preview:large, max-video-preview:-1\" \/>\n<link rel=\"canonical\" href=\"https:\/\/super-news.info\/mx\/se-reduce-actividad-industrial-en-el-bajio\/\" \/>\n<meta property=\"og:locale\" content=\"es_MX\" \/>\n<meta property=\"og:type\" content=\"article\" \/>\n<meta property=\"og:title\" content=\"Se reduce actividad industrial en el Baj\u00edo - Super News\" \/>\n<meta property=\"og:description\" content=\"[ad_1] En el tercer mes del a\u00f1o, la actividad industrial entre las entidades del Baj\u00edo report\u00f3 una disminuci\u00f3n anualizada, de 0.8 por ciento, en promedio, indic\u00f3 el Instituto Nacional de Estad\u00edstica y Geograf\u00eda (INEGI). Dicha variaci\u00f3n se debi\u00f3 a un saldo negativo en tres de los cuatro estados de la regi\u00f3n. Los datos estatales que [&hellip;]\" \/>\n<meta property=\"og:url\" content=\"https:\/\/super-news.info\/mx\/se-reduce-actividad-industrial-en-el-bajio\/\" \/>\n<meta property=\"og:site_name\" content=\"Super News\" \/>\n<meta property=\"article:published_time\" content=\"2019-07-15T10:48:45+00:00\" \/>\n<meta property=\"article:modified_time\" content=\"2019-07-15T10:48:46+00:00\" \/>\n<meta property=\"og:image\" content=\"https:\/\/super-news.info\/mx\/wp-content\/uploads\/sites\/8\/2019\/07\/Se-reduce-actividad-industrial-en-el-Baj\u00edo.jpg\" \/>\n\t<meta property=\"og:image:width\" content=\"864\" \/>\n\t<meta property=\"og:image:height\" content=\"1185\" \/>\n\t<meta property=\"og:image:type\" content=\"image\/jpeg\" \/>\n<meta name=\"author\" content=\"mx\" \/>\n<meta name=\"twitter:card\" content=\"summary_large_image\" \/>\n<meta name=\"twitter:label1\" content=\"Escrito por\" \/>\n\t<meta name=\"twitter:data1\" content=\"mx\" \/>\n\t<meta name=\"twitter:label2\" content=\"Tiempo de lectura\" \/>\n\t<meta name=\"twitter:data2\" content=\"2 minutos\" \/>\n<script type=\"application\/ld+json\" class=\"yoast-schema-graph\">{\"@context\":\"https:\\\/\\\/schema.org\",\"@graph\":[{\"@type\":\"Article\",\"@id\":\"https:\\\/\\\/super-news.info\\\/mx\\\/se-reduce-actividad-industrial-en-el-bajio\\\/#article\",\"isPartOf\":{\"@id\":\"https:\\\/\\\/super-news.info\\\/mx\\\/se-reduce-actividad-industrial-en-el-bajio\\\/\"},\"author\":{\"name\":\"mx\",\"@id\":\"https:\\\/\\\/super-news.info\\\/mx\\\/#\\\/schema\\\/person\\\/74b71ca3d407439fd57da2d9c89449ca\"},\"headline\":\"Se reduce actividad industrial en el Baj\u00edo\",\"datePublished\":\"2019-07-15T10:48:45+00:00\",\"dateModified\":\"2019-07-15T10:48:46+00:00\",\"mainEntityOfPage\":{\"@id\":\"https:\\\/\\\/super-news.info\\\/mx\\\/se-reduce-actividad-industrial-en-el-bajio\\\/\"},\"wordCount\":414,\"commentCount\":0,\"image\":{\"@id\":\"https:\\\/\\\/super-news.info\\\/mx\\\/se-reduce-actividad-industrial-en-el-bajio\\\/#primaryimage\"},\"thumbnailUrl\":\"https:\\\/\\\/super-news.info\\\/mx\\\/wp-content\\\/uploads\\\/sites\\\/8\\\/2019\\\/07\\\/Se-reduce-actividad-industrial-en-el-Baj\u00edo.jpg\",\"articleSection\":[\"NOTICIAS FINANCIERAS\"],\"inLanguage\":\"es\",\"potentialAction\":[{\"@type\":\"CommentAction\",\"name\":\"Comment\",\"target\":[\"https:\\\/\\\/super-news.info\\\/mx\\\/se-reduce-actividad-industrial-en-el-bajio\\\/#respond\"]}]},{\"@type\":\"WebPage\",\"@id\":\"https:\\\/\\\/super-news.info\\\/mx\\\/se-reduce-actividad-industrial-en-el-bajio\\\/\",\"url\":\"https:\\\/\\\/super-news.info\\\/mx\\\/se-reduce-actividad-industrial-en-el-bajio\\\/\",\"name\":\"Se reduce actividad industrial en el Baj\u00edo - Super News\",\"isPartOf\":{\"@id\":\"https:\\\/\\\/super-news.info\\\/mx\\\/#website\"},\"primaryImageOfPage\":{\"@id\":\"https:\\\/\\\/super-news.info\\\/mx\\\/se-reduce-actividad-industrial-en-el-bajio\\\/#primaryimage\"},\"image\":{\"@id\":\"https:\\\/\\\/super-news.info\\\/mx\\\/se-reduce-actividad-industrial-en-el-bajio\\\/#primaryimage\"},\"thumbnailUrl\":\"https:\\\/\\\/super-news.info\\\/mx\\\/wp-content\\\/uploads\\\/sites\\\/8\\\/2019\\\/07\\\/Se-reduce-actividad-industrial-en-el-Baj\u00edo.jpg\",\"datePublished\":\"2019-07-15T10:48:45+00:00\",\"dateModified\":\"2019-07-15T10:48:46+00:00\",\"author\":{\"@id\":\"https:\\\/\\\/super-news.info\\\/mx\\\/#\\\/schema\\\/person\\\/74b71ca3d407439fd57da2d9c89449ca\"},\"breadcrumb\":{\"@id\":\"https:\\\/\\\/super-news.info\\\/mx\\\/se-reduce-actividad-industrial-en-el-bajio\\\/#breadcrumb\"},\"inLanguage\":\"es\",\"potentialAction\":[{\"@type\":\"ReadAction\",\"target\":[\"https:\\\/\\\/super-news.info\\\/mx\\\/se-reduce-actividad-industrial-en-el-bajio\\\/\"]}]},{\"@type\":\"ImageObject\",\"inLanguage\":\"es\",\"@id\":\"https:\\\/\\\/super-news.info\\\/mx\\\/se-reduce-actividad-industrial-en-el-bajio\\\/#primaryimage\",\"url\":\"https:\\\/\\\/super-news.info\\\/mx\\\/wp-content\\\/uploads\\\/sites\\\/8\\\/2019\\\/07\\\/Se-reduce-actividad-industrial-en-el-Baj\u00edo.jpg\",\"contentUrl\":\"https:\\\/\\\/super-news.info\\\/mx\\\/wp-content\\\/uploads\\\/sites\\\/8\\\/2019\\\/07\\\/Se-reduce-actividad-industrial-en-el-Baj\u00edo.jpg\",\"width\":864,\"height\":1185,\"caption\":\"Se reduce actividad industrial en el Baj\u00edo\"},{\"@type\":\"BreadcrumbList\",\"@id\":\"https:\\\/\\\/super-news.info\\\/mx\\\/se-reduce-actividad-industrial-en-el-bajio\\\/#breadcrumb\",\"itemListElement\":[{\"@type\":\"ListItem\",\"position\":1,\"name\":\"Home\",\"item\":\"https:\\\/\\\/super-news.info\\\/mx\\\/\"},{\"@type\":\"ListItem\",\"position\":2,\"name\":\"Se reduce actividad industrial en el Baj\u00edo\"}]},{\"@type\":\"WebSite\",\"@id\":\"https:\\\/\\\/super-news.info\\\/mx\\\/#website\",\"url\":\"https:\\\/\\\/super-news.info\\\/mx\\\/\",\"name\":\"Super News\",\"description\":\"Super News Mexico\",\"potentialAction\":[{\"@type\":\"SearchAction\",\"target\":{\"@type\":\"EntryPoint\",\"urlTemplate\":\"https:\\\/\\\/super-news.info\\\/mx\\\/?s={search_term_string}\"},\"query-input\":{\"@type\":\"PropertyValueSpecification\",\"valueRequired\":true,\"valueName\":\"search_term_string\"}}],\"inLanguage\":\"es\"},{\"@type\":\"Person\",\"@id\":\"https:\\\/\\\/super-news.info\\\/mx\\\/#\\\/schema\\\/person\\\/74b71ca3d407439fd57da2d9c89449ca\",\"name\":\"mx\",\"image\":{\"@type\":\"ImageObject\",\"inLanguage\":\"es\",\"@id\":\"https:\\\/\\\/secure.gravatar.com\\\/avatar\\\/6374ac65ff69c362a0ae1303d73d69dcd9bd198d62d9861f054a69aaf82c017b?s=96&d=mm&r=g\",\"url\":\"https:\\\/\\\/secure.gravatar.com\\\/avatar\\\/6374ac65ff69c362a0ae1303d73d69dcd9bd198d62d9861f054a69aaf82c017b?s=96&d=mm&r=g\",\"contentUrl\":\"https:\\\/\\\/secure.gravatar.com\\\/avatar\\\/6374ac65ff69c362a0ae1303d73d69dcd9bd198d62d9861f054a69aaf82c017b?s=96&d=mm&r=g\",\"caption\":\"mx\"},\"url\":\"https:\\\/\\\/super-news.info\\\/mx\\\/author\\\/mx\\\/\"}]}<\/script>\n<!-- \/ Yoast SEO plugin. -->","yoast_head_json":{"title":"Se reduce actividad industrial en el Baj\u00edo - Super News","robots":{"index":"index","follow":"follow","max-snippet":"max-snippet:-1","max-image-preview":"max-image-preview:large","max-video-preview":"max-video-preview:-1"},"canonical":"https:\/\/super-news.info\/mx\/se-reduce-actividad-industrial-en-el-bajio\/","og_locale":"es_MX","og_type":"article","og_title":"Se reduce actividad industrial en el Baj\u00edo - Super News","og_description":"[ad_1] En el tercer mes del a\u00f1o, la actividad industrial entre las entidades del Baj\u00edo report\u00f3 una disminuci\u00f3n anualizada, de 0.8 por ciento, en promedio, indic\u00f3 el Instituto Nacional de Estad\u00edstica y Geograf\u00eda (INEGI). Dicha variaci\u00f3n se debi\u00f3 a un saldo negativo en tres de los cuatro estados de la regi\u00f3n. Los datos estatales que [&hellip;]","og_url":"https:\/\/super-news.info\/mx\/se-reduce-actividad-industrial-en-el-bajio\/","og_site_name":"Super News","article_published_time":"2019-07-15T10:48:45+00:00","article_modified_time":"2019-07-15T10:48:46+00:00","og_image":[{"width":864,"height":1185,"url":"https:\/\/super-news.info\/mx\/wp-content\/uploads\/sites\/8\/2019\/07\/Se-reduce-actividad-industrial-en-el-Baj\u00edo.jpg","type":"image\/jpeg"}],"author":"mx","twitter_card":"summary_large_image","twitter_misc":{"Escrito por":"mx","Tiempo de lectura":"2 minutos"},"schema":{"@context":"https:\/\/schema.org","@graph":[{"@type":"Article","@id":"https:\/\/super-news.info\/mx\/se-reduce-actividad-industrial-en-el-bajio\/#article","isPartOf":{"@id":"https:\/\/super-news.info\/mx\/se-reduce-actividad-industrial-en-el-bajio\/"},"author":{"name":"mx","@id":"https:\/\/super-news.info\/mx\/#\/schema\/person\/74b71ca3d407439fd57da2d9c89449ca"},"headline":"Se reduce actividad industrial en el Baj\u00edo","datePublished":"2019-07-15T10:48:45+00:00","dateModified":"2019-07-15T10:48:46+00:00","mainEntityOfPage":{"@id":"https:\/\/super-news.info\/mx\/se-reduce-actividad-industrial-en-el-bajio\/"},"wordCount":414,"commentCount":0,"image":{"@id":"https:\/\/super-news.info\/mx\/se-reduce-actividad-industrial-en-el-bajio\/#primaryimage"},"thumbnailUrl":"https:\/\/super-news.info\/mx\/wp-content\/uploads\/sites\/8\/2019\/07\/Se-reduce-actividad-industrial-en-el-Baj\u00edo.jpg","articleSection":["NOTICIAS FINANCIERAS"],"inLanguage":"es","potentialAction":[{"@type":"CommentAction","name":"Comment","target":["https:\/\/super-news.info\/mx\/se-reduce-actividad-industrial-en-el-bajio\/#respond"]}]},{"@type":"WebPage","@id":"https:\/\/super-news.info\/mx\/se-reduce-actividad-industrial-en-el-bajio\/","url":"https:\/\/super-news.info\/mx\/se-reduce-actividad-industrial-en-el-bajio\/","name":"Se reduce actividad industrial en el Baj\u00edo - Super News","isPartOf":{"@id":"https:\/\/super-news.info\/mx\/#website"},"primaryImageOfPage":{"@id":"https:\/\/super-news.info\/mx\/se-reduce-actividad-industrial-en-el-bajio\/#primaryimage"},"image":{"@id":"https:\/\/super-news.info\/mx\/se-reduce-actividad-industrial-en-el-bajio\/#primaryimage"},"thumbnailUrl":"https:\/\/super-news.info\/mx\/wp-content\/uploads\/sites\/8\/2019\/07\/Se-reduce-actividad-industrial-en-el-Baj\u00edo.jpg","datePublished":"2019-07-15T10:48:45+00:00","dateModified":"2019-07-15T10:48:46+00:00","author":{"@id":"https:\/\/super-news.info\/mx\/#\/schema\/person\/74b71ca3d407439fd57da2d9c89449ca"},"breadcrumb":{"@id":"https:\/\/super-news.info\/mx\/se-reduce-actividad-industrial-en-el-bajio\/#breadcrumb"},"inLanguage":"es","potentialAction":[{"@type":"ReadAction","target":["https:\/\/super-news.info\/mx\/se-reduce-actividad-industrial-en-el-bajio\/"]}]},{"@type":"ImageObject","inLanguage":"es","@id":"https:\/\/super-news.info\/mx\/se-reduce-actividad-industrial-en-el-bajio\/#primaryimage","url":"https:\/\/super-news.info\/mx\/wp-content\/uploads\/sites\/8\/2019\/07\/Se-reduce-actividad-industrial-en-el-Baj\u00edo.jpg","contentUrl":"https:\/\/super-news.info\/mx\/wp-content\/uploads\/sites\/8\/2019\/07\/Se-reduce-actividad-industrial-en-el-Baj\u00edo.jpg","width":864,"height":1185,"caption":"Se reduce actividad industrial en el Baj\u00edo"},{"@type":"BreadcrumbList","@id":"https:\/\/super-news.info\/mx\/se-reduce-actividad-industrial-en-el-bajio\/#breadcrumb","itemListElement":[{"@type":"ListItem","position":1,"name":"Home","item":"https:\/\/super-news.info\/mx\/"},{"@type":"ListItem","position":2,"name":"Se reduce actividad industrial en el Baj\u00edo"}]},{"@type":"WebSite","@id":"https:\/\/super-news.info\/mx\/#website","url":"https:\/\/super-news.info\/mx\/","name":"Super News","description":"Super News Mexico","potentialAction":[{"@type":"SearchAction","target":{"@type":"EntryPoint","urlTemplate":"https:\/\/super-news.info\/mx\/?s={search_term_string}"},"query-input":{"@type":"PropertyValueSpecification","valueRequired":true,"valueName":"search_term_string"}}],"inLanguage":"es"},{"@type":"Person","@id":"https:\/\/super-news.info\/mx\/#\/schema\/person\/74b71ca3d407439fd57da2d9c89449ca","name":"mx","image":{"@type":"ImageObject","inLanguage":"es","@id":"https:\/\/secure.gravatar.com\/avatar\/6374ac65ff69c362a0ae1303d73d69dcd9bd198d62d9861f054a69aaf82c017b?s=96&d=mm&r=g","url":"https:\/\/secure.gravatar.com\/avatar\/6374ac65ff69c362a0ae1303d73d69dcd9bd198d62d9861f054a69aaf82c017b?s=96&d=mm&r=g","contentUrl":"https:\/\/secure.gravatar.com\/avatar\/6374ac65ff69c362a0ae1303d73d69dcd9bd198d62d9861f054a69aaf82c017b?s=96&d=mm&r=g","caption":"mx"},"url":"https:\/\/super-news.info\/mx\/author\/mx\/"}]}},"_links":{"self":[{"href":"https:\/\/super-news.info\/mx\/wp-json\/wp\/v2\/posts\/2334","targetHints":{"allow":["GET"]}}],"collection":[{"href":"https:\/\/super-news.info\/mx\/wp-json\/wp\/v2\/posts"}],"about":[{"href":"https:\/\/super-news.info\/mx\/wp-json\/wp\/v2\/types\/post"}],"author":[{"embeddable":true,"href":"https:\/\/super-news.info\/mx\/wp-json\/wp\/v2\/users\/3"}],"replies":[{"embeddable":true,"href":"https:\/\/super-news.info\/mx\/wp-json\/wp\/v2\/comments?post=2334"}],"version-history":[{"count":1,"href":"https:\/\/super-news.info\/mx\/wp-json\/wp\/v2\/posts\/2334\/revisions"}],"predecessor-version":[{"id":2336,"href":"https:\/\/super-news.info\/mx\/wp-json\/wp\/v2\/posts\/2334\/revisions\/2336"}],"wp:featuredmedia":[{"embeddable":true,"href":"https:\/\/super-news.info\/mx\/wp-json\/wp\/v2\/media\/2335"}],"wp:attachment":[{"href":"https:\/\/super-news.info\/mx\/wp-json\/wp\/v2\/media?parent=2334"}],"wp:term":[{"taxonomy":"category","embeddable":true,"href":"https:\/\/super-news.info\/mx\/wp-json\/wp\/v2\/categories?post=2334"},{"taxonomy":"post_tag","embeddable":true,"href":"https:\/\/super-news.info\/mx\/wp-json\/wp\/v2\/tags?post=2334"}],"curies":[{"name":"wp","href":"https:\/\/api.w.org\/{rel}","templated":true}]}}