{"id":2331,"date":"2019-07-15T10:00:14","date_gmt":"2019-07-15T10:00:14","guid":{"rendered":"https:\/\/super-news.info\/mx\/desfile-de-francia-despliega-poder-militar-de-diez-paises-europeos\/"},"modified":"2019-07-15T10:00:16","modified_gmt":"2019-07-15T10:00:16","slug":"desfile-de-francia-despliega-poder-militar-de-diez-paises-europeos","status":"publish","type":"post","link":"https:\/\/super-news.info\/mx\/desfile-de-francia-despliega-poder-militar-de-diez-paises-europeos\/","title":{"rendered":"Desfile de Francia despliega poder militar de diez pa\u00edses europeos"},"content":{"rendered":"<p> [ad_1]<br \/>\n<\/p>\n<p class=\"paragraph\" data-count=\"190\" data-wrap=\"29\">El presidente de Francia, <strong>Emmanuel Macron<\/strong>, encabez\u00f3 ayer la celebraci\u00f3n anual del D\u00eda de la Bastilla, con un desfile que tuvo como caracter\u00edstica principal la cooperaci\u00f3n militar de Europa.\n<\/p>\n<p class=\"paragraph\" data-count=\"303\" data-wrap=\"43\">Macron estuvo acompa\u00f1ado por l\u00edderes europeos como la canciller alemana, <strong>Angela Merkel<\/strong>, el presidente de la Comisi\u00f3n Europea, <strong>Jean-Claude Juncker<\/strong>, el secretario general de la OTAN, <strong>Jens Stoltenberg<\/strong>, la ministra espa\u00f1ola de Defensa, <strong>Margarita Robles<\/strong> y el vice primer ministro brit\u00e1nico, <strong>David Lidington<\/strong>.\n<\/p>\n<p class=\"paragraph\" data-count=\"180\" data-wrap=\"29\">Las banderas de los 10 pa\u00edses que forman parte de la Iniciativa de Intervenci\u00f3n Europea, un pacto militar creado el a\u00f1o pasado, encabezaron el desfile que recorri\u00f3 Campos El\u00edseos.\n<\/p>\n<p class=\"paragraph\" data-count=\"0\" data-wrap=\"1\">\n<p class=\"paragraph\" data-count=\"0\" data-wrap=\"1\">\n<div class=\"image__block \">\n<figure><\/figure>\n<p><span class=\"element__footer\">Angela Merkel y Emmanuel Macron.<\/span><span class=\"element__credit\">Fuente: Reuters<\/span><\/div>\n<p class=\"paragraph\" data-count=\"400\" data-wrap=\"64\">La celebraci\u00f3n incluy\u00f3 m\u00e1s de cuatro mil elementos de las fuerzas armadas, y el despliegue de 196 veh\u00edculos, 237 caballos, 69 aviones y 39 helic\u00f3pteros, aunque quien atrap\u00f3 la atenci\u00f3n de los presentes fue el excampe\u00f3n de esqu\u00ed acu\u00e1tico <strong>Franky Zapata<\/strong>, quien apareci\u00f3, con un misil en mano, sobrevolando la zona sobre una plataforma voladora (flyboard) que puede alcanzar los 190 kil\u00f3metros por hora.\n<\/p>\n<p class=\"paragraph\" data-count=\"186\" data-wrap=\"30\">Angela Merkel asegur\u00f3 que la invitaci\u00f3n para celebrar el D\u00eda de la Bastilla es un \u201cs\u00edmbolo de una cooperaci\u00f3n europea intensificada\u201d y un \u201cgran gesto hacia la pol\u00edtica militar europea\u201d.\n<\/p>\n<p class=\"paragraph\" data-count=\"348\" data-wrap=\"60\">El de ayer fue el tercer desfile que encabeza Macron desde que asumi\u00f3 el poder en mayo de 2017; sin embargo, esta ocasi\u00f3n fue recibido con silbidos y abucheos cuando ingres\u00f3 al estrado principal, ubicado en uno de los extremos de los Campos El\u00edseos, debido a <strong>la crisis que enfrenta su gobierno con el movimiento social de los \u201cchalecos amarillos\u201d<\/strong>.\n<\/p>\n<p class=\"paragraph\" data-count=\"321\" data-wrap=\"54\">\u201cNunca, desde el final de la Segunda Guerra Mundial, Europa hab\u00eda sido tan necesaria. La construcci\u00f3n de una Europa de la defensa, vinculada con la Alianza Atl\u00e1ntica, de la que celebramos los 70 a\u00f1os, es para Francia una prioridad y constituye el hilo rojo de este desfile\u201d, expres\u00f3 en su discurso el mandatario franc\u00e9s.\n<\/p>\n<p class=\"paragraph\" data-count=\"0\" data-wrap=\"1\">\n<div class=\"image__block \">\n<figure><img decoding=\"async\" alt=\"Protestas en la conmemoraci\u00f3n del D\u00eda de la Bastilla.\" src=\"http:\/\/super-news.info\/mx\/wp-content\/uploads\/sites\/8\/2019\/07\/1563184814_704_Desfile-de-Francia-despliega-poder-militar-de-diez-paises-europeos.jpeg\" style=\"height:auto;width:100%\" \/><\/figure>\n<p><span class=\"element__footer\">Protestas en la conmemoraci\u00f3n del D\u00eda de la Bastilla.<\/span><span class=\"element__credit\">Fuente: Reuters<\/span><\/div>\n<p class=\"paragraph\" data-count=\"188\" data-wrap=\"31\">Varios cientos de activistas, que no portaban su distintivo chaleco amarillo, se reunieron en la orilla de la ruta del desfile y se vieron involucrados en enfrentamientos con la polic\u00eda.\n<\/p>\n<p class=\"paragraph\" data-count=\"117\" data-wrap=\"20\">Al final, la polic\u00eda francesa detuvo a 152 personas en Par\u00eds durante los actos de celebraci\u00f3n de la fiesta nacional.\n<\/p>\n<p class=\"paragraph\" data-count=\"127\" data-wrap=\"20\">Seg\u00fan la cadena <em>CNews<\/em>, dos de los detenidos son J\u00e9r\u00f4me Rodrigues y \u00c9ric Drouet, presuntos l\u00edderes de los \u201cchalecos amarillos\u201d.\n<\/p>\n<p class=\"paragraph\" data-count=\"238\" data-wrap=\"42\">\u201cQuienes han intentado impedir este desfile deber\u00edan tener un poco de verg\u00fcenza. Hoy es un d\u00eda en el que la naci\u00f3n se une y creo que la naci\u00f3n debe ser respetada\u201d, se\u00f1al\u00f3 a la prensa el ministro franc\u00e9s del Interior, Christophe Castaner.\n<\/p>\n<p>[ad_2]<br \/>\n<br \/><a href=\"https:\/\/www.elfinanciero.com.mx\/rss\/mundo\/desfile-de-francia-despliega-poder-militar-de-diez-paises-europeos\">Source link <\/a><\/p>\n","protected":false},"excerpt":{"rendered":"<p>[ad_1] El presidente de Francia, Emmanuel Macron, encabez\u00f3 ayer la celebraci\u00f3n anual del D\u00eda de la Bastilla, con un desfile que tuvo como caracter\u00edstica principal la cooperaci\u00f3n militar de Europa. Macron estuvo acompa\u00f1ado por l\u00edderes europeos como la canciller alemana, Angela Merkel, el presidente de la Comisi\u00f3n Europea, Jean-Claude Juncker, el secretario general de la [&hellip;]<\/p>\n","protected":false},"author":3,"featured_media":2332,"comment_status":"open","ping_status":"open","sticky":false,"template":"","format":"standard","meta":{"footnotes":""},"categories":[1],"tags":[],"class_list":["post-2331","post","type-post","status-publish","format-standard","has-post-thumbnail","hentry","category-noticias-financieras"],"yoast_head":"<!-- This site is optimized with the Yoast SEO plugin v27.4 - https:\/\/yoast.com\/product\/yoast-seo-wordpress\/ -->\n<title>Desfile de Francia despliega poder militar de diez pa\u00edses europeos - Super News<\/title>\n<meta name=\"robots\" content=\"index, follow, max-snippet:-1, max-image-preview:large, max-video-preview:-1\" \/>\n<link rel=\"canonical\" href=\"https:\/\/super-news.info\/mx\/desfile-de-francia-despliega-poder-militar-de-diez-paises-europeos\/\" \/>\n<meta property=\"og:locale\" content=\"es_MX\" \/>\n<meta property=\"og:type\" content=\"article\" \/>\n<meta property=\"og:title\" content=\"Desfile de Francia despliega poder militar de diez pa\u00edses europeos - Super News\" \/>\n<meta property=\"og:description\" content=\"[ad_1] El presidente de Francia, Emmanuel Macron, encabez\u00f3 ayer la celebraci\u00f3n anual del D\u00eda de la Bastilla, con un desfile que tuvo como caracter\u00edstica principal la cooperaci\u00f3n militar de Europa. Macron estuvo acompa\u00f1ado por l\u00edderes europeos como la canciller alemana, Angela Merkel, el presidente de la Comisi\u00f3n Europea, Jean-Claude Juncker, el secretario general de la [&hellip;]\" \/>\n<meta property=\"og:url\" content=\"https:\/\/super-news.info\/mx\/desfile-de-francia-despliega-poder-militar-de-diez-paises-europeos\/\" \/>\n<meta property=\"og:site_name\" content=\"Super News\" \/>\n<meta property=\"article:published_time\" content=\"2019-07-15T10:00:14+00:00\" \/>\n<meta property=\"article:modified_time\" content=\"2019-07-15T10:00:16+00:00\" \/>\n<meta property=\"og:image\" content=\"https:\/\/super-news.info\/mx\/wp-content\/uploads\/sites\/8\/2019\/07\/Desfile-de-Francia-despliega-poder-militar-de-diez-pa\u00edses-europeos.jpeg\" \/>\n\t<meta property=\"og:image:width\" content=\"4878\" \/>\n\t<meta property=\"og:image:height\" content=\"2743\" \/>\n\t<meta property=\"og:image:type\" content=\"image\/jpeg\" \/>\n<meta name=\"author\" content=\"mx\" \/>\n<meta name=\"twitter:card\" content=\"summary_large_image\" \/>\n<meta name=\"twitter:label1\" content=\"Escrito por\" \/>\n\t<meta name=\"twitter:data1\" content=\"mx\" \/>\n\t<meta name=\"twitter:label2\" content=\"Tiempo de lectura\" \/>\n\t<meta name=\"twitter:data2\" content=\"2 minutos\" \/>\n<script type=\"application\/ld+json\" class=\"yoast-schema-graph\">{\"@context\":\"https:\\\/\\\/schema.org\",\"@graph\":[{\"@type\":\"Article\",\"@id\":\"https:\\\/\\\/super-news.info\\\/mx\\\/desfile-de-francia-despliega-poder-militar-de-diez-paises-europeos\\\/#article\",\"isPartOf\":{\"@id\":\"https:\\\/\\\/super-news.info\\\/mx\\\/desfile-de-francia-despliega-poder-militar-de-diez-paises-europeos\\\/\"},\"author\":{\"name\":\"mx\",\"@id\":\"https:\\\/\\\/super-news.info\\\/mx\\\/#\\\/schema\\\/person\\\/74b71ca3d407439fd57da2d9c89449ca\"},\"headline\":\"Desfile de Francia despliega poder militar de diez pa\u00edses europeos\",\"datePublished\":\"2019-07-15T10:00:14+00:00\",\"dateModified\":\"2019-07-15T10:00:16+00:00\",\"mainEntityOfPage\":{\"@id\":\"https:\\\/\\\/super-news.info\\\/mx\\\/desfile-de-francia-despliega-poder-militar-de-diez-paises-europeos\\\/\"},\"wordCount\":495,\"commentCount\":0,\"image\":{\"@id\":\"https:\\\/\\\/super-news.info\\\/mx\\\/desfile-de-francia-despliega-poder-militar-de-diez-paises-europeos\\\/#primaryimage\"},\"thumbnailUrl\":\"https:\\\/\\\/super-news.info\\\/mx\\\/wp-content\\\/uploads\\\/sites\\\/8\\\/2019\\\/07\\\/Desfile-de-Francia-despliega-poder-militar-de-diez-pa\u00edses-europeos.jpeg\",\"articleSection\":[\"NOTICIAS FINANCIERAS\"],\"inLanguage\":\"es\",\"potentialAction\":[{\"@type\":\"CommentAction\",\"name\":\"Comment\",\"target\":[\"https:\\\/\\\/super-news.info\\\/mx\\\/desfile-de-francia-despliega-poder-militar-de-diez-paises-europeos\\\/#respond\"]}]},{\"@type\":\"WebPage\",\"@id\":\"https:\\\/\\\/super-news.info\\\/mx\\\/desfile-de-francia-despliega-poder-militar-de-diez-paises-europeos\\\/\",\"url\":\"https:\\\/\\\/super-news.info\\\/mx\\\/desfile-de-francia-despliega-poder-militar-de-diez-paises-europeos\\\/\",\"name\":\"Desfile de Francia despliega poder militar de diez pa\u00edses europeos - Super News\",\"isPartOf\":{\"@id\":\"https:\\\/\\\/super-news.info\\\/mx\\\/#website\"},\"primaryImageOfPage\":{\"@id\":\"https:\\\/\\\/super-news.info\\\/mx\\\/desfile-de-francia-despliega-poder-militar-de-diez-paises-europeos\\\/#primaryimage\"},\"image\":{\"@id\":\"https:\\\/\\\/super-news.info\\\/mx\\\/desfile-de-francia-despliega-poder-militar-de-diez-paises-europeos\\\/#primaryimage\"},\"thumbnailUrl\":\"https:\\\/\\\/super-news.info\\\/mx\\\/wp-content\\\/uploads\\\/sites\\\/8\\\/2019\\\/07\\\/Desfile-de-Francia-despliega-poder-militar-de-diez-pa\u00edses-europeos.jpeg\",\"datePublished\":\"2019-07-15T10:00:14+00:00\",\"dateModified\":\"2019-07-15T10:00:16+00:00\",\"author\":{\"@id\":\"https:\\\/\\\/super-news.info\\\/mx\\\/#\\\/schema\\\/person\\\/74b71ca3d407439fd57da2d9c89449ca\"},\"breadcrumb\":{\"@id\":\"https:\\\/\\\/super-news.info\\\/mx\\\/desfile-de-francia-despliega-poder-militar-de-diez-paises-europeos\\\/#breadcrumb\"},\"inLanguage\":\"es\",\"potentialAction\":[{\"@type\":\"ReadAction\",\"target\":[\"https:\\\/\\\/super-news.info\\\/mx\\\/desfile-de-francia-despliega-poder-militar-de-diez-paises-europeos\\\/\"]}]},{\"@type\":\"ImageObject\",\"inLanguage\":\"es\",\"@id\":\"https:\\\/\\\/super-news.info\\\/mx\\\/desfile-de-francia-despliega-poder-militar-de-diez-paises-europeos\\\/#primaryimage\",\"url\":\"https:\\\/\\\/super-news.info\\\/mx\\\/wp-content\\\/uploads\\\/sites\\\/8\\\/2019\\\/07\\\/Desfile-de-Francia-despliega-poder-militar-de-diez-pa\u00edses-europeos.jpeg\",\"contentUrl\":\"https:\\\/\\\/super-news.info\\\/mx\\\/wp-content\\\/uploads\\\/sites\\\/8\\\/2019\\\/07\\\/Desfile-de-Francia-despliega-poder-militar-de-diez-pa\u00edses-europeos.jpeg\",\"width\":4878,\"height\":2743,\"caption\":\"Angela Merkel y Emmanuel Macron.\"},{\"@type\":\"BreadcrumbList\",\"@id\":\"https:\\\/\\\/super-news.info\\\/mx\\\/desfile-de-francia-despliega-poder-militar-de-diez-paises-europeos\\\/#breadcrumb\",\"itemListElement\":[{\"@type\":\"ListItem\",\"position\":1,\"name\":\"Home\",\"item\":\"https:\\\/\\\/super-news.info\\\/mx\\\/\"},{\"@type\":\"ListItem\",\"position\":2,\"name\":\"Desfile de Francia despliega poder militar de diez pa\u00edses europeos\"}]},{\"@type\":\"WebSite\",\"@id\":\"https:\\\/\\\/super-news.info\\\/mx\\\/#website\",\"url\":\"https:\\\/\\\/super-news.info\\\/mx\\\/\",\"name\":\"Super News\",\"description\":\"Super News Mexico\",\"potentialAction\":[{\"@type\":\"SearchAction\",\"target\":{\"@type\":\"EntryPoint\",\"urlTemplate\":\"https:\\\/\\\/super-news.info\\\/mx\\\/?s={search_term_string}\"},\"query-input\":{\"@type\":\"PropertyValueSpecification\",\"valueRequired\":true,\"valueName\":\"search_term_string\"}}],\"inLanguage\":\"es\"},{\"@type\":\"Person\",\"@id\":\"https:\\\/\\\/super-news.info\\\/mx\\\/#\\\/schema\\\/person\\\/74b71ca3d407439fd57da2d9c89449ca\",\"name\":\"mx\",\"image\":{\"@type\":\"ImageObject\",\"inLanguage\":\"es\",\"@id\":\"https:\\\/\\\/secure.gravatar.com\\\/avatar\\\/6374ac65ff69c362a0ae1303d73d69dcd9bd198d62d9861f054a69aaf82c017b?s=96&d=mm&r=g\",\"url\":\"https:\\\/\\\/secure.gravatar.com\\\/avatar\\\/6374ac65ff69c362a0ae1303d73d69dcd9bd198d62d9861f054a69aaf82c017b?s=96&d=mm&r=g\",\"contentUrl\":\"https:\\\/\\\/secure.gravatar.com\\\/avatar\\\/6374ac65ff69c362a0ae1303d73d69dcd9bd198d62d9861f054a69aaf82c017b?s=96&d=mm&r=g\",\"caption\":\"mx\"},\"url\":\"https:\\\/\\\/super-news.info\\\/mx\\\/author\\\/mx\\\/\"}]}<\/script>\n<!-- \/ Yoast SEO plugin. -->","yoast_head_json":{"title":"Desfile de Francia despliega poder militar de diez pa\u00edses europeos - Super News","robots":{"index":"index","follow":"follow","max-snippet":"max-snippet:-1","max-image-preview":"max-image-preview:large","max-video-preview":"max-video-preview:-1"},"canonical":"https:\/\/super-news.info\/mx\/desfile-de-francia-despliega-poder-militar-de-diez-paises-europeos\/","og_locale":"es_MX","og_type":"article","og_title":"Desfile de Francia despliega poder militar de diez pa\u00edses europeos - Super News","og_description":"[ad_1] El presidente de Francia, Emmanuel Macron, encabez\u00f3 ayer la celebraci\u00f3n anual del D\u00eda de la Bastilla, con un desfile que tuvo como caracter\u00edstica principal la cooperaci\u00f3n militar de Europa. Macron estuvo acompa\u00f1ado por l\u00edderes europeos como la canciller alemana, Angela Merkel, el presidente de la Comisi\u00f3n Europea, Jean-Claude Juncker, el secretario general de la [&hellip;]","og_url":"https:\/\/super-news.info\/mx\/desfile-de-francia-despliega-poder-militar-de-diez-paises-europeos\/","og_site_name":"Super News","article_published_time":"2019-07-15T10:00:14+00:00","article_modified_time":"2019-07-15T10:00:16+00:00","og_image":[{"width":4878,"height":2743,"url":"https:\/\/super-news.info\/mx\/wp-content\/uploads\/sites\/8\/2019\/07\/Desfile-de-Francia-despliega-poder-militar-de-diez-pa\u00edses-europeos.jpeg","type":"image\/jpeg"}],"author":"mx","twitter_card":"summary_large_image","twitter_misc":{"Escrito por":"mx","Tiempo de lectura":"2 minutos"},"schema":{"@context":"https:\/\/schema.org","@graph":[{"@type":"Article","@id":"https:\/\/super-news.info\/mx\/desfile-de-francia-despliega-poder-militar-de-diez-paises-europeos\/#article","isPartOf":{"@id":"https:\/\/super-news.info\/mx\/desfile-de-francia-despliega-poder-militar-de-diez-paises-europeos\/"},"author":{"name":"mx","@id":"https:\/\/super-news.info\/mx\/#\/schema\/person\/74b71ca3d407439fd57da2d9c89449ca"},"headline":"Desfile de Francia despliega poder militar de diez pa\u00edses europeos","datePublished":"2019-07-15T10:00:14+00:00","dateModified":"2019-07-15T10:00:16+00:00","mainEntityOfPage":{"@id":"https:\/\/super-news.info\/mx\/desfile-de-francia-despliega-poder-militar-de-diez-paises-europeos\/"},"wordCount":495,"commentCount":0,"image":{"@id":"https:\/\/super-news.info\/mx\/desfile-de-francia-despliega-poder-militar-de-diez-paises-europeos\/#primaryimage"},"thumbnailUrl":"https:\/\/super-news.info\/mx\/wp-content\/uploads\/sites\/8\/2019\/07\/Desfile-de-Francia-despliega-poder-militar-de-diez-pa\u00edses-europeos.jpeg","articleSection":["NOTICIAS FINANCIERAS"],"inLanguage":"es","potentialAction":[{"@type":"CommentAction","name":"Comment","target":["https:\/\/super-news.info\/mx\/desfile-de-francia-despliega-poder-militar-de-diez-paises-europeos\/#respond"]}]},{"@type":"WebPage","@id":"https:\/\/super-news.info\/mx\/desfile-de-francia-despliega-poder-militar-de-diez-paises-europeos\/","url":"https:\/\/super-news.info\/mx\/desfile-de-francia-despliega-poder-militar-de-diez-paises-europeos\/","name":"Desfile de Francia despliega poder militar de diez pa\u00edses europeos - Super News","isPartOf":{"@id":"https:\/\/super-news.info\/mx\/#website"},"primaryImageOfPage":{"@id":"https:\/\/super-news.info\/mx\/desfile-de-francia-despliega-poder-militar-de-diez-paises-europeos\/#primaryimage"},"image":{"@id":"https:\/\/super-news.info\/mx\/desfile-de-francia-despliega-poder-militar-de-diez-paises-europeos\/#primaryimage"},"thumbnailUrl":"https:\/\/super-news.info\/mx\/wp-content\/uploads\/sites\/8\/2019\/07\/Desfile-de-Francia-despliega-poder-militar-de-diez-pa\u00edses-europeos.jpeg","datePublished":"2019-07-15T10:00:14+00:00","dateModified":"2019-07-15T10:00:16+00:00","author":{"@id":"https:\/\/super-news.info\/mx\/#\/schema\/person\/74b71ca3d407439fd57da2d9c89449ca"},"breadcrumb":{"@id":"https:\/\/super-news.info\/mx\/desfile-de-francia-despliega-poder-militar-de-diez-paises-europeos\/#breadcrumb"},"inLanguage":"es","potentialAction":[{"@type":"ReadAction","target":["https:\/\/super-news.info\/mx\/desfile-de-francia-despliega-poder-militar-de-diez-paises-europeos\/"]}]},{"@type":"ImageObject","inLanguage":"es","@id":"https:\/\/super-news.info\/mx\/desfile-de-francia-despliega-poder-militar-de-diez-paises-europeos\/#primaryimage","url":"https:\/\/super-news.info\/mx\/wp-content\/uploads\/sites\/8\/2019\/07\/Desfile-de-Francia-despliega-poder-militar-de-diez-pa\u00edses-europeos.jpeg","contentUrl":"https:\/\/super-news.info\/mx\/wp-content\/uploads\/sites\/8\/2019\/07\/Desfile-de-Francia-despliega-poder-militar-de-diez-pa\u00edses-europeos.jpeg","width":4878,"height":2743,"caption":"Angela Merkel y Emmanuel Macron."},{"@type":"BreadcrumbList","@id":"https:\/\/super-news.info\/mx\/desfile-de-francia-despliega-poder-militar-de-diez-paises-europeos\/#breadcrumb","itemListElement":[{"@type":"ListItem","position":1,"name":"Home","item":"https:\/\/super-news.info\/mx\/"},{"@type":"ListItem","position":2,"name":"Desfile de Francia despliega poder militar de diez pa\u00edses europeos"}]},{"@type":"WebSite","@id":"https:\/\/super-news.info\/mx\/#website","url":"https:\/\/super-news.info\/mx\/","name":"Super News","description":"Super News Mexico","potentialAction":[{"@type":"SearchAction","target":{"@type":"EntryPoint","urlTemplate":"https:\/\/super-news.info\/mx\/?s={search_term_string}"},"query-input":{"@type":"PropertyValueSpecification","valueRequired":true,"valueName":"search_term_string"}}],"inLanguage":"es"},{"@type":"Person","@id":"https:\/\/super-news.info\/mx\/#\/schema\/person\/74b71ca3d407439fd57da2d9c89449ca","name":"mx","image":{"@type":"ImageObject","inLanguage":"es","@id":"https:\/\/secure.gravatar.com\/avatar\/6374ac65ff69c362a0ae1303d73d69dcd9bd198d62d9861f054a69aaf82c017b?s=96&d=mm&r=g","url":"https:\/\/secure.gravatar.com\/avatar\/6374ac65ff69c362a0ae1303d73d69dcd9bd198d62d9861f054a69aaf82c017b?s=96&d=mm&r=g","contentUrl":"https:\/\/secure.gravatar.com\/avatar\/6374ac65ff69c362a0ae1303d73d69dcd9bd198d62d9861f054a69aaf82c017b?s=96&d=mm&r=g","caption":"mx"},"url":"https:\/\/super-news.info\/mx\/author\/mx\/"}]}},"_links":{"self":[{"href":"https:\/\/super-news.info\/mx\/wp-json\/wp\/v2\/posts\/2331","targetHints":{"allow":["GET"]}}],"collection":[{"href":"https:\/\/super-news.info\/mx\/wp-json\/wp\/v2\/posts"}],"about":[{"href":"https:\/\/super-news.info\/mx\/wp-json\/wp\/v2\/types\/post"}],"author":[{"embeddable":true,"href":"https:\/\/super-news.info\/mx\/wp-json\/wp\/v2\/users\/3"}],"replies":[{"embeddable":true,"href":"https:\/\/super-news.info\/mx\/wp-json\/wp\/v2\/comments?post=2331"}],"version-history":[{"count":1,"href":"https:\/\/super-news.info\/mx\/wp-json\/wp\/v2\/posts\/2331\/revisions"}],"predecessor-version":[{"id":2333,"href":"https:\/\/super-news.info\/mx\/wp-json\/wp\/v2\/posts\/2331\/revisions\/2333"}],"wp:featuredmedia":[{"embeddable":true,"href":"https:\/\/super-news.info\/mx\/wp-json\/wp\/v2\/media\/2332"}],"wp:attachment":[{"href":"https:\/\/super-news.info\/mx\/wp-json\/wp\/v2\/media?parent=2331"}],"wp:term":[{"taxonomy":"category","embeddable":true,"href":"https:\/\/super-news.info\/mx\/wp-json\/wp\/v2\/categories?post=2331"},{"taxonomy":"post_tag","embeddable":true,"href":"https:\/\/super-news.info\/mx\/wp-json\/wp\/v2\/tags?post=2331"}],"curies":[{"name":"wp","href":"https:\/\/api.w.org\/{rel}","templated":true}]}}