{"id":2322,"date":"2019-07-13T12:32:29","date_gmt":"2019-07-13T12:32:29","guid":{"rendered":"https:\/\/super-news.info\/mx\/planeas-ir-a-las-fiestas-de-vendimia-en-queretaro-aqui-te-compartimos-el-calendario\/"},"modified":"2019-07-13T12:32:30","modified_gmt":"2019-07-13T12:32:30","slug":"planeas-ir-a-las-fiestas-de-vendimia-en-queretaro-aqui-te-compartimos-el-calendario","status":"publish","type":"post","link":"https:\/\/super-news.info\/mx\/planeas-ir-a-las-fiestas-de-vendimia-en-queretaro-aqui-te-compartimos-el-calendario\/","title":{"rendered":"\u00bfPlaneas ir a las fiestas de vendimia en Quer\u00e9taro? Aqu\u00ed te compartimos el calendario"},"content":{"rendered":"<p> [ad_1]<br \/>\n<\/p>\n<p class=\"paragraph\" data-count=\"173\" data-wrap=\"32\"> QUER\u00c9TARO, Qro.- La temporada de vendimias contin\u00faa en Quer\u00e9taro este fin de semana con las fiestas de Tierra de Alonso y Donato, ambas ubicadas en el municipio de Col\u00f3n.  <\/p>\n<p class=\"paragraph\" data-count=\"275\" data-wrap=\"43\">La regi\u00f3n vin\u00edcola de Quer\u00e9taro es la segunda m\u00e1s importante del pa\u00eds, despu\u00e9s de Baja California, y la primera en la elaboraci\u00f3n de vino espumoso con Cavas Freixenet, cuyos recorridos y celebraciones est\u00e1n entre los atractivos tur\u00edsticos m\u00e1s atractivos del centro del pa\u00eds.\n<\/p>\n<p class=\"paragraph\" data-count=\"236\" data-wrap=\"43\">\nEste a\u00f1o se realizar\u00e1n en Quer\u00e9taro, entre julio y septiembre,  14 vendimias, donde se festejar\u00e1 el cultivo de la vid, el inicio de la recolecci\u00f3n y el pisado de la uva para dar comienzo al tradicional ritual de la producci\u00f3n de vino.\n<\/p>\n<p class=\"paragraph\" data-count=\"243\" data-wrap=\"37\">\nLa regi\u00f3n de vinos de Quer\u00e9taro abarca 11 municipios, que albergan alrededor de 28 casas vitivin\u00edcolas y 11 queser\u00edas artesanales, que se unen a eventos especiales para combinar sus productos en maridajes que pueden disfrutar los visitantes.\n<\/p>\n<p class=\"paragraph\" data-count=\"229\" data-wrap=\"36\">\nLos visitantes pueden participar en la pisado tradicional de las uvas, degustar del vino directo de la barrica, as\u00ed como disfrutar de la variedad de espect\u00e1culos musicales y gastron\u00f3micos, que cada uno de los vi\u00f1edos organizan.\n<\/p>\n<p class=\"paragraph\" data-count=\"496\" data-wrap=\"89\">Finca Sala Viv\u00e9 by Freixenet M\u00e9xico<br \/>\n promete un espectacular festejo con la presencia el viernes 2 de agosto de Gloria Trevi; el s\u00e1bado 3 de Los socios del ritmo, y el domingo 4 de agosto de Pablo Montero. Cavas Freixenet se fund\u00f3 en 1986 en Quer\u00e9taro y es la casa vin\u00edcola pionera del enoturismo en M\u00e9xico. Lleva m\u00e1s de 25 a\u00f1os generando recorridos inolvidables por su vi\u00f1edo y la cava \u2013situada a 25 metros de profundidad\u2013, para que las personas se acerquen y se enamoren de los vinos mexicanos.<\/p>\n<p class=\"paragraph\" data-count=\"207\" data-wrap=\"36\">\n<p>Vi\u00f1edo San Juanito, ubicado en Tequisquiapan, se adelant\u00f3 en las fiestas de la vendimia, y tuvo su celebraci\u00f3n el 22 de junio. El resto de las cavas y vi\u00f1edos tendr\u00e1n sus festejos en las siguientes fechas:<\/p>\n<p class=\"paragraph\" data-count=\"68\" data-wrap=\"14\">\n13 de julio<br \/>\n. Tierra de Alonso y  Donato, en el municipio de Col\u00f3n.<\/p>\n<p class=\"paragraph\" data-count=\"46\" data-wrap=\"8\">\n20 de julio: Hacienda Atongo<br \/>\n, en El Marqu\u00e9s.<\/p>\n<p class=\"paragraph\" data-count=\"56\" data-wrap=\"10\">20 y 21 de julio: Vi\u00f1edos La Redonda<br \/>\n. Ezequiel Montes<br \/>\n.<\/p>\n<p class=\"paragraph\" data-count=\"58\" data-wrap=\"9\">\n27 y 28 de julio<br \/>\n. Vin\u00edcola Los Rosales<br \/>\n. Tequisquiapan<br \/>\n.<\/p>\n<p class=\"paragraph\" data-count=\"69\" data-wrap=\"13\">\n2, 3 y 4 de agosto. Finca Sala Viv\u00e9 by Freixenet<br \/>\n. Ezequiel Montes<br \/>\n.<\/p>\n<p class=\"paragraph\" data-count=\"51\" data-wrap=\"9\">\n10 de agosto<br \/>\n. Vinos de El Marqu\u00e9s<br \/>\n.<br \/>\nEl Marqu\u00e9s<br \/>\n.<\/p>\n<p class=\"paragraph\" data-count=\"54\" data-wrap=\"9\">10 y 11 de agosto<br \/>\n. Bodegas Vaiv\u00e9n<br \/>\n. Ezequiel Montes<br \/>\n.<\/p>\n<p class=\"paragraph\" data-count=\"44\" data-wrap=\"9\">\n24 de agosto<br \/>\n. Cava 57<br \/>\n. San Juan del R\u00edo.\n<\/p>\n<p class=\"paragraph\" data-count=\"46\" data-wrap=\"8\">\n31 de agosto<br \/>\n. Vi\u00f1edos del Polo. El Marqu\u00e9s<br \/>\n.<\/p>\n<p class=\"paragraph\" data-count=\"54\" data-wrap=\"8\">\n7 de septiembre<br \/>\n. Bodegas de Cote<br \/>\n. Ezequiel Montes<br \/>\n.<\/p>\n<p class=\"paragraph\" data-count=\"59\" data-wrap=\"7\">\n14 de septiembre<br \/>\n. Vin\u00edcola San Patricio<br \/>\n. Tequisquiapan.\n<\/p>\n<p class=\"paragraph\" data-count=\"59\" data-wrap=\"9\">\n14 y 15 de septiembre<br \/>\n. Vi\u00f1edos Azteca<br \/>\n. Ezequiel Montes<br \/>\n.<\/p>\n<div class=\"image__block \">\n<figure><\/figure>\n<p><span class=\"element__footer\"><\/span><span class=\"element__credit\"><\/span><\/div>\n<p>[ad_2]<br \/>\n<br \/><a href=\"https:\/\/www.elfinanciero.com.mx\/rss\/bajio\/planeas-ir-a-las-fiestas-de-vendimia-en-queretaro-aqui-te-compartimos-el-calendario\">Source link <\/a><\/p>\n","protected":false},"excerpt":{"rendered":"<p>[ad_1] QUER\u00c9TARO, Qro.- La temporada de vendimias contin\u00faa en Quer\u00e9taro este fin de semana con las fiestas de Tierra de Alonso y Donato, ambas ubicadas en el municipio de Col\u00f3n. La regi\u00f3n vin\u00edcola de Quer\u00e9taro es la segunda m\u00e1s importante del pa\u00eds, despu\u00e9s de Baja California, y la primera en la elaboraci\u00f3n de vino espumoso [&hellip;]<\/p>\n","protected":false},"author":3,"featured_media":2323,"comment_status":"open","ping_status":"open","sticky":false,"template":"","format":"standard","meta":{"footnotes":""},"categories":[1],"tags":[],"class_list":["post-2322","post","type-post","status-publish","format-standard","has-post-thumbnail","hentry","category-noticias-financieras"],"yoast_head":"<!-- This site is optimized with the Yoast SEO plugin v27.4 - https:\/\/yoast.com\/product\/yoast-seo-wordpress\/ -->\n<title>\u00bfPlaneas ir a las fiestas de vendimia en Quer\u00e9taro? Aqu\u00ed te compartimos el calendario - Super News<\/title>\n<meta name=\"robots\" content=\"index, follow, max-snippet:-1, max-image-preview:large, max-video-preview:-1\" \/>\n<link rel=\"canonical\" href=\"https:\/\/super-news.info\/mx\/planeas-ir-a-las-fiestas-de-vendimia-en-queretaro-aqui-te-compartimos-el-calendario\/\" \/>\n<meta property=\"og:locale\" content=\"es_MX\" \/>\n<meta property=\"og:type\" content=\"article\" \/>\n<meta property=\"og:title\" content=\"\u00bfPlaneas ir a las fiestas de vendimia en Quer\u00e9taro? Aqu\u00ed te compartimos el calendario - Super News\" \/>\n<meta property=\"og:description\" content=\"[ad_1] QUER\u00c9TARO, Qro.- La temporada de vendimias contin\u00faa en Quer\u00e9taro este fin de semana con las fiestas de Tierra de Alonso y Donato, ambas ubicadas en el municipio de Col\u00f3n. La regi\u00f3n vin\u00edcola de Quer\u00e9taro es la segunda m\u00e1s importante del pa\u00eds, despu\u00e9s de Baja California, y la primera en la elaboraci\u00f3n de vino espumoso [&hellip;]\" \/>\n<meta property=\"og:url\" content=\"https:\/\/super-news.info\/mx\/planeas-ir-a-las-fiestas-de-vendimia-en-queretaro-aqui-te-compartimos-el-calendario\/\" \/>\n<meta property=\"og:site_name\" content=\"Super News\" \/>\n<meta property=\"article:published_time\" content=\"2019-07-13T12:32:29+00:00\" \/>\n<meta property=\"article:modified_time\" content=\"2019-07-13T12:32:30+00:00\" \/>\n<meta property=\"og:image\" content=\"https:\/\/super-news.info\/mx\/wp-content\/uploads\/sites\/8\/2019\/07\/\u00bfPlaneas-ir-a-las-fiestas-de-vendimia-en-Quer\u00e9taro-Aqu\u00ed.png\" \/>\n\t<meta property=\"og:image:width\" content=\"1301\" \/>\n\t<meta property=\"og:image:height\" content=\"731\" \/>\n\t<meta property=\"og:image:type\" content=\"image\/png\" \/>\n<meta name=\"author\" content=\"mx\" \/>\n<meta name=\"twitter:card\" content=\"summary_large_image\" \/>\n<meta name=\"twitter:label1\" content=\"Escrito por\" \/>\n\t<meta name=\"twitter:data1\" content=\"mx\" \/>\n\t<meta name=\"twitter:label2\" content=\"Tiempo de lectura\" \/>\n\t<meta name=\"twitter:data2\" content=\"2 minutos\" \/>\n<script type=\"application\/ld+json\" class=\"yoast-schema-graph\">{\"@context\":\"https:\\\/\\\/schema.org\",\"@graph\":[{\"@type\":\"Article\",\"@id\":\"https:\\\/\\\/super-news.info\\\/mx\\\/planeas-ir-a-las-fiestas-de-vendimia-en-queretaro-aqui-te-compartimos-el-calendario\\\/#article\",\"isPartOf\":{\"@id\":\"https:\\\/\\\/super-news.info\\\/mx\\\/planeas-ir-a-las-fiestas-de-vendimia-en-queretaro-aqui-te-compartimos-el-calendario\\\/\"},\"author\":{\"name\":\"mx\",\"@id\":\"https:\\\/\\\/super-news.info\\\/mx\\\/#\\\/schema\\\/person\\\/74b71ca3d407439fd57da2d9c89449ca\"},\"headline\":\"\u00bfPlaneas ir a las fiestas de vendimia en Quer\u00e9taro? Aqu\u00ed te compartimos el calendario\",\"datePublished\":\"2019-07-13T12:32:29+00:00\",\"dateModified\":\"2019-07-13T12:32:30+00:00\",\"mainEntityOfPage\":{\"@id\":\"https:\\\/\\\/super-news.info\\\/mx\\\/planeas-ir-a-las-fiestas-de-vendimia-en-queretaro-aqui-te-compartimos-el-calendario\\\/\"},\"wordCount\":465,\"commentCount\":0,\"image\":{\"@id\":\"https:\\\/\\\/super-news.info\\\/mx\\\/planeas-ir-a-las-fiestas-de-vendimia-en-queretaro-aqui-te-compartimos-el-calendario\\\/#primaryimage\"},\"thumbnailUrl\":\"https:\\\/\\\/super-news.info\\\/mx\\\/wp-content\\\/uploads\\\/sites\\\/8\\\/2019\\\/07\\\/\u00bfPlaneas-ir-a-las-fiestas-de-vendimia-en-Quer\u00e9taro-Aqu\u00ed.png\",\"articleSection\":[\"NOTICIAS FINANCIERAS\"],\"inLanguage\":\"es\",\"potentialAction\":[{\"@type\":\"CommentAction\",\"name\":\"Comment\",\"target\":[\"https:\\\/\\\/super-news.info\\\/mx\\\/planeas-ir-a-las-fiestas-de-vendimia-en-queretaro-aqui-te-compartimos-el-calendario\\\/#respond\"]}]},{\"@type\":\"WebPage\",\"@id\":\"https:\\\/\\\/super-news.info\\\/mx\\\/planeas-ir-a-las-fiestas-de-vendimia-en-queretaro-aqui-te-compartimos-el-calendario\\\/\",\"url\":\"https:\\\/\\\/super-news.info\\\/mx\\\/planeas-ir-a-las-fiestas-de-vendimia-en-queretaro-aqui-te-compartimos-el-calendario\\\/\",\"name\":\"\u00bfPlaneas ir a las fiestas de vendimia en Quer\u00e9taro? Aqu\u00ed te compartimos el calendario - Super News\",\"isPartOf\":{\"@id\":\"https:\\\/\\\/super-news.info\\\/mx\\\/#website\"},\"primaryImageOfPage\":{\"@id\":\"https:\\\/\\\/super-news.info\\\/mx\\\/planeas-ir-a-las-fiestas-de-vendimia-en-queretaro-aqui-te-compartimos-el-calendario\\\/#primaryimage\"},\"image\":{\"@id\":\"https:\\\/\\\/super-news.info\\\/mx\\\/planeas-ir-a-las-fiestas-de-vendimia-en-queretaro-aqui-te-compartimos-el-calendario\\\/#primaryimage\"},\"thumbnailUrl\":\"https:\\\/\\\/super-news.info\\\/mx\\\/wp-content\\\/uploads\\\/sites\\\/8\\\/2019\\\/07\\\/\u00bfPlaneas-ir-a-las-fiestas-de-vendimia-en-Quer\u00e9taro-Aqu\u00ed.png\",\"datePublished\":\"2019-07-13T12:32:29+00:00\",\"dateModified\":\"2019-07-13T12:32:30+00:00\",\"author\":{\"@id\":\"https:\\\/\\\/super-news.info\\\/mx\\\/#\\\/schema\\\/person\\\/74b71ca3d407439fd57da2d9c89449ca\"},\"breadcrumb\":{\"@id\":\"https:\\\/\\\/super-news.info\\\/mx\\\/planeas-ir-a-las-fiestas-de-vendimia-en-queretaro-aqui-te-compartimos-el-calendario\\\/#breadcrumb\"},\"inLanguage\":\"es\",\"potentialAction\":[{\"@type\":\"ReadAction\",\"target\":[\"https:\\\/\\\/super-news.info\\\/mx\\\/planeas-ir-a-las-fiestas-de-vendimia-en-queretaro-aqui-te-compartimos-el-calendario\\\/\"]}]},{\"@type\":\"ImageObject\",\"inLanguage\":\"es\",\"@id\":\"https:\\\/\\\/super-news.info\\\/mx\\\/planeas-ir-a-las-fiestas-de-vendimia-en-queretaro-aqui-te-compartimos-el-calendario\\\/#primaryimage\",\"url\":\"https:\\\/\\\/super-news.info\\\/mx\\\/wp-content\\\/uploads\\\/sites\\\/8\\\/2019\\\/07\\\/\u00bfPlaneas-ir-a-las-fiestas-de-vendimia-en-Quer\u00e9taro-Aqu\u00ed.png\",\"contentUrl\":\"https:\\\/\\\/super-news.info\\\/mx\\\/wp-content\\\/uploads\\\/sites\\\/8\\\/2019\\\/07\\\/\u00bfPlaneas-ir-a-las-fiestas-de-vendimia-en-Quer\u00e9taro-Aqu\u00ed.png\",\"width\":1301,\"height\":731,\"caption\":\"\u00bfPlaneas ir a las fiestas de vendimia en Quer\u00e9taro? Aqu\u00ed te compartimos el calendario\"},{\"@type\":\"BreadcrumbList\",\"@id\":\"https:\\\/\\\/super-news.info\\\/mx\\\/planeas-ir-a-las-fiestas-de-vendimia-en-queretaro-aqui-te-compartimos-el-calendario\\\/#breadcrumb\",\"itemListElement\":[{\"@type\":\"ListItem\",\"position\":1,\"name\":\"Home\",\"item\":\"https:\\\/\\\/super-news.info\\\/mx\\\/\"},{\"@type\":\"ListItem\",\"position\":2,\"name\":\"\u00bfPlaneas ir a las fiestas de vendimia en Quer\u00e9taro? Aqu\u00ed te compartimos el calendario\"}]},{\"@type\":\"WebSite\",\"@id\":\"https:\\\/\\\/super-news.info\\\/mx\\\/#website\",\"url\":\"https:\\\/\\\/super-news.info\\\/mx\\\/\",\"name\":\"Super News\",\"description\":\"Super News Mexico\",\"potentialAction\":[{\"@type\":\"SearchAction\",\"target\":{\"@type\":\"EntryPoint\",\"urlTemplate\":\"https:\\\/\\\/super-news.info\\\/mx\\\/?s={search_term_string}\"},\"query-input\":{\"@type\":\"PropertyValueSpecification\",\"valueRequired\":true,\"valueName\":\"search_term_string\"}}],\"inLanguage\":\"es\"},{\"@type\":\"Person\",\"@id\":\"https:\\\/\\\/super-news.info\\\/mx\\\/#\\\/schema\\\/person\\\/74b71ca3d407439fd57da2d9c89449ca\",\"name\":\"mx\",\"image\":{\"@type\":\"ImageObject\",\"inLanguage\":\"es\",\"@id\":\"https:\\\/\\\/secure.gravatar.com\\\/avatar\\\/6374ac65ff69c362a0ae1303d73d69dcd9bd198d62d9861f054a69aaf82c017b?s=96&d=mm&r=g\",\"url\":\"https:\\\/\\\/secure.gravatar.com\\\/avatar\\\/6374ac65ff69c362a0ae1303d73d69dcd9bd198d62d9861f054a69aaf82c017b?s=96&d=mm&r=g\",\"contentUrl\":\"https:\\\/\\\/secure.gravatar.com\\\/avatar\\\/6374ac65ff69c362a0ae1303d73d69dcd9bd198d62d9861f054a69aaf82c017b?s=96&d=mm&r=g\",\"caption\":\"mx\"},\"url\":\"https:\\\/\\\/super-news.info\\\/mx\\\/author\\\/mx\\\/\"}]}<\/script>\n<!-- \/ Yoast SEO plugin. -->","yoast_head_json":{"title":"\u00bfPlaneas ir a las fiestas de vendimia en Quer\u00e9taro? Aqu\u00ed te compartimos el calendario - Super News","robots":{"index":"index","follow":"follow","max-snippet":"max-snippet:-1","max-image-preview":"max-image-preview:large","max-video-preview":"max-video-preview:-1"},"canonical":"https:\/\/super-news.info\/mx\/planeas-ir-a-las-fiestas-de-vendimia-en-queretaro-aqui-te-compartimos-el-calendario\/","og_locale":"es_MX","og_type":"article","og_title":"\u00bfPlaneas ir a las fiestas de vendimia en Quer\u00e9taro? Aqu\u00ed te compartimos el calendario - Super News","og_description":"[ad_1] QUER\u00c9TARO, Qro.- La temporada de vendimias contin\u00faa en Quer\u00e9taro este fin de semana con las fiestas de Tierra de Alonso y Donato, ambas ubicadas en el municipio de Col\u00f3n. La regi\u00f3n vin\u00edcola de Quer\u00e9taro es la segunda m\u00e1s importante del pa\u00eds, despu\u00e9s de Baja California, y la primera en la elaboraci\u00f3n de vino espumoso [&hellip;]","og_url":"https:\/\/super-news.info\/mx\/planeas-ir-a-las-fiestas-de-vendimia-en-queretaro-aqui-te-compartimos-el-calendario\/","og_site_name":"Super News","article_published_time":"2019-07-13T12:32:29+00:00","article_modified_time":"2019-07-13T12:32:30+00:00","og_image":[{"width":1301,"height":731,"url":"https:\/\/super-news.info\/mx\/wp-content\/uploads\/sites\/8\/2019\/07\/\u00bfPlaneas-ir-a-las-fiestas-de-vendimia-en-Quer\u00e9taro-Aqu\u00ed.png","type":"image\/png"}],"author":"mx","twitter_card":"summary_large_image","twitter_misc":{"Escrito por":"mx","Tiempo de lectura":"2 minutos"},"schema":{"@context":"https:\/\/schema.org","@graph":[{"@type":"Article","@id":"https:\/\/super-news.info\/mx\/planeas-ir-a-las-fiestas-de-vendimia-en-queretaro-aqui-te-compartimos-el-calendario\/#article","isPartOf":{"@id":"https:\/\/super-news.info\/mx\/planeas-ir-a-las-fiestas-de-vendimia-en-queretaro-aqui-te-compartimos-el-calendario\/"},"author":{"name":"mx","@id":"https:\/\/super-news.info\/mx\/#\/schema\/person\/74b71ca3d407439fd57da2d9c89449ca"},"headline":"\u00bfPlaneas ir a las fiestas de vendimia en Quer\u00e9taro? Aqu\u00ed te compartimos el calendario","datePublished":"2019-07-13T12:32:29+00:00","dateModified":"2019-07-13T12:32:30+00:00","mainEntityOfPage":{"@id":"https:\/\/super-news.info\/mx\/planeas-ir-a-las-fiestas-de-vendimia-en-queretaro-aqui-te-compartimos-el-calendario\/"},"wordCount":465,"commentCount":0,"image":{"@id":"https:\/\/super-news.info\/mx\/planeas-ir-a-las-fiestas-de-vendimia-en-queretaro-aqui-te-compartimos-el-calendario\/#primaryimage"},"thumbnailUrl":"https:\/\/super-news.info\/mx\/wp-content\/uploads\/sites\/8\/2019\/07\/\u00bfPlaneas-ir-a-las-fiestas-de-vendimia-en-Quer\u00e9taro-Aqu\u00ed.png","articleSection":["NOTICIAS FINANCIERAS"],"inLanguage":"es","potentialAction":[{"@type":"CommentAction","name":"Comment","target":["https:\/\/super-news.info\/mx\/planeas-ir-a-las-fiestas-de-vendimia-en-queretaro-aqui-te-compartimos-el-calendario\/#respond"]}]},{"@type":"WebPage","@id":"https:\/\/super-news.info\/mx\/planeas-ir-a-las-fiestas-de-vendimia-en-queretaro-aqui-te-compartimos-el-calendario\/","url":"https:\/\/super-news.info\/mx\/planeas-ir-a-las-fiestas-de-vendimia-en-queretaro-aqui-te-compartimos-el-calendario\/","name":"\u00bfPlaneas ir a las fiestas de vendimia en Quer\u00e9taro? Aqu\u00ed te compartimos el calendario - Super News","isPartOf":{"@id":"https:\/\/super-news.info\/mx\/#website"},"primaryImageOfPage":{"@id":"https:\/\/super-news.info\/mx\/planeas-ir-a-las-fiestas-de-vendimia-en-queretaro-aqui-te-compartimos-el-calendario\/#primaryimage"},"image":{"@id":"https:\/\/super-news.info\/mx\/planeas-ir-a-las-fiestas-de-vendimia-en-queretaro-aqui-te-compartimos-el-calendario\/#primaryimage"},"thumbnailUrl":"https:\/\/super-news.info\/mx\/wp-content\/uploads\/sites\/8\/2019\/07\/\u00bfPlaneas-ir-a-las-fiestas-de-vendimia-en-Quer\u00e9taro-Aqu\u00ed.png","datePublished":"2019-07-13T12:32:29+00:00","dateModified":"2019-07-13T12:32:30+00:00","author":{"@id":"https:\/\/super-news.info\/mx\/#\/schema\/person\/74b71ca3d407439fd57da2d9c89449ca"},"breadcrumb":{"@id":"https:\/\/super-news.info\/mx\/planeas-ir-a-las-fiestas-de-vendimia-en-queretaro-aqui-te-compartimos-el-calendario\/#breadcrumb"},"inLanguage":"es","potentialAction":[{"@type":"ReadAction","target":["https:\/\/super-news.info\/mx\/planeas-ir-a-las-fiestas-de-vendimia-en-queretaro-aqui-te-compartimos-el-calendario\/"]}]},{"@type":"ImageObject","inLanguage":"es","@id":"https:\/\/super-news.info\/mx\/planeas-ir-a-las-fiestas-de-vendimia-en-queretaro-aqui-te-compartimos-el-calendario\/#primaryimage","url":"https:\/\/super-news.info\/mx\/wp-content\/uploads\/sites\/8\/2019\/07\/\u00bfPlaneas-ir-a-las-fiestas-de-vendimia-en-Quer\u00e9taro-Aqu\u00ed.png","contentUrl":"https:\/\/super-news.info\/mx\/wp-content\/uploads\/sites\/8\/2019\/07\/\u00bfPlaneas-ir-a-las-fiestas-de-vendimia-en-Quer\u00e9taro-Aqu\u00ed.png","width":1301,"height":731,"caption":"\u00bfPlaneas ir a las fiestas de vendimia en Quer\u00e9taro? Aqu\u00ed te compartimos el calendario"},{"@type":"BreadcrumbList","@id":"https:\/\/super-news.info\/mx\/planeas-ir-a-las-fiestas-de-vendimia-en-queretaro-aqui-te-compartimos-el-calendario\/#breadcrumb","itemListElement":[{"@type":"ListItem","position":1,"name":"Home","item":"https:\/\/super-news.info\/mx\/"},{"@type":"ListItem","position":2,"name":"\u00bfPlaneas ir a las fiestas de vendimia en Quer\u00e9taro? Aqu\u00ed te compartimos el calendario"}]},{"@type":"WebSite","@id":"https:\/\/super-news.info\/mx\/#website","url":"https:\/\/super-news.info\/mx\/","name":"Super News","description":"Super News Mexico","potentialAction":[{"@type":"SearchAction","target":{"@type":"EntryPoint","urlTemplate":"https:\/\/super-news.info\/mx\/?s={search_term_string}"},"query-input":{"@type":"PropertyValueSpecification","valueRequired":true,"valueName":"search_term_string"}}],"inLanguage":"es"},{"@type":"Person","@id":"https:\/\/super-news.info\/mx\/#\/schema\/person\/74b71ca3d407439fd57da2d9c89449ca","name":"mx","image":{"@type":"ImageObject","inLanguage":"es","@id":"https:\/\/secure.gravatar.com\/avatar\/6374ac65ff69c362a0ae1303d73d69dcd9bd198d62d9861f054a69aaf82c017b?s=96&d=mm&r=g","url":"https:\/\/secure.gravatar.com\/avatar\/6374ac65ff69c362a0ae1303d73d69dcd9bd198d62d9861f054a69aaf82c017b?s=96&d=mm&r=g","contentUrl":"https:\/\/secure.gravatar.com\/avatar\/6374ac65ff69c362a0ae1303d73d69dcd9bd198d62d9861f054a69aaf82c017b?s=96&d=mm&r=g","caption":"mx"},"url":"https:\/\/super-news.info\/mx\/author\/mx\/"}]}},"_links":{"self":[{"href":"https:\/\/super-news.info\/mx\/wp-json\/wp\/v2\/posts\/2322","targetHints":{"allow":["GET"]}}],"collection":[{"href":"https:\/\/super-news.info\/mx\/wp-json\/wp\/v2\/posts"}],"about":[{"href":"https:\/\/super-news.info\/mx\/wp-json\/wp\/v2\/types\/post"}],"author":[{"embeddable":true,"href":"https:\/\/super-news.info\/mx\/wp-json\/wp\/v2\/users\/3"}],"replies":[{"embeddable":true,"href":"https:\/\/super-news.info\/mx\/wp-json\/wp\/v2\/comments?post=2322"}],"version-history":[{"count":1,"href":"https:\/\/super-news.info\/mx\/wp-json\/wp\/v2\/posts\/2322\/revisions"}],"predecessor-version":[{"id":2324,"href":"https:\/\/super-news.info\/mx\/wp-json\/wp\/v2\/posts\/2322\/revisions\/2324"}],"wp:featuredmedia":[{"embeddable":true,"href":"https:\/\/super-news.info\/mx\/wp-json\/wp\/v2\/media\/2323"}],"wp:attachment":[{"href":"https:\/\/super-news.info\/mx\/wp-json\/wp\/v2\/media?parent=2322"}],"wp:term":[{"taxonomy":"category","embeddable":true,"href":"https:\/\/super-news.info\/mx\/wp-json\/wp\/v2\/categories?post=2322"},{"taxonomy":"post_tag","embeddable":true,"href":"https:\/\/super-news.info\/mx\/wp-json\/wp\/v2\/tags?post=2322"}],"curies":[{"name":"wp","href":"https:\/\/api.w.org\/{rel}","templated":true}]}}