{"id":2310,"date":"2019-07-12T19:14:52","date_gmt":"2019-07-12T19:14:52","guid":{"rendered":"https:\/\/super-news.info\/mx\/volaris-y-viva-aerobus-alzan-el-vuelo-con-mayor-numero-de-pasajeros-en-primer-semestre\/"},"modified":"2019-07-12T19:14:54","modified_gmt":"2019-07-12T19:14:54","slug":"volaris-y-viva-aerobus-alzan-el-vuelo-con-mayor-numero-de-pasajeros-en-primer-semestre","status":"publish","type":"post","link":"https:\/\/super-news.info\/mx\/volaris-y-viva-aerobus-alzan-el-vuelo-con-mayor-numero-de-pasajeros-en-primer-semestre\/","title":{"rendered":"Volaris y Viva Aerobus alzan \u2018el vuelo\u2019 con mayor n\u00famero de pasajeros en primer semestre"},"content":{"rendered":"<p> [ad_1]<br \/>\n<\/p>\n<p class=\"paragraph\" data-count=\"159\" data-wrap=\"24\"><strong>Volaris y Viva Aerobus<\/strong>, aerol\u00edneas mexicanas de bajo costo, impulsan el crecimiento en el n\u00famero de pasajeros transportados durante el primer semestre del a\u00f1o.<\/p>\n<p class=\"paragraph\" data-count=\"236\" data-wrap=\"36\">\u201cNos gustar\u00eda destacar que las aerol\u00edneas de bajo precio han mostrado<strong> crecimientos de doble d\u00edgito<\/strong>, mientras que, <strong>Aerom\u00e9xico <\/strong>present\u00f3 un <strong>decremento a nivel de tr\u00e1fico<\/strong> de pasajeros\u201d, dijo Brian Rodr\u00edguez, analista de Monex Casa de Bolsa.<\/p>\n<p class=\"paragraph\" data-count=\"202\" data-wrap=\"33\">Durante el primer semestre,<strong> Volaris fue la que mayor n\u00famero de pasajeros transport\u00f3<\/strong> \u201310.6 millones\u2013, cifra que la posiciona como la firma  con m\u00e1s viajeros movilizados, con lo que desbanc\u00f3 a Aerom\u00e9xico.<\/p>\n<p class=\"paragraph\" data-count=\"197\" data-wrap=\"32\">Adem\u00e1s,<strong> la l\u00ednea a\u00e9rea dirigida por Enrique Beltranena<\/strong>, tuvo la mayor alza en este indicador contra el primer semestre del a\u00f1o pasado, pues aument\u00f3 21 por ciento el n\u00famero de pasajeros movilizados.<\/p>\n<p class=\"paragraph\" data-count=\"194\" data-wrap=\"31\">Al respecto, <strong>Marco Monta\u00f1ez, analista de Vector Casa de Bolsa<\/strong>, consider\u00f3 que el aumento de Volaris en los pasajeros transportados se debe a que aprovech\u00f3 la reducci\u00f3n de capacidad de Aerom\u00e9xico.<\/p>\n<p class=\"paragraph\" data-count=\"224\" data-wrap=\"31\">\u201cVolaris ha capitalizado la reducci\u00f3n de capacidad por parte de Aerom\u00e9xico, particularmente en su segmento de pasajeros nacionales, y ha incrementado su participaci\u00f3n de mercado de manera significativa\u201d, refiri\u00f3 el analista.<\/p>\n<p class=\"paragraph\" data-count=\"141\" data-wrap=\"27\">En los primeros seis meses del a\u00f1o, <strong>Volaris subi\u00f3 17.2 por ciento  su capacidad de asientos <\/strong>y tuvo un factor de ocupaci\u00f3n de 85.3 por ciento.<\/p>\n<p class=\"paragraph\" data-count=\"204\" data-wrap=\"36\">Asimismo, <strong>Viva Aerobus tuvo un alza de 19 por ciento en el total de pasajeros transportados <\/strong>en el periodo enero-junio, lapso en el que acumul\u00f3 5.3 millones de viajeros, con 9 de cada 10 asientos ocupados.<\/p>\n<p class=\"paragraph\" data-count=\"125\" data-wrap=\"20\">En contraparte, Aerom\u00e9xico acumula una ca\u00edda de 3.6 por ciento en el n\u00famero de pasajeros transportados en el primer semestre.<\/p>\n<div class=\"image__block \">\n<figure><\/figure>\n<p><span class=\"element__footer\"><\/span><span class=\"element__credit\"><\/span><\/div>\n<p>[ad_2]<br \/>\n<br \/><a href=\"https:\/\/www.elfinanciero.com.mx\/rss\/empresas\/volaris-y-viva-aerobus-alzan-el-vuelo-con-mayor-numero-de-pasajeros-en-primer-semestre\">Source link <\/a><\/p>\n","protected":false},"excerpt":{"rendered":"<p>[ad_1] Volaris y Viva Aerobus, aerol\u00edneas mexicanas de bajo costo, impulsan el crecimiento en el n\u00famero de pasajeros transportados durante el primer semestre del a\u00f1o. \u201cNos gustar\u00eda destacar que las aerol\u00edneas de bajo precio han mostrado crecimientos de doble d\u00edgito, mientras que, Aerom\u00e9xico present\u00f3 un decremento a nivel de tr\u00e1fico de pasajeros\u201d, dijo Brian Rodr\u00edguez, [&hellip;]<\/p>\n","protected":false},"author":3,"featured_media":2311,"comment_status":"open","ping_status":"open","sticky":false,"template":"","format":"standard","meta":{"footnotes":""},"categories":[1],"tags":[],"class_list":["post-2310","post","type-post","status-publish","format-standard","has-post-thumbnail","hentry","category-noticias-financieras"],"yoast_head":"<!-- This site is optimized with the Yoast SEO plugin v27.4 - https:\/\/yoast.com\/product\/yoast-seo-wordpress\/ -->\n<title>Volaris y Viva Aerobus alzan \u2018el vuelo\u2019 con mayor n\u00famero de pasajeros en primer semestre - Super News<\/title>\n<meta name=\"robots\" content=\"index, follow, max-snippet:-1, max-image-preview:large, max-video-preview:-1\" \/>\n<link rel=\"canonical\" href=\"https:\/\/super-news.info\/mx\/volaris-y-viva-aerobus-alzan-el-vuelo-con-mayor-numero-de-pasajeros-en-primer-semestre\/\" \/>\n<meta property=\"og:locale\" content=\"es_MX\" \/>\n<meta property=\"og:type\" content=\"article\" \/>\n<meta property=\"og:title\" content=\"Volaris y Viva Aerobus alzan \u2018el vuelo\u2019 con mayor n\u00famero de pasajeros en primer semestre - Super News\" \/>\n<meta property=\"og:description\" content=\"[ad_1] Volaris y Viva Aerobus, aerol\u00edneas mexicanas de bajo costo, impulsan el crecimiento en el n\u00famero de pasajeros transportados durante el primer semestre del a\u00f1o. \u201cNos gustar\u00eda destacar que las aerol\u00edneas de bajo precio han mostrado crecimientos de doble d\u00edgito, mientras que, Aerom\u00e9xico present\u00f3 un decremento a nivel de tr\u00e1fico de pasajeros\u201d, dijo Brian Rodr\u00edguez, [&hellip;]\" \/>\n<meta property=\"og:url\" content=\"https:\/\/super-news.info\/mx\/volaris-y-viva-aerobus-alzan-el-vuelo-con-mayor-numero-de-pasajeros-en-primer-semestre\/\" \/>\n<meta property=\"og:site_name\" content=\"Super News\" \/>\n<meta property=\"article:published_time\" content=\"2019-07-12T19:14:52+00:00\" \/>\n<meta property=\"article:modified_time\" content=\"2019-07-12T19:14:54+00:00\" \/>\n<meta property=\"og:image\" content=\"https:\/\/super-news.info\/mx\/wp-content\/uploads\/sites\/8\/2019\/07\/Volaris-y-Viva-Aerobus-alzan-\u2018el-vuelo\u2019-con-mayor-n\u00famero.jpeg\" \/>\n\t<meta property=\"og:image:width\" content=\"843\" \/>\n\t<meta property=\"og:image:height\" content=\"465\" \/>\n\t<meta property=\"og:image:type\" content=\"image\/jpeg\" \/>\n<meta name=\"author\" content=\"mx\" \/>\n<meta name=\"twitter:card\" content=\"summary_large_image\" \/>\n<meta name=\"twitter:label1\" content=\"Escrito por\" \/>\n\t<meta name=\"twitter:data1\" content=\"mx\" \/>\n\t<meta name=\"twitter:label2\" content=\"Tiempo de lectura\" \/>\n\t<meta name=\"twitter:data2\" content=\"1 minuto\" \/>\n<script type=\"application\/ld+json\" class=\"yoast-schema-graph\">{\"@context\":\"https:\\\/\\\/schema.org\",\"@graph\":[{\"@type\":\"Article\",\"@id\":\"https:\\\/\\\/super-news.info\\\/mx\\\/volaris-y-viva-aerobus-alzan-el-vuelo-con-mayor-numero-de-pasajeros-en-primer-semestre\\\/#article\",\"isPartOf\":{\"@id\":\"https:\\\/\\\/super-news.info\\\/mx\\\/volaris-y-viva-aerobus-alzan-el-vuelo-con-mayor-numero-de-pasajeros-en-primer-semestre\\\/\"},\"author\":{\"name\":\"mx\",\"@id\":\"https:\\\/\\\/super-news.info\\\/mx\\\/#\\\/schema\\\/person\\\/74b71ca3d407439fd57da2d9c89449ca\"},\"headline\":\"Volaris y Viva Aerobus alzan \u2018el vuelo\u2019 con mayor n\u00famero de pasajeros en primer semestre\",\"datePublished\":\"2019-07-12T19:14:52+00:00\",\"dateModified\":\"2019-07-12T19:14:54+00:00\",\"mainEntityOfPage\":{\"@id\":\"https:\\\/\\\/super-news.info\\\/mx\\\/volaris-y-viva-aerobus-alzan-el-vuelo-con-mayor-numero-de-pasajeros-en-primer-semestre\\\/\"},\"wordCount\":307,\"commentCount\":0,\"image\":{\"@id\":\"https:\\\/\\\/super-news.info\\\/mx\\\/volaris-y-viva-aerobus-alzan-el-vuelo-con-mayor-numero-de-pasajeros-en-primer-semestre\\\/#primaryimage\"},\"thumbnailUrl\":\"https:\\\/\\\/super-news.info\\\/mx\\\/wp-content\\\/uploads\\\/sites\\\/8\\\/2019\\\/07\\\/Volaris-y-Viva-Aerobus-alzan-\u2018el-vuelo\u2019-con-mayor-n\u00famero.jpeg\",\"articleSection\":[\"NOTICIAS FINANCIERAS\"],\"inLanguage\":\"es\",\"potentialAction\":[{\"@type\":\"CommentAction\",\"name\":\"Comment\",\"target\":[\"https:\\\/\\\/super-news.info\\\/mx\\\/volaris-y-viva-aerobus-alzan-el-vuelo-con-mayor-numero-de-pasajeros-en-primer-semestre\\\/#respond\"]}]},{\"@type\":\"WebPage\",\"@id\":\"https:\\\/\\\/super-news.info\\\/mx\\\/volaris-y-viva-aerobus-alzan-el-vuelo-con-mayor-numero-de-pasajeros-en-primer-semestre\\\/\",\"url\":\"https:\\\/\\\/super-news.info\\\/mx\\\/volaris-y-viva-aerobus-alzan-el-vuelo-con-mayor-numero-de-pasajeros-en-primer-semestre\\\/\",\"name\":\"Volaris y Viva Aerobus alzan \u2018el vuelo\u2019 con mayor n\u00famero de pasajeros en primer semestre - Super News\",\"isPartOf\":{\"@id\":\"https:\\\/\\\/super-news.info\\\/mx\\\/#website\"},\"primaryImageOfPage\":{\"@id\":\"https:\\\/\\\/super-news.info\\\/mx\\\/volaris-y-viva-aerobus-alzan-el-vuelo-con-mayor-numero-de-pasajeros-en-primer-semestre\\\/#primaryimage\"},\"image\":{\"@id\":\"https:\\\/\\\/super-news.info\\\/mx\\\/volaris-y-viva-aerobus-alzan-el-vuelo-con-mayor-numero-de-pasajeros-en-primer-semestre\\\/#primaryimage\"},\"thumbnailUrl\":\"https:\\\/\\\/super-news.info\\\/mx\\\/wp-content\\\/uploads\\\/sites\\\/8\\\/2019\\\/07\\\/Volaris-y-Viva-Aerobus-alzan-\u2018el-vuelo\u2019-con-mayor-n\u00famero.jpeg\",\"datePublished\":\"2019-07-12T19:14:52+00:00\",\"dateModified\":\"2019-07-12T19:14:54+00:00\",\"author\":{\"@id\":\"https:\\\/\\\/super-news.info\\\/mx\\\/#\\\/schema\\\/person\\\/74b71ca3d407439fd57da2d9c89449ca\"},\"breadcrumb\":{\"@id\":\"https:\\\/\\\/super-news.info\\\/mx\\\/volaris-y-viva-aerobus-alzan-el-vuelo-con-mayor-numero-de-pasajeros-en-primer-semestre\\\/#breadcrumb\"},\"inLanguage\":\"es\",\"potentialAction\":[{\"@type\":\"ReadAction\",\"target\":[\"https:\\\/\\\/super-news.info\\\/mx\\\/volaris-y-viva-aerobus-alzan-el-vuelo-con-mayor-numero-de-pasajeros-en-primer-semestre\\\/\"]}]},{\"@type\":\"ImageObject\",\"inLanguage\":\"es\",\"@id\":\"https:\\\/\\\/super-news.info\\\/mx\\\/volaris-y-viva-aerobus-alzan-el-vuelo-con-mayor-numero-de-pasajeros-en-primer-semestre\\\/#primaryimage\",\"url\":\"https:\\\/\\\/super-news.info\\\/mx\\\/wp-content\\\/uploads\\\/sites\\\/8\\\/2019\\\/07\\\/Volaris-y-Viva-Aerobus-alzan-\u2018el-vuelo\u2019-con-mayor-n\u00famero.jpeg\",\"contentUrl\":\"https:\\\/\\\/super-news.info\\\/mx\\\/wp-content\\\/uploads\\\/sites\\\/8\\\/2019\\\/07\\\/Volaris-y-Viva-Aerobus-alzan-\u2018el-vuelo\u2019-con-mayor-n\u00famero.jpeg\",\"width\":843,\"height\":465,\"caption\":\"Volaris y Viva Aerobus alzan \u2018el vuelo\u2019 con mayor n\u00famero de pasajeros en primer semestre\"},{\"@type\":\"BreadcrumbList\",\"@id\":\"https:\\\/\\\/super-news.info\\\/mx\\\/volaris-y-viva-aerobus-alzan-el-vuelo-con-mayor-numero-de-pasajeros-en-primer-semestre\\\/#breadcrumb\",\"itemListElement\":[{\"@type\":\"ListItem\",\"position\":1,\"name\":\"Home\",\"item\":\"https:\\\/\\\/super-news.info\\\/mx\\\/\"},{\"@type\":\"ListItem\",\"position\":2,\"name\":\"Volaris y Viva Aerobus alzan \u2018el vuelo\u2019 con mayor n\u00famero de pasajeros en primer semestre\"}]},{\"@type\":\"WebSite\",\"@id\":\"https:\\\/\\\/super-news.info\\\/mx\\\/#website\",\"url\":\"https:\\\/\\\/super-news.info\\\/mx\\\/\",\"name\":\"Super News\",\"description\":\"Super News Mexico\",\"potentialAction\":[{\"@type\":\"SearchAction\",\"target\":{\"@type\":\"EntryPoint\",\"urlTemplate\":\"https:\\\/\\\/super-news.info\\\/mx\\\/?s={search_term_string}\"},\"query-input\":{\"@type\":\"PropertyValueSpecification\",\"valueRequired\":true,\"valueName\":\"search_term_string\"}}],\"inLanguage\":\"es\"},{\"@type\":\"Person\",\"@id\":\"https:\\\/\\\/super-news.info\\\/mx\\\/#\\\/schema\\\/person\\\/74b71ca3d407439fd57da2d9c89449ca\",\"name\":\"mx\",\"image\":{\"@type\":\"ImageObject\",\"inLanguage\":\"es\",\"@id\":\"https:\\\/\\\/secure.gravatar.com\\\/avatar\\\/6374ac65ff69c362a0ae1303d73d69dcd9bd198d62d9861f054a69aaf82c017b?s=96&d=mm&r=g\",\"url\":\"https:\\\/\\\/secure.gravatar.com\\\/avatar\\\/6374ac65ff69c362a0ae1303d73d69dcd9bd198d62d9861f054a69aaf82c017b?s=96&d=mm&r=g\",\"contentUrl\":\"https:\\\/\\\/secure.gravatar.com\\\/avatar\\\/6374ac65ff69c362a0ae1303d73d69dcd9bd198d62d9861f054a69aaf82c017b?s=96&d=mm&r=g\",\"caption\":\"mx\"},\"url\":\"https:\\\/\\\/super-news.info\\\/mx\\\/author\\\/mx\\\/\"}]}<\/script>\n<!-- \/ Yoast SEO plugin. -->","yoast_head_json":{"title":"Volaris y Viva Aerobus alzan \u2018el vuelo\u2019 con mayor n\u00famero de pasajeros en primer semestre - Super News","robots":{"index":"index","follow":"follow","max-snippet":"max-snippet:-1","max-image-preview":"max-image-preview:large","max-video-preview":"max-video-preview:-1"},"canonical":"https:\/\/super-news.info\/mx\/volaris-y-viva-aerobus-alzan-el-vuelo-con-mayor-numero-de-pasajeros-en-primer-semestre\/","og_locale":"es_MX","og_type":"article","og_title":"Volaris y Viva Aerobus alzan \u2018el vuelo\u2019 con mayor n\u00famero de pasajeros en primer semestre - Super News","og_description":"[ad_1] Volaris y Viva Aerobus, aerol\u00edneas mexicanas de bajo costo, impulsan el crecimiento en el n\u00famero de pasajeros transportados durante el primer semestre del a\u00f1o. \u201cNos gustar\u00eda destacar que las aerol\u00edneas de bajo precio han mostrado crecimientos de doble d\u00edgito, mientras que, Aerom\u00e9xico present\u00f3 un decremento a nivel de tr\u00e1fico de pasajeros\u201d, dijo Brian Rodr\u00edguez, [&hellip;]","og_url":"https:\/\/super-news.info\/mx\/volaris-y-viva-aerobus-alzan-el-vuelo-con-mayor-numero-de-pasajeros-en-primer-semestre\/","og_site_name":"Super News","article_published_time":"2019-07-12T19:14:52+00:00","article_modified_time":"2019-07-12T19:14:54+00:00","og_image":[{"width":843,"height":465,"url":"https:\/\/super-news.info\/mx\/wp-content\/uploads\/sites\/8\/2019\/07\/Volaris-y-Viva-Aerobus-alzan-\u2018el-vuelo\u2019-con-mayor-n\u00famero.jpeg","type":"image\/jpeg"}],"author":"mx","twitter_card":"summary_large_image","twitter_misc":{"Escrito por":"mx","Tiempo de lectura":"1 minuto"},"schema":{"@context":"https:\/\/schema.org","@graph":[{"@type":"Article","@id":"https:\/\/super-news.info\/mx\/volaris-y-viva-aerobus-alzan-el-vuelo-con-mayor-numero-de-pasajeros-en-primer-semestre\/#article","isPartOf":{"@id":"https:\/\/super-news.info\/mx\/volaris-y-viva-aerobus-alzan-el-vuelo-con-mayor-numero-de-pasajeros-en-primer-semestre\/"},"author":{"name":"mx","@id":"https:\/\/super-news.info\/mx\/#\/schema\/person\/74b71ca3d407439fd57da2d9c89449ca"},"headline":"Volaris y Viva Aerobus alzan \u2018el vuelo\u2019 con mayor n\u00famero de pasajeros en primer semestre","datePublished":"2019-07-12T19:14:52+00:00","dateModified":"2019-07-12T19:14:54+00:00","mainEntityOfPage":{"@id":"https:\/\/super-news.info\/mx\/volaris-y-viva-aerobus-alzan-el-vuelo-con-mayor-numero-de-pasajeros-en-primer-semestre\/"},"wordCount":307,"commentCount":0,"image":{"@id":"https:\/\/super-news.info\/mx\/volaris-y-viva-aerobus-alzan-el-vuelo-con-mayor-numero-de-pasajeros-en-primer-semestre\/#primaryimage"},"thumbnailUrl":"https:\/\/super-news.info\/mx\/wp-content\/uploads\/sites\/8\/2019\/07\/Volaris-y-Viva-Aerobus-alzan-\u2018el-vuelo\u2019-con-mayor-n\u00famero.jpeg","articleSection":["NOTICIAS FINANCIERAS"],"inLanguage":"es","potentialAction":[{"@type":"CommentAction","name":"Comment","target":["https:\/\/super-news.info\/mx\/volaris-y-viva-aerobus-alzan-el-vuelo-con-mayor-numero-de-pasajeros-en-primer-semestre\/#respond"]}]},{"@type":"WebPage","@id":"https:\/\/super-news.info\/mx\/volaris-y-viva-aerobus-alzan-el-vuelo-con-mayor-numero-de-pasajeros-en-primer-semestre\/","url":"https:\/\/super-news.info\/mx\/volaris-y-viva-aerobus-alzan-el-vuelo-con-mayor-numero-de-pasajeros-en-primer-semestre\/","name":"Volaris y Viva Aerobus alzan \u2018el vuelo\u2019 con mayor n\u00famero de pasajeros en primer semestre - Super News","isPartOf":{"@id":"https:\/\/super-news.info\/mx\/#website"},"primaryImageOfPage":{"@id":"https:\/\/super-news.info\/mx\/volaris-y-viva-aerobus-alzan-el-vuelo-con-mayor-numero-de-pasajeros-en-primer-semestre\/#primaryimage"},"image":{"@id":"https:\/\/super-news.info\/mx\/volaris-y-viva-aerobus-alzan-el-vuelo-con-mayor-numero-de-pasajeros-en-primer-semestre\/#primaryimage"},"thumbnailUrl":"https:\/\/super-news.info\/mx\/wp-content\/uploads\/sites\/8\/2019\/07\/Volaris-y-Viva-Aerobus-alzan-\u2018el-vuelo\u2019-con-mayor-n\u00famero.jpeg","datePublished":"2019-07-12T19:14:52+00:00","dateModified":"2019-07-12T19:14:54+00:00","author":{"@id":"https:\/\/super-news.info\/mx\/#\/schema\/person\/74b71ca3d407439fd57da2d9c89449ca"},"breadcrumb":{"@id":"https:\/\/super-news.info\/mx\/volaris-y-viva-aerobus-alzan-el-vuelo-con-mayor-numero-de-pasajeros-en-primer-semestre\/#breadcrumb"},"inLanguage":"es","potentialAction":[{"@type":"ReadAction","target":["https:\/\/super-news.info\/mx\/volaris-y-viva-aerobus-alzan-el-vuelo-con-mayor-numero-de-pasajeros-en-primer-semestre\/"]}]},{"@type":"ImageObject","inLanguage":"es","@id":"https:\/\/super-news.info\/mx\/volaris-y-viva-aerobus-alzan-el-vuelo-con-mayor-numero-de-pasajeros-en-primer-semestre\/#primaryimage","url":"https:\/\/super-news.info\/mx\/wp-content\/uploads\/sites\/8\/2019\/07\/Volaris-y-Viva-Aerobus-alzan-\u2018el-vuelo\u2019-con-mayor-n\u00famero.jpeg","contentUrl":"https:\/\/super-news.info\/mx\/wp-content\/uploads\/sites\/8\/2019\/07\/Volaris-y-Viva-Aerobus-alzan-\u2018el-vuelo\u2019-con-mayor-n\u00famero.jpeg","width":843,"height":465,"caption":"Volaris y Viva Aerobus alzan \u2018el vuelo\u2019 con mayor n\u00famero de pasajeros en primer semestre"},{"@type":"BreadcrumbList","@id":"https:\/\/super-news.info\/mx\/volaris-y-viva-aerobus-alzan-el-vuelo-con-mayor-numero-de-pasajeros-en-primer-semestre\/#breadcrumb","itemListElement":[{"@type":"ListItem","position":1,"name":"Home","item":"https:\/\/super-news.info\/mx\/"},{"@type":"ListItem","position":2,"name":"Volaris y Viva Aerobus alzan \u2018el vuelo\u2019 con mayor n\u00famero de pasajeros en primer semestre"}]},{"@type":"WebSite","@id":"https:\/\/super-news.info\/mx\/#website","url":"https:\/\/super-news.info\/mx\/","name":"Super News","description":"Super News Mexico","potentialAction":[{"@type":"SearchAction","target":{"@type":"EntryPoint","urlTemplate":"https:\/\/super-news.info\/mx\/?s={search_term_string}"},"query-input":{"@type":"PropertyValueSpecification","valueRequired":true,"valueName":"search_term_string"}}],"inLanguage":"es"},{"@type":"Person","@id":"https:\/\/super-news.info\/mx\/#\/schema\/person\/74b71ca3d407439fd57da2d9c89449ca","name":"mx","image":{"@type":"ImageObject","inLanguage":"es","@id":"https:\/\/secure.gravatar.com\/avatar\/6374ac65ff69c362a0ae1303d73d69dcd9bd198d62d9861f054a69aaf82c017b?s=96&d=mm&r=g","url":"https:\/\/secure.gravatar.com\/avatar\/6374ac65ff69c362a0ae1303d73d69dcd9bd198d62d9861f054a69aaf82c017b?s=96&d=mm&r=g","contentUrl":"https:\/\/secure.gravatar.com\/avatar\/6374ac65ff69c362a0ae1303d73d69dcd9bd198d62d9861f054a69aaf82c017b?s=96&d=mm&r=g","caption":"mx"},"url":"https:\/\/super-news.info\/mx\/author\/mx\/"}]}},"_links":{"self":[{"href":"https:\/\/super-news.info\/mx\/wp-json\/wp\/v2\/posts\/2310","targetHints":{"allow":["GET"]}}],"collection":[{"href":"https:\/\/super-news.info\/mx\/wp-json\/wp\/v2\/posts"}],"about":[{"href":"https:\/\/super-news.info\/mx\/wp-json\/wp\/v2\/types\/post"}],"author":[{"embeddable":true,"href":"https:\/\/super-news.info\/mx\/wp-json\/wp\/v2\/users\/3"}],"replies":[{"embeddable":true,"href":"https:\/\/super-news.info\/mx\/wp-json\/wp\/v2\/comments?post=2310"}],"version-history":[{"count":1,"href":"https:\/\/super-news.info\/mx\/wp-json\/wp\/v2\/posts\/2310\/revisions"}],"predecessor-version":[{"id":2312,"href":"https:\/\/super-news.info\/mx\/wp-json\/wp\/v2\/posts\/2310\/revisions\/2312"}],"wp:featuredmedia":[{"embeddable":true,"href":"https:\/\/super-news.info\/mx\/wp-json\/wp\/v2\/media\/2311"}],"wp:attachment":[{"href":"https:\/\/super-news.info\/mx\/wp-json\/wp\/v2\/media?parent=2310"}],"wp:term":[{"taxonomy":"category","embeddable":true,"href":"https:\/\/super-news.info\/mx\/wp-json\/wp\/v2\/categories?post=2310"},{"taxonomy":"post_tag","embeddable":true,"href":"https:\/\/super-news.info\/mx\/wp-json\/wp\/v2\/tags?post=2310"}],"curies":[{"name":"wp","href":"https:\/\/api.w.org\/{rel}","templated":true}]}}