{"id":2302,"date":"2019-07-12T16:42:51","date_gmt":"2019-07-12T16:42:51","guid":{"rendered":"https:\/\/super-news.info\/mx\/un-trailer-y-dos-autos-caen-en-socavon-en-ecatepec\/"},"modified":"2019-07-12T16:42:52","modified_gmt":"2019-07-12T16:42:52","slug":"un-trailer-y-dos-autos-caen-en-socavon-en-ecatepec","status":"publish","type":"post","link":"https:\/\/super-news.info\/mx\/un-trailer-y-dos-autos-caen-en-socavon-en-ecatepec\/","title":{"rendered":"Un tr\u00e1iler y dos autos caen en socav\u00f3n en Ecatepec"},"content":{"rendered":"<p> [ad_1]<br \/>\n<\/p>\n<p class=\"paragraph\" data-count=\"131\" data-wrap=\"21\">Un <strong>tr\u00e1iler y dos autom\u00f3viles particulares <\/strong>cayeron este viernes en un <strong>socav\u00f3n<\/strong> la colonia <strong>El Chamizal, en Ecatepec<\/strong>, Estado de M\u00e9xico.<\/p>\n<p class=\"paragraph\" data-count=\"163\" data-wrap=\"29\">El tr\u00e1iler que transportaba arena cay\u00f3 en la oquedad formada en la avenida <strong>Manuel \u00c1vila Camacho<\/strong>, a un costado del Perif\u00e9rico, a la altura del R\u00edo de los Remedios.\n<\/p>\n<p class=\"paragraph\" data-count=\"251\" data-wrap=\"40\">Tras el retiro de la unidad, dos veh\u00edculos particulares tambi\u00e9n se hundieron en el <strong>socav\u00f3n de aproximadamente seis metros de di\u00e1metro y tres y medio metros de profundidad<\/strong>, los cuales ya fueron sacados y sus conductores atendidos por lesiones menores.\n<\/p>\n<p class=\"paragraph\" data-count=\"160\" data-wrap=\"23\">Durante varias horas, bomberos, elementos de Protecci\u00f3n Civil de la entidad y polic\u00edas estatales y municipales trabajaron para retirar las unidades del agujero.<\/p>\n<div class=\"image__block \">\n<figure><\/figure>\n<p><span class=\"element__footer\"><\/span><span class=\"element__credit\">Fuente: Cuartoscuro<\/span><\/div>\n<p class=\"paragraph\" data-count=\"423\" data-wrap=\"60\">&#8220;Para prevenir m\u00e1s accidentes, personal de Protecci\u00f3n Civil realiz\u00f3 el acordonamiento preventivo del lugar que marca el protocolo de seguridad y prepar\u00f3 cuadrillas para atender el socav\u00f3n. Sin embargo, en la madrugada los conductores de dos veh\u00edculos ignoraron los se\u00f1alamientos e intentaron pasar por dicha vialidad cayendo en el agujero, quienes aparentemente ven\u00edan a exceso de velocidad&#8221;, afirmaron autoridades locales.<\/p>\n<p class=\"paragraph\" data-count=\"196\" data-wrap=\"29\">Asimismo, se\u00f1alaron que los afectados reconocieron su imprudencia al rendir declaraci\u00f3n en las oficinas del Oficial Conciliador de Las Am\u00e9ricas, a donde fueron trasladados en buen estado de salud.<\/p>\n<p class=\"paragraph\" data-count=\"260\" data-wrap=\"41\">Protecci\u00f3n Civil de Ecatepec explic\u00f3 que formaci\u00f3n de este tipo de cavidades en la v\u00eda p\u00fablica est\u00e1n relacionadas a la falta de mantenimiento de los sistemas subterr\u00e1neos de drenaje y de agua, los cuales, al fragmentarse provocan el reblandecimiento del suelo.<\/p>\n<p class=\"paragraph\" data-count=\"123\" data-wrap=\"20\">Apuntaron que, durante la temporada de lluvias, han reparado un total de 18 socavones en diferentes puntos de la localidad.<\/p>\n<p class=\"paragraph\" data-count=\"36\" data-wrap=\"5\"><em>Con informaci\u00f3n de Eulalio Victoria.<\/em><\/p>\n<p>[ad_2]<br \/>\n<br \/><a href=\"https:\/\/www.elfinanciero.com.mx\/rss\/nacional\/un-trailer-y-dos-autos-caen-en-socavon-en-ecatepec\">Source link <\/a><\/p>\n","protected":false},"excerpt":{"rendered":"<p>[ad_1] Un tr\u00e1iler y dos autom\u00f3viles particulares cayeron este viernes en un socav\u00f3n la colonia El Chamizal, en Ecatepec, Estado de M\u00e9xico. El tr\u00e1iler que transportaba arena cay\u00f3 en la oquedad formada en la avenida Manuel \u00c1vila Camacho, a un costado del Perif\u00e9rico, a la altura del R\u00edo de los Remedios. Tras el retiro de [&hellip;]<\/p>\n","protected":false},"author":3,"featured_media":2303,"comment_status":"open","ping_status":"open","sticky":false,"template":"","format":"standard","meta":{"footnotes":""},"categories":[1],"tags":[],"class_list":["post-2302","post","type-post","status-publish","format-standard","has-post-thumbnail","hentry","category-noticias-financieras"],"yoast_head":"<!-- This site is optimized with the Yoast SEO plugin v27.4 - https:\/\/yoast.com\/product\/yoast-seo-wordpress\/ -->\n<title>Un tr\u00e1iler y dos autos caen en socav\u00f3n en Ecatepec - Super News<\/title>\n<meta name=\"robots\" content=\"index, follow, max-snippet:-1, max-image-preview:large, max-video-preview:-1\" \/>\n<link rel=\"canonical\" href=\"https:\/\/super-news.info\/mx\/un-trailer-y-dos-autos-caen-en-socavon-en-ecatepec\/\" \/>\n<meta property=\"og:locale\" content=\"es_MX\" \/>\n<meta property=\"og:type\" content=\"article\" \/>\n<meta property=\"og:title\" content=\"Un tr\u00e1iler y dos autos caen en socav\u00f3n en Ecatepec - Super News\" \/>\n<meta property=\"og:description\" content=\"[ad_1] Un tr\u00e1iler y dos autom\u00f3viles particulares cayeron este viernes en un socav\u00f3n la colonia El Chamizal, en Ecatepec, Estado de M\u00e9xico. El tr\u00e1iler que transportaba arena cay\u00f3 en la oquedad formada en la avenida Manuel \u00c1vila Camacho, a un costado del Perif\u00e9rico, a la altura del R\u00edo de los Remedios. Tras el retiro de [&hellip;]\" \/>\n<meta property=\"og:url\" content=\"https:\/\/super-news.info\/mx\/un-trailer-y-dos-autos-caen-en-socavon-en-ecatepec\/\" \/>\n<meta property=\"og:site_name\" content=\"Super News\" \/>\n<meta property=\"article:published_time\" content=\"2019-07-12T16:42:51+00:00\" \/>\n<meta property=\"article:modified_time\" content=\"2019-07-12T16:42:52+00:00\" \/>\n<meta property=\"og:image\" content=\"https:\/\/super-news.info\/mx\/wp-content\/uploads\/sites\/8\/2019\/07\/Un-tr\u00e1iler-y-dos-autos-caen-en-socav\u00f3n-en-Ecatepec.jpeg\" \/>\n\t<meta property=\"og:image:width\" content=\"3543\" \/>\n\t<meta property=\"og:image:height\" content=\"1992\" \/>\n\t<meta property=\"og:image:type\" content=\"image\/jpeg\" \/>\n<meta name=\"author\" content=\"mx\" \/>\n<meta name=\"twitter:card\" content=\"summary_large_image\" \/>\n<meta name=\"twitter:label1\" content=\"Escrito por\" \/>\n\t<meta name=\"twitter:data1\" content=\"mx\" \/>\n\t<meta name=\"twitter:label2\" content=\"Tiempo de lectura\" \/>\n\t<meta name=\"twitter:data2\" content=\"2 minutos\" \/>\n<script type=\"application\/ld+json\" class=\"yoast-schema-graph\">{\"@context\":\"https:\\\/\\\/schema.org\",\"@graph\":[{\"@type\":\"Article\",\"@id\":\"https:\\\/\\\/super-news.info\\\/mx\\\/un-trailer-y-dos-autos-caen-en-socavon-en-ecatepec\\\/#article\",\"isPartOf\":{\"@id\":\"https:\\\/\\\/super-news.info\\\/mx\\\/un-trailer-y-dos-autos-caen-en-socavon-en-ecatepec\\\/\"},\"author\":{\"name\":\"mx\",\"@id\":\"https:\\\/\\\/super-news.info\\\/mx\\\/#\\\/schema\\\/person\\\/74b71ca3d407439fd57da2d9c89449ca\"},\"headline\":\"Un tr\u00e1iler y dos autos caen en socav\u00f3n en Ecatepec\",\"datePublished\":\"2019-07-12T16:42:51+00:00\",\"dateModified\":\"2019-07-12T16:42:52+00:00\",\"mainEntityOfPage\":{\"@id\":\"https:\\\/\\\/super-news.info\\\/mx\\\/un-trailer-y-dos-autos-caen-en-socavon-en-ecatepec\\\/\"},\"wordCount\":314,\"commentCount\":0,\"image\":{\"@id\":\"https:\\\/\\\/super-news.info\\\/mx\\\/un-trailer-y-dos-autos-caen-en-socavon-en-ecatepec\\\/#primaryimage\"},\"thumbnailUrl\":\"https:\\\/\\\/super-news.info\\\/mx\\\/wp-content\\\/uploads\\\/sites\\\/8\\\/2019\\\/07\\\/Un-tr\u00e1iler-y-dos-autos-caen-en-socav\u00f3n-en-Ecatepec.jpeg\",\"articleSection\":[\"NOTICIAS FINANCIERAS\"],\"inLanguage\":\"es\",\"potentialAction\":[{\"@type\":\"CommentAction\",\"name\":\"Comment\",\"target\":[\"https:\\\/\\\/super-news.info\\\/mx\\\/un-trailer-y-dos-autos-caen-en-socavon-en-ecatepec\\\/#respond\"]}]},{\"@type\":\"WebPage\",\"@id\":\"https:\\\/\\\/super-news.info\\\/mx\\\/un-trailer-y-dos-autos-caen-en-socavon-en-ecatepec\\\/\",\"url\":\"https:\\\/\\\/super-news.info\\\/mx\\\/un-trailer-y-dos-autos-caen-en-socavon-en-ecatepec\\\/\",\"name\":\"Un tr\u00e1iler y dos autos caen en socav\u00f3n en Ecatepec - Super News\",\"isPartOf\":{\"@id\":\"https:\\\/\\\/super-news.info\\\/mx\\\/#website\"},\"primaryImageOfPage\":{\"@id\":\"https:\\\/\\\/super-news.info\\\/mx\\\/un-trailer-y-dos-autos-caen-en-socavon-en-ecatepec\\\/#primaryimage\"},\"image\":{\"@id\":\"https:\\\/\\\/super-news.info\\\/mx\\\/un-trailer-y-dos-autos-caen-en-socavon-en-ecatepec\\\/#primaryimage\"},\"thumbnailUrl\":\"https:\\\/\\\/super-news.info\\\/mx\\\/wp-content\\\/uploads\\\/sites\\\/8\\\/2019\\\/07\\\/Un-tr\u00e1iler-y-dos-autos-caen-en-socav\u00f3n-en-Ecatepec.jpeg\",\"datePublished\":\"2019-07-12T16:42:51+00:00\",\"dateModified\":\"2019-07-12T16:42:52+00:00\",\"author\":{\"@id\":\"https:\\\/\\\/super-news.info\\\/mx\\\/#\\\/schema\\\/person\\\/74b71ca3d407439fd57da2d9c89449ca\"},\"breadcrumb\":{\"@id\":\"https:\\\/\\\/super-news.info\\\/mx\\\/un-trailer-y-dos-autos-caen-en-socavon-en-ecatepec\\\/#breadcrumb\"},\"inLanguage\":\"es\",\"potentialAction\":[{\"@type\":\"ReadAction\",\"target\":[\"https:\\\/\\\/super-news.info\\\/mx\\\/un-trailer-y-dos-autos-caen-en-socavon-en-ecatepec\\\/\"]}]},{\"@type\":\"ImageObject\",\"inLanguage\":\"es\",\"@id\":\"https:\\\/\\\/super-news.info\\\/mx\\\/un-trailer-y-dos-autos-caen-en-socavon-en-ecatepec\\\/#primaryimage\",\"url\":\"https:\\\/\\\/super-news.info\\\/mx\\\/wp-content\\\/uploads\\\/sites\\\/8\\\/2019\\\/07\\\/Un-tr\u00e1iler-y-dos-autos-caen-en-socav\u00f3n-en-Ecatepec.jpeg\",\"contentUrl\":\"https:\\\/\\\/super-news.info\\\/mx\\\/wp-content\\\/uploads\\\/sites\\\/8\\\/2019\\\/07\\\/Un-tr\u00e1iler-y-dos-autos-caen-en-socav\u00f3n-en-Ecatepec.jpeg\",\"width\":3543,\"height\":1992,\"caption\":\"Un tr\u00e1iler y dos autos caen en socav\u00f3n en Ecatepec\"},{\"@type\":\"BreadcrumbList\",\"@id\":\"https:\\\/\\\/super-news.info\\\/mx\\\/un-trailer-y-dos-autos-caen-en-socavon-en-ecatepec\\\/#breadcrumb\",\"itemListElement\":[{\"@type\":\"ListItem\",\"position\":1,\"name\":\"Home\",\"item\":\"https:\\\/\\\/super-news.info\\\/mx\\\/\"},{\"@type\":\"ListItem\",\"position\":2,\"name\":\"Un tr\u00e1iler y dos autos caen en socav\u00f3n en Ecatepec\"}]},{\"@type\":\"WebSite\",\"@id\":\"https:\\\/\\\/super-news.info\\\/mx\\\/#website\",\"url\":\"https:\\\/\\\/super-news.info\\\/mx\\\/\",\"name\":\"Super News\",\"description\":\"Super News Mexico\",\"potentialAction\":[{\"@type\":\"SearchAction\",\"target\":{\"@type\":\"EntryPoint\",\"urlTemplate\":\"https:\\\/\\\/super-news.info\\\/mx\\\/?s={search_term_string}\"},\"query-input\":{\"@type\":\"PropertyValueSpecification\",\"valueRequired\":true,\"valueName\":\"search_term_string\"}}],\"inLanguage\":\"es\"},{\"@type\":\"Person\",\"@id\":\"https:\\\/\\\/super-news.info\\\/mx\\\/#\\\/schema\\\/person\\\/74b71ca3d407439fd57da2d9c89449ca\",\"name\":\"mx\",\"image\":{\"@type\":\"ImageObject\",\"inLanguage\":\"es\",\"@id\":\"https:\\\/\\\/secure.gravatar.com\\\/avatar\\\/6374ac65ff69c362a0ae1303d73d69dcd9bd198d62d9861f054a69aaf82c017b?s=96&d=mm&r=g\",\"url\":\"https:\\\/\\\/secure.gravatar.com\\\/avatar\\\/6374ac65ff69c362a0ae1303d73d69dcd9bd198d62d9861f054a69aaf82c017b?s=96&d=mm&r=g\",\"contentUrl\":\"https:\\\/\\\/secure.gravatar.com\\\/avatar\\\/6374ac65ff69c362a0ae1303d73d69dcd9bd198d62d9861f054a69aaf82c017b?s=96&d=mm&r=g\",\"caption\":\"mx\"},\"url\":\"https:\\\/\\\/super-news.info\\\/mx\\\/author\\\/mx\\\/\"}]}<\/script>\n<!-- \/ Yoast SEO plugin. -->","yoast_head_json":{"title":"Un tr\u00e1iler y dos autos caen en socav\u00f3n en Ecatepec - Super News","robots":{"index":"index","follow":"follow","max-snippet":"max-snippet:-1","max-image-preview":"max-image-preview:large","max-video-preview":"max-video-preview:-1"},"canonical":"https:\/\/super-news.info\/mx\/un-trailer-y-dos-autos-caen-en-socavon-en-ecatepec\/","og_locale":"es_MX","og_type":"article","og_title":"Un tr\u00e1iler y dos autos caen en socav\u00f3n en Ecatepec - Super News","og_description":"[ad_1] Un tr\u00e1iler y dos autom\u00f3viles particulares cayeron este viernes en un socav\u00f3n la colonia El Chamizal, en Ecatepec, Estado de M\u00e9xico. El tr\u00e1iler que transportaba arena cay\u00f3 en la oquedad formada en la avenida Manuel \u00c1vila Camacho, a un costado del Perif\u00e9rico, a la altura del R\u00edo de los Remedios. Tras el retiro de [&hellip;]","og_url":"https:\/\/super-news.info\/mx\/un-trailer-y-dos-autos-caen-en-socavon-en-ecatepec\/","og_site_name":"Super News","article_published_time":"2019-07-12T16:42:51+00:00","article_modified_time":"2019-07-12T16:42:52+00:00","og_image":[{"width":3543,"height":1992,"url":"https:\/\/super-news.info\/mx\/wp-content\/uploads\/sites\/8\/2019\/07\/Un-tr\u00e1iler-y-dos-autos-caen-en-socav\u00f3n-en-Ecatepec.jpeg","type":"image\/jpeg"}],"author":"mx","twitter_card":"summary_large_image","twitter_misc":{"Escrito por":"mx","Tiempo de lectura":"2 minutos"},"schema":{"@context":"https:\/\/schema.org","@graph":[{"@type":"Article","@id":"https:\/\/super-news.info\/mx\/un-trailer-y-dos-autos-caen-en-socavon-en-ecatepec\/#article","isPartOf":{"@id":"https:\/\/super-news.info\/mx\/un-trailer-y-dos-autos-caen-en-socavon-en-ecatepec\/"},"author":{"name":"mx","@id":"https:\/\/super-news.info\/mx\/#\/schema\/person\/74b71ca3d407439fd57da2d9c89449ca"},"headline":"Un tr\u00e1iler y dos autos caen en socav\u00f3n en Ecatepec","datePublished":"2019-07-12T16:42:51+00:00","dateModified":"2019-07-12T16:42:52+00:00","mainEntityOfPage":{"@id":"https:\/\/super-news.info\/mx\/un-trailer-y-dos-autos-caen-en-socavon-en-ecatepec\/"},"wordCount":314,"commentCount":0,"image":{"@id":"https:\/\/super-news.info\/mx\/un-trailer-y-dos-autos-caen-en-socavon-en-ecatepec\/#primaryimage"},"thumbnailUrl":"https:\/\/super-news.info\/mx\/wp-content\/uploads\/sites\/8\/2019\/07\/Un-tr\u00e1iler-y-dos-autos-caen-en-socav\u00f3n-en-Ecatepec.jpeg","articleSection":["NOTICIAS FINANCIERAS"],"inLanguage":"es","potentialAction":[{"@type":"CommentAction","name":"Comment","target":["https:\/\/super-news.info\/mx\/un-trailer-y-dos-autos-caen-en-socavon-en-ecatepec\/#respond"]}]},{"@type":"WebPage","@id":"https:\/\/super-news.info\/mx\/un-trailer-y-dos-autos-caen-en-socavon-en-ecatepec\/","url":"https:\/\/super-news.info\/mx\/un-trailer-y-dos-autos-caen-en-socavon-en-ecatepec\/","name":"Un tr\u00e1iler y dos autos caen en socav\u00f3n en Ecatepec - Super News","isPartOf":{"@id":"https:\/\/super-news.info\/mx\/#website"},"primaryImageOfPage":{"@id":"https:\/\/super-news.info\/mx\/un-trailer-y-dos-autos-caen-en-socavon-en-ecatepec\/#primaryimage"},"image":{"@id":"https:\/\/super-news.info\/mx\/un-trailer-y-dos-autos-caen-en-socavon-en-ecatepec\/#primaryimage"},"thumbnailUrl":"https:\/\/super-news.info\/mx\/wp-content\/uploads\/sites\/8\/2019\/07\/Un-tr\u00e1iler-y-dos-autos-caen-en-socav\u00f3n-en-Ecatepec.jpeg","datePublished":"2019-07-12T16:42:51+00:00","dateModified":"2019-07-12T16:42:52+00:00","author":{"@id":"https:\/\/super-news.info\/mx\/#\/schema\/person\/74b71ca3d407439fd57da2d9c89449ca"},"breadcrumb":{"@id":"https:\/\/super-news.info\/mx\/un-trailer-y-dos-autos-caen-en-socavon-en-ecatepec\/#breadcrumb"},"inLanguage":"es","potentialAction":[{"@type":"ReadAction","target":["https:\/\/super-news.info\/mx\/un-trailer-y-dos-autos-caen-en-socavon-en-ecatepec\/"]}]},{"@type":"ImageObject","inLanguage":"es","@id":"https:\/\/super-news.info\/mx\/un-trailer-y-dos-autos-caen-en-socavon-en-ecatepec\/#primaryimage","url":"https:\/\/super-news.info\/mx\/wp-content\/uploads\/sites\/8\/2019\/07\/Un-tr\u00e1iler-y-dos-autos-caen-en-socav\u00f3n-en-Ecatepec.jpeg","contentUrl":"https:\/\/super-news.info\/mx\/wp-content\/uploads\/sites\/8\/2019\/07\/Un-tr\u00e1iler-y-dos-autos-caen-en-socav\u00f3n-en-Ecatepec.jpeg","width":3543,"height":1992,"caption":"Un tr\u00e1iler y dos autos caen en socav\u00f3n en Ecatepec"},{"@type":"BreadcrumbList","@id":"https:\/\/super-news.info\/mx\/un-trailer-y-dos-autos-caen-en-socavon-en-ecatepec\/#breadcrumb","itemListElement":[{"@type":"ListItem","position":1,"name":"Home","item":"https:\/\/super-news.info\/mx\/"},{"@type":"ListItem","position":2,"name":"Un tr\u00e1iler y dos autos caen en socav\u00f3n en Ecatepec"}]},{"@type":"WebSite","@id":"https:\/\/super-news.info\/mx\/#website","url":"https:\/\/super-news.info\/mx\/","name":"Super News","description":"Super News Mexico","potentialAction":[{"@type":"SearchAction","target":{"@type":"EntryPoint","urlTemplate":"https:\/\/super-news.info\/mx\/?s={search_term_string}"},"query-input":{"@type":"PropertyValueSpecification","valueRequired":true,"valueName":"search_term_string"}}],"inLanguage":"es"},{"@type":"Person","@id":"https:\/\/super-news.info\/mx\/#\/schema\/person\/74b71ca3d407439fd57da2d9c89449ca","name":"mx","image":{"@type":"ImageObject","inLanguage":"es","@id":"https:\/\/secure.gravatar.com\/avatar\/6374ac65ff69c362a0ae1303d73d69dcd9bd198d62d9861f054a69aaf82c017b?s=96&d=mm&r=g","url":"https:\/\/secure.gravatar.com\/avatar\/6374ac65ff69c362a0ae1303d73d69dcd9bd198d62d9861f054a69aaf82c017b?s=96&d=mm&r=g","contentUrl":"https:\/\/secure.gravatar.com\/avatar\/6374ac65ff69c362a0ae1303d73d69dcd9bd198d62d9861f054a69aaf82c017b?s=96&d=mm&r=g","caption":"mx"},"url":"https:\/\/super-news.info\/mx\/author\/mx\/"}]}},"_links":{"self":[{"href":"https:\/\/super-news.info\/mx\/wp-json\/wp\/v2\/posts\/2302","targetHints":{"allow":["GET"]}}],"collection":[{"href":"https:\/\/super-news.info\/mx\/wp-json\/wp\/v2\/posts"}],"about":[{"href":"https:\/\/super-news.info\/mx\/wp-json\/wp\/v2\/types\/post"}],"author":[{"embeddable":true,"href":"https:\/\/super-news.info\/mx\/wp-json\/wp\/v2\/users\/3"}],"replies":[{"embeddable":true,"href":"https:\/\/super-news.info\/mx\/wp-json\/wp\/v2\/comments?post=2302"}],"version-history":[{"count":1,"href":"https:\/\/super-news.info\/mx\/wp-json\/wp\/v2\/posts\/2302\/revisions"}],"predecessor-version":[{"id":2304,"href":"https:\/\/super-news.info\/mx\/wp-json\/wp\/v2\/posts\/2302\/revisions\/2304"}],"wp:featuredmedia":[{"embeddable":true,"href":"https:\/\/super-news.info\/mx\/wp-json\/wp\/v2\/media\/2303"}],"wp:attachment":[{"href":"https:\/\/super-news.info\/mx\/wp-json\/wp\/v2\/media?parent=2302"}],"wp:term":[{"taxonomy":"category","embeddable":true,"href":"https:\/\/super-news.info\/mx\/wp-json\/wp\/v2\/categories?post=2302"},{"taxonomy":"post_tag","embeddable":true,"href":"https:\/\/super-news.info\/mx\/wp-json\/wp\/v2\/tags?post=2302"}],"curies":[{"name":"wp","href":"https:\/\/api.w.org\/{rel}","templated":true}]}}