{"id":2243,"date":"2019-07-11T17:10:39","date_gmt":"2019-07-11T17:10:39","guid":{"rendered":"https:\/\/super-news.info\/mx\/energia-francia-y-nuevo-leon\/"},"modified":"2019-07-11T17:10:40","modified_gmt":"2019-07-11T17:10:40","slug":"energia-francia-y-nuevo-leon","status":"publish","type":"post","link":"https:\/\/super-news.info\/mx\/energia-francia-y-nuevo-leon\/","title":{"rendered":"Energ\u00eda, Francia y Nuevo Le\u00f3n"},"content":{"rendered":"<p> [ad_1]<br \/>\n<\/p>\n<div class=\"image__block -side\">\n<figure><\/figure>\n<p><span class=\"element__footer\">Alonso El\u00ed Garc\u00eda <\/span><span class=\"element__credit\">Fuente: Cortes\u00eda<\/span><\/div>\n<p class=\"paragraph\" data-count=\"440\" data-wrap=\"71\">Es indudable que el<strong> sector energ\u00e9tico<\/strong> es de gran relevancia para Nuevo Le\u00f3n, primero, por el incremento en la demanda de gas y electricidad derivada del crecimiento poblacional que se vive en el \u00e1rea metropolitana de Monterrey y segundo, porque las empresas del Estado modifican constantemente y al alza sus vol\u00famenes de producci\u00f3n, es por esto que el <strong>consumo de energ\u00eda <\/strong>ha alcanzado una tasa de crecimiento significativa en a\u00f1os recientes.<\/p>\n<p class=\"paragraph\" data-count=\"636\" data-wrap=\"99\">Tenemos que tomar en cuenta, que la producci\u00f3n y el consumo de energ\u00eda son la mayor fuente de emisiones globales de gases de efecto invernadero (GEI), por lo tanto, a mayor consumo mayor emisi\u00f3n. El sector energ\u00e9tico desempe\u00f1a un papel fundamental para desarrollar e implementar estrategias a largo plazo para alcanzar los objetivos del Acuerdo de Par\u00eds y en nuestra propia <strong>Ley General de Cambio Clim\u00e1tico <\/strong>(<strong>LGCC<\/strong>). Muchas organizaciones internacionales, como la Agencia Internacional de Energ\u00eda (<strong>AIE<\/strong>), eval\u00faan de forma regular el impacto de las pol\u00edticas del sector energ\u00e9tico en los edificios, la industria y el transporte, entre otros.<\/p>\n<p class=\"paragraph\" data-count=\"656\" data-wrap=\"115\">Las evaluaciones han arrojado que la eficiencia energ\u00e9tica es una de las claves para la transformaci\u00f3n industrial de los sistemas de energ\u00eda y desempe\u00f1ar\u00e1 un papel importante en la reducci\u00f3n del crecimiento de la <strong>demanda mundial de energ\u00eda<\/strong> a un tercio de la tasa actual para el 2040. La investigaci\u00f3n llevada a cabo por el Consejo Mundial de la Energ\u00eda (<strong>WEC<\/strong>), junto con la Agencia Francesa de Gesti\u00f3n del Medio Ambiente y la Energ\u00eda (<strong>ADEME<\/strong>), concluy\u00f3 que la eficiencia de la producci\u00f3n y el consumo de energ\u00eda contin\u00faan mejorando en todo el mundo, pero que se puede y se debe hacer mucho m\u00e1s. Este es el m\u00e1s grande reto para los <strong>industriales de Nuevo Le\u00f3n.<\/strong><\/p>\n<p class=\"paragraph\" data-count=\"673\" data-wrap=\"105\">La eficiencia energ\u00e9tica ofrece una oportunidad \u00fanica para conciliar la competitividad econ\u00f3mica con el desarrollo sostenible, al mismo tiempo que reduce el costo de la energ\u00eda y aumenta la productividad y es aqu\u00ed donde la experiencia de Francia se hace presente. Durante d\u00e9cadas el pa\u00eds galo ha originado tecnolog\u00edas tanto para la generaci\u00f3n como para el consumo eficiente de energ\u00eda, ayudando a disminuir la huella de carbono, de igual forma Francia es pionero en el desarrollo e implementaci\u00f3n de la ahora llamada <strong>Industria 4.0. <\/strong>En M\u00e9xico y particularmente en Nuevo Le\u00f3n, contamos con una industria altamente contaminante que puede y debe aprovechar el know-how franc\u00e9s.<\/p>\n<p class=\"paragraph\" data-count=\"362\" data-wrap=\"51\">Muchos argumentar\u00e1n que no es necesario que los pa\u00edses colaboren en <strong>transferencia de tecnolog\u00eda <\/strong>enfocada en la eficiencia energ\u00e9tica ya que cada naci\u00f3n tiene contextos particulares, sin embargo tenemos que imaginar cu\u00e1nto tiempo y esfuerzo puede desperdiciarse cuando las potencias, los estados y particularmente los empresarios intentan descubrir el hilo negro.<\/p>\n<p class=\"paragraph\" data-count=\"238\" data-wrap=\"38\">La colaboraci\u00f3n puede ayudar a identificar las t\u00e9cnicas o los sistemas m\u00e1s exitosos de eficiencia energ\u00e9tica as\u00ed como el dise\u00f1o de las mejores pr\u00e1cticas que ayudar\u00e1n a los pa\u00edses a alcanzar el objetivo de disminuir la temperatura mundial.<\/p>\n<p class=\"paragraph\" data-count=\"577\" data-wrap=\"93\">Nuevo Le\u00f3n, sigue en un arduo <strong>proceso de transici\u00f3n energ\u00e9tica<\/strong> para la implementaci\u00f3n de energ\u00edas limpias y medidas de eficiencia, el proceso ser\u00e1 largo, sin embargo, para los entusiastas de las colaboraciones, contamos con una oficina de Representaci\u00f3n de Francia en el Estado la cual est\u00e1 abierta en conectar a los industriales de ambos pa\u00edses en la modernizaci\u00f3n sostenible de las empresas para <strong>combatir en conjunto al cambio clim\u00e1tico<\/strong>, hecho que beneficiar\u00eda a la disminuci\u00f3n de la temperatura as\u00ed como los altos \u00edndices de contaminaci\u00f3n a los que nos enfrentamos. On y va!<\/p>\n<p class=\"paragraph\" data-count=\"205\" data-wrap=\"34\"><em>El autor es Socio del Despacho El\u00ed &amp; Szymanski as\u00ed como Coordinador de asuntos energ\u00e9ticos de la Federaci\u00f3n Franco Mexicana. Tambi\u00e9n es asesor de la Comisi\u00f3n de Energ\u00eda en la Honorable C\u00e1mara de Diputados.<\/em><\/p>\n<p class=\"paragraph\" data-count=\"34\" data-wrap=\"3\">Opine usted: aeli@eliszymanski.com<\/p>\n<p class=\"paragraph\" data-count=\"178\" data-wrap=\"27\"><strong>Esta es una columna de opini\u00f3n. Las expresiones aqu\u00ed vertidas son responsabilidad \u00fanicamente de quien la firma y no necesariamente reflejan la postura editorial de El Financiero.<\/strong><\/p>\n<p>[ad_2]<br \/>\n<br \/><a href=\"https:\/\/www.elfinanciero.com.mx\/rss\/monterrey\/energia-francia-y-nuevo-leon\">Source link <\/a><\/p>\n","protected":false},"excerpt":{"rendered":"<p>[ad_1] Alonso El\u00ed Garc\u00eda Fuente: Cortes\u00eda Es indudable que el sector energ\u00e9tico es de gran relevancia para Nuevo Le\u00f3n, primero, por el incremento en la demanda de gas y electricidad derivada del crecimiento poblacional que se vive en el \u00e1rea metropolitana de Monterrey y segundo, porque las empresas del Estado modifican constantemente y al alza [&hellip;]<\/p>\n","protected":false},"author":3,"featured_media":1339,"comment_status":"open","ping_status":"open","sticky":false,"template":"","format":"standard","meta":{"footnotes":""},"categories":[1],"tags":[],"class_list":["post-2243","post","type-post","status-publish","format-standard","has-post-thumbnail","hentry","category-noticias-financieras"],"yoast_head":"<!-- This site is optimized with the Yoast SEO plugin v27.4 - https:\/\/yoast.com\/product\/yoast-seo-wordpress\/ -->\n<title>Energ\u00eda, Francia y Nuevo Le\u00f3n - Super News<\/title>\n<meta name=\"robots\" content=\"index, follow, max-snippet:-1, max-image-preview:large, max-video-preview:-1\" \/>\n<link rel=\"canonical\" href=\"https:\/\/super-news.info\/mx\/energia-francia-y-nuevo-leon\/\" \/>\n<meta property=\"og:locale\" content=\"es_MX\" \/>\n<meta property=\"og:type\" content=\"article\" \/>\n<meta property=\"og:title\" content=\"Energ\u00eda, Francia y Nuevo Le\u00f3n - Super News\" \/>\n<meta property=\"og:description\" content=\"[ad_1] Alonso El\u00ed Garc\u00eda Fuente: Cortes\u00eda Es indudable que el sector energ\u00e9tico es de gran relevancia para Nuevo Le\u00f3n, primero, por el incremento en la demanda de gas y electricidad derivada del crecimiento poblacional que se vive en el \u00e1rea metropolitana de Monterrey y segundo, porque las empresas del Estado modifican constantemente y al alza [&hellip;]\" \/>\n<meta property=\"og:url\" content=\"https:\/\/super-news.info\/mx\/energia-francia-y-nuevo-leon\/\" \/>\n<meta property=\"og:site_name\" content=\"Super News\" \/>\n<meta property=\"article:published_time\" content=\"2019-07-11T17:10:39+00:00\" \/>\n<meta property=\"article:modified_time\" content=\"2019-07-11T17:10:40+00:00\" \/>\n<meta property=\"og:image\" content=\"https:\/\/super-news.info\/mx\/wp-content\/uploads\/sites\/8\/2019\/06\/El-Futuro-Nuclear-de-M\u00e9xico.jpeg\" \/>\n\t<meta property=\"og:image:width\" content=\"1776\" \/>\n\t<meta property=\"og:image:height\" content=\"1000\" \/>\n\t<meta property=\"og:image:type\" content=\"image\/jpeg\" \/>\n<meta name=\"author\" content=\"mx\" \/>\n<meta name=\"twitter:card\" content=\"summary_large_image\" \/>\n<meta name=\"twitter:label1\" content=\"Escrito por\" \/>\n\t<meta name=\"twitter:data1\" content=\"mx\" \/>\n\t<meta name=\"twitter:label2\" content=\"Tiempo de lectura\" \/>\n\t<meta name=\"twitter:data2\" content=\"4 minutos\" \/>\n<script type=\"application\/ld+json\" class=\"yoast-schema-graph\">{\"@context\":\"https:\\\/\\\/schema.org\",\"@graph\":[{\"@type\":\"Article\",\"@id\":\"https:\\\/\\\/super-news.info\\\/mx\\\/energia-francia-y-nuevo-leon\\\/#article\",\"isPartOf\":{\"@id\":\"https:\\\/\\\/super-news.info\\\/mx\\\/energia-francia-y-nuevo-leon\\\/\"},\"author\":{\"name\":\"mx\",\"@id\":\"https:\\\/\\\/super-news.info\\\/mx\\\/#\\\/schema\\\/person\\\/74b71ca3d407439fd57da2d9c89449ca\"},\"headline\":\"Energ\u00eda, Francia y Nuevo Le\u00f3n\",\"datePublished\":\"2019-07-11T17:10:39+00:00\",\"dateModified\":\"2019-07-11T17:10:40+00:00\",\"mainEntityOfPage\":{\"@id\":\"https:\\\/\\\/super-news.info\\\/mx\\\/energia-francia-y-nuevo-leon\\\/\"},\"wordCount\":732,\"commentCount\":0,\"image\":{\"@id\":\"https:\\\/\\\/super-news.info\\\/mx\\\/energia-francia-y-nuevo-leon\\\/#primaryimage\"},\"thumbnailUrl\":\"https:\\\/\\\/super-news.info\\\/mx\\\/wp-content\\\/uploads\\\/sites\\\/8\\\/2019\\\/06\\\/El-Futuro-Nuclear-de-M\u00e9xico.jpeg\",\"articleSection\":[\"NOTICIAS FINANCIERAS\"],\"inLanguage\":\"es\",\"potentialAction\":[{\"@type\":\"CommentAction\",\"name\":\"Comment\",\"target\":[\"https:\\\/\\\/super-news.info\\\/mx\\\/energia-francia-y-nuevo-leon\\\/#respond\"]}]},{\"@type\":\"WebPage\",\"@id\":\"https:\\\/\\\/super-news.info\\\/mx\\\/energia-francia-y-nuevo-leon\\\/\",\"url\":\"https:\\\/\\\/super-news.info\\\/mx\\\/energia-francia-y-nuevo-leon\\\/\",\"name\":\"Energ\u00eda, Francia y Nuevo Le\u00f3n - Super News\",\"isPartOf\":{\"@id\":\"https:\\\/\\\/super-news.info\\\/mx\\\/#website\"},\"primaryImageOfPage\":{\"@id\":\"https:\\\/\\\/super-news.info\\\/mx\\\/energia-francia-y-nuevo-leon\\\/#primaryimage\"},\"image\":{\"@id\":\"https:\\\/\\\/super-news.info\\\/mx\\\/energia-francia-y-nuevo-leon\\\/#primaryimage\"},\"thumbnailUrl\":\"https:\\\/\\\/super-news.info\\\/mx\\\/wp-content\\\/uploads\\\/sites\\\/8\\\/2019\\\/06\\\/El-Futuro-Nuclear-de-M\u00e9xico.jpeg\",\"datePublished\":\"2019-07-11T17:10:39+00:00\",\"dateModified\":\"2019-07-11T17:10:40+00:00\",\"author\":{\"@id\":\"https:\\\/\\\/super-news.info\\\/mx\\\/#\\\/schema\\\/person\\\/74b71ca3d407439fd57da2d9c89449ca\"},\"breadcrumb\":{\"@id\":\"https:\\\/\\\/super-news.info\\\/mx\\\/energia-francia-y-nuevo-leon\\\/#breadcrumb\"},\"inLanguage\":\"es\",\"potentialAction\":[{\"@type\":\"ReadAction\",\"target\":[\"https:\\\/\\\/super-news.info\\\/mx\\\/energia-francia-y-nuevo-leon\\\/\"]}]},{\"@type\":\"ImageObject\",\"inLanguage\":\"es\",\"@id\":\"https:\\\/\\\/super-news.info\\\/mx\\\/energia-francia-y-nuevo-leon\\\/#primaryimage\",\"url\":\"https:\\\/\\\/super-news.info\\\/mx\\\/wp-content\\\/uploads\\\/sites\\\/8\\\/2019\\\/06\\\/El-Futuro-Nuclear-de-M\u00e9xico.jpeg\",\"contentUrl\":\"https:\\\/\\\/super-news.info\\\/mx\\\/wp-content\\\/uploads\\\/sites\\\/8\\\/2019\\\/06\\\/El-Futuro-Nuclear-de-M\u00e9xico.jpeg\",\"width\":1776,\"height\":1000,\"caption\":\"Alonso El\u00ed Garc\u00eda\"},{\"@type\":\"BreadcrumbList\",\"@id\":\"https:\\\/\\\/super-news.info\\\/mx\\\/energia-francia-y-nuevo-leon\\\/#breadcrumb\",\"itemListElement\":[{\"@type\":\"ListItem\",\"position\":1,\"name\":\"Home\",\"item\":\"https:\\\/\\\/super-news.info\\\/mx\\\/\"},{\"@type\":\"ListItem\",\"position\":2,\"name\":\"Energ\u00eda, Francia y Nuevo Le\u00f3n\"}]},{\"@type\":\"WebSite\",\"@id\":\"https:\\\/\\\/super-news.info\\\/mx\\\/#website\",\"url\":\"https:\\\/\\\/super-news.info\\\/mx\\\/\",\"name\":\"Super News\",\"description\":\"Super News Mexico\",\"potentialAction\":[{\"@type\":\"SearchAction\",\"target\":{\"@type\":\"EntryPoint\",\"urlTemplate\":\"https:\\\/\\\/super-news.info\\\/mx\\\/?s={search_term_string}\"},\"query-input\":{\"@type\":\"PropertyValueSpecification\",\"valueRequired\":true,\"valueName\":\"search_term_string\"}}],\"inLanguage\":\"es\"},{\"@type\":\"Person\",\"@id\":\"https:\\\/\\\/super-news.info\\\/mx\\\/#\\\/schema\\\/person\\\/74b71ca3d407439fd57da2d9c89449ca\",\"name\":\"mx\",\"image\":{\"@type\":\"ImageObject\",\"inLanguage\":\"es\",\"@id\":\"https:\\\/\\\/secure.gravatar.com\\\/avatar\\\/6374ac65ff69c362a0ae1303d73d69dcd9bd198d62d9861f054a69aaf82c017b?s=96&d=mm&r=g\",\"url\":\"https:\\\/\\\/secure.gravatar.com\\\/avatar\\\/6374ac65ff69c362a0ae1303d73d69dcd9bd198d62d9861f054a69aaf82c017b?s=96&d=mm&r=g\",\"contentUrl\":\"https:\\\/\\\/secure.gravatar.com\\\/avatar\\\/6374ac65ff69c362a0ae1303d73d69dcd9bd198d62d9861f054a69aaf82c017b?s=96&d=mm&r=g\",\"caption\":\"mx\"},\"url\":\"https:\\\/\\\/super-news.info\\\/mx\\\/author\\\/mx\\\/\"}]}<\/script>\n<!-- \/ Yoast SEO plugin. -->","yoast_head_json":{"title":"Energ\u00eda, Francia y Nuevo Le\u00f3n - Super News","robots":{"index":"index","follow":"follow","max-snippet":"max-snippet:-1","max-image-preview":"max-image-preview:large","max-video-preview":"max-video-preview:-1"},"canonical":"https:\/\/super-news.info\/mx\/energia-francia-y-nuevo-leon\/","og_locale":"es_MX","og_type":"article","og_title":"Energ\u00eda, Francia y Nuevo Le\u00f3n - Super News","og_description":"[ad_1] Alonso El\u00ed Garc\u00eda Fuente: Cortes\u00eda Es indudable que el sector energ\u00e9tico es de gran relevancia para Nuevo Le\u00f3n, primero, por el incremento en la demanda de gas y electricidad derivada del crecimiento poblacional que se vive en el \u00e1rea metropolitana de Monterrey y segundo, porque las empresas del Estado modifican constantemente y al alza [&hellip;]","og_url":"https:\/\/super-news.info\/mx\/energia-francia-y-nuevo-leon\/","og_site_name":"Super News","article_published_time":"2019-07-11T17:10:39+00:00","article_modified_time":"2019-07-11T17:10:40+00:00","og_image":[{"width":1776,"height":1000,"url":"https:\/\/super-news.info\/mx\/wp-content\/uploads\/sites\/8\/2019\/06\/El-Futuro-Nuclear-de-M\u00e9xico.jpeg","type":"image\/jpeg"}],"author":"mx","twitter_card":"summary_large_image","twitter_misc":{"Escrito por":"mx","Tiempo de lectura":"4 minutos"},"schema":{"@context":"https:\/\/schema.org","@graph":[{"@type":"Article","@id":"https:\/\/super-news.info\/mx\/energia-francia-y-nuevo-leon\/#article","isPartOf":{"@id":"https:\/\/super-news.info\/mx\/energia-francia-y-nuevo-leon\/"},"author":{"name":"mx","@id":"https:\/\/super-news.info\/mx\/#\/schema\/person\/74b71ca3d407439fd57da2d9c89449ca"},"headline":"Energ\u00eda, Francia y Nuevo Le\u00f3n","datePublished":"2019-07-11T17:10:39+00:00","dateModified":"2019-07-11T17:10:40+00:00","mainEntityOfPage":{"@id":"https:\/\/super-news.info\/mx\/energia-francia-y-nuevo-leon\/"},"wordCount":732,"commentCount":0,"image":{"@id":"https:\/\/super-news.info\/mx\/energia-francia-y-nuevo-leon\/#primaryimage"},"thumbnailUrl":"https:\/\/super-news.info\/mx\/wp-content\/uploads\/sites\/8\/2019\/06\/El-Futuro-Nuclear-de-M\u00e9xico.jpeg","articleSection":["NOTICIAS FINANCIERAS"],"inLanguage":"es","potentialAction":[{"@type":"CommentAction","name":"Comment","target":["https:\/\/super-news.info\/mx\/energia-francia-y-nuevo-leon\/#respond"]}]},{"@type":"WebPage","@id":"https:\/\/super-news.info\/mx\/energia-francia-y-nuevo-leon\/","url":"https:\/\/super-news.info\/mx\/energia-francia-y-nuevo-leon\/","name":"Energ\u00eda, Francia y Nuevo Le\u00f3n - Super News","isPartOf":{"@id":"https:\/\/super-news.info\/mx\/#website"},"primaryImageOfPage":{"@id":"https:\/\/super-news.info\/mx\/energia-francia-y-nuevo-leon\/#primaryimage"},"image":{"@id":"https:\/\/super-news.info\/mx\/energia-francia-y-nuevo-leon\/#primaryimage"},"thumbnailUrl":"https:\/\/super-news.info\/mx\/wp-content\/uploads\/sites\/8\/2019\/06\/El-Futuro-Nuclear-de-M\u00e9xico.jpeg","datePublished":"2019-07-11T17:10:39+00:00","dateModified":"2019-07-11T17:10:40+00:00","author":{"@id":"https:\/\/super-news.info\/mx\/#\/schema\/person\/74b71ca3d407439fd57da2d9c89449ca"},"breadcrumb":{"@id":"https:\/\/super-news.info\/mx\/energia-francia-y-nuevo-leon\/#breadcrumb"},"inLanguage":"es","potentialAction":[{"@type":"ReadAction","target":["https:\/\/super-news.info\/mx\/energia-francia-y-nuevo-leon\/"]}]},{"@type":"ImageObject","inLanguage":"es","@id":"https:\/\/super-news.info\/mx\/energia-francia-y-nuevo-leon\/#primaryimage","url":"https:\/\/super-news.info\/mx\/wp-content\/uploads\/sites\/8\/2019\/06\/El-Futuro-Nuclear-de-M\u00e9xico.jpeg","contentUrl":"https:\/\/super-news.info\/mx\/wp-content\/uploads\/sites\/8\/2019\/06\/El-Futuro-Nuclear-de-M\u00e9xico.jpeg","width":1776,"height":1000,"caption":"Alonso El\u00ed Garc\u00eda"},{"@type":"BreadcrumbList","@id":"https:\/\/super-news.info\/mx\/energia-francia-y-nuevo-leon\/#breadcrumb","itemListElement":[{"@type":"ListItem","position":1,"name":"Home","item":"https:\/\/super-news.info\/mx\/"},{"@type":"ListItem","position":2,"name":"Energ\u00eda, Francia y Nuevo Le\u00f3n"}]},{"@type":"WebSite","@id":"https:\/\/super-news.info\/mx\/#website","url":"https:\/\/super-news.info\/mx\/","name":"Super News","description":"Super News Mexico","potentialAction":[{"@type":"SearchAction","target":{"@type":"EntryPoint","urlTemplate":"https:\/\/super-news.info\/mx\/?s={search_term_string}"},"query-input":{"@type":"PropertyValueSpecification","valueRequired":true,"valueName":"search_term_string"}}],"inLanguage":"es"},{"@type":"Person","@id":"https:\/\/super-news.info\/mx\/#\/schema\/person\/74b71ca3d407439fd57da2d9c89449ca","name":"mx","image":{"@type":"ImageObject","inLanguage":"es","@id":"https:\/\/secure.gravatar.com\/avatar\/6374ac65ff69c362a0ae1303d73d69dcd9bd198d62d9861f054a69aaf82c017b?s=96&d=mm&r=g","url":"https:\/\/secure.gravatar.com\/avatar\/6374ac65ff69c362a0ae1303d73d69dcd9bd198d62d9861f054a69aaf82c017b?s=96&d=mm&r=g","contentUrl":"https:\/\/secure.gravatar.com\/avatar\/6374ac65ff69c362a0ae1303d73d69dcd9bd198d62d9861f054a69aaf82c017b?s=96&d=mm&r=g","caption":"mx"},"url":"https:\/\/super-news.info\/mx\/author\/mx\/"}]}},"_links":{"self":[{"href":"https:\/\/super-news.info\/mx\/wp-json\/wp\/v2\/posts\/2243","targetHints":{"allow":["GET"]}}],"collection":[{"href":"https:\/\/super-news.info\/mx\/wp-json\/wp\/v2\/posts"}],"about":[{"href":"https:\/\/super-news.info\/mx\/wp-json\/wp\/v2\/types\/post"}],"author":[{"embeddable":true,"href":"https:\/\/super-news.info\/mx\/wp-json\/wp\/v2\/users\/3"}],"replies":[{"embeddable":true,"href":"https:\/\/super-news.info\/mx\/wp-json\/wp\/v2\/comments?post=2243"}],"version-history":[{"count":1,"href":"https:\/\/super-news.info\/mx\/wp-json\/wp\/v2\/posts\/2243\/revisions"}],"predecessor-version":[{"id":2244,"href":"https:\/\/super-news.info\/mx\/wp-json\/wp\/v2\/posts\/2243\/revisions\/2244"}],"wp:featuredmedia":[{"embeddable":true,"href":"https:\/\/super-news.info\/mx\/wp-json\/wp\/v2\/media\/1339"}],"wp:attachment":[{"href":"https:\/\/super-news.info\/mx\/wp-json\/wp\/v2\/media?parent=2243"}],"wp:term":[{"taxonomy":"category","embeddable":true,"href":"https:\/\/super-news.info\/mx\/wp-json\/wp\/v2\/categories?post=2243"},{"taxonomy":"post_tag","embeddable":true,"href":"https:\/\/super-news.info\/mx\/wp-json\/wp\/v2\/tags?post=2243"}],"curies":[{"name":"wp","href":"https:\/\/api.w.org\/{rel}","templated":true}]}}