{"id":2241,"date":"2019-07-11T16:18:18","date_gmt":"2019-07-11T16:18:18","guid":{"rendered":"https:\/\/super-news.info\/mx\/la-propaganda-mananera\/"},"modified":"2019-07-11T16:18:19","modified_gmt":"2019-07-11T16:18:19","slug":"la-propaganda-mananera","status":"publish","type":"post","link":"https:\/\/super-news.info\/mx\/la-propaganda-mananera\/","title":{"rendered":"La propaganda ma\u00f1anera"},"content":{"rendered":"<p> [ad_1]<br \/>\n<\/p>\n<div class=\"image__block -side\">\n<figure><\/figure>\n<p><span class=\"element__footer\">Enrique Silva T\u00e9llez<\/span><span class=\"element__credit\">Fuente: Cortes\u00eda<\/span><\/div>\n<p class=\"paragraph\" data-count=\"218\" data-wrap=\"35\">Todos los d\u00edas el<strong> presidente L\u00f3pez Obrador <\/strong>da una conferencia de prensa. A diario, est\u00e9 donde est\u00e9, aparece ante los medios para escuchar preguntas de parte de los periodistas, sin embargo no siempre para contestarlas.<\/p>\n<p class=\"paragraph\" data-count=\"291\" data-wrap=\"45\">El volumen de informaci\u00f3n que genera diariamente alcanza proporciones inexplicables. Es tal la <strong>obsesi\u00f3n por \u201ccomunicar\u201d<\/strong>, que es necesario hacer un gran esfuerzo por atender a lo que dice, seleccionar, digerir y comprender lo que est\u00e1 comunicando. La variedad de asuntos y temas es abrumador.<\/p>\n<p class=\"paragraph\" data-count=\"318\" data-wrap=\"59\">Sin lugar a duda se trata de un ejercicio interesante. El esquema de salir a <strong>atender a la prensa todos los d\u00edas en M\u00e9xico,<\/strong> es innovador. Hay algo interesante que llama la atenci\u00f3n, y es el hecho de que a trav\u00e9s de dichas conferencias ha logrado ser quien establece la agenda, pero por otro lado, no alcanza a informar.<\/p>\n<p class=\"paragraph\" data-count=\"362\" data-wrap=\"58\">A pesar de que el formato de exposici\u00f3n es diario, est\u00e1 muy lejos de informar a la sociedad. Da la impresi\u00f3n que este gobierno est\u00e1 convirtiendo sus conferencias en una suerte de \u201ctalk show\u201d pol\u00edtico, en el que vemos emisiones llenas de an\u00e9cdotas, ocurrencias, chistoretes y muy poca profundidad en asuntos que realmente requieren de investigaci\u00f3n period\u00edstica. <\/p>\n<p class=\"paragraph\" data-count=\"237\" data-wrap=\"41\">Como dijo alguna ocasi\u00f3n <strong>Luis Carlos Ugalde,<\/strong> \u201clas ma\u00f1aneras s\u00f3lo son un amplificador para que AMLO diga lo que quiere, en torno a tres temas de su discurso: combate a la corrupci\u00f3n, terminar con el neoliberalismo y hablar de los pobres\u201d.<\/p>\n<p class=\"paragraph\" data-count=\"196\" data-wrap=\"32\">Estamos ante un esquema de propaganda, vestido de informaci\u00f3n, el cual propone temas y los va posicionando con juicios de valor, narrativas, supuestos complots y <strong>se\u00f1alando a los enemigos de la 4T.<\/strong><\/p>\n<p class=\"paragraph\" data-count=\"344\" data-wrap=\"59\">Lo que me parece interesante, por no decir que raro, es el hecho de que los medios sigan el juego. Como si no hubiese otra alternativa m\u00e1s que seguirlo. Entiendo que los medios acudan al llamado ma\u00f1ana a ma\u00f1ana, pero lo que es preocupante es que parezca que act\u00faan como promotores de la comunicaci\u00f3n gubernamental, eso realmente es perturbador.<\/p>\n<p class=\"paragraph\" data-count=\"401\" data-wrap=\"66\">Todos los d\u00edas nos enteramos en boca del propio Presidente de las decisiones tomadas sin sustento \u201ccient\u00edfico\u201d, ya que para \u00e9l, gobernar no tiene ciencia.  Para desgracia del presidente L\u00f3pez Obrador, el mundo globalizado s\u00ed exige algo de ciencia en la toma de decisiones. Particularmente aquellas en las que se compromete la<strong> salud, la seguridad, la econom\u00eda<\/strong> y en general el <strong>bienestar de la poblaci\u00f3n.<\/strong><\/p>\n<p class=\"paragraph\" data-count=\"386\" data-wrap=\"69\">Lo mismo se anuncia la construcci\u00f3n de una refiner\u00eda (aunque el mundo apunta para fuentes de energ\u00eda limpias), que un aeropuerto (aunque el que se hab\u00eda iniciado ya ten\u00eda cerca del 60 por ciento de avance) o una l\u00ednea de tren en el sur de M\u00e9xico (sin estudios profundos de impacto ambiental).Todo desde la \u00f3ptica de que hacer gobierno no tiene ciencia y que el<strong> Ejecutivo no es corrupto.<\/strong><\/p>\n<p class=\"paragraph\" data-count=\"473\" data-wrap=\"83\">Estar enterado de los temas que ocupan la mente del presidente pasa por lo que se diga en las conferencias matutinas, y si alguno de los reporteros osa hacer preguntas demandando datos o pidiendo respuestas concretas entonces, \u201cya saben lo que les pasa\u201d dir\u00eda L\u00f3pez Obrador. Tal y como le ocurri\u00f3 a Jorge Ramos. Se le critic\u00f3 y se le acos\u00f3 de diversas maneras a trav\u00e9s de las redes sociales. Solo por contradecir al Presidente respecto a los datos de inseguridad en M\u00e9xico.<\/p>\n<p class=\"paragraph\" data-count=\"321\" data-wrap=\"50\">La propaganda ma\u00f1anera del gobierno de AMLO est\u00e1 en marcha y afortunadamente \u00e9sta ofrece la oportunidad a la nueva generaci\u00f3n de periodistas para establecer un nuevo balance entre el poder pol\u00edtico y la sociedad. Aprovechemos la oportunidad. Evitemos que el presidente haga propaganda sin que le <strong>cuestionemos lo que dice<\/strong>.<\/p>\n<p class=\"paragraph\" data-count=\"193\" data-wrap=\"33\"><em>El autor es Director de Focus Consulting Group y Presidente del Consejo de Ellas. ABP. Es analista de Asuntos P\u00fablicos y Opini\u00f3n P\u00fablica, propietario de Vinos de Baja California y socio en EMC.<\/em><\/p>\n<p class=\"paragraph\" data-count=\"40\" data-wrap=\"3\">Opine usted: enriquesilva@focuscg.com.mx<\/p>\n<p class=\"paragraph\" data-count=\"178\" data-wrap=\"27\"><strong>Esta es una columna de opini\u00f3n. Las expresiones aqu\u00ed vertidas son responsabilidad \u00fanicamente de quien la firma y no necesariamente reflejan la postura editorial de El Financiero.<\/strong><\/p>\n<p>[ad_2]<br \/>\n<br \/><a href=\"https:\/\/www.elfinanciero.com.mx\/rss\/monterrey\/la-propaganda-mananera\">Source link <\/a><\/p>\n","protected":false},"excerpt":{"rendered":"<p>[ad_1] Enrique Silva T\u00e9llezFuente: Cortes\u00eda Todos los d\u00edas el presidente L\u00f3pez Obrador da una conferencia de prensa. A diario, est\u00e9 donde est\u00e9, aparece ante los medios para escuchar preguntas de parte de los periodistas, sin embargo no siempre para contestarlas. El volumen de informaci\u00f3n que genera diariamente alcanza proporciones inexplicables. Es tal la obsesi\u00f3n por [&hellip;]<\/p>\n","protected":false},"author":3,"featured_media":251,"comment_status":"open","ping_status":"open","sticky":false,"template":"","format":"standard","meta":{"footnotes":""},"categories":[1],"tags":[],"class_list":["post-2241","post","type-post","status-publish","format-standard","has-post-thumbnail","hentry","category-noticias-financieras"],"yoast_head":"<!-- This site is optimized with the Yoast SEO plugin v27.4 - https:\/\/yoast.com\/product\/yoast-seo-wordpress\/ -->\n<title>La propaganda ma\u00f1anera - Super News<\/title>\n<meta name=\"robots\" content=\"index, follow, max-snippet:-1, max-image-preview:large, max-video-preview:-1\" \/>\n<link rel=\"canonical\" href=\"https:\/\/super-news.info\/mx\/la-propaganda-mananera\/\" \/>\n<meta property=\"og:locale\" content=\"es_MX\" \/>\n<meta property=\"og:type\" content=\"article\" \/>\n<meta property=\"og:title\" content=\"La propaganda ma\u00f1anera - Super News\" \/>\n<meta property=\"og:description\" content=\"[ad_1] Enrique Silva T\u00e9llezFuente: Cortes\u00eda Todos los d\u00edas el presidente L\u00f3pez Obrador da una conferencia de prensa. A diario, est\u00e9 donde est\u00e9, aparece ante los medios para escuchar preguntas de parte de los periodistas, sin embargo no siempre para contestarlas. El volumen de informaci\u00f3n que genera diariamente alcanza proporciones inexplicables. Es tal la obsesi\u00f3n por [&hellip;]\" \/>\n<meta property=\"og:url\" content=\"https:\/\/super-news.info\/mx\/la-propaganda-mananera\/\" \/>\n<meta property=\"og:site_name\" content=\"Super News\" \/>\n<meta property=\"article:published_time\" content=\"2019-07-11T16:18:18+00:00\" \/>\n<meta property=\"article:modified_time\" content=\"2019-07-11T16:18:19+00:00\" \/>\n<meta property=\"og:image\" content=\"https:\/\/super-news.info\/mx\/wp-content\/uploads\/sites\/8\/2019\/05\/La-era-de-los-\u201cInfluencers\u201d.jpeg\" \/>\n\t<meta property=\"og:image:width\" content=\"1776\" \/>\n\t<meta property=\"og:image:height\" content=\"1000\" \/>\n\t<meta property=\"og:image:type\" content=\"image\/jpeg\" \/>\n<meta name=\"author\" content=\"mx\" \/>\n<meta name=\"twitter:card\" content=\"summary_large_image\" \/>\n<meta name=\"twitter:label1\" content=\"Escrito por\" \/>\n\t<meta name=\"twitter:data1\" content=\"mx\" \/>\n\t<meta name=\"twitter:label2\" content=\"Tiempo de lectura\" \/>\n\t<meta name=\"twitter:data2\" content=\"4 minutos\" \/>\n<script type=\"application\/ld+json\" class=\"yoast-schema-graph\">{\"@context\":\"https:\\\/\\\/schema.org\",\"@graph\":[{\"@type\":\"Article\",\"@id\":\"https:\\\/\\\/super-news.info\\\/mx\\\/la-propaganda-mananera\\\/#article\",\"isPartOf\":{\"@id\":\"https:\\\/\\\/super-news.info\\\/mx\\\/la-propaganda-mananera\\\/\"},\"author\":{\"name\":\"mx\",\"@id\":\"https:\\\/\\\/super-news.info\\\/mx\\\/#\\\/schema\\\/person\\\/74b71ca3d407439fd57da2d9c89449ca\"},\"headline\":\"La propaganda ma\u00f1anera\",\"datePublished\":\"2019-07-11T16:18:18+00:00\",\"dateModified\":\"2019-07-11T16:18:19+00:00\",\"mainEntityOfPage\":{\"@id\":\"https:\\\/\\\/super-news.info\\\/mx\\\/la-propaganda-mananera\\\/\"},\"wordCount\":724,\"commentCount\":0,\"image\":{\"@id\":\"https:\\\/\\\/super-news.info\\\/mx\\\/la-propaganda-mananera\\\/#primaryimage\"},\"thumbnailUrl\":\"https:\\\/\\\/super-news.info\\\/mx\\\/wp-content\\\/uploads\\\/sites\\\/8\\\/2019\\\/05\\\/La-era-de-los-\u201cInfluencers\u201d.jpeg\",\"articleSection\":[\"NOTICIAS FINANCIERAS\"],\"inLanguage\":\"es\",\"potentialAction\":[{\"@type\":\"CommentAction\",\"name\":\"Comment\",\"target\":[\"https:\\\/\\\/super-news.info\\\/mx\\\/la-propaganda-mananera\\\/#respond\"]}]},{\"@type\":\"WebPage\",\"@id\":\"https:\\\/\\\/super-news.info\\\/mx\\\/la-propaganda-mananera\\\/\",\"url\":\"https:\\\/\\\/super-news.info\\\/mx\\\/la-propaganda-mananera\\\/\",\"name\":\"La propaganda ma\u00f1anera - Super News\",\"isPartOf\":{\"@id\":\"https:\\\/\\\/super-news.info\\\/mx\\\/#website\"},\"primaryImageOfPage\":{\"@id\":\"https:\\\/\\\/super-news.info\\\/mx\\\/la-propaganda-mananera\\\/#primaryimage\"},\"image\":{\"@id\":\"https:\\\/\\\/super-news.info\\\/mx\\\/la-propaganda-mananera\\\/#primaryimage\"},\"thumbnailUrl\":\"https:\\\/\\\/super-news.info\\\/mx\\\/wp-content\\\/uploads\\\/sites\\\/8\\\/2019\\\/05\\\/La-era-de-los-\u201cInfluencers\u201d.jpeg\",\"datePublished\":\"2019-07-11T16:18:18+00:00\",\"dateModified\":\"2019-07-11T16:18:19+00:00\",\"author\":{\"@id\":\"https:\\\/\\\/super-news.info\\\/mx\\\/#\\\/schema\\\/person\\\/74b71ca3d407439fd57da2d9c89449ca\"},\"breadcrumb\":{\"@id\":\"https:\\\/\\\/super-news.info\\\/mx\\\/la-propaganda-mananera\\\/#breadcrumb\"},\"inLanguage\":\"es\",\"potentialAction\":[{\"@type\":\"ReadAction\",\"target\":[\"https:\\\/\\\/super-news.info\\\/mx\\\/la-propaganda-mananera\\\/\"]}]},{\"@type\":\"ImageObject\",\"inLanguage\":\"es\",\"@id\":\"https:\\\/\\\/super-news.info\\\/mx\\\/la-propaganda-mananera\\\/#primaryimage\",\"url\":\"https:\\\/\\\/super-news.info\\\/mx\\\/wp-content\\\/uploads\\\/sites\\\/8\\\/2019\\\/05\\\/La-era-de-los-\u201cInfluencers\u201d.jpeg\",\"contentUrl\":\"https:\\\/\\\/super-news.info\\\/mx\\\/wp-content\\\/uploads\\\/sites\\\/8\\\/2019\\\/05\\\/La-era-de-los-\u201cInfluencers\u201d.jpeg\",\"width\":1776,\"height\":1000,\"caption\":\"Enrique Silva T\u00e9llez\"},{\"@type\":\"BreadcrumbList\",\"@id\":\"https:\\\/\\\/super-news.info\\\/mx\\\/la-propaganda-mananera\\\/#breadcrumb\",\"itemListElement\":[{\"@type\":\"ListItem\",\"position\":1,\"name\":\"Home\",\"item\":\"https:\\\/\\\/super-news.info\\\/mx\\\/\"},{\"@type\":\"ListItem\",\"position\":2,\"name\":\"La propaganda ma\u00f1anera\"}]},{\"@type\":\"WebSite\",\"@id\":\"https:\\\/\\\/super-news.info\\\/mx\\\/#website\",\"url\":\"https:\\\/\\\/super-news.info\\\/mx\\\/\",\"name\":\"Super News\",\"description\":\"Super News Mexico\",\"potentialAction\":[{\"@type\":\"SearchAction\",\"target\":{\"@type\":\"EntryPoint\",\"urlTemplate\":\"https:\\\/\\\/super-news.info\\\/mx\\\/?s={search_term_string}\"},\"query-input\":{\"@type\":\"PropertyValueSpecification\",\"valueRequired\":true,\"valueName\":\"search_term_string\"}}],\"inLanguage\":\"es\"},{\"@type\":\"Person\",\"@id\":\"https:\\\/\\\/super-news.info\\\/mx\\\/#\\\/schema\\\/person\\\/74b71ca3d407439fd57da2d9c89449ca\",\"name\":\"mx\",\"image\":{\"@type\":\"ImageObject\",\"inLanguage\":\"es\",\"@id\":\"https:\\\/\\\/secure.gravatar.com\\\/avatar\\\/6374ac65ff69c362a0ae1303d73d69dcd9bd198d62d9861f054a69aaf82c017b?s=96&d=mm&r=g\",\"url\":\"https:\\\/\\\/secure.gravatar.com\\\/avatar\\\/6374ac65ff69c362a0ae1303d73d69dcd9bd198d62d9861f054a69aaf82c017b?s=96&d=mm&r=g\",\"contentUrl\":\"https:\\\/\\\/secure.gravatar.com\\\/avatar\\\/6374ac65ff69c362a0ae1303d73d69dcd9bd198d62d9861f054a69aaf82c017b?s=96&d=mm&r=g\",\"caption\":\"mx\"},\"url\":\"https:\\\/\\\/super-news.info\\\/mx\\\/author\\\/mx\\\/\"}]}<\/script>\n<!-- \/ Yoast SEO plugin. -->","yoast_head_json":{"title":"La propaganda ma\u00f1anera - Super News","robots":{"index":"index","follow":"follow","max-snippet":"max-snippet:-1","max-image-preview":"max-image-preview:large","max-video-preview":"max-video-preview:-1"},"canonical":"https:\/\/super-news.info\/mx\/la-propaganda-mananera\/","og_locale":"es_MX","og_type":"article","og_title":"La propaganda ma\u00f1anera - Super News","og_description":"[ad_1] Enrique Silva T\u00e9llezFuente: Cortes\u00eda Todos los d\u00edas el presidente L\u00f3pez Obrador da una conferencia de prensa. A diario, est\u00e9 donde est\u00e9, aparece ante los medios para escuchar preguntas de parte de los periodistas, sin embargo no siempre para contestarlas. El volumen de informaci\u00f3n que genera diariamente alcanza proporciones inexplicables. Es tal la obsesi\u00f3n por [&hellip;]","og_url":"https:\/\/super-news.info\/mx\/la-propaganda-mananera\/","og_site_name":"Super News","article_published_time":"2019-07-11T16:18:18+00:00","article_modified_time":"2019-07-11T16:18:19+00:00","og_image":[{"width":1776,"height":1000,"url":"https:\/\/super-news.info\/mx\/wp-content\/uploads\/sites\/8\/2019\/05\/La-era-de-los-\u201cInfluencers\u201d.jpeg","type":"image\/jpeg"}],"author":"mx","twitter_card":"summary_large_image","twitter_misc":{"Escrito por":"mx","Tiempo de lectura":"4 minutos"},"schema":{"@context":"https:\/\/schema.org","@graph":[{"@type":"Article","@id":"https:\/\/super-news.info\/mx\/la-propaganda-mananera\/#article","isPartOf":{"@id":"https:\/\/super-news.info\/mx\/la-propaganda-mananera\/"},"author":{"name":"mx","@id":"https:\/\/super-news.info\/mx\/#\/schema\/person\/74b71ca3d407439fd57da2d9c89449ca"},"headline":"La propaganda ma\u00f1anera","datePublished":"2019-07-11T16:18:18+00:00","dateModified":"2019-07-11T16:18:19+00:00","mainEntityOfPage":{"@id":"https:\/\/super-news.info\/mx\/la-propaganda-mananera\/"},"wordCount":724,"commentCount":0,"image":{"@id":"https:\/\/super-news.info\/mx\/la-propaganda-mananera\/#primaryimage"},"thumbnailUrl":"https:\/\/super-news.info\/mx\/wp-content\/uploads\/sites\/8\/2019\/05\/La-era-de-los-\u201cInfluencers\u201d.jpeg","articleSection":["NOTICIAS FINANCIERAS"],"inLanguage":"es","potentialAction":[{"@type":"CommentAction","name":"Comment","target":["https:\/\/super-news.info\/mx\/la-propaganda-mananera\/#respond"]}]},{"@type":"WebPage","@id":"https:\/\/super-news.info\/mx\/la-propaganda-mananera\/","url":"https:\/\/super-news.info\/mx\/la-propaganda-mananera\/","name":"La propaganda ma\u00f1anera - Super News","isPartOf":{"@id":"https:\/\/super-news.info\/mx\/#website"},"primaryImageOfPage":{"@id":"https:\/\/super-news.info\/mx\/la-propaganda-mananera\/#primaryimage"},"image":{"@id":"https:\/\/super-news.info\/mx\/la-propaganda-mananera\/#primaryimage"},"thumbnailUrl":"https:\/\/super-news.info\/mx\/wp-content\/uploads\/sites\/8\/2019\/05\/La-era-de-los-\u201cInfluencers\u201d.jpeg","datePublished":"2019-07-11T16:18:18+00:00","dateModified":"2019-07-11T16:18:19+00:00","author":{"@id":"https:\/\/super-news.info\/mx\/#\/schema\/person\/74b71ca3d407439fd57da2d9c89449ca"},"breadcrumb":{"@id":"https:\/\/super-news.info\/mx\/la-propaganda-mananera\/#breadcrumb"},"inLanguage":"es","potentialAction":[{"@type":"ReadAction","target":["https:\/\/super-news.info\/mx\/la-propaganda-mananera\/"]}]},{"@type":"ImageObject","inLanguage":"es","@id":"https:\/\/super-news.info\/mx\/la-propaganda-mananera\/#primaryimage","url":"https:\/\/super-news.info\/mx\/wp-content\/uploads\/sites\/8\/2019\/05\/La-era-de-los-\u201cInfluencers\u201d.jpeg","contentUrl":"https:\/\/super-news.info\/mx\/wp-content\/uploads\/sites\/8\/2019\/05\/La-era-de-los-\u201cInfluencers\u201d.jpeg","width":1776,"height":1000,"caption":"Enrique Silva T\u00e9llez"},{"@type":"BreadcrumbList","@id":"https:\/\/super-news.info\/mx\/la-propaganda-mananera\/#breadcrumb","itemListElement":[{"@type":"ListItem","position":1,"name":"Home","item":"https:\/\/super-news.info\/mx\/"},{"@type":"ListItem","position":2,"name":"La propaganda ma\u00f1anera"}]},{"@type":"WebSite","@id":"https:\/\/super-news.info\/mx\/#website","url":"https:\/\/super-news.info\/mx\/","name":"Super News","description":"Super News Mexico","potentialAction":[{"@type":"SearchAction","target":{"@type":"EntryPoint","urlTemplate":"https:\/\/super-news.info\/mx\/?s={search_term_string}"},"query-input":{"@type":"PropertyValueSpecification","valueRequired":true,"valueName":"search_term_string"}}],"inLanguage":"es"},{"@type":"Person","@id":"https:\/\/super-news.info\/mx\/#\/schema\/person\/74b71ca3d407439fd57da2d9c89449ca","name":"mx","image":{"@type":"ImageObject","inLanguage":"es","@id":"https:\/\/secure.gravatar.com\/avatar\/6374ac65ff69c362a0ae1303d73d69dcd9bd198d62d9861f054a69aaf82c017b?s=96&d=mm&r=g","url":"https:\/\/secure.gravatar.com\/avatar\/6374ac65ff69c362a0ae1303d73d69dcd9bd198d62d9861f054a69aaf82c017b?s=96&d=mm&r=g","contentUrl":"https:\/\/secure.gravatar.com\/avatar\/6374ac65ff69c362a0ae1303d73d69dcd9bd198d62d9861f054a69aaf82c017b?s=96&d=mm&r=g","caption":"mx"},"url":"https:\/\/super-news.info\/mx\/author\/mx\/"}]}},"_links":{"self":[{"href":"https:\/\/super-news.info\/mx\/wp-json\/wp\/v2\/posts\/2241","targetHints":{"allow":["GET"]}}],"collection":[{"href":"https:\/\/super-news.info\/mx\/wp-json\/wp\/v2\/posts"}],"about":[{"href":"https:\/\/super-news.info\/mx\/wp-json\/wp\/v2\/types\/post"}],"author":[{"embeddable":true,"href":"https:\/\/super-news.info\/mx\/wp-json\/wp\/v2\/users\/3"}],"replies":[{"embeddable":true,"href":"https:\/\/super-news.info\/mx\/wp-json\/wp\/v2\/comments?post=2241"}],"version-history":[{"count":1,"href":"https:\/\/super-news.info\/mx\/wp-json\/wp\/v2\/posts\/2241\/revisions"}],"predecessor-version":[{"id":2242,"href":"https:\/\/super-news.info\/mx\/wp-json\/wp\/v2\/posts\/2241\/revisions\/2242"}],"wp:featuredmedia":[{"embeddable":true,"href":"https:\/\/super-news.info\/mx\/wp-json\/wp\/v2\/media\/251"}],"wp:attachment":[{"href":"https:\/\/super-news.info\/mx\/wp-json\/wp\/v2\/media?parent=2241"}],"wp:term":[{"taxonomy":"category","embeddable":true,"href":"https:\/\/super-news.info\/mx\/wp-json\/wp\/v2\/categories?post=2241"},{"taxonomy":"post_tag","embeddable":true,"href":"https:\/\/super-news.info\/mx\/wp-json\/wp\/v2\/tags?post=2241"}],"curies":[{"name":"wp","href":"https:\/\/api.w.org\/{rel}","templated":true}]}}