{"id":2239,"date":"2019-07-11T15:29:53","date_gmt":"2019-07-11T15:29:53","guid":{"rendered":"https:\/\/super-news.info\/mx\/urzua-y-la-recesion\/"},"modified":"2019-07-11T15:29:55","modified_gmt":"2019-07-11T15:29:55","slug":"urzua-y-la-recesion","status":"publish","type":"post","link":"https:\/\/super-news.info\/mx\/urzua-y-la-recesion\/","title":{"rendered":"Urz\u00faa y la recesi\u00f3n"},"content":{"rendered":"<p> [ad_1]<br \/>\n<\/p>\n<div class=\"image__block -side\">\n<figure><\/figure>\n<p><span class=\"element__footer\">Jes\u00fas Garza<\/span><span class=\"element__credit\">Fuente: Cortes\u00eda<\/span><\/div>\n<p class=\"paragraph\" data-count=\"725\" data-wrap=\"122\">Esta semana renunci\u00f3 el Secretario de Hacienda y Cr\u00e9dito P\u00fablico (SHCP), el <strong>Dr. Carlos Urz\u00faa, <\/strong>alegando conflicto de intereses en el gobierno, falta de capacidad para operar en la misma instituci\u00f3n y pol\u00edticas econ\u00f3micas err\u00f3neas. Me parece muy loable lo que realiz\u00f3 el Dr. Urz\u00faa, en lo personal ya hab\u00eda previsto su partida. Sobre todo, ante la necedad de seguir con proyectos que t\u00e9cnicamente y financieramente no son viables. Ejemplo de ello son, la cancelaci\u00f3n del Nuevo Aeropuerto de la Ciudad de M\u00e9xico (<strong>NAIM<\/strong>), la construcci\u00f3n de la <strong>refiner\u00eda en Dos Bocas y el Tren Maya<\/strong>. Muy alarmante es el hecho de que, en la carta de renuncia, Urz\u00faa menciona a grupos extremistas en posiciones de liderazgo dentro de la instituci\u00f3n. <\/p>\n<p class=\"paragraph\" data-count=\"601\" data-wrap=\"94\">Esto son malas noticias para el futuro del crecimiento del pa\u00eds. La econom\u00eda decreci\u00f3 0.2 por ciento trimestral (con cifras ajustadas por estacionalidad) en el primer trimestre del a\u00f1o resaltando la fuerte ca\u00edda en la inversi\u00f3n y la <strong>desaceleraci\u00f3n del consumo privado.<\/strong> Los datos m\u00e1s recientes de la inversi\u00f3n contin\u00faan decepcionando y el consumo no repunta. As\u00ed, los principales bancos privados, organismos internacionales y hasta el mismo gobierno federal, ha reducido sus expectativas de crecimiento econ\u00f3mico para el pa\u00eds. La noticia de ayer cae como un balde de agua fr\u00eda hacia adelante<strong>. \u00bfPor qu\u00e9?<\/strong><\/p>\n<p class=\"paragraph\" data-count=\"375\" data-wrap=\"62\">Es muy probable que el tipo de cambio comience una tendencia hacia la depreciaci\u00f3n provocando que Banxico mantenga una postura de pol\u00edtica monetaria restrictiva. De hecho, si bien el \u00faltimo dato de <strong>inflaci\u00f3n <\/strong>se ubic\u00f3 dentro del rango de variabilidad (3.95 por ciento) la inflaci\u00f3n subyacente se elev\u00f3 a 3.8 por ciento, es decir, la inflaci\u00f3n est\u00e1 fuera de estar bajo control.<\/p>\n<p class=\"paragraph\" data-count=\"348\" data-wrap=\"57\">Por otro lado, es muy probable que el Plan de Negocios de Pemex decepcione a los inversionistas y a las calificadoras. La intenci\u00f3n de continuar con el proyecto de la refiner\u00eda en lugar de<strong> mayor inversi\u00f3n en extracci\u00f3n y exportaci\u00f3n <\/strong>de crudo ser\u00e1 el principal culpable. Esperemos disminuciones en las calificaciones crediticias del pa\u00eds y de Pemex.<\/p>\n<p class=\"paragraph\" data-count=\"324\" data-wrap=\"55\">Finalmente, la renuncia del Dr. Urz\u00faa generar\u00e1 mayor incertidumbre en los mercados financieros y pondr\u00e1 en duda la disciplina fiscal del pa\u00eds. Creo que el margen de maniobra es cada vez m\u00e1s estrecho y con perspectivas de crecimiento m\u00e1s bajas es probable que<strong> no se cumpla la meta fiscal<\/strong> este a\u00f1o (por una menor recaudaci\u00f3n).<\/p>\n<p class=\"paragraph\" data-count=\"305\" data-wrap=\"54\">As\u00ed, y con el impacto adverso estimado hacia la inversi\u00f3n, estim\u00f3 que la econom\u00eda podr\u00eda entrar en una <strong>recesi\u00f3n econ\u00f3mica en el 2020<\/strong>. De hecho, nuestro modelo Probit ya indica un 30 por ciento de probabilidad. Para este a\u00f1o pronostico un crecimiento de solamente 0.8 por ciento, pero con sesgo a la baja. <\/p>\n<p class=\"paragraph\" data-count=\"256\" data-wrap=\"42\"><em>El autor es director general y fundador de Soluciones Financieras GAMMA y profesor de Econom\u00eda y Finanzas en EGADE Business School. Cuenta con una maestr\u00eda en Econom\u00eda Financiera y doctorado en Finanzas, ambas por la Universidad de Essex en el Reino Unido.<\/em><\/p>\n<p class=\"paragraph\" data-count=\"31\" data-wrap=\"3\">Opine usted: jgarzagg@gmail.com<\/p>\n<p class=\"paragraph\" data-count=\"178\" data-wrap=\"27\"><strong>Esta es una columna de opini\u00f3n. Las expresiones aqu\u00ed vertidas son responsabilidad \u00fanicamente de quien la firma y no necesariamente reflejan la postura editorial de El Financiero.<\/strong><\/p>\n<p>[ad_2]<br \/>\n<br \/><a href=\"https:\/\/www.elfinanciero.com.mx\/rss\/monterrey\/urzua-y-la-recesion\">Source link <\/a><\/p>\n","protected":false},"excerpt":{"rendered":"<p>[ad_1] Jes\u00fas GarzaFuente: Cortes\u00eda Esta semana renunci\u00f3 el Secretario de Hacienda y Cr\u00e9dito P\u00fablico (SHCP), el Dr. Carlos Urz\u00faa, alegando conflicto de intereses en el gobierno, falta de capacidad para operar en la misma instituci\u00f3n y pol\u00edticas econ\u00f3micas err\u00f3neas. Me parece muy loable lo que realiz\u00f3 el Dr. Urz\u00faa, en lo personal ya hab\u00eda previsto [&hellip;]<\/p>\n","protected":false},"author":3,"featured_media":758,"comment_status":"open","ping_status":"open","sticky":false,"template":"","format":"standard","meta":{"footnotes":""},"categories":[1],"tags":[],"class_list":["post-2239","post","type-post","status-publish","format-standard","has-post-thumbnail","hentry","category-noticias-financieras"],"yoast_head":"<!-- This site is optimized with the Yoast SEO plugin v27.4 - https:\/\/yoast.com\/product\/yoast-seo-wordpress\/ -->\n<title>Urz\u00faa y la recesi\u00f3n - Super News<\/title>\n<meta name=\"robots\" content=\"index, follow, max-snippet:-1, max-image-preview:large, max-video-preview:-1\" \/>\n<link rel=\"canonical\" href=\"https:\/\/super-news.info\/mx\/urzua-y-la-recesion\/\" \/>\n<meta property=\"og:locale\" content=\"es_MX\" \/>\n<meta property=\"og:type\" content=\"article\" \/>\n<meta property=\"og:title\" content=\"Urz\u00faa y la recesi\u00f3n - Super News\" \/>\n<meta property=\"og:description\" content=\"[ad_1] Jes\u00fas GarzaFuente: Cortes\u00eda Esta semana renunci\u00f3 el Secretario de Hacienda y Cr\u00e9dito P\u00fablico (SHCP), el Dr. Carlos Urz\u00faa, alegando conflicto de intereses en el gobierno, falta de capacidad para operar en la misma instituci\u00f3n y pol\u00edticas econ\u00f3micas err\u00f3neas. Me parece muy loable lo que realiz\u00f3 el Dr. Urz\u00faa, en lo personal ya hab\u00eda previsto [&hellip;]\" \/>\n<meta property=\"og:url\" content=\"https:\/\/super-news.info\/mx\/urzua-y-la-recesion\/\" \/>\n<meta property=\"og:site_name\" content=\"Super News\" \/>\n<meta property=\"article:published_time\" content=\"2019-07-11T15:29:53+00:00\" \/>\n<meta property=\"article:modified_time\" content=\"2019-07-11T15:29:55+00:00\" \/>\n<meta property=\"og:image\" content=\"https:\/\/super-news.info\/mx\/wp-content\/uploads\/sites\/8\/2019\/05\/Hacia-la-inclusi\u00f3n-financiera.jpeg\" \/>\n\t<meta property=\"og:image:width\" content=\"1776\" \/>\n\t<meta property=\"og:image:height\" content=\"1000\" \/>\n\t<meta property=\"og:image:type\" content=\"image\/jpeg\" \/>\n<meta name=\"author\" content=\"mx\" \/>\n<meta name=\"twitter:card\" content=\"summary_large_image\" \/>\n<meta name=\"twitter:label1\" content=\"Escrito por\" \/>\n\t<meta name=\"twitter:data1\" content=\"mx\" \/>\n\t<meta name=\"twitter:label2\" content=\"Tiempo de lectura\" \/>\n\t<meta name=\"twitter:data2\" content=\"3 minutos\" \/>\n<script type=\"application\/ld+json\" class=\"yoast-schema-graph\">{\"@context\":\"https:\\\/\\\/schema.org\",\"@graph\":[{\"@type\":\"Article\",\"@id\":\"https:\\\/\\\/super-news.info\\\/mx\\\/urzua-y-la-recesion\\\/#article\",\"isPartOf\":{\"@id\":\"https:\\\/\\\/super-news.info\\\/mx\\\/urzua-y-la-recesion\\\/\"},\"author\":{\"name\":\"mx\",\"@id\":\"https:\\\/\\\/super-news.info\\\/mx\\\/#\\\/schema\\\/person\\\/74b71ca3d407439fd57da2d9c89449ca\"},\"headline\":\"Urz\u00faa y la recesi\u00f3n\",\"datePublished\":\"2019-07-11T15:29:53+00:00\",\"dateModified\":\"2019-07-11T15:29:55+00:00\",\"mainEntityOfPage\":{\"@id\":\"https:\\\/\\\/super-news.info\\\/mx\\\/urzua-y-la-recesion\\\/\"},\"wordCount\":581,\"commentCount\":0,\"image\":{\"@id\":\"https:\\\/\\\/super-news.info\\\/mx\\\/urzua-y-la-recesion\\\/#primaryimage\"},\"thumbnailUrl\":\"https:\\\/\\\/super-news.info\\\/mx\\\/wp-content\\\/uploads\\\/sites\\\/8\\\/2019\\\/05\\\/Hacia-la-inclusi\u00f3n-financiera.jpeg\",\"articleSection\":[\"NOTICIAS FINANCIERAS\"],\"inLanguage\":\"es\",\"potentialAction\":[{\"@type\":\"CommentAction\",\"name\":\"Comment\",\"target\":[\"https:\\\/\\\/super-news.info\\\/mx\\\/urzua-y-la-recesion\\\/#respond\"]}]},{\"@type\":\"WebPage\",\"@id\":\"https:\\\/\\\/super-news.info\\\/mx\\\/urzua-y-la-recesion\\\/\",\"url\":\"https:\\\/\\\/super-news.info\\\/mx\\\/urzua-y-la-recesion\\\/\",\"name\":\"Urz\u00faa y la recesi\u00f3n - Super News\",\"isPartOf\":{\"@id\":\"https:\\\/\\\/super-news.info\\\/mx\\\/#website\"},\"primaryImageOfPage\":{\"@id\":\"https:\\\/\\\/super-news.info\\\/mx\\\/urzua-y-la-recesion\\\/#primaryimage\"},\"image\":{\"@id\":\"https:\\\/\\\/super-news.info\\\/mx\\\/urzua-y-la-recesion\\\/#primaryimage\"},\"thumbnailUrl\":\"https:\\\/\\\/super-news.info\\\/mx\\\/wp-content\\\/uploads\\\/sites\\\/8\\\/2019\\\/05\\\/Hacia-la-inclusi\u00f3n-financiera.jpeg\",\"datePublished\":\"2019-07-11T15:29:53+00:00\",\"dateModified\":\"2019-07-11T15:29:55+00:00\",\"author\":{\"@id\":\"https:\\\/\\\/super-news.info\\\/mx\\\/#\\\/schema\\\/person\\\/74b71ca3d407439fd57da2d9c89449ca\"},\"breadcrumb\":{\"@id\":\"https:\\\/\\\/super-news.info\\\/mx\\\/urzua-y-la-recesion\\\/#breadcrumb\"},\"inLanguage\":\"es\",\"potentialAction\":[{\"@type\":\"ReadAction\",\"target\":[\"https:\\\/\\\/super-news.info\\\/mx\\\/urzua-y-la-recesion\\\/\"]}]},{\"@type\":\"ImageObject\",\"inLanguage\":\"es\",\"@id\":\"https:\\\/\\\/super-news.info\\\/mx\\\/urzua-y-la-recesion\\\/#primaryimage\",\"url\":\"https:\\\/\\\/super-news.info\\\/mx\\\/wp-content\\\/uploads\\\/sites\\\/8\\\/2019\\\/05\\\/Hacia-la-inclusi\u00f3n-financiera.jpeg\",\"contentUrl\":\"https:\\\/\\\/super-news.info\\\/mx\\\/wp-content\\\/uploads\\\/sites\\\/8\\\/2019\\\/05\\\/Hacia-la-inclusi\u00f3n-financiera.jpeg\",\"width\":1776,\"height\":1000,\"caption\":\"Jes\u00fas Garza\"},{\"@type\":\"BreadcrumbList\",\"@id\":\"https:\\\/\\\/super-news.info\\\/mx\\\/urzua-y-la-recesion\\\/#breadcrumb\",\"itemListElement\":[{\"@type\":\"ListItem\",\"position\":1,\"name\":\"Home\",\"item\":\"https:\\\/\\\/super-news.info\\\/mx\\\/\"},{\"@type\":\"ListItem\",\"position\":2,\"name\":\"Urz\u00faa y la recesi\u00f3n\"}]},{\"@type\":\"WebSite\",\"@id\":\"https:\\\/\\\/super-news.info\\\/mx\\\/#website\",\"url\":\"https:\\\/\\\/super-news.info\\\/mx\\\/\",\"name\":\"Super News\",\"description\":\"Super News Mexico\",\"potentialAction\":[{\"@type\":\"SearchAction\",\"target\":{\"@type\":\"EntryPoint\",\"urlTemplate\":\"https:\\\/\\\/super-news.info\\\/mx\\\/?s={search_term_string}\"},\"query-input\":{\"@type\":\"PropertyValueSpecification\",\"valueRequired\":true,\"valueName\":\"search_term_string\"}}],\"inLanguage\":\"es\"},{\"@type\":\"Person\",\"@id\":\"https:\\\/\\\/super-news.info\\\/mx\\\/#\\\/schema\\\/person\\\/74b71ca3d407439fd57da2d9c89449ca\",\"name\":\"mx\",\"image\":{\"@type\":\"ImageObject\",\"inLanguage\":\"es\",\"@id\":\"https:\\\/\\\/secure.gravatar.com\\\/avatar\\\/6374ac65ff69c362a0ae1303d73d69dcd9bd198d62d9861f054a69aaf82c017b?s=96&d=mm&r=g\",\"url\":\"https:\\\/\\\/secure.gravatar.com\\\/avatar\\\/6374ac65ff69c362a0ae1303d73d69dcd9bd198d62d9861f054a69aaf82c017b?s=96&d=mm&r=g\",\"contentUrl\":\"https:\\\/\\\/secure.gravatar.com\\\/avatar\\\/6374ac65ff69c362a0ae1303d73d69dcd9bd198d62d9861f054a69aaf82c017b?s=96&d=mm&r=g\",\"caption\":\"mx\"},\"url\":\"https:\\\/\\\/super-news.info\\\/mx\\\/author\\\/mx\\\/\"}]}<\/script>\n<!-- \/ Yoast SEO plugin. -->","yoast_head_json":{"title":"Urz\u00faa y la recesi\u00f3n - Super News","robots":{"index":"index","follow":"follow","max-snippet":"max-snippet:-1","max-image-preview":"max-image-preview:large","max-video-preview":"max-video-preview:-1"},"canonical":"https:\/\/super-news.info\/mx\/urzua-y-la-recesion\/","og_locale":"es_MX","og_type":"article","og_title":"Urz\u00faa y la recesi\u00f3n - Super News","og_description":"[ad_1] Jes\u00fas GarzaFuente: Cortes\u00eda Esta semana renunci\u00f3 el Secretario de Hacienda y Cr\u00e9dito P\u00fablico (SHCP), el Dr. Carlos Urz\u00faa, alegando conflicto de intereses en el gobierno, falta de capacidad para operar en la misma instituci\u00f3n y pol\u00edticas econ\u00f3micas err\u00f3neas. Me parece muy loable lo que realiz\u00f3 el Dr. Urz\u00faa, en lo personal ya hab\u00eda previsto [&hellip;]","og_url":"https:\/\/super-news.info\/mx\/urzua-y-la-recesion\/","og_site_name":"Super News","article_published_time":"2019-07-11T15:29:53+00:00","article_modified_time":"2019-07-11T15:29:55+00:00","og_image":[{"width":1776,"height":1000,"url":"https:\/\/super-news.info\/mx\/wp-content\/uploads\/sites\/8\/2019\/05\/Hacia-la-inclusi\u00f3n-financiera.jpeg","type":"image\/jpeg"}],"author":"mx","twitter_card":"summary_large_image","twitter_misc":{"Escrito por":"mx","Tiempo de lectura":"3 minutos"},"schema":{"@context":"https:\/\/schema.org","@graph":[{"@type":"Article","@id":"https:\/\/super-news.info\/mx\/urzua-y-la-recesion\/#article","isPartOf":{"@id":"https:\/\/super-news.info\/mx\/urzua-y-la-recesion\/"},"author":{"name":"mx","@id":"https:\/\/super-news.info\/mx\/#\/schema\/person\/74b71ca3d407439fd57da2d9c89449ca"},"headline":"Urz\u00faa y la recesi\u00f3n","datePublished":"2019-07-11T15:29:53+00:00","dateModified":"2019-07-11T15:29:55+00:00","mainEntityOfPage":{"@id":"https:\/\/super-news.info\/mx\/urzua-y-la-recesion\/"},"wordCount":581,"commentCount":0,"image":{"@id":"https:\/\/super-news.info\/mx\/urzua-y-la-recesion\/#primaryimage"},"thumbnailUrl":"https:\/\/super-news.info\/mx\/wp-content\/uploads\/sites\/8\/2019\/05\/Hacia-la-inclusi\u00f3n-financiera.jpeg","articleSection":["NOTICIAS FINANCIERAS"],"inLanguage":"es","potentialAction":[{"@type":"CommentAction","name":"Comment","target":["https:\/\/super-news.info\/mx\/urzua-y-la-recesion\/#respond"]}]},{"@type":"WebPage","@id":"https:\/\/super-news.info\/mx\/urzua-y-la-recesion\/","url":"https:\/\/super-news.info\/mx\/urzua-y-la-recesion\/","name":"Urz\u00faa y la recesi\u00f3n - Super News","isPartOf":{"@id":"https:\/\/super-news.info\/mx\/#website"},"primaryImageOfPage":{"@id":"https:\/\/super-news.info\/mx\/urzua-y-la-recesion\/#primaryimage"},"image":{"@id":"https:\/\/super-news.info\/mx\/urzua-y-la-recesion\/#primaryimage"},"thumbnailUrl":"https:\/\/super-news.info\/mx\/wp-content\/uploads\/sites\/8\/2019\/05\/Hacia-la-inclusi\u00f3n-financiera.jpeg","datePublished":"2019-07-11T15:29:53+00:00","dateModified":"2019-07-11T15:29:55+00:00","author":{"@id":"https:\/\/super-news.info\/mx\/#\/schema\/person\/74b71ca3d407439fd57da2d9c89449ca"},"breadcrumb":{"@id":"https:\/\/super-news.info\/mx\/urzua-y-la-recesion\/#breadcrumb"},"inLanguage":"es","potentialAction":[{"@type":"ReadAction","target":["https:\/\/super-news.info\/mx\/urzua-y-la-recesion\/"]}]},{"@type":"ImageObject","inLanguage":"es","@id":"https:\/\/super-news.info\/mx\/urzua-y-la-recesion\/#primaryimage","url":"https:\/\/super-news.info\/mx\/wp-content\/uploads\/sites\/8\/2019\/05\/Hacia-la-inclusi\u00f3n-financiera.jpeg","contentUrl":"https:\/\/super-news.info\/mx\/wp-content\/uploads\/sites\/8\/2019\/05\/Hacia-la-inclusi\u00f3n-financiera.jpeg","width":1776,"height":1000,"caption":"Jes\u00fas Garza"},{"@type":"BreadcrumbList","@id":"https:\/\/super-news.info\/mx\/urzua-y-la-recesion\/#breadcrumb","itemListElement":[{"@type":"ListItem","position":1,"name":"Home","item":"https:\/\/super-news.info\/mx\/"},{"@type":"ListItem","position":2,"name":"Urz\u00faa y la recesi\u00f3n"}]},{"@type":"WebSite","@id":"https:\/\/super-news.info\/mx\/#website","url":"https:\/\/super-news.info\/mx\/","name":"Super News","description":"Super News Mexico","potentialAction":[{"@type":"SearchAction","target":{"@type":"EntryPoint","urlTemplate":"https:\/\/super-news.info\/mx\/?s={search_term_string}"},"query-input":{"@type":"PropertyValueSpecification","valueRequired":true,"valueName":"search_term_string"}}],"inLanguage":"es"},{"@type":"Person","@id":"https:\/\/super-news.info\/mx\/#\/schema\/person\/74b71ca3d407439fd57da2d9c89449ca","name":"mx","image":{"@type":"ImageObject","inLanguage":"es","@id":"https:\/\/secure.gravatar.com\/avatar\/6374ac65ff69c362a0ae1303d73d69dcd9bd198d62d9861f054a69aaf82c017b?s=96&d=mm&r=g","url":"https:\/\/secure.gravatar.com\/avatar\/6374ac65ff69c362a0ae1303d73d69dcd9bd198d62d9861f054a69aaf82c017b?s=96&d=mm&r=g","contentUrl":"https:\/\/secure.gravatar.com\/avatar\/6374ac65ff69c362a0ae1303d73d69dcd9bd198d62d9861f054a69aaf82c017b?s=96&d=mm&r=g","caption":"mx"},"url":"https:\/\/super-news.info\/mx\/author\/mx\/"}]}},"_links":{"self":[{"href":"https:\/\/super-news.info\/mx\/wp-json\/wp\/v2\/posts\/2239","targetHints":{"allow":["GET"]}}],"collection":[{"href":"https:\/\/super-news.info\/mx\/wp-json\/wp\/v2\/posts"}],"about":[{"href":"https:\/\/super-news.info\/mx\/wp-json\/wp\/v2\/types\/post"}],"author":[{"embeddable":true,"href":"https:\/\/super-news.info\/mx\/wp-json\/wp\/v2\/users\/3"}],"replies":[{"embeddable":true,"href":"https:\/\/super-news.info\/mx\/wp-json\/wp\/v2\/comments?post=2239"}],"version-history":[{"count":1,"href":"https:\/\/super-news.info\/mx\/wp-json\/wp\/v2\/posts\/2239\/revisions"}],"predecessor-version":[{"id":2240,"href":"https:\/\/super-news.info\/mx\/wp-json\/wp\/v2\/posts\/2239\/revisions\/2240"}],"wp:featuredmedia":[{"embeddable":true,"href":"https:\/\/super-news.info\/mx\/wp-json\/wp\/v2\/media\/758"}],"wp:attachment":[{"href":"https:\/\/super-news.info\/mx\/wp-json\/wp\/v2\/media?parent=2239"}],"wp:term":[{"taxonomy":"category","embeddable":true,"href":"https:\/\/super-news.info\/mx\/wp-json\/wp\/v2\/categories?post=2239"},{"taxonomy":"post_tag","embeddable":true,"href":"https:\/\/super-news.info\/mx\/wp-json\/wp\/v2\/tags?post=2239"}],"curies":[{"name":"wp","href":"https:\/\/api.w.org\/{rel}","templated":true}]}}