{"id":2236,"date":"2019-07-11T14:23:37","date_gmt":"2019-07-11T14:23:37","guid":{"rendered":"https:\/\/super-news.info\/mx\/el-campo-fertil-para-el-populismo-en-la-america-latina-actual\/"},"modified":"2019-07-11T14:23:40","modified_gmt":"2019-07-11T14:23:40","slug":"el-campo-fertil-para-el-populismo-en-la-america-latina-actual","status":"publish","type":"post","link":"https:\/\/super-news.info\/mx\/el-campo-fertil-para-el-populismo-en-la-america-latina-actual\/","title":{"rendered":"El campo f\u00e9rtil para el populismo en la Am\u00e9rica Latina actual"},"content":{"rendered":"<p> [ad_1]<br \/>\n<\/p>\n<div class=\"image__block -side\">\n<figure><\/figure>\n<p><span class=\"element__footer\">Michael Reid, periodista.<\/span><span class=\"element__credit\"><\/span><\/div>\n<p class=\"paragraph\" data-count=\"177\" data-wrap=\"32\">Am\u00e9rica Latina es como un adolescente: un d\u00eda es alguien y al otro ya no se le reconoce. As\u00ed percibe el escritor y periodista brit\u00e1nico Michael Reid a esta regi\u00f3n tan cambiante.<\/p>\n<p class=\"paragraph\" data-count=\"185\" data-wrap=\"32\">Su libro, El continente olvidado, fue publicado hace una d\u00e9cada, pero un d\u00eda lo abri\u00f3 de nuevo y descubri\u00f3 que todo lo que hab\u00eda escrito no reflejaba igual la realidad latinoamericana. <\/p>\n<p class=\"paragraph\" data-count=\"19\" data-wrap=\"5\">Ya era otro mundo. <\/p>\n<p class=\"paragraph\" data-count=\"264\" data-wrap=\"45\">Lo que hab\u00eda empezado como un romance con la izquierda, dice, deriv\u00f3 en un desencanto colectivo por la clase pol\u00edtica. Y una tierra f\u00e9rtil para el eterno problema de la regi\u00f3n: los populismos. Por eso, el editor de The Economist ahora publica una edici\u00f3n revisada.<\/p>\n<h3 class=\"featured__title\">\ufffc \u00bfPor qu\u00e9 la corrupci\u00f3n es una pr\u00e1ctica tan arraigada en AL?<\/h3>\n<p class=\"paragraph\" data-count=\"649\" data-wrap=\"106\">\ufffc Indicadores de transparencia internacional arrojan que hay una relaci\u00f3n entre el incremento de ingresos por persona y la reducci\u00f3n de la percepci\u00f3n de corrupci\u00f3n. Esto nos lleva a pensar que, mientras m\u00e1s dinero gane la gente, mientras m\u00e1s se distribuya la riqueza, habr\u00e1 menos corruptos. En AL la corrupci\u00f3n tiene que ver fundamentalmente con la debilidad de las instituciones de justicia. Mientras haya m\u00e1s ejemplos de castigo a los corruptos, menos corrupci\u00f3n habr\u00e1. El problema es que la cultura regulatoria en el continente est\u00e1 plagada de trampas. Detr\u00e1s de cada regulaci\u00f3n del Estado, hay una trampa y hay gente que cobra por facilitarla.  <\/p>\n<p class=\"paragraph\" data-count=\"135\" data-wrap=\"26\">\ufffc En su libro explica c\u00f3mo la regi\u00f3n ha migrado de los gobiernos de izquierda a la derecha, casi todos con algo en com\u00fan: el populismo.<\/p>\n<p class=\"paragraph\" data-count=\"660\" data-wrap=\"110\">\ufffc El descr\u00e9dito de los pol\u00edticos tradicionales es un fen\u00f3meno mundial. Pero en Am\u00e9rica Latina hay uno muy especial por los pol\u00edticos reformistas, porque \u00e9stos no han sabido estar a la altura. La realidad latinoamericana sigue siendo la falta de resultados, el estancamiento econ\u00f3mico, la falta de empleo, la corrupci\u00f3n y la inseguridad. En Europa, aunque las causas var\u00edan un poco, existe la misma frustraci\u00f3n. Hay una desconfianza hacia el gobierno porque la gente vive inmersa en la percepci\u00f3n de que ya no controla su entorno. Por eso busca figuras que se presenten como fuertes, l\u00edderes que se asuman capaces de tomar el control, aunque en la pr\u00e1ctica sea <\/p>\n<p class=\"paragraph\" data-count=\"14\" data-wrap=\"2\">muy diferente.<\/p>\n<h3 class=\"featured__title\">\ufffc L\u00edderes populistas\u2026<\/h3>\n<p class=\"paragraph\" data-count=\"554\" data-wrap=\"90\">\ufffc Los populismos est\u00e1n muy arraigados en AL debido a la desigualdad extrema, que es herencia hist\u00f3rica. En toda la regi\u00f3n hay una iniquidad combinada con la percepci\u00f3n de que los pa\u00edses ricos lo son porque tienen muchos recursos naturales. Nada m\u00e1s alejado de la realidad. La riqueza viene del trabajo y de la eficiencia del trabajo, pero aquella percepci\u00f3n, tan arraigada en la cultura latinoamericana, es campo f\u00e9rtil para los discursos populistas, y entonces salen los pol\u00edticos a decir: \u201csomos pobres en pa\u00edses ricos porque alguien nos est\u00e1 robando\u201d.<\/p>\n<h3 class=\"featured__title\">\ufffc \u00bfPor qu\u00e9 los gobiernos populistas se valen de dividir a la sociedad entre buenos y malos, amigos y enemigos del r\u00e9gimen, como sucede en el discurso de AMLO?<\/h3>\n<p class=\"paragraph\" data-count=\"873\" data-wrap=\"146\">\ufffc La polarizaci\u00f3n social es muy negativa. Hay que reconocer que L\u00f3pez Obrador ha logrado identificar correctamente el gran problema de M\u00e9xico: la desigualdad.  Dice que representa a los m\u00e1s pobres, grosso modo, y hay que respetar eso, pero pienso que tenemos suficiente experiencia en AL para saber que el populismo y los pol\u00edticos que dicen ser los \u00fanicos que representan al pueblo son un camino muy peligroso. Entiendo que pol\u00edticamente hay dos tercios (del electorado) que lo apoyan; esa gente ve las cumbres internacionales como el G20 como una p\u00e9rdida de dinero y de tiempo. Y tienen algo de raz\u00f3n. Pero tambi\u00e9n es innegable que vivimos en un mundo interconectado en el que la diplomacia cara a cara al nivel m\u00e1s alto es fundamental para evitar conflictos y profundizar la colaboraci\u00f3n. Que M\u00e9xico est\u00e9 ausente al nivel m\u00e1s alto de representaci\u00f3n me parece lamentable.<\/p>\n<h3 class=\"featured__title\">\ufffc \u00bfC\u00f3mo ha cambiado la geopol\u00edtica latinoamericana con Trump?<\/h3>\n<p class=\"paragraph\" data-count=\"581\" data-wrap=\"105\">\ufffc El contexto ha cambiado bastante y ahora es m\u00e1s dif\u00edcil para la zona porque Trump no es un amigo de Am\u00e9rica Latina. Es un antiinmigrante, un enemigo del orden mundial neoliberal, y a la regi\u00f3n no le conviene eso porque ya se ha adaptado a ese sistema. Am\u00e9rica Latina tiene todas las de perder frente a Trump. En los \u00faltimos 40 a\u00f1os se benefici\u00f3 de cierto modo del orden liberal mundial, pero ahora est\u00e1 el riesgo de regresar a terrenos pol\u00edticos que no convienen para nada a los latinoamericanos. En ese contexto es importante la combinaci\u00f3n de un acuerdo entre la UE y Mercosur.<\/p>\n<p>[ad_2]<br \/>\n<br \/><a href=\"https:\/\/www.elfinanciero.com.mx\/rss\/culturas\/el-campo-fertil-para-el-populismo-en-la-america-latina-actual\">Source link <\/a><\/p>\n","protected":false},"excerpt":{"rendered":"<p>[ad_1] Michael Reid, periodista. Am\u00e9rica Latina es como un adolescente: un d\u00eda es alguien y al otro ya no se le reconoce. As\u00ed percibe el escritor y periodista brit\u00e1nico Michael Reid a esta regi\u00f3n tan cambiante. Su libro, El continente olvidado, fue publicado hace una d\u00e9cada, pero un d\u00eda lo abri\u00f3 de nuevo y descubri\u00f3 [&hellip;]<\/p>\n","protected":false},"author":3,"featured_media":2237,"comment_status":"open","ping_status":"open","sticky":false,"template":"","format":"standard","meta":{"footnotes":""},"categories":[1],"tags":[],"class_list":["post-2236","post","type-post","status-publish","format-standard","has-post-thumbnail","hentry","category-noticias-financieras"],"yoast_head":"<!-- This site is optimized with the Yoast SEO plugin v27.4 - https:\/\/yoast.com\/product\/yoast-seo-wordpress\/ -->\n<title>El campo f\u00e9rtil para el populismo en la Am\u00e9rica Latina actual - Super News<\/title>\n<meta name=\"robots\" content=\"index, follow, max-snippet:-1, max-image-preview:large, max-video-preview:-1\" \/>\n<link rel=\"canonical\" href=\"https:\/\/super-news.info\/mx\/el-campo-fertil-para-el-populismo-en-la-america-latina-actual\/\" \/>\n<meta property=\"og:locale\" content=\"es_MX\" \/>\n<meta property=\"og:type\" content=\"article\" \/>\n<meta property=\"og:title\" content=\"El campo f\u00e9rtil para el populismo en la Am\u00e9rica Latina actual - Super News\" \/>\n<meta property=\"og:description\" content=\"[ad_1] Michael Reid, periodista. Am\u00e9rica Latina es como un adolescente: un d\u00eda es alguien y al otro ya no se le reconoce. As\u00ed percibe el escritor y periodista brit\u00e1nico Michael Reid a esta regi\u00f3n tan cambiante. Su libro, El continente olvidado, fue publicado hace una d\u00e9cada, pero un d\u00eda lo abri\u00f3 de nuevo y descubri\u00f3 [&hellip;]\" \/>\n<meta property=\"og:url\" content=\"https:\/\/super-news.info\/mx\/el-campo-fertil-para-el-populismo-en-la-america-latina-actual\/\" \/>\n<meta property=\"og:site_name\" content=\"Super News\" \/>\n<meta property=\"article:published_time\" content=\"2019-07-11T14:23:37+00:00\" \/>\n<meta property=\"article:modified_time\" content=\"2019-07-11T14:23:40+00:00\" \/>\n<meta property=\"og:image\" content=\"https:\/\/super-news.info\/mx\/wp-content\/uploads\/sites\/8\/2019\/07\/El-campo-f\u00e9rtil-para-el-populismo-en-la-Am\u00e9rica-Latina-875x1024.png\" \/>\n\t<meta property=\"og:image:width\" content=\"875\" \/>\n\t<meta property=\"og:image:height\" content=\"1024\" \/>\n\t<meta property=\"og:image:type\" content=\"image\/png\" \/>\n<meta name=\"author\" content=\"mx\" \/>\n<meta name=\"twitter:card\" content=\"summary_large_image\" \/>\n<meta name=\"twitter:label1\" content=\"Escrito por\" \/>\n\t<meta name=\"twitter:data1\" content=\"mx\" \/>\n\t<meta name=\"twitter:label2\" content=\"Tiempo de lectura\" \/>\n\t<meta name=\"twitter:data2\" content=\"4 minutos\" \/>\n<script type=\"application\/ld+json\" class=\"yoast-schema-graph\">{\"@context\":\"https:\\\/\\\/schema.org\",\"@graph\":[{\"@type\":\"Article\",\"@id\":\"https:\\\/\\\/super-news.info\\\/mx\\\/el-campo-fertil-para-el-populismo-en-la-america-latina-actual\\\/#article\",\"isPartOf\":{\"@id\":\"https:\\\/\\\/super-news.info\\\/mx\\\/el-campo-fertil-para-el-populismo-en-la-america-latina-actual\\\/\"},\"author\":{\"name\":\"mx\",\"@id\":\"https:\\\/\\\/super-news.info\\\/mx\\\/#\\\/schema\\\/person\\\/74b71ca3d407439fd57da2d9c89449ca\"},\"headline\":\"El campo f\u00e9rtil para el populismo en la Am\u00e9rica Latina actual\",\"datePublished\":\"2019-07-11T14:23:37+00:00\",\"dateModified\":\"2019-07-11T14:23:40+00:00\",\"mainEntityOfPage\":{\"@id\":\"https:\\\/\\\/super-news.info\\\/mx\\\/el-campo-fertil-para-el-populismo-en-la-america-latina-actual\\\/\"},\"wordCount\":831,\"commentCount\":0,\"image\":{\"@id\":\"https:\\\/\\\/super-news.info\\\/mx\\\/el-campo-fertil-para-el-populismo-en-la-america-latina-actual\\\/#primaryimage\"},\"thumbnailUrl\":\"https:\\\/\\\/super-news.info\\\/mx\\\/wp-content\\\/uploads\\\/sites\\\/8\\\/2019\\\/07\\\/El-campo-f\u00e9rtil-para-el-populismo-en-la-Am\u00e9rica-Latina.png\",\"articleSection\":[\"NOTICIAS FINANCIERAS\"],\"inLanguage\":\"es\",\"potentialAction\":[{\"@type\":\"CommentAction\",\"name\":\"Comment\",\"target\":[\"https:\\\/\\\/super-news.info\\\/mx\\\/el-campo-fertil-para-el-populismo-en-la-america-latina-actual\\\/#respond\"]}]},{\"@type\":\"WebPage\",\"@id\":\"https:\\\/\\\/super-news.info\\\/mx\\\/el-campo-fertil-para-el-populismo-en-la-america-latina-actual\\\/\",\"url\":\"https:\\\/\\\/super-news.info\\\/mx\\\/el-campo-fertil-para-el-populismo-en-la-america-latina-actual\\\/\",\"name\":\"El campo f\u00e9rtil para el populismo en la Am\u00e9rica Latina actual - Super News\",\"isPartOf\":{\"@id\":\"https:\\\/\\\/super-news.info\\\/mx\\\/#website\"},\"primaryImageOfPage\":{\"@id\":\"https:\\\/\\\/super-news.info\\\/mx\\\/el-campo-fertil-para-el-populismo-en-la-america-latina-actual\\\/#primaryimage\"},\"image\":{\"@id\":\"https:\\\/\\\/super-news.info\\\/mx\\\/el-campo-fertil-para-el-populismo-en-la-america-latina-actual\\\/#primaryimage\"},\"thumbnailUrl\":\"https:\\\/\\\/super-news.info\\\/mx\\\/wp-content\\\/uploads\\\/sites\\\/8\\\/2019\\\/07\\\/El-campo-f\u00e9rtil-para-el-populismo-en-la-Am\u00e9rica-Latina.png\",\"datePublished\":\"2019-07-11T14:23:37+00:00\",\"dateModified\":\"2019-07-11T14:23:40+00:00\",\"author\":{\"@id\":\"https:\\\/\\\/super-news.info\\\/mx\\\/#\\\/schema\\\/person\\\/74b71ca3d407439fd57da2d9c89449ca\"},\"breadcrumb\":{\"@id\":\"https:\\\/\\\/super-news.info\\\/mx\\\/el-campo-fertil-para-el-populismo-en-la-america-latina-actual\\\/#breadcrumb\"},\"inLanguage\":\"es\",\"potentialAction\":[{\"@type\":\"ReadAction\",\"target\":[\"https:\\\/\\\/super-news.info\\\/mx\\\/el-campo-fertil-para-el-populismo-en-la-america-latina-actual\\\/\"]}]},{\"@type\":\"ImageObject\",\"inLanguage\":\"es\",\"@id\":\"https:\\\/\\\/super-news.info\\\/mx\\\/el-campo-fertil-para-el-populismo-en-la-america-latina-actual\\\/#primaryimage\",\"url\":\"https:\\\/\\\/super-news.info\\\/mx\\\/wp-content\\\/uploads\\\/sites\\\/8\\\/2019\\\/07\\\/El-campo-f\u00e9rtil-para-el-populismo-en-la-Am\u00e9rica-Latina.png\",\"contentUrl\":\"https:\\\/\\\/super-news.info\\\/mx\\\/wp-content\\\/uploads\\\/sites\\\/8\\\/2019\\\/07\\\/El-campo-f\u00e9rtil-para-el-populismo-en-la-Am\u00e9rica-Latina.png\",\"width\":2091,\"height\":2447,\"caption\":\"Michael Reid, periodista.\"},{\"@type\":\"BreadcrumbList\",\"@id\":\"https:\\\/\\\/super-news.info\\\/mx\\\/el-campo-fertil-para-el-populismo-en-la-america-latina-actual\\\/#breadcrumb\",\"itemListElement\":[{\"@type\":\"ListItem\",\"position\":1,\"name\":\"Home\",\"item\":\"https:\\\/\\\/super-news.info\\\/mx\\\/\"},{\"@type\":\"ListItem\",\"position\":2,\"name\":\"El campo f\u00e9rtil para el populismo en la Am\u00e9rica Latina actual\"}]},{\"@type\":\"WebSite\",\"@id\":\"https:\\\/\\\/super-news.info\\\/mx\\\/#website\",\"url\":\"https:\\\/\\\/super-news.info\\\/mx\\\/\",\"name\":\"Super News\",\"description\":\"Super News Mexico\",\"potentialAction\":[{\"@type\":\"SearchAction\",\"target\":{\"@type\":\"EntryPoint\",\"urlTemplate\":\"https:\\\/\\\/super-news.info\\\/mx\\\/?s={search_term_string}\"},\"query-input\":{\"@type\":\"PropertyValueSpecification\",\"valueRequired\":true,\"valueName\":\"search_term_string\"}}],\"inLanguage\":\"es\"},{\"@type\":\"Person\",\"@id\":\"https:\\\/\\\/super-news.info\\\/mx\\\/#\\\/schema\\\/person\\\/74b71ca3d407439fd57da2d9c89449ca\",\"name\":\"mx\",\"image\":{\"@type\":\"ImageObject\",\"inLanguage\":\"es\",\"@id\":\"https:\\\/\\\/secure.gravatar.com\\\/avatar\\\/6374ac65ff69c362a0ae1303d73d69dcd9bd198d62d9861f054a69aaf82c017b?s=96&d=mm&r=g\",\"url\":\"https:\\\/\\\/secure.gravatar.com\\\/avatar\\\/6374ac65ff69c362a0ae1303d73d69dcd9bd198d62d9861f054a69aaf82c017b?s=96&d=mm&r=g\",\"contentUrl\":\"https:\\\/\\\/secure.gravatar.com\\\/avatar\\\/6374ac65ff69c362a0ae1303d73d69dcd9bd198d62d9861f054a69aaf82c017b?s=96&d=mm&r=g\",\"caption\":\"mx\"},\"url\":\"https:\\\/\\\/super-news.info\\\/mx\\\/author\\\/mx\\\/\"}]}<\/script>\n<!-- \/ Yoast SEO plugin. -->","yoast_head_json":{"title":"El campo f\u00e9rtil para el populismo en la Am\u00e9rica Latina actual - Super News","robots":{"index":"index","follow":"follow","max-snippet":"max-snippet:-1","max-image-preview":"max-image-preview:large","max-video-preview":"max-video-preview:-1"},"canonical":"https:\/\/super-news.info\/mx\/el-campo-fertil-para-el-populismo-en-la-america-latina-actual\/","og_locale":"es_MX","og_type":"article","og_title":"El campo f\u00e9rtil para el populismo en la Am\u00e9rica Latina actual - Super News","og_description":"[ad_1] Michael Reid, periodista. Am\u00e9rica Latina es como un adolescente: un d\u00eda es alguien y al otro ya no se le reconoce. As\u00ed percibe el escritor y periodista brit\u00e1nico Michael Reid a esta regi\u00f3n tan cambiante. Su libro, El continente olvidado, fue publicado hace una d\u00e9cada, pero un d\u00eda lo abri\u00f3 de nuevo y descubri\u00f3 [&hellip;]","og_url":"https:\/\/super-news.info\/mx\/el-campo-fertil-para-el-populismo-en-la-america-latina-actual\/","og_site_name":"Super News","article_published_time":"2019-07-11T14:23:37+00:00","article_modified_time":"2019-07-11T14:23:40+00:00","og_image":[{"width":875,"height":1024,"url":"https:\/\/super-news.info\/mx\/wp-content\/uploads\/sites\/8\/2019\/07\/El-campo-f\u00e9rtil-para-el-populismo-en-la-Am\u00e9rica-Latina-875x1024.png","type":"image\/png"}],"author":"mx","twitter_card":"summary_large_image","twitter_misc":{"Escrito por":"mx","Tiempo de lectura":"4 minutos"},"schema":{"@context":"https:\/\/schema.org","@graph":[{"@type":"Article","@id":"https:\/\/super-news.info\/mx\/el-campo-fertil-para-el-populismo-en-la-america-latina-actual\/#article","isPartOf":{"@id":"https:\/\/super-news.info\/mx\/el-campo-fertil-para-el-populismo-en-la-america-latina-actual\/"},"author":{"name":"mx","@id":"https:\/\/super-news.info\/mx\/#\/schema\/person\/74b71ca3d407439fd57da2d9c89449ca"},"headline":"El campo f\u00e9rtil para el populismo en la Am\u00e9rica Latina actual","datePublished":"2019-07-11T14:23:37+00:00","dateModified":"2019-07-11T14:23:40+00:00","mainEntityOfPage":{"@id":"https:\/\/super-news.info\/mx\/el-campo-fertil-para-el-populismo-en-la-america-latina-actual\/"},"wordCount":831,"commentCount":0,"image":{"@id":"https:\/\/super-news.info\/mx\/el-campo-fertil-para-el-populismo-en-la-america-latina-actual\/#primaryimage"},"thumbnailUrl":"https:\/\/super-news.info\/mx\/wp-content\/uploads\/sites\/8\/2019\/07\/El-campo-f\u00e9rtil-para-el-populismo-en-la-Am\u00e9rica-Latina.png","articleSection":["NOTICIAS FINANCIERAS"],"inLanguage":"es","potentialAction":[{"@type":"CommentAction","name":"Comment","target":["https:\/\/super-news.info\/mx\/el-campo-fertil-para-el-populismo-en-la-america-latina-actual\/#respond"]}]},{"@type":"WebPage","@id":"https:\/\/super-news.info\/mx\/el-campo-fertil-para-el-populismo-en-la-america-latina-actual\/","url":"https:\/\/super-news.info\/mx\/el-campo-fertil-para-el-populismo-en-la-america-latina-actual\/","name":"El campo f\u00e9rtil para el populismo en la Am\u00e9rica Latina actual - Super News","isPartOf":{"@id":"https:\/\/super-news.info\/mx\/#website"},"primaryImageOfPage":{"@id":"https:\/\/super-news.info\/mx\/el-campo-fertil-para-el-populismo-en-la-america-latina-actual\/#primaryimage"},"image":{"@id":"https:\/\/super-news.info\/mx\/el-campo-fertil-para-el-populismo-en-la-america-latina-actual\/#primaryimage"},"thumbnailUrl":"https:\/\/super-news.info\/mx\/wp-content\/uploads\/sites\/8\/2019\/07\/El-campo-f\u00e9rtil-para-el-populismo-en-la-Am\u00e9rica-Latina.png","datePublished":"2019-07-11T14:23:37+00:00","dateModified":"2019-07-11T14:23:40+00:00","author":{"@id":"https:\/\/super-news.info\/mx\/#\/schema\/person\/74b71ca3d407439fd57da2d9c89449ca"},"breadcrumb":{"@id":"https:\/\/super-news.info\/mx\/el-campo-fertil-para-el-populismo-en-la-america-latina-actual\/#breadcrumb"},"inLanguage":"es","potentialAction":[{"@type":"ReadAction","target":["https:\/\/super-news.info\/mx\/el-campo-fertil-para-el-populismo-en-la-america-latina-actual\/"]}]},{"@type":"ImageObject","inLanguage":"es","@id":"https:\/\/super-news.info\/mx\/el-campo-fertil-para-el-populismo-en-la-america-latina-actual\/#primaryimage","url":"https:\/\/super-news.info\/mx\/wp-content\/uploads\/sites\/8\/2019\/07\/El-campo-f\u00e9rtil-para-el-populismo-en-la-Am\u00e9rica-Latina.png","contentUrl":"https:\/\/super-news.info\/mx\/wp-content\/uploads\/sites\/8\/2019\/07\/El-campo-f\u00e9rtil-para-el-populismo-en-la-Am\u00e9rica-Latina.png","width":2091,"height":2447,"caption":"Michael Reid, periodista."},{"@type":"BreadcrumbList","@id":"https:\/\/super-news.info\/mx\/el-campo-fertil-para-el-populismo-en-la-america-latina-actual\/#breadcrumb","itemListElement":[{"@type":"ListItem","position":1,"name":"Home","item":"https:\/\/super-news.info\/mx\/"},{"@type":"ListItem","position":2,"name":"El campo f\u00e9rtil para el populismo en la Am\u00e9rica Latina actual"}]},{"@type":"WebSite","@id":"https:\/\/super-news.info\/mx\/#website","url":"https:\/\/super-news.info\/mx\/","name":"Super News","description":"Super News Mexico","potentialAction":[{"@type":"SearchAction","target":{"@type":"EntryPoint","urlTemplate":"https:\/\/super-news.info\/mx\/?s={search_term_string}"},"query-input":{"@type":"PropertyValueSpecification","valueRequired":true,"valueName":"search_term_string"}}],"inLanguage":"es"},{"@type":"Person","@id":"https:\/\/super-news.info\/mx\/#\/schema\/person\/74b71ca3d407439fd57da2d9c89449ca","name":"mx","image":{"@type":"ImageObject","inLanguage":"es","@id":"https:\/\/secure.gravatar.com\/avatar\/6374ac65ff69c362a0ae1303d73d69dcd9bd198d62d9861f054a69aaf82c017b?s=96&d=mm&r=g","url":"https:\/\/secure.gravatar.com\/avatar\/6374ac65ff69c362a0ae1303d73d69dcd9bd198d62d9861f054a69aaf82c017b?s=96&d=mm&r=g","contentUrl":"https:\/\/secure.gravatar.com\/avatar\/6374ac65ff69c362a0ae1303d73d69dcd9bd198d62d9861f054a69aaf82c017b?s=96&d=mm&r=g","caption":"mx"},"url":"https:\/\/super-news.info\/mx\/author\/mx\/"}]}},"_links":{"self":[{"href":"https:\/\/super-news.info\/mx\/wp-json\/wp\/v2\/posts\/2236","targetHints":{"allow":["GET"]}}],"collection":[{"href":"https:\/\/super-news.info\/mx\/wp-json\/wp\/v2\/posts"}],"about":[{"href":"https:\/\/super-news.info\/mx\/wp-json\/wp\/v2\/types\/post"}],"author":[{"embeddable":true,"href":"https:\/\/super-news.info\/mx\/wp-json\/wp\/v2\/users\/3"}],"replies":[{"embeddable":true,"href":"https:\/\/super-news.info\/mx\/wp-json\/wp\/v2\/comments?post=2236"}],"version-history":[{"count":1,"href":"https:\/\/super-news.info\/mx\/wp-json\/wp\/v2\/posts\/2236\/revisions"}],"predecessor-version":[{"id":2238,"href":"https:\/\/super-news.info\/mx\/wp-json\/wp\/v2\/posts\/2236\/revisions\/2238"}],"wp:featuredmedia":[{"embeddable":true,"href":"https:\/\/super-news.info\/mx\/wp-json\/wp\/v2\/media\/2237"}],"wp:attachment":[{"href":"https:\/\/super-news.info\/mx\/wp-json\/wp\/v2\/media?parent=2236"}],"wp:term":[{"taxonomy":"category","embeddable":true,"href":"https:\/\/super-news.info\/mx\/wp-json\/wp\/v2\/categories?post=2236"},{"taxonomy":"post_tag","embeddable":true,"href":"https:\/\/super-news.info\/mx\/wp-json\/wp\/v2\/tags?post=2236"}],"curies":[{"name":"wp","href":"https:\/\/api.w.org\/{rel}","templated":true}]}}