{"id":2231,"date":"2019-07-11T12:37:42","date_gmt":"2019-07-11T12:37:42","guid":{"rendered":"https:\/\/super-news.info\/mx\/el-incierto-futuro-del-sistema-politico-mexicano\/"},"modified":"2019-07-11T12:37:43","modified_gmt":"2019-07-11T12:37:43","slug":"el-incierto-futuro-del-sistema-politico-mexicano","status":"publish","type":"post","link":"https:\/\/super-news.info\/mx\/el-incierto-futuro-del-sistema-politico-mexicano\/","title":{"rendered":"El incierto futuro del sistema pol\u00edtico mexicano"},"content":{"rendered":"<p> [ad_1]<br \/>\n<\/p>\n<div class=\"rich__block \">\n<div>\n<div style=\"background:#f1f1f1;padding:5px;color: #333;font: 100 1rem sans-serif;margin: 1rem 0;line-height:20px\">\n<p>\tOPINI\u00d3N <\/p>\n<hr style=\"border-top: 1px dashed #8c8b8b;padding: 0;margin: 0\" \/>\n\t<span style=\"font-size: 14px\">Bloomberg Businessweek<\/span>\n<\/div>\n<\/div>\n<p><span class=\"element__footer\"><\/span><span class=\"element__credit\"><\/span><\/div>\n<p class=\"paragraph\" data-count=\"185\" data-wrap=\"34\">Este mes se cumpli\u00f3 un a\u00f1o del triunfo de Andr\u00e9s Manuel L\u00f3pez Obrador en las elecciones presidenciales, y de Morena y sus aliados en los comicios de la C\u00e1mara de Diputados y del Senado.<\/p>\n<p class=\"paragraph\" data-count=\"196\" data-wrap=\"35\">L\u00f3pez Obrador logr\u00f3 la votaci\u00f3n m\u00e1s alta para un candidato presidencial desde el triunfo de Miguel de la Madrid en 1982, al conseguir el 53.2 por ciento de los votos v\u00e1lidos de la justa electoral.<\/p>\n<p class=\"paragraph\" data-count=\"167\" data-wrap=\"30\">Al mismo tiempo, los partidos que lo respaldaron lograron obtener la mayor\u00eda absoluta en las dos c\u00e1maras del Congreso por primera vez desde que el PRI lo hizo en 1988.<\/p>\n<p class=\"paragraph\" data-count=\"175\" data-wrap=\"25\">Con los cambios de partido, en la C\u00e1mara de Diputados incluso obtuvieron la mayor\u00eda calificada, condici\u00f3n indispensable para poder realizar ajustes a la Constituci\u00f3n Mexicana.<\/p>\n<p class=\"paragraph\" data-count=\"134\" data-wrap=\"23\">Este triunfo se redonde\u00f3 con la obtenci\u00f3n del control (con mayor\u00eda absoluta o relativa) en m\u00e1s de la mitad de los congresos estatales.<\/p>\n<p class=\"paragraph\" data-count=\"198\" data-wrap=\"35\">En el otro extremo, el PRI obtuvo la votaci\u00f3n m\u00e1s baja de su historia en una elecci\u00f3n presidencial, al obtener apenas el 16.40 por ciento de los votos, sumando incluso los obtenidos por sus aliados.<\/p>\n<p class=\"paragraph\" data-count=\"150\" data-wrap=\"26\">El PAN, en alianza con los izquierdistas PRD y Movimiento Ciudadano, se qued\u00f3 atr\u00e1s de sus resultados previos al obtener el 22.3 por ciento del total.<\/p>\n<p class=\"paragraph\" data-count=\"244\" data-wrap=\"35\">Un a\u00f1o despu\u00e9s, el problema del sistema pol\u00edtico mexicano es que el partido triunfador, Morena, no ha logrado articularse como una organizaci\u00f3n partidista funcional, sino persiste como movimiento social de gran heterogeneidad en su composici\u00f3n.<\/p>\n<p class=\"paragraph\" data-count=\"251\" data-wrap=\"43\">En las votaciones locales realizadas en junio de este a\u00f1o, Morena y sus aliados obtuvieron el 44.4 por ciento de los votos totales que fueron emitidos, es decir, casi 9 puntos porcentuales por debajo de lo conseguido en los comicios federales de 2018.<\/p>\n<p class=\"paragraph\" data-count=\"189\" data-wrap=\"32\">En contraste, el PAN y sus aliados, aunque perdieron dos gubernaturas en juego, obtuvieron el 40 por ciento de los votos v\u00e1lidos totales, casi 18 puntos m\u00e1s que en las elecciones federales.<\/p>\n<p class=\"paragraph\" data-count=\"164\" data-wrap=\"31\">En el caso del PRI, el resultado de este a\u00f1o confirm\u00f3 su debacle, al obtener solamente el 15.6 por ciento de la votaci\u00f3n, no muy lejos del resultado del a\u00f1o pasado.<\/p>\n<p class=\"paragraph\" data-count=\"282\" data-wrap=\"44\">El sistema de partidos en M\u00e9xico se desdibuj\u00f3 por completo, pues la fuerza emergente, Morena, no ha logrado madurar y persiste como un movimiento que atrae principalmente por la personalidad del presidente L\u00f3pez Obrador, pero con una gran heterogeneidad en su formaci\u00f3n y filosof\u00eda.<\/p>\n<p class=\"paragraph\" data-count=\"187\" data-wrap=\"30\">El PAN, pese a resistir la derrota y confirmarse como el principal opositor, no ha logrado una presencia pol\u00edtica de alto relieve porque las principales figuras del partido se marginaron.<\/p>\n<p class=\"paragraph\" data-count=\"154\" data-wrap=\"29\">En el caso del PRI, pese a ser la fuerza pol\u00edtica con m\u00e1s gubernaturas, 12, se perfila para perder una buena cantidad de ellas en las elecciones del 2021.<\/p>\n<p class=\"paragraph\" data-count=\"140\" data-wrap=\"24\">Qued\u00f3 claro que la gran fuerza de arrastre de los electores hacia Morena depende de que participe en el proceso Andr\u00e9s Manuel L\u00f3pez Obrador.<\/p>\n<p class=\"paragraph\" data-count=\"197\" data-wrap=\"32\">La iniciativa de revocaci\u00f3n de mandato propuesta por Morena este a\u00f1o, planteaba que en las elecciones federales de 2021 se definiera tambi\u00e9n la continuaci\u00f3n o no de L\u00f3pez Obrador en la presidencia.<\/p>\n<p class=\"paragraph\" data-count=\"322\" data-wrap=\"52\">Todos los partidos opositores vieron esta intenci\u00f3n como una forma disfrazada de introducir a AMLO en la contienda electoral, por lo que hicieron un frente para asegurar que la reforma constitucional que requer\u00eda la propuesta no obtuviera la mayor\u00eda calificada en el Senado, por lo que ni siquiera fue sometida a votaci\u00f3n.<\/p>\n<p class=\"paragraph\" data-count=\"228\" data-wrap=\"36\">La oposici\u00f3n tambi\u00e9n ha frenado la propuesta de Morena para hacer una reforma que implicar\u00eda la desaparici\u00f3n de los \u00f3rganos electorales locales y la reconformaci\u00f3n del INE como un \u00f3rgano t\u00e9cnico m\u00e1s que como autoridad electoral.<\/p>\n<p class=\"paragraph\" data-count=\"146\" data-wrap=\"26\">Para obtener una mayor\u00eda calificada en el Senado, L\u00f3pez Obrador necesita todos los votos de Morena, PVEM, PES y PT, y necesita sumar 10 votos m\u00e1s.<\/p>\n<p class=\"paragraph\" data-count=\"117\" data-wrap=\"22\">El PAN tiene 24 senadores; el PRI, 14; Movimiento Ciudadano (MC), 8; y el PRD, 5, adem\u00e1s de que hay un independiente.<\/p>\n<p class=\"paragraph\" data-count=\"290\" data-wrap=\"47\">Una de las estrategias de Morena y el gobierno actual es esperar el cambio de dirigencia que habr\u00e1 de presentarse en el PRI durante agosto, en donde el exgobernador de Campeche, Alejandro Moreno, tiene las mayores posibilidades de convertirse en el nuevo presidente nacional de ese partido.<\/p>\n<p class=\"paragraph\" data-count=\"325\" data-wrap=\"57\">Moreno es cercano al presidente L\u00f3pez Obrador, y aunque ha planteado que mantendr\u00e1 la independencia del partido, hay pol\u00edticos que piensan que con \u00e9l ser\u00eda posible obtener los 10 votos que se requieren para procesar la reforma constitucional. O bien, a trav\u00e9s de la suma de algunos votos del PRI, otros del PRD y otros de MC.<\/p>\n<p class=\"paragraph\" data-count=\"223\" data-wrap=\"38\">Con AMLO presente en las boletas o con una posible reforma del sistema electoral, Morena calcula que podr\u00eda mantener la mayor\u00eda absoluta en la C\u00e1mara de Diputados en el 2021 y ganar ampliamente las 14 gubernaturas en juego.<\/p>\n<p class=\"paragraph\" data-count=\"226\" data-wrap=\"36\">Eso permitir\u00eda reorganizar a fondo el sistema pol\u00edtico en la segunda parte de este sexenio, para asegurar la continuidad de los proyectos y pol\u00edticas planteadas por Morena, a pesar del natural desgaste del ejercicio del poder.<\/p>\n<p class=\"paragraph\" data-count=\"396\" data-wrap=\"63\">Si Morena no logra realizar esos cambios, corre el riesgo de que en 2021 pueda perder la mayor\u00eda absoluta en la C\u00e1mara de Diputados, lo que redefinir\u00eda completamente la din\u00e1mica pol\u00edtica de la segunda parte de la administraci\u00f3n federal, pues entre otras cosas, el presidente podr\u00eda no contar ya con el presupuesto que requiere, pues tendr\u00eda que negociarlo ampliamente con otras fuerzas pol\u00edticas.<\/p>\n<p class=\"paragraph\" data-count=\"154\" data-wrap=\"26\">No es exageraci\u00f3n decir que la encrucijada que enfrenta el sistema pol\u00edtico mexicano podr\u00eda definir en buena medida el futuro de largo plazo para el pa\u00eds.<\/p>\n<p class=\"paragraph\" data-count=\"377\" data-wrap=\"63\">La joven democracia mexicana se conform\u00f3 en buena medida a partir de la crisis electoral que se vivi\u00f3 en 1988, con la cuestionada elecci\u00f3n que llev\u00f3 al triunfo del exmandatario Carlos Salinas de Gortari. Pero, sobre todo, a partir de 1994, cuando la crisis social que se present\u00f3 ese a\u00f1o condujo a la creaci\u00f3n de una autoridad electoral ciudadana e independiente del Ejecutivo.<\/p>\n<p class=\"paragraph\" data-count=\"244\" data-wrap=\"37\">Ahora, bajo el paraguas de las fundadas cr\u00edticas al elevado costo de los procesos electorales, se plantea una reforma cuyo resultado previsible podr\u00eda ser desmantelar la legislaci\u00f3n e instituciones que fueron construidas en los \u00faltimos 25 a\u00f1os.<\/p>\n<p class=\"paragraph\" data-count=\"217\" data-wrap=\"40\">El otro gran problema de fondo es la crisis de los partidos opositores. A poco m\u00e1s de un a\u00f1o del triunfo de L\u00f3pez Obrador y Morena, no han surgido en el horizonte figuras pol\u00edticas que logren articular a la oposici\u00f3n.<\/p>\n<p class=\"paragraph\" data-count=\"178\" data-wrap=\"28\">Las encuestas recientes muestran que hay un rechazo al gobierno del presidente de alrededor de una tercera parte de la ciudadan\u00eda. Sin embargo, ese rechazo se encuentra disperso.<\/p>\n<p class=\"paragraph\" data-count=\"464\" data-wrap=\"72\">Si no aparecieran en la escena figuras pol\u00edticas atractivas que pudieran encabezar la oposici\u00f3n, aun sin las reformas planteadas, Morena y AMLO tendr\u00edan las mayores oportunidades para mantenerse otro sexenio en el gobierno y consolidar los cambios que han realizado en la estructura institucional del pa\u00eds, cerrando en varios \u00e1mbitos la competencia que se abri\u00f3 sobre todo a partir de los 90 y probablemente redefiniendo materias como el sistema fiscal mexicano. \ufffc<\/p>\n<p>[ad_2]<br \/>\n<br \/><a href=\"https:\/\/www.elfinanciero.com.mx\/rss\/bloomberg-businessweek\/el-incierto-futuro-del-sistema-politico-mexicano\">Source link <\/a><\/p>\n","protected":false},"excerpt":{"rendered":"<p>[ad_1] OPINI\u00d3N Bloomberg Businessweek Este mes se cumpli\u00f3 un a\u00f1o del triunfo de Andr\u00e9s Manuel L\u00f3pez Obrador en las elecciones presidenciales, y de Morena y sus aliados en los comicios de la C\u00e1mara de Diputados y del Senado. L\u00f3pez Obrador logr\u00f3 la votaci\u00f3n m\u00e1s alta para un candidato presidencial desde el triunfo de Miguel de [&hellip;]<\/p>\n","protected":false},"author":3,"featured_media":554,"comment_status":"open","ping_status":"open","sticky":false,"template":"","format":"standard","meta":{"footnotes":""},"categories":[1],"tags":[],"class_list":["post-2231","post","type-post","status-publish","format-standard","has-post-thumbnail","hentry","category-noticias-financieras"],"yoast_head":"<!-- This site is optimized with the Yoast SEO plugin v27.4 - https:\/\/yoast.com\/product\/yoast-seo-wordpress\/ -->\n<title>El incierto futuro del sistema pol\u00edtico mexicano - Super News<\/title>\n<meta name=\"robots\" content=\"index, follow, max-snippet:-1, max-image-preview:large, max-video-preview:-1\" \/>\n<link rel=\"canonical\" href=\"https:\/\/super-news.info\/mx\/el-incierto-futuro-del-sistema-politico-mexicano\/\" \/>\n<meta property=\"og:locale\" content=\"es_MX\" \/>\n<meta property=\"og:type\" content=\"article\" \/>\n<meta property=\"og:title\" content=\"El incierto futuro del sistema pol\u00edtico mexicano - Super News\" \/>\n<meta property=\"og:description\" content=\"[ad_1] OPINI\u00d3N Bloomberg Businessweek Este mes se cumpli\u00f3 un a\u00f1o del triunfo de Andr\u00e9s Manuel L\u00f3pez Obrador en las elecciones presidenciales, y de Morena y sus aliados en los comicios de la C\u00e1mara de Diputados y del Senado. L\u00f3pez Obrador logr\u00f3 la votaci\u00f3n m\u00e1s alta para un candidato presidencial desde el triunfo de Miguel de [&hellip;]\" \/>\n<meta property=\"og:url\" content=\"https:\/\/super-news.info\/mx\/el-incierto-futuro-del-sistema-politico-mexicano\/\" \/>\n<meta property=\"og:site_name\" content=\"Super News\" \/>\n<meta property=\"article:published_time\" content=\"2019-07-11T12:37:42+00:00\" \/>\n<meta property=\"article:modified_time\" content=\"2019-07-11T12:37:43+00:00\" \/>\n<meta property=\"og:image\" content=\"https:\/\/super-news.info\/mx\/wp-content\/uploads\/sites\/8\/2019\/05\/La-sorprendente-ortodoxia-fiscal-de-AMLO.png\" \/>\n\t<meta property=\"og:image:width\" content=\"25\" \/>\n\t<meta property=\"og:image:height\" content=\"50\" \/>\n\t<meta property=\"og:image:type\" content=\"image\/png\" \/>\n<meta name=\"author\" content=\"mx\" \/>\n<meta name=\"twitter:card\" content=\"summary_large_image\" \/>\n<meta name=\"twitter:label1\" content=\"Escrito por\" \/>\n\t<meta name=\"twitter:data1\" content=\"mx\" \/>\n\t<meta name=\"twitter:label2\" content=\"Tiempo de lectura\" \/>\n\t<meta name=\"twitter:data2\" content=\"6 minutos\" \/>\n<script type=\"application\/ld+json\" class=\"yoast-schema-graph\">{\"@context\":\"https:\\\/\\\/schema.org\",\"@graph\":[{\"@type\":\"Article\",\"@id\":\"https:\\\/\\\/super-news.info\\\/mx\\\/el-incierto-futuro-del-sistema-politico-mexicano\\\/#article\",\"isPartOf\":{\"@id\":\"https:\\\/\\\/super-news.info\\\/mx\\\/el-incierto-futuro-del-sistema-politico-mexicano\\\/\"},\"author\":{\"name\":\"mx\",\"@id\":\"https:\\\/\\\/super-news.info\\\/mx\\\/#\\\/schema\\\/person\\\/74b71ca3d407439fd57da2d9c89449ca\"},\"headline\":\"El incierto futuro del sistema pol\u00edtico mexicano\",\"datePublished\":\"2019-07-11T12:37:42+00:00\",\"dateModified\":\"2019-07-11T12:37:43+00:00\",\"mainEntityOfPage\":{\"@id\":\"https:\\\/\\\/super-news.info\\\/mx\\\/el-incierto-futuro-del-sistema-politico-mexicano\\\/\"},\"wordCount\":1240,\"commentCount\":0,\"image\":{\"@id\":\"https:\\\/\\\/super-news.info\\\/mx\\\/el-incierto-futuro-del-sistema-politico-mexicano\\\/#primaryimage\"},\"thumbnailUrl\":\"https:\\\/\\\/super-news.info\\\/mx\\\/wp-content\\\/uploads\\\/sites\\\/8\\\/2019\\\/05\\\/La-sorprendente-ortodoxia-fiscal-de-AMLO.png\",\"articleSection\":[\"NOTICIAS FINANCIERAS\"],\"inLanguage\":\"es\",\"potentialAction\":[{\"@type\":\"CommentAction\",\"name\":\"Comment\",\"target\":[\"https:\\\/\\\/super-news.info\\\/mx\\\/el-incierto-futuro-del-sistema-politico-mexicano\\\/#respond\"]}]},{\"@type\":\"WebPage\",\"@id\":\"https:\\\/\\\/super-news.info\\\/mx\\\/el-incierto-futuro-del-sistema-politico-mexicano\\\/\",\"url\":\"https:\\\/\\\/super-news.info\\\/mx\\\/el-incierto-futuro-del-sistema-politico-mexicano\\\/\",\"name\":\"El incierto futuro del sistema pol\u00edtico mexicano - Super News\",\"isPartOf\":{\"@id\":\"https:\\\/\\\/super-news.info\\\/mx\\\/#website\"},\"primaryImageOfPage\":{\"@id\":\"https:\\\/\\\/super-news.info\\\/mx\\\/el-incierto-futuro-del-sistema-politico-mexicano\\\/#primaryimage\"},\"image\":{\"@id\":\"https:\\\/\\\/super-news.info\\\/mx\\\/el-incierto-futuro-del-sistema-politico-mexicano\\\/#primaryimage\"},\"thumbnailUrl\":\"https:\\\/\\\/super-news.info\\\/mx\\\/wp-content\\\/uploads\\\/sites\\\/8\\\/2019\\\/05\\\/La-sorprendente-ortodoxia-fiscal-de-AMLO.png\",\"datePublished\":\"2019-07-11T12:37:42+00:00\",\"dateModified\":\"2019-07-11T12:37:43+00:00\",\"author\":{\"@id\":\"https:\\\/\\\/super-news.info\\\/mx\\\/#\\\/schema\\\/person\\\/74b71ca3d407439fd57da2d9c89449ca\"},\"breadcrumb\":{\"@id\":\"https:\\\/\\\/super-news.info\\\/mx\\\/el-incierto-futuro-del-sistema-politico-mexicano\\\/#breadcrumb\"},\"inLanguage\":\"es\",\"potentialAction\":[{\"@type\":\"ReadAction\",\"target\":[\"https:\\\/\\\/super-news.info\\\/mx\\\/el-incierto-futuro-del-sistema-politico-mexicano\\\/\"]}]},{\"@type\":\"ImageObject\",\"inLanguage\":\"es\",\"@id\":\"https:\\\/\\\/super-news.info\\\/mx\\\/el-incierto-futuro-del-sistema-politico-mexicano\\\/#primaryimage\",\"url\":\"https:\\\/\\\/super-news.info\\\/mx\\\/wp-content\\\/uploads\\\/sites\\\/8\\\/2019\\\/05\\\/La-sorprendente-ortodoxia-fiscal-de-AMLO.png\",\"contentUrl\":\"https:\\\/\\\/super-news.info\\\/mx\\\/wp-content\\\/uploads\\\/sites\\\/8\\\/2019\\\/05\\\/La-sorprendente-ortodoxia-fiscal-de-AMLO.png\",\"width\":25,\"height\":50,\"caption\":\"logo\"},{\"@type\":\"BreadcrumbList\",\"@id\":\"https:\\\/\\\/super-news.info\\\/mx\\\/el-incierto-futuro-del-sistema-politico-mexicano\\\/#breadcrumb\",\"itemListElement\":[{\"@type\":\"ListItem\",\"position\":1,\"name\":\"Home\",\"item\":\"https:\\\/\\\/super-news.info\\\/mx\\\/\"},{\"@type\":\"ListItem\",\"position\":2,\"name\":\"El incierto futuro del sistema pol\u00edtico mexicano\"}]},{\"@type\":\"WebSite\",\"@id\":\"https:\\\/\\\/super-news.info\\\/mx\\\/#website\",\"url\":\"https:\\\/\\\/super-news.info\\\/mx\\\/\",\"name\":\"Super News\",\"description\":\"Super News Mexico\",\"potentialAction\":[{\"@type\":\"SearchAction\",\"target\":{\"@type\":\"EntryPoint\",\"urlTemplate\":\"https:\\\/\\\/super-news.info\\\/mx\\\/?s={search_term_string}\"},\"query-input\":{\"@type\":\"PropertyValueSpecification\",\"valueRequired\":true,\"valueName\":\"search_term_string\"}}],\"inLanguage\":\"es\"},{\"@type\":\"Person\",\"@id\":\"https:\\\/\\\/super-news.info\\\/mx\\\/#\\\/schema\\\/person\\\/74b71ca3d407439fd57da2d9c89449ca\",\"name\":\"mx\",\"image\":{\"@type\":\"ImageObject\",\"inLanguage\":\"es\",\"@id\":\"https:\\\/\\\/secure.gravatar.com\\\/avatar\\\/6374ac65ff69c362a0ae1303d73d69dcd9bd198d62d9861f054a69aaf82c017b?s=96&d=mm&r=g\",\"url\":\"https:\\\/\\\/secure.gravatar.com\\\/avatar\\\/6374ac65ff69c362a0ae1303d73d69dcd9bd198d62d9861f054a69aaf82c017b?s=96&d=mm&r=g\",\"contentUrl\":\"https:\\\/\\\/secure.gravatar.com\\\/avatar\\\/6374ac65ff69c362a0ae1303d73d69dcd9bd198d62d9861f054a69aaf82c017b?s=96&d=mm&r=g\",\"caption\":\"mx\"},\"url\":\"https:\\\/\\\/super-news.info\\\/mx\\\/author\\\/mx\\\/\"}]}<\/script>\n<!-- \/ Yoast SEO plugin. -->","yoast_head_json":{"title":"El incierto futuro del sistema pol\u00edtico mexicano - Super News","robots":{"index":"index","follow":"follow","max-snippet":"max-snippet:-1","max-image-preview":"max-image-preview:large","max-video-preview":"max-video-preview:-1"},"canonical":"https:\/\/super-news.info\/mx\/el-incierto-futuro-del-sistema-politico-mexicano\/","og_locale":"es_MX","og_type":"article","og_title":"El incierto futuro del sistema pol\u00edtico mexicano - Super News","og_description":"[ad_1] OPINI\u00d3N Bloomberg Businessweek Este mes se cumpli\u00f3 un a\u00f1o del triunfo de Andr\u00e9s Manuel L\u00f3pez Obrador en las elecciones presidenciales, y de Morena y sus aliados en los comicios de la C\u00e1mara de Diputados y del Senado. L\u00f3pez Obrador logr\u00f3 la votaci\u00f3n m\u00e1s alta para un candidato presidencial desde el triunfo de Miguel de [&hellip;]","og_url":"https:\/\/super-news.info\/mx\/el-incierto-futuro-del-sistema-politico-mexicano\/","og_site_name":"Super News","article_published_time":"2019-07-11T12:37:42+00:00","article_modified_time":"2019-07-11T12:37:43+00:00","og_image":[{"width":25,"height":50,"url":"https:\/\/super-news.info\/mx\/wp-content\/uploads\/sites\/8\/2019\/05\/La-sorprendente-ortodoxia-fiscal-de-AMLO.png","type":"image\/png"}],"author":"mx","twitter_card":"summary_large_image","twitter_misc":{"Escrito por":"mx","Tiempo de lectura":"6 minutos"},"schema":{"@context":"https:\/\/schema.org","@graph":[{"@type":"Article","@id":"https:\/\/super-news.info\/mx\/el-incierto-futuro-del-sistema-politico-mexicano\/#article","isPartOf":{"@id":"https:\/\/super-news.info\/mx\/el-incierto-futuro-del-sistema-politico-mexicano\/"},"author":{"name":"mx","@id":"https:\/\/super-news.info\/mx\/#\/schema\/person\/74b71ca3d407439fd57da2d9c89449ca"},"headline":"El incierto futuro del sistema pol\u00edtico mexicano","datePublished":"2019-07-11T12:37:42+00:00","dateModified":"2019-07-11T12:37:43+00:00","mainEntityOfPage":{"@id":"https:\/\/super-news.info\/mx\/el-incierto-futuro-del-sistema-politico-mexicano\/"},"wordCount":1240,"commentCount":0,"image":{"@id":"https:\/\/super-news.info\/mx\/el-incierto-futuro-del-sistema-politico-mexicano\/#primaryimage"},"thumbnailUrl":"https:\/\/super-news.info\/mx\/wp-content\/uploads\/sites\/8\/2019\/05\/La-sorprendente-ortodoxia-fiscal-de-AMLO.png","articleSection":["NOTICIAS FINANCIERAS"],"inLanguage":"es","potentialAction":[{"@type":"CommentAction","name":"Comment","target":["https:\/\/super-news.info\/mx\/el-incierto-futuro-del-sistema-politico-mexicano\/#respond"]}]},{"@type":"WebPage","@id":"https:\/\/super-news.info\/mx\/el-incierto-futuro-del-sistema-politico-mexicano\/","url":"https:\/\/super-news.info\/mx\/el-incierto-futuro-del-sistema-politico-mexicano\/","name":"El incierto futuro del sistema pol\u00edtico mexicano - Super News","isPartOf":{"@id":"https:\/\/super-news.info\/mx\/#website"},"primaryImageOfPage":{"@id":"https:\/\/super-news.info\/mx\/el-incierto-futuro-del-sistema-politico-mexicano\/#primaryimage"},"image":{"@id":"https:\/\/super-news.info\/mx\/el-incierto-futuro-del-sistema-politico-mexicano\/#primaryimage"},"thumbnailUrl":"https:\/\/super-news.info\/mx\/wp-content\/uploads\/sites\/8\/2019\/05\/La-sorprendente-ortodoxia-fiscal-de-AMLO.png","datePublished":"2019-07-11T12:37:42+00:00","dateModified":"2019-07-11T12:37:43+00:00","author":{"@id":"https:\/\/super-news.info\/mx\/#\/schema\/person\/74b71ca3d407439fd57da2d9c89449ca"},"breadcrumb":{"@id":"https:\/\/super-news.info\/mx\/el-incierto-futuro-del-sistema-politico-mexicano\/#breadcrumb"},"inLanguage":"es","potentialAction":[{"@type":"ReadAction","target":["https:\/\/super-news.info\/mx\/el-incierto-futuro-del-sistema-politico-mexicano\/"]}]},{"@type":"ImageObject","inLanguage":"es","@id":"https:\/\/super-news.info\/mx\/el-incierto-futuro-del-sistema-politico-mexicano\/#primaryimage","url":"https:\/\/super-news.info\/mx\/wp-content\/uploads\/sites\/8\/2019\/05\/La-sorprendente-ortodoxia-fiscal-de-AMLO.png","contentUrl":"https:\/\/super-news.info\/mx\/wp-content\/uploads\/sites\/8\/2019\/05\/La-sorprendente-ortodoxia-fiscal-de-AMLO.png","width":25,"height":50,"caption":"logo"},{"@type":"BreadcrumbList","@id":"https:\/\/super-news.info\/mx\/el-incierto-futuro-del-sistema-politico-mexicano\/#breadcrumb","itemListElement":[{"@type":"ListItem","position":1,"name":"Home","item":"https:\/\/super-news.info\/mx\/"},{"@type":"ListItem","position":2,"name":"El incierto futuro del sistema pol\u00edtico mexicano"}]},{"@type":"WebSite","@id":"https:\/\/super-news.info\/mx\/#website","url":"https:\/\/super-news.info\/mx\/","name":"Super News","description":"Super News Mexico","potentialAction":[{"@type":"SearchAction","target":{"@type":"EntryPoint","urlTemplate":"https:\/\/super-news.info\/mx\/?s={search_term_string}"},"query-input":{"@type":"PropertyValueSpecification","valueRequired":true,"valueName":"search_term_string"}}],"inLanguage":"es"},{"@type":"Person","@id":"https:\/\/super-news.info\/mx\/#\/schema\/person\/74b71ca3d407439fd57da2d9c89449ca","name":"mx","image":{"@type":"ImageObject","inLanguage":"es","@id":"https:\/\/secure.gravatar.com\/avatar\/6374ac65ff69c362a0ae1303d73d69dcd9bd198d62d9861f054a69aaf82c017b?s=96&d=mm&r=g","url":"https:\/\/secure.gravatar.com\/avatar\/6374ac65ff69c362a0ae1303d73d69dcd9bd198d62d9861f054a69aaf82c017b?s=96&d=mm&r=g","contentUrl":"https:\/\/secure.gravatar.com\/avatar\/6374ac65ff69c362a0ae1303d73d69dcd9bd198d62d9861f054a69aaf82c017b?s=96&d=mm&r=g","caption":"mx"},"url":"https:\/\/super-news.info\/mx\/author\/mx\/"}]}},"_links":{"self":[{"href":"https:\/\/super-news.info\/mx\/wp-json\/wp\/v2\/posts\/2231","targetHints":{"allow":["GET"]}}],"collection":[{"href":"https:\/\/super-news.info\/mx\/wp-json\/wp\/v2\/posts"}],"about":[{"href":"https:\/\/super-news.info\/mx\/wp-json\/wp\/v2\/types\/post"}],"author":[{"embeddable":true,"href":"https:\/\/super-news.info\/mx\/wp-json\/wp\/v2\/users\/3"}],"replies":[{"embeddable":true,"href":"https:\/\/super-news.info\/mx\/wp-json\/wp\/v2\/comments?post=2231"}],"version-history":[{"count":1,"href":"https:\/\/super-news.info\/mx\/wp-json\/wp\/v2\/posts\/2231\/revisions"}],"predecessor-version":[{"id":2232,"href":"https:\/\/super-news.info\/mx\/wp-json\/wp\/v2\/posts\/2231\/revisions\/2232"}],"wp:featuredmedia":[{"embeddable":true,"href":"https:\/\/super-news.info\/mx\/wp-json\/wp\/v2\/media\/554"}],"wp:attachment":[{"href":"https:\/\/super-news.info\/mx\/wp-json\/wp\/v2\/media?parent=2231"}],"wp:term":[{"taxonomy":"category","embeddable":true,"href":"https:\/\/super-news.info\/mx\/wp-json\/wp\/v2\/categories?post=2231"},{"taxonomy":"post_tag","embeddable":true,"href":"https:\/\/super-news.info\/mx\/wp-json\/wp\/v2\/tags?post=2231"}],"curies":[{"name":"wp","href":"https:\/\/api.w.org\/{rel}","templated":true}]}}