{"id":2228,"date":"2019-07-11T11:50:34","date_gmt":"2019-07-11T11:50:34","guid":{"rendered":"https:\/\/super-news.info\/mx\/el-dia-que-amlo-tambien-renuncio-a-un-cargo\/"},"modified":"2019-07-11T11:50:35","modified_gmt":"2019-07-11T11:50:35","slug":"el-dia-que-amlo-tambien-renuncio-a-un-cargo","status":"publish","type":"post","link":"https:\/\/super-news.info\/mx\/el-dia-que-amlo-tambien-renuncio-a-un-cargo\/","title":{"rendered":"El d\u00eda que AMLO tambi\u00e9n renunci\u00f3 a un cargo"},"content":{"rendered":"<p> [ad_1]<br \/>\n<\/p>\n<p class=\"paragraph\" data-count=\"198\" data-wrap=\"34\">TABASCO. &#8211; Hace 36 a\u00f1os el presidente <strong>Andr\u00e9s Manuel L\u00f3pez Obrador<\/strong> decidi\u00f3 declinar la propuesta a un cargo p\u00fablico por considerar que lo \u201calejaba\u201d de su prop\u00f3sito de mantenerse cercano a la gente.\n<\/p>\n<p class=\"paragraph\" data-count=\"188\" data-wrap=\"31\">En agosto de 1983, el entonces gobernador <strong>Enrique Gonz\u00e1lez Pedrero<\/strong> lo nombr\u00f3 Oficial Mayor de Tabasco, pero a pesar de su cercan\u00eda con el mandatario, decidi\u00f3 renunciar casi de inmediato.\n<\/p>\n<p class=\"paragraph\" data-count=\"223\" data-wrap=\"36\">Ese a\u00f1o, L\u00f3pez Obrador era dirigente estatal del PRI, pero sus diferencias con alcaldes, molestos por la labor de \u201ccontralor\u00eda\u201d que realizaba el tricolor, motivaron que le pidieran al gobernador que lo sacara del partido.\n<\/p>\n<p class=\"paragraph\" data-count=\"186\" data-wrap=\"30\">El hoy presidente estuvo en desacuerdo con que el gobernador accediera a las presiones, as\u00ed que 24 horas despu\u00e9s de su nombramiento present\u00f3 una breve carta declinando el nombramiento.\n<\/p>\n<p class=\"paragraph\" data-count=\"135\" data-wrap=\"23\">A partir de ah\u00ed rompi\u00f3 relaciones con la administraci\u00f3n estatal y abandon\u00f3 al priismo, y, en 1988, se uni\u00f3 a la Corriente Democr\u00e1tica.\n<\/p>\n<p class=\"paragraph\" data-count=\"0\" data-wrap=\"1\">\n<div class=\"image__block \">\n<figure><\/figure>\n<p><span class=\"element__footer\"><\/span><span class=\"element__credit\"><\/span><\/div>\n<p>[ad_2]<br \/>\n<br \/><a href=\"https:\/\/www.elfinanciero.com.mx\/rss\/nacional\/hace-36-anos-declino-amlo-ser-oficial-mayor\">Source link <\/a><\/p>\n","protected":false},"excerpt":{"rendered":"<p>[ad_1] TABASCO. &#8211; Hace 36 a\u00f1os el presidente Andr\u00e9s Manuel L\u00f3pez Obrador decidi\u00f3 declinar la propuesta a un cargo p\u00fablico por considerar que lo \u201calejaba\u201d de su prop\u00f3sito de mantenerse cercano a la gente. En agosto de 1983, el entonces gobernador Enrique Gonz\u00e1lez Pedrero lo nombr\u00f3 Oficial Mayor de Tabasco, pero a pesar de su [&hellip;]<\/p>\n","protected":false},"author":3,"featured_media":2229,"comment_status":"open","ping_status":"open","sticky":false,"template":"","format":"standard","meta":{"footnotes":""},"categories":[1],"tags":[],"class_list":["post-2228","post","type-post","status-publish","format-standard","has-post-thumbnail","hentry","category-noticias-financieras"],"yoast_head":"<!-- This site is optimized with the Yoast SEO plugin v27.4 - https:\/\/yoast.com\/product\/yoast-seo-wordpress\/ -->\n<title>El d\u00eda que AMLO tambi\u00e9n renunci\u00f3 a un cargo - Super News<\/title>\n<meta name=\"robots\" content=\"index, follow, max-snippet:-1, max-image-preview:large, max-video-preview:-1\" \/>\n<link rel=\"canonical\" href=\"https:\/\/super-news.info\/mx\/el-dia-que-amlo-tambien-renuncio-a-un-cargo\/\" \/>\n<meta property=\"og:locale\" content=\"es_MX\" \/>\n<meta property=\"og:type\" content=\"article\" \/>\n<meta property=\"og:title\" content=\"El d\u00eda que AMLO tambi\u00e9n renunci\u00f3 a un cargo - Super News\" \/>\n<meta property=\"og:description\" content=\"[ad_1] TABASCO. &#8211; Hace 36 a\u00f1os el presidente Andr\u00e9s Manuel L\u00f3pez Obrador decidi\u00f3 declinar la propuesta a un cargo p\u00fablico por considerar que lo \u201calejaba\u201d de su prop\u00f3sito de mantenerse cercano a la gente. En agosto de 1983, el entonces gobernador Enrique Gonz\u00e1lez Pedrero lo nombr\u00f3 Oficial Mayor de Tabasco, pero a pesar de su [&hellip;]\" \/>\n<meta property=\"og:url\" content=\"https:\/\/super-news.info\/mx\/el-dia-que-amlo-tambien-renuncio-a-un-cargo\/\" \/>\n<meta property=\"og:site_name\" content=\"Super News\" \/>\n<meta property=\"article:published_time\" content=\"2019-07-11T11:50:34+00:00\" \/>\n<meta property=\"article:modified_time\" content=\"2019-07-11T11:50:35+00:00\" \/>\n<meta property=\"og:image\" content=\"https:\/\/super-news.info\/mx\/wp-content\/uploads\/sites\/8\/2019\/07\/El-d\u00eda-que-AMLO-tambi\u00e9n-renunci\u00f3-a-un-cargo.jpeg\" \/>\n\t<meta property=\"og:image:width\" content=\"1010\" \/>\n\t<meta property=\"og:image:height\" content=\"1181\" \/>\n\t<meta property=\"og:image:type\" content=\"image\/jpeg\" \/>\n<meta name=\"author\" content=\"mx\" \/>\n<meta name=\"twitter:card\" content=\"summary_large_image\" \/>\n<meta name=\"twitter:label1\" content=\"Escrito por\" \/>\n\t<meta name=\"twitter:data1\" content=\"mx\" \/>\n\t<meta name=\"twitter:label2\" content=\"Tiempo de lectura\" \/>\n\t<meta name=\"twitter:data2\" content=\"1 minuto\" \/>\n<script type=\"application\/ld+json\" class=\"yoast-schema-graph\">{\"@context\":\"https:\\\/\\\/schema.org\",\"@graph\":[{\"@type\":\"Article\",\"@id\":\"https:\\\/\\\/super-news.info\\\/mx\\\/el-dia-que-amlo-tambien-renuncio-a-un-cargo\\\/#article\",\"isPartOf\":{\"@id\":\"https:\\\/\\\/super-news.info\\\/mx\\\/el-dia-que-amlo-tambien-renuncio-a-un-cargo\\\/\"},\"author\":{\"name\":\"mx\",\"@id\":\"https:\\\/\\\/super-news.info\\\/mx\\\/#\\\/schema\\\/person\\\/74b71ca3d407439fd57da2d9c89449ca\"},\"headline\":\"El d\u00eda que AMLO tambi\u00e9n renunci\u00f3 a un cargo\",\"datePublished\":\"2019-07-11T11:50:34+00:00\",\"dateModified\":\"2019-07-11T11:50:35+00:00\",\"mainEntityOfPage\":{\"@id\":\"https:\\\/\\\/super-news.info\\\/mx\\\/el-dia-que-amlo-tambien-renuncio-a-un-cargo\\\/\"},\"wordCount\":174,\"commentCount\":0,\"image\":{\"@id\":\"https:\\\/\\\/super-news.info\\\/mx\\\/el-dia-que-amlo-tambien-renuncio-a-un-cargo\\\/#primaryimage\"},\"thumbnailUrl\":\"https:\\\/\\\/super-news.info\\\/mx\\\/wp-content\\\/uploads\\\/sites\\\/8\\\/2019\\\/07\\\/El-d\u00eda-que-AMLO-tambi\u00e9n-renunci\u00f3-a-un-cargo.jpeg\",\"articleSection\":[\"NOTICIAS FINANCIERAS\"],\"inLanguage\":\"es\",\"potentialAction\":[{\"@type\":\"CommentAction\",\"name\":\"Comment\",\"target\":[\"https:\\\/\\\/super-news.info\\\/mx\\\/el-dia-que-amlo-tambien-renuncio-a-un-cargo\\\/#respond\"]}]},{\"@type\":\"WebPage\",\"@id\":\"https:\\\/\\\/super-news.info\\\/mx\\\/el-dia-que-amlo-tambien-renuncio-a-un-cargo\\\/\",\"url\":\"https:\\\/\\\/super-news.info\\\/mx\\\/el-dia-que-amlo-tambien-renuncio-a-un-cargo\\\/\",\"name\":\"El d\u00eda que AMLO tambi\u00e9n renunci\u00f3 a un cargo - Super News\",\"isPartOf\":{\"@id\":\"https:\\\/\\\/super-news.info\\\/mx\\\/#website\"},\"primaryImageOfPage\":{\"@id\":\"https:\\\/\\\/super-news.info\\\/mx\\\/el-dia-que-amlo-tambien-renuncio-a-un-cargo\\\/#primaryimage\"},\"image\":{\"@id\":\"https:\\\/\\\/super-news.info\\\/mx\\\/el-dia-que-amlo-tambien-renuncio-a-un-cargo\\\/#primaryimage\"},\"thumbnailUrl\":\"https:\\\/\\\/super-news.info\\\/mx\\\/wp-content\\\/uploads\\\/sites\\\/8\\\/2019\\\/07\\\/El-d\u00eda-que-AMLO-tambi\u00e9n-renunci\u00f3-a-un-cargo.jpeg\",\"datePublished\":\"2019-07-11T11:50:34+00:00\",\"dateModified\":\"2019-07-11T11:50:35+00:00\",\"author\":{\"@id\":\"https:\\\/\\\/super-news.info\\\/mx\\\/#\\\/schema\\\/person\\\/74b71ca3d407439fd57da2d9c89449ca\"},\"breadcrumb\":{\"@id\":\"https:\\\/\\\/super-news.info\\\/mx\\\/el-dia-que-amlo-tambien-renuncio-a-un-cargo\\\/#breadcrumb\"},\"inLanguage\":\"es\",\"potentialAction\":[{\"@type\":\"ReadAction\",\"target\":[\"https:\\\/\\\/super-news.info\\\/mx\\\/el-dia-que-amlo-tambien-renuncio-a-un-cargo\\\/\"]}]},{\"@type\":\"ImageObject\",\"inLanguage\":\"es\",\"@id\":\"https:\\\/\\\/super-news.info\\\/mx\\\/el-dia-que-amlo-tambien-renuncio-a-un-cargo\\\/#primaryimage\",\"url\":\"https:\\\/\\\/super-news.info\\\/mx\\\/wp-content\\\/uploads\\\/sites\\\/8\\\/2019\\\/07\\\/El-d\u00eda-que-AMLO-tambi\u00e9n-renunci\u00f3-a-un-cargo.jpeg\",\"contentUrl\":\"https:\\\/\\\/super-news.info\\\/mx\\\/wp-content\\\/uploads\\\/sites\\\/8\\\/2019\\\/07\\\/El-d\u00eda-que-AMLO-tambi\u00e9n-renunci\u00f3-a-un-cargo.jpeg\",\"width\":1010,\"height\":1181,\"caption\":\"El d\u00eda que AMLO tambi\u00e9n renunci\u00f3 a un cargo\"},{\"@type\":\"BreadcrumbList\",\"@id\":\"https:\\\/\\\/super-news.info\\\/mx\\\/el-dia-que-amlo-tambien-renuncio-a-un-cargo\\\/#breadcrumb\",\"itemListElement\":[{\"@type\":\"ListItem\",\"position\":1,\"name\":\"Home\",\"item\":\"https:\\\/\\\/super-news.info\\\/mx\\\/\"},{\"@type\":\"ListItem\",\"position\":2,\"name\":\"El d\u00eda que AMLO tambi\u00e9n renunci\u00f3 a un cargo\"}]},{\"@type\":\"WebSite\",\"@id\":\"https:\\\/\\\/super-news.info\\\/mx\\\/#website\",\"url\":\"https:\\\/\\\/super-news.info\\\/mx\\\/\",\"name\":\"Super News\",\"description\":\"Super News Mexico\",\"potentialAction\":[{\"@type\":\"SearchAction\",\"target\":{\"@type\":\"EntryPoint\",\"urlTemplate\":\"https:\\\/\\\/super-news.info\\\/mx\\\/?s={search_term_string}\"},\"query-input\":{\"@type\":\"PropertyValueSpecification\",\"valueRequired\":true,\"valueName\":\"search_term_string\"}}],\"inLanguage\":\"es\"},{\"@type\":\"Person\",\"@id\":\"https:\\\/\\\/super-news.info\\\/mx\\\/#\\\/schema\\\/person\\\/74b71ca3d407439fd57da2d9c89449ca\",\"name\":\"mx\",\"image\":{\"@type\":\"ImageObject\",\"inLanguage\":\"es\",\"@id\":\"https:\\\/\\\/secure.gravatar.com\\\/avatar\\\/6374ac65ff69c362a0ae1303d73d69dcd9bd198d62d9861f054a69aaf82c017b?s=96&d=mm&r=g\",\"url\":\"https:\\\/\\\/secure.gravatar.com\\\/avatar\\\/6374ac65ff69c362a0ae1303d73d69dcd9bd198d62d9861f054a69aaf82c017b?s=96&d=mm&r=g\",\"contentUrl\":\"https:\\\/\\\/secure.gravatar.com\\\/avatar\\\/6374ac65ff69c362a0ae1303d73d69dcd9bd198d62d9861f054a69aaf82c017b?s=96&d=mm&r=g\",\"caption\":\"mx\"},\"url\":\"https:\\\/\\\/super-news.info\\\/mx\\\/author\\\/mx\\\/\"}]}<\/script>\n<!-- \/ Yoast SEO plugin. -->","yoast_head_json":{"title":"El d\u00eda que AMLO tambi\u00e9n renunci\u00f3 a un cargo - Super News","robots":{"index":"index","follow":"follow","max-snippet":"max-snippet:-1","max-image-preview":"max-image-preview:large","max-video-preview":"max-video-preview:-1"},"canonical":"https:\/\/super-news.info\/mx\/el-dia-que-amlo-tambien-renuncio-a-un-cargo\/","og_locale":"es_MX","og_type":"article","og_title":"El d\u00eda que AMLO tambi\u00e9n renunci\u00f3 a un cargo - Super News","og_description":"[ad_1] TABASCO. &#8211; Hace 36 a\u00f1os el presidente Andr\u00e9s Manuel L\u00f3pez Obrador decidi\u00f3 declinar la propuesta a un cargo p\u00fablico por considerar que lo \u201calejaba\u201d de su prop\u00f3sito de mantenerse cercano a la gente. En agosto de 1983, el entonces gobernador Enrique Gonz\u00e1lez Pedrero lo nombr\u00f3 Oficial Mayor de Tabasco, pero a pesar de su [&hellip;]","og_url":"https:\/\/super-news.info\/mx\/el-dia-que-amlo-tambien-renuncio-a-un-cargo\/","og_site_name":"Super News","article_published_time":"2019-07-11T11:50:34+00:00","article_modified_time":"2019-07-11T11:50:35+00:00","og_image":[{"width":1010,"height":1181,"url":"https:\/\/super-news.info\/mx\/wp-content\/uploads\/sites\/8\/2019\/07\/El-d\u00eda-que-AMLO-tambi\u00e9n-renunci\u00f3-a-un-cargo.jpeg","type":"image\/jpeg"}],"author":"mx","twitter_card":"summary_large_image","twitter_misc":{"Escrito por":"mx","Tiempo de lectura":"1 minuto"},"schema":{"@context":"https:\/\/schema.org","@graph":[{"@type":"Article","@id":"https:\/\/super-news.info\/mx\/el-dia-que-amlo-tambien-renuncio-a-un-cargo\/#article","isPartOf":{"@id":"https:\/\/super-news.info\/mx\/el-dia-que-amlo-tambien-renuncio-a-un-cargo\/"},"author":{"name":"mx","@id":"https:\/\/super-news.info\/mx\/#\/schema\/person\/74b71ca3d407439fd57da2d9c89449ca"},"headline":"El d\u00eda que AMLO tambi\u00e9n renunci\u00f3 a un cargo","datePublished":"2019-07-11T11:50:34+00:00","dateModified":"2019-07-11T11:50:35+00:00","mainEntityOfPage":{"@id":"https:\/\/super-news.info\/mx\/el-dia-que-amlo-tambien-renuncio-a-un-cargo\/"},"wordCount":174,"commentCount":0,"image":{"@id":"https:\/\/super-news.info\/mx\/el-dia-que-amlo-tambien-renuncio-a-un-cargo\/#primaryimage"},"thumbnailUrl":"https:\/\/super-news.info\/mx\/wp-content\/uploads\/sites\/8\/2019\/07\/El-d\u00eda-que-AMLO-tambi\u00e9n-renunci\u00f3-a-un-cargo.jpeg","articleSection":["NOTICIAS FINANCIERAS"],"inLanguage":"es","potentialAction":[{"@type":"CommentAction","name":"Comment","target":["https:\/\/super-news.info\/mx\/el-dia-que-amlo-tambien-renuncio-a-un-cargo\/#respond"]}]},{"@type":"WebPage","@id":"https:\/\/super-news.info\/mx\/el-dia-que-amlo-tambien-renuncio-a-un-cargo\/","url":"https:\/\/super-news.info\/mx\/el-dia-que-amlo-tambien-renuncio-a-un-cargo\/","name":"El d\u00eda que AMLO tambi\u00e9n renunci\u00f3 a un cargo - Super News","isPartOf":{"@id":"https:\/\/super-news.info\/mx\/#website"},"primaryImageOfPage":{"@id":"https:\/\/super-news.info\/mx\/el-dia-que-amlo-tambien-renuncio-a-un-cargo\/#primaryimage"},"image":{"@id":"https:\/\/super-news.info\/mx\/el-dia-que-amlo-tambien-renuncio-a-un-cargo\/#primaryimage"},"thumbnailUrl":"https:\/\/super-news.info\/mx\/wp-content\/uploads\/sites\/8\/2019\/07\/El-d\u00eda-que-AMLO-tambi\u00e9n-renunci\u00f3-a-un-cargo.jpeg","datePublished":"2019-07-11T11:50:34+00:00","dateModified":"2019-07-11T11:50:35+00:00","author":{"@id":"https:\/\/super-news.info\/mx\/#\/schema\/person\/74b71ca3d407439fd57da2d9c89449ca"},"breadcrumb":{"@id":"https:\/\/super-news.info\/mx\/el-dia-que-amlo-tambien-renuncio-a-un-cargo\/#breadcrumb"},"inLanguage":"es","potentialAction":[{"@type":"ReadAction","target":["https:\/\/super-news.info\/mx\/el-dia-que-amlo-tambien-renuncio-a-un-cargo\/"]}]},{"@type":"ImageObject","inLanguage":"es","@id":"https:\/\/super-news.info\/mx\/el-dia-que-amlo-tambien-renuncio-a-un-cargo\/#primaryimage","url":"https:\/\/super-news.info\/mx\/wp-content\/uploads\/sites\/8\/2019\/07\/El-d\u00eda-que-AMLO-tambi\u00e9n-renunci\u00f3-a-un-cargo.jpeg","contentUrl":"https:\/\/super-news.info\/mx\/wp-content\/uploads\/sites\/8\/2019\/07\/El-d\u00eda-que-AMLO-tambi\u00e9n-renunci\u00f3-a-un-cargo.jpeg","width":1010,"height":1181,"caption":"El d\u00eda que AMLO tambi\u00e9n renunci\u00f3 a un cargo"},{"@type":"BreadcrumbList","@id":"https:\/\/super-news.info\/mx\/el-dia-que-amlo-tambien-renuncio-a-un-cargo\/#breadcrumb","itemListElement":[{"@type":"ListItem","position":1,"name":"Home","item":"https:\/\/super-news.info\/mx\/"},{"@type":"ListItem","position":2,"name":"El d\u00eda que AMLO tambi\u00e9n renunci\u00f3 a un cargo"}]},{"@type":"WebSite","@id":"https:\/\/super-news.info\/mx\/#website","url":"https:\/\/super-news.info\/mx\/","name":"Super News","description":"Super News Mexico","potentialAction":[{"@type":"SearchAction","target":{"@type":"EntryPoint","urlTemplate":"https:\/\/super-news.info\/mx\/?s={search_term_string}"},"query-input":{"@type":"PropertyValueSpecification","valueRequired":true,"valueName":"search_term_string"}}],"inLanguage":"es"},{"@type":"Person","@id":"https:\/\/super-news.info\/mx\/#\/schema\/person\/74b71ca3d407439fd57da2d9c89449ca","name":"mx","image":{"@type":"ImageObject","inLanguage":"es","@id":"https:\/\/secure.gravatar.com\/avatar\/6374ac65ff69c362a0ae1303d73d69dcd9bd198d62d9861f054a69aaf82c017b?s=96&d=mm&r=g","url":"https:\/\/secure.gravatar.com\/avatar\/6374ac65ff69c362a0ae1303d73d69dcd9bd198d62d9861f054a69aaf82c017b?s=96&d=mm&r=g","contentUrl":"https:\/\/secure.gravatar.com\/avatar\/6374ac65ff69c362a0ae1303d73d69dcd9bd198d62d9861f054a69aaf82c017b?s=96&d=mm&r=g","caption":"mx"},"url":"https:\/\/super-news.info\/mx\/author\/mx\/"}]}},"_links":{"self":[{"href":"https:\/\/super-news.info\/mx\/wp-json\/wp\/v2\/posts\/2228","targetHints":{"allow":["GET"]}}],"collection":[{"href":"https:\/\/super-news.info\/mx\/wp-json\/wp\/v2\/posts"}],"about":[{"href":"https:\/\/super-news.info\/mx\/wp-json\/wp\/v2\/types\/post"}],"author":[{"embeddable":true,"href":"https:\/\/super-news.info\/mx\/wp-json\/wp\/v2\/users\/3"}],"replies":[{"embeddable":true,"href":"https:\/\/super-news.info\/mx\/wp-json\/wp\/v2\/comments?post=2228"}],"version-history":[{"count":1,"href":"https:\/\/super-news.info\/mx\/wp-json\/wp\/v2\/posts\/2228\/revisions"}],"predecessor-version":[{"id":2230,"href":"https:\/\/super-news.info\/mx\/wp-json\/wp\/v2\/posts\/2228\/revisions\/2230"}],"wp:featuredmedia":[{"embeddable":true,"href":"https:\/\/super-news.info\/mx\/wp-json\/wp\/v2\/media\/2229"}],"wp:attachment":[{"href":"https:\/\/super-news.info\/mx\/wp-json\/wp\/v2\/media?parent=2228"}],"wp:term":[{"taxonomy":"category","embeddable":true,"href":"https:\/\/super-news.info\/mx\/wp-json\/wp\/v2\/categories?post=2228"},{"taxonomy":"post_tag","embeddable":true,"href":"https:\/\/super-news.info\/mx\/wp-json\/wp\/v2\/tags?post=2228"}],"curies":[{"name":"wp","href":"https:\/\/api.w.org\/{rel}","templated":true}]}}