{"id":193,"date":"2019-04-29T02:35:00","date_gmt":"2019-04-29T02:35:00","guid":{"rendered":"https:\/\/super-news.info\/mx\/primero-fueron-las-bolsas-de-plastico-ahora-se-iran-los-vasos-de-cafe-en-esta-ciudad\/"},"modified":"2019-04-29T02:35:01","modified_gmt":"2019-04-29T02:35:01","slug":"primero-fueron-las-bolsas-de-plastico-ahora-se-iran-los-vasos-de-cafe-en-esta-ciudad","status":"publish","type":"post","link":"https:\/\/super-news.info\/mx\/primero-fueron-las-bolsas-de-plastico-ahora-se-iran-los-vasos-de-cafe-en-esta-ciudad\/","title":{"rendered":"Primero fueron las bolsas de pl\u00e1stico, ahora &#039;se ir\u00e1n&#039; los vasos de caf\u00e9&#8230; en esta ciudad"},"content":{"rendered":"<p> [ad_1]<br \/>\n<\/p>\n<p class=\"paragraph\" data-count=\"471\" data-wrap=\"78\">La ciudad de Berkeley, California, se enorgullece de su liderazgo en todos los aspectos c\u00edvicos y ambientales. La peque\u00f1a ciudad liberal al este de San Francisco fue una de las primeras ciudades de Estados Unidos en adoptar el reciclaje en las banquetas. Prohibi\u00f3 la espuma de poliestireno y lleg\u00f3 temprano para retirar las bolsas de pl\u00e1stico. A principios de este a\u00f1o, el ayuntamiento de Berkeley puso en aviso un nuevo &#x27;flagelo ambiental&#x27;: la taza de caf\u00e9 para llevar.\n<\/p>\n<p class=\"paragraph\" data-count=\"0\" data-wrap=\"1\">\n<p class=\"paragraph\" data-count=\"422\" data-wrap=\"72\">Unos 40 millones de vasos desechables se tiran en la ciudad cada a\u00f1o, seg\u00fan el consejo municipal, casi uno por persona por d\u00eda. Entonces, en enero, la ciudad dijo que requerir\u00e1 que las cafeter\u00edas cobren 25 centavos de d\u00f3lar adicionales para los clientes que usan una taza para llevar. &#8220;Esperar ya no es una opci\u00f3n&#8221;, dijo en ese momento Sophie Hahn, la miembro del consejo municipal de Berkeley que redact\u00f3 la legislaci\u00f3n.\n<\/p>\n<p class=\"paragraph\" data-count=\"1\" data-wrap=\"1\">\n<p class=\"paragraph\" data-count=\"460\" data-wrap=\"75\">Abrumadas por la basura, las jurisdicciones de todo el mundo est\u00e1n prohibiendo los recipientes y vasos de pl\u00e1stico para un solo uso. Europa dice que las copas de pl\u00e1stico para bebidas tienen que irse para 2021. India quiere su salida para 2022. Taiw\u00e1n estableci\u00f3 un plazo para 2030. Las medidas como las de Berkeley probablemente se vuelvan m\u00e1s comunes en un intento de cambiar r\u00e1pidamente el comportamiento del consumidor antes de que haya m\u00e1s prohibiciones.\n<\/p>\n<p class=\"paragraph\" data-count=\"1\" data-wrap=\"1\">\n<p class=\"paragraph\" data-count=\"403\" data-wrap=\"68\">Para cadenas como Starbucks, que pasa por unos 6 mil millones de tazas al a\u00f1o, esto representa nada menos que un dilema existencial. Dunkin &#x27;se renombr\u00f3 recientemente para restar importancia a sus or\u00edgenes de rosquilla y ahora obtiene cerca del 70 por ciento de sus ingresos de las bebidas de caf\u00e9. Pero tambi\u00e9n es un problema apremiante para McDonald&#x27;s y la industria de comida r\u00e1pida mucho m\u00e1s amplia.<\/p>\n<p class=\"paragraph\" data-count=\"0\" data-wrap=\"1\">\n<p class=\"paragraph\" data-count=\"2\" data-wrap=\"2\">\n<p class=\"paragraph\" data-count=\"179\" data-wrap=\"29\">Los ejecutivos han sospechado durante mucho tiempo que este d\u00eda llegar\u00eda, y han estado trabajando en una alternativa m\u00e1s amigable con el medio ambiente durante m\u00e1s de una d\u00e9cada.\n<\/p>\n<p class=\"paragraph\" data-count=\"1\" data-wrap=\"1\">\n<p class=\"paragraph\" data-count=\"20\" data-wrap=\"5\">No ha ido tan bien.\n<\/p>\n<p class=\"paragraph\" data-count=\"1\" data-wrap=\"1\">\n<div class=\"rich__block \">\n<div><\/div>\n<p><span class=\"element__footer\"><\/span><span class=\"element__credit\">Illustration: Maria Chimishkyan<\/span><\/div>\n<p class=\"paragraph\" data-count=\"0\" data-wrap=\"1\">\n<p class=\"paragraph\" data-count=\"402\" data-wrap=\"71\">&#8220;Esto me fastidia en el alma&#8221;, dijo Scott Murphy, director de operaciones de Dunkin&#x27; Brands, que consume mil millones de tazas de caf\u00e9 al a\u00f1o. Ha estado trabajando en el redise\u00f1o de los vasos de la cadena desde que se comprometi\u00f3 a dejar de usar la espuma en 2010. Este a\u00f1o, sus tiendas finalmente est\u00e1n haciendo la transici\u00f3n a los vasos de papel, y contin\u00faan jugando con nuevos materiales y dise\u00f1os.\n<\/p>\n<p class=\"paragraph\" data-count=\"1\" data-wrap=\"1\">\n<p class=\"paragraph\" data-count=\"197\" data-wrap=\"35\">&#8220;Es un poco m\u00e1s complicado de lo que las personas dan cr\u00e9dito&#8221;, dice Murphy. \u201cEsa taza es la interacci\u00f3n m\u00e1s \u00edntima con nuestro consumidor. Es una gran parte de nuestra marca y nuestra herencia &#8220;.\n<\/p>\n<p class=\"paragraph\" data-count=\"1\" data-wrap=\"1\">\n<p class=\"paragraph\" data-count=\"480\" data-wrap=\"75\">Los vasos desechables son un invento relativamente moderno. Hace unos 100 a\u00f1os, los defensores de la salud p\u00fablica estaban ansiosos por prohibir un tipo diferente de taza: el recipiente p\u00fablico para beber, una taza de lata o de vidrio compartida cerca de las fuentes de agua potable. Cuando Lawrence Luellen patent\u00f3 una taza desechable forrada de cera, lo consider\u00f3 una innovaci\u00f3n en higiene, una medida profil\u00e1ctica para combatir enfermedades como la neumon\u00eda y la tuberculosis.\n<\/p>\n<p class=\"paragraph\" data-count=\"1\" data-wrap=\"1\">\n<p class=\"paragraph\" data-count=\"369\" data-wrap=\"67\">La cultura del caf\u00e9 para llevar no surgi\u00f3 hasta mucho m\u00e1s tarde. McDonald&#x27;s despleg\u00f3 el desayuno en todo el pa\u00eds a fines de los a\u00f1os setenta. Poco m\u00e1s de una d\u00e9cada despu\u00e9s, Starbucks abri\u00f3 su tienda n\u00famero 50. Junto con Dunkin &#x27;, los tres ahora venden cerca de 20 mil millones de d\u00f3lares en caf\u00e9 anualmente, seg\u00fan una estimaci\u00f3n del analista de BTIG LLC, Peter Saleh. <\/p>\n<p class=\"paragraph\" data-count=\"0\" data-wrap=\"1\">\n<p class=\"paragraph\" data-count=\"260\" data-wrap=\"45\">Mientras tanto, compa\u00f1\u00edas como Georgia-Pacific LLC e International Paper Co. han crecido junto con el mercado de vasos desechables, que alcanzaron  los 12 mil millones de d\u00f3lares en 2016. Para 2026, se espera que est\u00e9 cerca de los 20 mil millones de d\u00f3lares.\n<\/p>\n<p class=\"paragraph\" data-count=\"1\" data-wrap=\"1\">\n<p class=\"paragraph\" data-count=\"315\" data-wrap=\"51\">Estados Unidos representan aproximadamente 120 mil millones de tazas para caf\u00e9 de papel, pl\u00e1stico y poliestireno cada a\u00f1o, o aproximadamente una quinta parte del total mundial. Al menos el 99 por ciento de estos terminan como basura, donde incluso los vasos de papel pueden demorar m\u00e1s de 20 a\u00f1os en descomponerse.\n<\/p>\n<p class=\"paragraph\" data-count=\"1\" data-wrap=\"1\">\n<p class=\"paragraph\" data-count=\"1\" data-wrap=\"1\">\n<p class=\"paragraph\" data-count=\"612\" data-wrap=\"104\">Una ola de prohibiciones de bolsas de pl\u00e1stico ha inspirado los nuevos esfuerzos para frenar la basura de las copas. Los recipientes de alimentos y bebidas son un problema mucho mayor, ya que a veces generan 20 veces la basura que hacen las bolsas de pl\u00e1stico en cualquier lugar. Pero volver a las bolsas de tela reutilizables es relativamente f\u00e1cil. Con las tazas de caf\u00e9 para llevar, no hay una alternativa simple. Berkeley est\u00e1 alentando a los residentes a que traigan su taza -\u00a1simplemente t\u00edrela en su bolsa de compras reutilizable!- Y tanto Starbucks como Dunkin &#x27;ofrecen descuentos a los que s\u00ed lo hacen.\n<\/p>\n<p class=\"paragraph\" data-count=\"1\" data-wrap=\"1\">\n<p class=\"paragraph\" data-count=\"347\" data-wrap=\"60\">Las cafeter\u00edas saben que las tazas reutilizables son una buena soluci\u00f3n, pero en este momento, en las franquicias pueden ser una especie de &#8220;pesadilla operativa&#8221;, dice Murphy de Dunkin. Los servidores nunca saben si una taza est\u00e1 sucia o si deber\u00edan lavarla, y es dif\u00edcil saber cu\u00e1nto se debe llenar un caf\u00e9 peque\u00f1o o mediano en una taza grande.\n<\/p>\n<p class=\"paragraph\" data-count=\"1\" data-wrap=\"1\">\n<p class=\"paragraph\" data-count=\"470\" data-wrap=\"88\">Hace una d\u00e9cada, Starbucks se comprometi\u00f3 a servir hasta el 25 por ciento de su caf\u00e9 en tazas de viaje personales. Desde entonces ajust\u00f3 su meta a la baja. La compa\u00f1\u00eda ofrece un descuento a cualquier persona que traiga su propia taza, y a\u00fan as\u00ed solo el 5 por ciento de los clientes lo hacen. Agreg\u00f3 temporalmente un recargo de 5 peniques a las tazas desechables en el Reino Unido el a\u00f1o pasado, lo que dijo que aument\u00f3 el uso del vaso reutilizable en un 150 por ciento.\n<\/p>\n<p class=\"paragraph\" data-count=\"1\" data-wrap=\"1\">\n<h3 class=\"featured__title\"><strong>\u201cEs un viaje. &#8220;No creo que alguna vez se termine&#8221;.<br \/>\n<\/strong><\/h3>\n<p class=\"paragraph\" data-count=\"58\" data-wrap=\"10\">As\u00ed que las empresas siguen trabajando en una taza mejor.\n<\/p>\n<p class=\"paragraph\" data-count=\"1\" data-wrap=\"1\">\n<p class=\"paragraph\" data-count=\"404\" data-wrap=\"61\">Tom\u00f3 nueve a\u00f1os para que Dunkin &#x27;descubriera una alternativa a su exclusiva taza de poliestireno. Un primer intento requer\u00eda nuevas tapas, dif\u00edciles de reciclar. Los prototipos hechos de materiales 100 por ciento reciclados se doblan y se inclinan en la parte inferior. Una taza hecha de fibras de hongos promet\u00eda descomponerse f\u00e1cilmente, pero era demasiado costosa para ampliarla en grandes vol\u00famenes.\n<\/p>\n<p class=\"paragraph\" data-count=\"1\" data-wrap=\"1\">\n<p class=\"paragraph\" data-count=\"402\" data-wrap=\"70\">La cadena finalmente se asent\u00f3 en un vaso de papel revestido de pl\u00e1stico de doble pared, lo suficientemente grueso para proteger las manos de los consumidores sin una funda externa y compatible con las tapas existentes. Est\u00e1n hechos de papel de origen \u00e9tico y se biodegradan m\u00e1s r\u00e1pido que el poliestireno, pero eso es todo: son m\u00e1s caros de fabricar y no son reciclables en la mayor\u00eda de los lugares.\n<\/p>\n<p class=\"paragraph\" data-count=\"1\" data-wrap=\"1\">\n<p class=\"paragraph\" data-count=\"318\" data-wrap=\"53\">Los vasos de papel son muy dif\u00edciles de reciclar. A los recicladores les preocupa que los revestimientos de pl\u00e1stico atasquen sus m\u00e1quinas, por lo que casi siempre los env\u00edan a la basura. En Am\u00e9rica del Norte, solo hay tres m\u00e1quinas de &#8220;trituradora por lotes&#8221; que pueden separar el revestimiento de pl\u00e1stico del papel.<\/p>\n<p class=\"paragraph\" data-count=\"434\" data-wrap=\"77\">Si las ciudades pueden mejorar el reciclaje a gran escala, aproximadamente una de cada 25 tazas de caf\u00e9 podr\u00eda reciclarse en unos pocos a\u00f1os, en comparaci\u00f3n con 1 de cada 400, seg\u00fan el Grupo de Recuperaci\u00f3n y Reciclaje de la Taza de Papel del Reino Unido. Eso es un gran &#8220;s\u00ed&#8221;. Los consumidores generalmente tiran sus tazas de caf\u00e9 pegadas a sus tapas de pl\u00e1stico, que luego deben separarse antes de poder reciclarlas, por separado.\n<\/p>\n<p class=\"paragraph\" data-count=\"1\" data-wrap=\"1\">\n<p class=\"paragraph\" data-count=\"198\" data-wrap=\"35\">Dunkin &#x27;dice que est\u00e1 trabajando con los municipios para asegurarse de que las tazas que se pueden reciclar realmente lo sean. &#8220;Es un viaje, no creo que alguna vez termine&#8221;, dice Murphy de Dunkin.\n<\/p>\n<p class=\"paragraph\" data-count=\"1\" data-wrap=\"1\">\n<p class=\"paragraph\" data-count=\"517\" data-wrap=\"79\">McDonald&#x27;s se asoci\u00f3 recientemente con Starbucks y otros restaurantes de servicio r\u00e1pido para respaldar el Desaf\u00edo de la Copa NextGen de 10 millones de d\u00f3lares, una &#8220;inyecci\u00f3n lunar&#8221; para desarrollar, acelerar y escalar una taza para llevar m\u00e1s sostenible. En febrero, el concurso anunci\u00f3 12 ganadores, incluidas tazas hechas de cart\u00f3n compostable y reciclable; el desarrollo de un revestimiento a base de plantas que podr\u00eda mantener el l\u00edquido adentro; y esquemas dirigidos a fomentar el uso de vasos reutilizables.\n<\/p>\n<p class=\"paragraph\" data-count=\"1\" data-wrap=\"1\">\n<p class=\"paragraph\" data-count=\"270\" data-wrap=\"39\">&#8220;Estamos buscando soluciones que sean comercialmente viables a corto plazo y cosas que sean aspiracionales&#8221;, dijo Bridget Croke, vicepresidenta de asuntos externos de Closed Loop Partners, una firma de inversiones enfocada en el reciclaje que est\u00e1 manejando el desaf\u00edo.\n<\/p>\n<p class=\"paragraph\" data-count=\"1\" data-wrap=\"1\">\n<p class=\"paragraph\" data-count=\"408\" data-wrap=\"64\">Una taza que puede degradarse m\u00e1s r\u00e1pidamente ser\u00eda una soluci\u00f3n (la prohibici\u00f3n de Europa hace una excepci\u00f3n para las tazas compostables que se desintegran en 12 semanas), pero incluso si tal taza estuviera disponible y fuera rentable, Estados Unidos no cuenta con las instalaciones de compostaje necesarias para descomponerlas. En ese caso, se dirigen a los vertederos, donde no se descompondr\u00e1n del todo. <\/p>\n<p class=\"paragraph\" data-count=\"566\" data-wrap=\"99\">En su reuni\u00f3n anual en 2018, Starbucks prob\u00f3 en silencio una taza de caf\u00e9 hecha con partes recicladas de otras tazas de caf\u00e9, ampliamente considerada como el &#x27;santo grial de la taza de caf\u00e9&#x27;. Fue un acto de performance tanto como cualquier otra cosa: con el fin de dise\u00f1ar la carrera limitada, la cadena de caf\u00e9 recolect\u00f3 camiones de tazas y las envi\u00f3 para su procesamiento a plantas de Sustana en Wisconsin. Desde all\u00ed, las fibras viajaron a una f\u00e1brica de papel de WestRock en Texas para convertirse en tazas, que fueron impresas con logotipos por otra compa\u00f1\u00eda.\n<\/p>\n<p class=\"paragraph\" data-count=\"1\" data-wrap=\"1\">\n<p class=\"paragraph\" data-count=\"350\" data-wrap=\"56\">Aunque la taza resultante era mejor para el medio ambiente, el proceso utilizado para hacerla ciertamente no lo era. &#8220;Hay un gran desaf\u00edo de ingenier\u00eda aqu\u00ed&#8221;, dijo Croke, de Closed Loop. &#8220;Ha quedado claro que las soluciones en las que las compa\u00f1\u00edas han estado trabajando para resolver este problema realmente no han sido lo suficientemente r\u00e1pidas&#8221;.\n<\/p>\n<p class=\"paragraph\" data-count=\"1\" data-wrap=\"1\">\n<p class=\"paragraph\" data-count=\"385\" data-wrap=\"67\">As\u00ed que los gobiernos, como los de Berkeley, no est\u00e1n esperando. La municipalidad encuest\u00f3 a los residentes antes de imponer el cargo y descubri\u00f3 que convencer\u00eda a m\u00e1s del 70 por ciento a comenzar a traer sus propias tazas con el recargo de 25 centavos, dijo Miriam Gordon, directora de programas del grupo sin fines de lucro Upstream, que ayud\u00f3 a Berkeley a redactar su legislaci\u00f3n.\n<\/p>\n<p class=\"paragraph\" data-count=\"1\" data-wrap=\"1\">\n<p class=\"paragraph\" data-count=\"403\" data-wrap=\"67\">El cargo pretende ser un experimento en el comportamiento humano, en lugar de un impuesto tradicional. Las cafeter\u00edas de Berkeley mantienen los cargos adicionales e incluso pueden bajar sus precios para que el consumidor pague lo mismo. Solo hay que tener claro que hay un recargo. &#8220;Tiene que ser visible para el cliente&#8221;, dijo Gordon. &#8220;Eso es lo que motiva a las personas a cambiar su comportamiento&#8221;.\n<\/p>\n<p class=\"paragraph\" data-count=\"1\" data-wrap=\"1\"><strong><em><br \/>\n<\/em><\/strong><\/p>\n<p class=\"paragraph\" data-count=\"35\" data-wrap=\"6\"><strong><em>Con la asistencia de Leslie Patton*<\/em><\/strong><\/p>\n<p>[ad_2]<br \/>\n<br \/><a href=\"https:\/\/www.elfinanciero.com.mx\/rss\/empresas\/primero-fueron-las-bolsas-de-plastico-ahora-se-iran-los-vasos-de-cafe-en-esta-ciudad\">Source link <\/a><\/p>\n","protected":false},"excerpt":{"rendered":"<p>[ad_1] La ciudad de Berkeley, California, se enorgullece de su liderazgo en todos los aspectos c\u00edvicos y ambientales. La peque\u00f1a ciudad liberal al este de San Francisco fue una de las primeras ciudades de Estados Unidos en adoptar el reciclaje en las banquetas. Prohibi\u00f3 la espuma de poliestireno y lleg\u00f3 temprano para retirar las bolsas [&hellip;]<\/p>\n","protected":false},"author":3,"featured_media":194,"comment_status":"open","ping_status":"open","sticky":false,"template":"","format":"standard","meta":{"footnotes":""},"categories":[1],"tags":[],"class_list":["post-193","post","type-post","status-publish","format-standard","has-post-thumbnail","hentry","category-noticias-financieras"],"yoast_head":"<!-- This site is optimized with the Yoast SEO plugin v27.4 - https:\/\/yoast.com\/product\/yoast-seo-wordpress\/ -->\n<title>Primero fueron las bolsas de pl\u00e1stico, ahora &#039;se ir\u00e1n&#039; los vasos de caf\u00e9... en esta ciudad - Super News<\/title>\n<meta name=\"robots\" content=\"index, follow, max-snippet:-1, max-image-preview:large, max-video-preview:-1\" \/>\n<link rel=\"canonical\" href=\"https:\/\/super-news.info\/mx\/primero-fueron-las-bolsas-de-plastico-ahora-se-iran-los-vasos-de-cafe-en-esta-ciudad\/\" \/>\n<meta property=\"og:locale\" content=\"es_MX\" \/>\n<meta property=\"og:type\" content=\"article\" \/>\n<meta property=\"og:title\" content=\"Primero fueron las bolsas de pl\u00e1stico, ahora &#039;se ir\u00e1n&#039; los vasos de caf\u00e9... en esta ciudad - Super News\" \/>\n<meta property=\"og:description\" content=\"[ad_1] La ciudad de Berkeley, California, se enorgullece de su liderazgo en todos los aspectos c\u00edvicos y ambientales. La peque\u00f1a ciudad liberal al este de San Francisco fue una de las primeras ciudades de Estados Unidos en adoptar el reciclaje en las banquetas. Prohibi\u00f3 la espuma de poliestireno y lleg\u00f3 temprano para retirar las bolsas [&hellip;]\" \/>\n<meta property=\"og:url\" content=\"https:\/\/super-news.info\/mx\/primero-fueron-las-bolsas-de-plastico-ahora-se-iran-los-vasos-de-cafe-en-esta-ciudad\/\" \/>\n<meta property=\"og:site_name\" content=\"Super News\" \/>\n<meta property=\"article:published_time\" content=\"2019-04-29T02:35:00+00:00\" \/>\n<meta property=\"article:modified_time\" content=\"2019-04-29T02:35:01+00:00\" \/>\n<meta property=\"og:image\" content=\"https:\/\/super-news.info\/mx\/wp-content\/uploads\/sites\/8\/2019\/04\/Primero-fueron-las-bolsas-de-pl\u00e1stico-ahora-039se-ir\u00e1n039-los.gif\" \/>\n\t<meta property=\"og:image:width\" content=\"620\" \/>\n\t<meta property=\"og:image:height\" content=\"349\" \/>\n\t<meta property=\"og:image:type\" content=\"image\/gif\" \/>\n<meta name=\"author\" content=\"mx\" \/>\n<meta name=\"twitter:card\" content=\"summary_large_image\" \/>\n<meta name=\"twitter:label1\" content=\"Escrito por\" \/>\n\t<meta name=\"twitter:data1\" content=\"mx\" \/>\n\t<meta name=\"twitter:label2\" content=\"Tiempo de lectura\" \/>\n\t<meta name=\"twitter:data2\" content=\"9 minutos\" \/>\n<script type=\"application\/ld+json\" class=\"yoast-schema-graph\">{\"@context\":\"https:\\\/\\\/schema.org\",\"@graph\":[{\"@type\":\"Article\",\"@id\":\"https:\\\/\\\/super-news.info\\\/mx\\\/primero-fueron-las-bolsas-de-plastico-ahora-se-iran-los-vasos-de-cafe-en-esta-ciudad\\\/#article\",\"isPartOf\":{\"@id\":\"https:\\\/\\\/super-news.info\\\/mx\\\/primero-fueron-las-bolsas-de-plastico-ahora-se-iran-los-vasos-de-cafe-en-esta-ciudad\\\/\"},\"author\":{\"name\":\"mx\",\"@id\":\"https:\\\/\\\/super-news.info\\\/mx\\\/#\\\/schema\\\/person\\\/74b71ca3d407439fd57da2d9c89449ca\"},\"headline\":\"Primero fueron las bolsas de pl\u00e1stico, ahora &#039;se ir\u00e1n&#039; los vasos de caf\u00e9&#8230; en esta ciudad\",\"datePublished\":\"2019-04-29T02:35:00+00:00\",\"dateModified\":\"2019-04-29T02:35:01+00:00\",\"mainEntityOfPage\":{\"@id\":\"https:\\\/\\\/super-news.info\\\/mx\\\/primero-fueron-las-bolsas-de-plastico-ahora-se-iran-los-vasos-de-cafe-en-esta-ciudad\\\/\"},\"wordCount\":1844,\"commentCount\":0,\"image\":{\"@id\":\"https:\\\/\\\/super-news.info\\\/mx\\\/primero-fueron-las-bolsas-de-plastico-ahora-se-iran-los-vasos-de-cafe-en-esta-ciudad\\\/#primaryimage\"},\"thumbnailUrl\":\"https:\\\/\\\/super-news.info\\\/mx\\\/wp-content\\\/uploads\\\/sites\\\/8\\\/2019\\\/04\\\/Primero-fueron-las-bolsas-de-pl\u00e1stico-ahora-039se-ir\u00e1n039-los.gif\",\"articleSection\":[\"NOTICIAS FINANCIERAS\"],\"inLanguage\":\"es\",\"potentialAction\":[{\"@type\":\"CommentAction\",\"name\":\"Comment\",\"target\":[\"https:\\\/\\\/super-news.info\\\/mx\\\/primero-fueron-las-bolsas-de-plastico-ahora-se-iran-los-vasos-de-cafe-en-esta-ciudad\\\/#respond\"]}]},{\"@type\":\"WebPage\",\"@id\":\"https:\\\/\\\/super-news.info\\\/mx\\\/primero-fueron-las-bolsas-de-plastico-ahora-se-iran-los-vasos-de-cafe-en-esta-ciudad\\\/\",\"url\":\"https:\\\/\\\/super-news.info\\\/mx\\\/primero-fueron-las-bolsas-de-plastico-ahora-se-iran-los-vasos-de-cafe-en-esta-ciudad\\\/\",\"name\":\"Primero fueron las bolsas de pl\u00e1stico, ahora &#039;se ir\u00e1n&#039; los vasos de caf\u00e9... en esta ciudad - Super News\",\"isPartOf\":{\"@id\":\"https:\\\/\\\/super-news.info\\\/mx\\\/#website\"},\"primaryImageOfPage\":{\"@id\":\"https:\\\/\\\/super-news.info\\\/mx\\\/primero-fueron-las-bolsas-de-plastico-ahora-se-iran-los-vasos-de-cafe-en-esta-ciudad\\\/#primaryimage\"},\"image\":{\"@id\":\"https:\\\/\\\/super-news.info\\\/mx\\\/primero-fueron-las-bolsas-de-plastico-ahora-se-iran-los-vasos-de-cafe-en-esta-ciudad\\\/#primaryimage\"},\"thumbnailUrl\":\"https:\\\/\\\/super-news.info\\\/mx\\\/wp-content\\\/uploads\\\/sites\\\/8\\\/2019\\\/04\\\/Primero-fueron-las-bolsas-de-pl\u00e1stico-ahora-039se-ir\u00e1n039-los.gif\",\"datePublished\":\"2019-04-29T02:35:00+00:00\",\"dateModified\":\"2019-04-29T02:35:01+00:00\",\"author\":{\"@id\":\"https:\\\/\\\/super-news.info\\\/mx\\\/#\\\/schema\\\/person\\\/74b71ca3d407439fd57da2d9c89449ca\"},\"breadcrumb\":{\"@id\":\"https:\\\/\\\/super-news.info\\\/mx\\\/primero-fueron-las-bolsas-de-plastico-ahora-se-iran-los-vasos-de-cafe-en-esta-ciudad\\\/#breadcrumb\"},\"inLanguage\":\"es\",\"potentialAction\":[{\"@type\":\"ReadAction\",\"target\":[\"https:\\\/\\\/super-news.info\\\/mx\\\/primero-fueron-las-bolsas-de-plastico-ahora-se-iran-los-vasos-de-cafe-en-esta-ciudad\\\/\"]}]},{\"@type\":\"ImageObject\",\"inLanguage\":\"es\",\"@id\":\"https:\\\/\\\/super-news.info\\\/mx\\\/primero-fueron-las-bolsas-de-plastico-ahora-se-iran-los-vasos-de-cafe-en-esta-ciudad\\\/#primaryimage\",\"url\":\"https:\\\/\\\/super-news.info\\\/mx\\\/wp-content\\\/uploads\\\/sites\\\/8\\\/2019\\\/04\\\/Primero-fueron-las-bolsas-de-pl\u00e1stico-ahora-039se-ir\u00e1n039-los.gif\",\"contentUrl\":\"https:\\\/\\\/super-news.info\\\/mx\\\/wp-content\\\/uploads\\\/sites\\\/8\\\/2019\\\/04\\\/Primero-fueron-las-bolsas-de-pl\u00e1stico-ahora-039se-ir\u00e1n039-los.gif\",\"width\":620,\"height\":349,\"caption\":\"Primero fueron las bolsas de pl\u00e1stico, ahora &#039;se ir\u00e1n&#039; los vasos de caf\u00e9... en esta ciudad\"},{\"@type\":\"BreadcrumbList\",\"@id\":\"https:\\\/\\\/super-news.info\\\/mx\\\/primero-fueron-las-bolsas-de-plastico-ahora-se-iran-los-vasos-de-cafe-en-esta-ciudad\\\/#breadcrumb\",\"itemListElement\":[{\"@type\":\"ListItem\",\"position\":1,\"name\":\"Home\",\"item\":\"https:\\\/\\\/super-news.info\\\/mx\\\/\"},{\"@type\":\"ListItem\",\"position\":2,\"name\":\"Primero fueron las bolsas de pl\u00e1stico, ahora &#039;se ir\u00e1n&#039; los vasos de caf\u00e9&#8230; en esta ciudad\"}]},{\"@type\":\"WebSite\",\"@id\":\"https:\\\/\\\/super-news.info\\\/mx\\\/#website\",\"url\":\"https:\\\/\\\/super-news.info\\\/mx\\\/\",\"name\":\"Super News\",\"description\":\"Super News Mexico\",\"potentialAction\":[{\"@type\":\"SearchAction\",\"target\":{\"@type\":\"EntryPoint\",\"urlTemplate\":\"https:\\\/\\\/super-news.info\\\/mx\\\/?s={search_term_string}\"},\"query-input\":{\"@type\":\"PropertyValueSpecification\",\"valueRequired\":true,\"valueName\":\"search_term_string\"}}],\"inLanguage\":\"es\"},{\"@type\":\"Person\",\"@id\":\"https:\\\/\\\/super-news.info\\\/mx\\\/#\\\/schema\\\/person\\\/74b71ca3d407439fd57da2d9c89449ca\",\"name\":\"mx\",\"image\":{\"@type\":\"ImageObject\",\"inLanguage\":\"es\",\"@id\":\"https:\\\/\\\/secure.gravatar.com\\\/avatar\\\/6374ac65ff69c362a0ae1303d73d69dcd9bd198d62d9861f054a69aaf82c017b?s=96&d=mm&r=g\",\"url\":\"https:\\\/\\\/secure.gravatar.com\\\/avatar\\\/6374ac65ff69c362a0ae1303d73d69dcd9bd198d62d9861f054a69aaf82c017b?s=96&d=mm&r=g\",\"contentUrl\":\"https:\\\/\\\/secure.gravatar.com\\\/avatar\\\/6374ac65ff69c362a0ae1303d73d69dcd9bd198d62d9861f054a69aaf82c017b?s=96&d=mm&r=g\",\"caption\":\"mx\"},\"url\":\"https:\\\/\\\/super-news.info\\\/mx\\\/author\\\/mx\\\/\"}]}<\/script>\n<!-- \/ Yoast SEO plugin. -->","yoast_head_json":{"title":"Primero fueron las bolsas de pl\u00e1stico, ahora &#039;se ir\u00e1n&#039; los vasos de caf\u00e9... en esta ciudad - Super News","robots":{"index":"index","follow":"follow","max-snippet":"max-snippet:-1","max-image-preview":"max-image-preview:large","max-video-preview":"max-video-preview:-1"},"canonical":"https:\/\/super-news.info\/mx\/primero-fueron-las-bolsas-de-plastico-ahora-se-iran-los-vasos-de-cafe-en-esta-ciudad\/","og_locale":"es_MX","og_type":"article","og_title":"Primero fueron las bolsas de pl\u00e1stico, ahora &#039;se ir\u00e1n&#039; los vasos de caf\u00e9... en esta ciudad - Super News","og_description":"[ad_1] La ciudad de Berkeley, California, se enorgullece de su liderazgo en todos los aspectos c\u00edvicos y ambientales. La peque\u00f1a ciudad liberal al este de San Francisco fue una de las primeras ciudades de Estados Unidos en adoptar el reciclaje en las banquetas. Prohibi\u00f3 la espuma de poliestireno y lleg\u00f3 temprano para retirar las bolsas [&hellip;]","og_url":"https:\/\/super-news.info\/mx\/primero-fueron-las-bolsas-de-plastico-ahora-se-iran-los-vasos-de-cafe-en-esta-ciudad\/","og_site_name":"Super News","article_published_time":"2019-04-29T02:35:00+00:00","article_modified_time":"2019-04-29T02:35:01+00:00","og_image":[{"url":"https:\/\/super-news.info\/mx\/wp-content\/uploads\/sites\/8\/2019\/04\/Primero-fueron-las-bolsas-de-pl\u00e1stico-ahora-039se-ir\u00e1n039-los.gif","width":620,"height":349,"type":"image\/gif"}],"author":"mx","twitter_card":"summary_large_image","twitter_misc":{"Escrito por":"mx","Tiempo de lectura":"9 minutos"},"schema":{"@context":"https:\/\/schema.org","@graph":[{"@type":"Article","@id":"https:\/\/super-news.info\/mx\/primero-fueron-las-bolsas-de-plastico-ahora-se-iran-los-vasos-de-cafe-en-esta-ciudad\/#article","isPartOf":{"@id":"https:\/\/super-news.info\/mx\/primero-fueron-las-bolsas-de-plastico-ahora-se-iran-los-vasos-de-cafe-en-esta-ciudad\/"},"author":{"name":"mx","@id":"https:\/\/super-news.info\/mx\/#\/schema\/person\/74b71ca3d407439fd57da2d9c89449ca"},"headline":"Primero fueron las bolsas de pl\u00e1stico, ahora &#039;se ir\u00e1n&#039; los vasos de caf\u00e9&#8230; en esta ciudad","datePublished":"2019-04-29T02:35:00+00:00","dateModified":"2019-04-29T02:35:01+00:00","mainEntityOfPage":{"@id":"https:\/\/super-news.info\/mx\/primero-fueron-las-bolsas-de-plastico-ahora-se-iran-los-vasos-de-cafe-en-esta-ciudad\/"},"wordCount":1844,"commentCount":0,"image":{"@id":"https:\/\/super-news.info\/mx\/primero-fueron-las-bolsas-de-plastico-ahora-se-iran-los-vasos-de-cafe-en-esta-ciudad\/#primaryimage"},"thumbnailUrl":"https:\/\/super-news.info\/mx\/wp-content\/uploads\/sites\/8\/2019\/04\/Primero-fueron-las-bolsas-de-pl\u00e1stico-ahora-039se-ir\u00e1n039-los.gif","articleSection":["NOTICIAS FINANCIERAS"],"inLanguage":"es","potentialAction":[{"@type":"CommentAction","name":"Comment","target":["https:\/\/super-news.info\/mx\/primero-fueron-las-bolsas-de-plastico-ahora-se-iran-los-vasos-de-cafe-en-esta-ciudad\/#respond"]}]},{"@type":"WebPage","@id":"https:\/\/super-news.info\/mx\/primero-fueron-las-bolsas-de-plastico-ahora-se-iran-los-vasos-de-cafe-en-esta-ciudad\/","url":"https:\/\/super-news.info\/mx\/primero-fueron-las-bolsas-de-plastico-ahora-se-iran-los-vasos-de-cafe-en-esta-ciudad\/","name":"Primero fueron las bolsas de pl\u00e1stico, ahora &#039;se ir\u00e1n&#039; los vasos de caf\u00e9... en esta ciudad - Super News","isPartOf":{"@id":"https:\/\/super-news.info\/mx\/#website"},"primaryImageOfPage":{"@id":"https:\/\/super-news.info\/mx\/primero-fueron-las-bolsas-de-plastico-ahora-se-iran-los-vasos-de-cafe-en-esta-ciudad\/#primaryimage"},"image":{"@id":"https:\/\/super-news.info\/mx\/primero-fueron-las-bolsas-de-plastico-ahora-se-iran-los-vasos-de-cafe-en-esta-ciudad\/#primaryimage"},"thumbnailUrl":"https:\/\/super-news.info\/mx\/wp-content\/uploads\/sites\/8\/2019\/04\/Primero-fueron-las-bolsas-de-pl\u00e1stico-ahora-039se-ir\u00e1n039-los.gif","datePublished":"2019-04-29T02:35:00+00:00","dateModified":"2019-04-29T02:35:01+00:00","author":{"@id":"https:\/\/super-news.info\/mx\/#\/schema\/person\/74b71ca3d407439fd57da2d9c89449ca"},"breadcrumb":{"@id":"https:\/\/super-news.info\/mx\/primero-fueron-las-bolsas-de-plastico-ahora-se-iran-los-vasos-de-cafe-en-esta-ciudad\/#breadcrumb"},"inLanguage":"es","potentialAction":[{"@type":"ReadAction","target":["https:\/\/super-news.info\/mx\/primero-fueron-las-bolsas-de-plastico-ahora-se-iran-los-vasos-de-cafe-en-esta-ciudad\/"]}]},{"@type":"ImageObject","inLanguage":"es","@id":"https:\/\/super-news.info\/mx\/primero-fueron-las-bolsas-de-plastico-ahora-se-iran-los-vasos-de-cafe-en-esta-ciudad\/#primaryimage","url":"https:\/\/super-news.info\/mx\/wp-content\/uploads\/sites\/8\/2019\/04\/Primero-fueron-las-bolsas-de-pl\u00e1stico-ahora-039se-ir\u00e1n039-los.gif","contentUrl":"https:\/\/super-news.info\/mx\/wp-content\/uploads\/sites\/8\/2019\/04\/Primero-fueron-las-bolsas-de-pl\u00e1stico-ahora-039se-ir\u00e1n039-los.gif","width":620,"height":349,"caption":"Primero fueron las bolsas de pl\u00e1stico, ahora &#039;se ir\u00e1n&#039; los vasos de caf\u00e9... en esta ciudad"},{"@type":"BreadcrumbList","@id":"https:\/\/super-news.info\/mx\/primero-fueron-las-bolsas-de-plastico-ahora-se-iran-los-vasos-de-cafe-en-esta-ciudad\/#breadcrumb","itemListElement":[{"@type":"ListItem","position":1,"name":"Home","item":"https:\/\/super-news.info\/mx\/"},{"@type":"ListItem","position":2,"name":"Primero fueron las bolsas de pl\u00e1stico, ahora &#039;se ir\u00e1n&#039; los vasos de caf\u00e9&#8230; en esta ciudad"}]},{"@type":"WebSite","@id":"https:\/\/super-news.info\/mx\/#website","url":"https:\/\/super-news.info\/mx\/","name":"Super News","description":"Super News Mexico","potentialAction":[{"@type":"SearchAction","target":{"@type":"EntryPoint","urlTemplate":"https:\/\/super-news.info\/mx\/?s={search_term_string}"},"query-input":{"@type":"PropertyValueSpecification","valueRequired":true,"valueName":"search_term_string"}}],"inLanguage":"es"},{"@type":"Person","@id":"https:\/\/super-news.info\/mx\/#\/schema\/person\/74b71ca3d407439fd57da2d9c89449ca","name":"mx","image":{"@type":"ImageObject","inLanguage":"es","@id":"https:\/\/secure.gravatar.com\/avatar\/6374ac65ff69c362a0ae1303d73d69dcd9bd198d62d9861f054a69aaf82c017b?s=96&d=mm&r=g","url":"https:\/\/secure.gravatar.com\/avatar\/6374ac65ff69c362a0ae1303d73d69dcd9bd198d62d9861f054a69aaf82c017b?s=96&d=mm&r=g","contentUrl":"https:\/\/secure.gravatar.com\/avatar\/6374ac65ff69c362a0ae1303d73d69dcd9bd198d62d9861f054a69aaf82c017b?s=96&d=mm&r=g","caption":"mx"},"url":"https:\/\/super-news.info\/mx\/author\/mx\/"}]}},"_links":{"self":[{"href":"https:\/\/super-news.info\/mx\/wp-json\/wp\/v2\/posts\/193","targetHints":{"allow":["GET"]}}],"collection":[{"href":"https:\/\/super-news.info\/mx\/wp-json\/wp\/v2\/posts"}],"about":[{"href":"https:\/\/super-news.info\/mx\/wp-json\/wp\/v2\/types\/post"}],"author":[{"embeddable":true,"href":"https:\/\/super-news.info\/mx\/wp-json\/wp\/v2\/users\/3"}],"replies":[{"embeddable":true,"href":"https:\/\/super-news.info\/mx\/wp-json\/wp\/v2\/comments?post=193"}],"version-history":[{"count":1,"href":"https:\/\/super-news.info\/mx\/wp-json\/wp\/v2\/posts\/193\/revisions"}],"predecessor-version":[{"id":195,"href":"https:\/\/super-news.info\/mx\/wp-json\/wp\/v2\/posts\/193\/revisions\/195"}],"wp:featuredmedia":[{"embeddable":true,"href":"https:\/\/super-news.info\/mx\/wp-json\/wp\/v2\/media\/194"}],"wp:attachment":[{"href":"https:\/\/super-news.info\/mx\/wp-json\/wp\/v2\/media?parent=193"}],"wp:term":[{"taxonomy":"category","embeddable":true,"href":"https:\/\/super-news.info\/mx\/wp-json\/wp\/v2\/categories?post=193"},{"taxonomy":"post_tag","embeddable":true,"href":"https:\/\/super-news.info\/mx\/wp-json\/wp\/v2\/tags?post=193"}],"curies":[{"name":"wp","href":"https:\/\/api.w.org\/{rel}","templated":true}]}}