{"id":172,"date":"2019-04-26T19:51:08","date_gmt":"2019-04-26T19:51:08","guid":{"rendered":"https:\/\/super-news.info\/mx\/inflacion-y-desempleo-al-alza-primeras-senales-de-precaucion\/"},"modified":"2019-04-26T19:51:09","modified_gmt":"2019-04-26T19:51:09","slug":"inflacion-y-desempleo-al-alza-primeras-senales-de-precaucion","status":"publish","type":"post","link":"https:\/\/super-news.info\/mx\/inflacion-y-desempleo-al-alza-primeras-senales-de-precaucion\/","title":{"rendered":"Inflaci\u00f3n y desempleo al alza: primeras se\u00f1ales de precauci\u00f3n"},"content":{"rendered":"<p> [ad_1]<br \/>\n<\/p>\n<div class=\"image__block -side\">\n<figure><\/figure>\n<p><span class=\"element__footer\">Jorge O. Moreno.<\/span><span class=\"element__credit\">Fuente: Cortes\u00eda<\/span><\/div>\n<p class=\"paragraph\" data-count=\"413\" data-wrap=\"60\">Como diversos analistas y especialistas financieros advirtieron, y en este mismo espacio hemos analizado en columnas recientes, las primeras se\u00f1ales de la <strong>fragilidad de las expectativas econ\u00f3micas,<\/strong> en comparaci\u00f3n con la a\u00fan fuerte aprobaci\u00f3n pol\u00edtica del gobierno federal, comienzan a mostrar su relevancia al cristalizarse en forma de datos puntuales y relevantes para <strong>medir el desempe\u00f1o de la econom\u00eda mexicana.<\/strong><\/p>\n<p class=\"paragraph\" data-count=\"393\" data-wrap=\"64\">El pasado mi\u00e9rcoles 24 de abril, <strong>INEGI <\/strong>inform\u00f3 las cifras oficiales sobre las condiciones de empleo del mercado laboral en M\u00e9xico, y si a estos datos a\u00f1adimos la informaci\u00f3n sobre el <strong>crecimiento en el \u00cdndice Nacional de Precios al Consumidor <\/strong>en forma de inflaci\u00f3n correspondientes a este mismo per\u00edodo, estas cifras muestran cambios en una direcci\u00f3n a la cual no queremos dirigirnos como pa\u00eds.<\/p>\n<p class=\"paragraph\" data-count=\"425\" data-wrap=\"71\">De acuerdo a la Encuesta Nacional de Ocupaci\u00f3n y Empleo (ENOE) del INEGI, se revel\u00f3 que la tasa de desocupaci\u00f3n de la fuerza laboral registr\u00f3 un incremento a 3.6 por ciento de la <strong>Poblaci\u00f3n Econ\u00f3micamente Activa <\/strong>(PEA) durante marzo, despu\u00e9s de dos meses consecutivos a la baja. Se trata del mayor registro en esta variable desde diciembre de 2016, cuando entonces el desempleo represent\u00f3 este mismo <strong>valor de la fuerza laboral.<\/strong><\/p>\n<p class=\"paragraph\" data-count=\"587\" data-wrap=\"102\">As\u00ed tambi\u00e9n, el <strong>Instituto Mexicano del Seguro Social<\/strong> (IMSS) report\u00f3 la creaci\u00f3n de 48 mil 515 empleos formales en el mes de marzo, la mitad del a\u00f1o anterior durante el mismo mes y la menor generaci\u00f3n de plazas en valores absolutos desde 2009 para un mes similar. De la mano de los datos de reorganizaci\u00f3n en la fuerza laboral, el valor del sueldo promedio de cotizaci\u00f3n del IMSS (controlando por poder adquisitivo) tuvo durante el mes de febrero un<strong> incremento anual del 2.9 por ciento <\/strong>potencialmente como resultado del aumento en el salario m\u00ednimo por encima de la inflaci\u00f3n observada.  <\/p>\n<p class=\"paragraph\" data-count=\"485\" data-wrap=\"87\">Por otra parte, las cifras de inflaci\u00f3n en el pa\u00eds son las m\u00e1s altas en los \u00faltimos tres meses. En particular, durante la primera quincena de abril de 2019 la tasa de inflaci\u00f3n general anual en el pa\u00eds se ubic\u00f3 en 4.38 por ciento, superando el 4.06 por ciento de la segunda mitad de marzo y tambi\u00e9n arriba del objetivo de 3 por ciento establecido por el Banco de M\u00e9xico. En otras palabras, la inflaci\u00f3n y el desempleo han incrementado sus valores simult\u00e1neamente para el mismo per\u00edodo.<\/p>\n<p class=\"paragraph\" data-count=\"921\" data-wrap=\"150\">Si bien es cierto que los incrementos en las variables de desocupaci\u00f3n e inflaci\u00f3n son ligeros, \u00e9stos son se\u00f1ales inequ\u00edvocas de que la famosa \u201cCr\u00edtica de Lucas\u201d (Robert Lucas, 1976), aquella que establece que la \u201cCurva de Phillips\u201d es s\u00f3lo un fen\u00f3meno de corto plazo que obedece a desinformaci\u00f3n y por tanto el intercambio entre \u201cmayor inflaci\u00f3n y mayor empleo\u201d no puede ser explotado de manera constante, sigue tan vigente como entonces. En otras palabras, la idea de una econom\u00eda basada en el <strong>modelo keynesiano <\/strong>en donde el gobierno tiene un papel de \u201cmodulador\u201d del sistema econ\u00f3mico usando como herramientas la \u201cpol\u00edtica monetaria\u201d y la \u201cpol\u00edtica fiscal\u201d, es err\u00f3nea o al menos incompleta, pues en el largo plazo, el empleo obedece a factores estructurales y \u201creales\u201d, mientras que la inflaci\u00f3n es consecuencia de la correcta direcci\u00f3n de la pol\u00edtica monetaria y de las expectativas que los agentes tienen sobre \u00e9sta.<\/p>\n<p class=\"paragraph\" data-count=\"620\" data-wrap=\"95\">De hecho, es momento de comenzar a evaluar la factibilidad de pol\u00edticas p\u00fablicas bien intencionadas, pero con consecuencias econ\u00f3micas y sociales a\u00fan por ser definidas. Por ejemplo, el incremento en el salario m\u00ednimo pudo haber contribuido a reducir la creaci\u00f3n de empleos formales en la econom\u00eda y al incremento en la inflaci\u00f3n generalizada nacional. As\u00ed tambi\u00e9n, las <strong>transferencias monetarias incondicionales <\/strong>pudieron haber incidido en el desempleo en los m\u00e1s j\u00f3venes al haber actuado como un \u201cseguro de desempleo\u201d cambiado los incentivos de esa parte de la fuerza laboral para moverse de la informalidad al desempleo.<\/p>\n<p class=\"paragraph\" data-count=\"464\" data-wrap=\"75\">Los indicadores anteriores son se\u00f1al inequ\u00edvoca de la necesidad urgente de un cambio en el manejo de nuestra econom\u00eda, al menos en t\u00e9rminos de alinear la disciplina financiera del gasto p\u00fablico en programas sociales a la prudencia mostrada en otras \u00e1reas por la misma <strong>SHCP<\/strong>, porque el sistema econ\u00f3mico reacciona a sus propios incentivos, independientemente del modelo que se use para el dise\u00f1o de pol\u00edtica p\u00fablica o de las buenas intenciones que \u00e9sta \u00faltima tenga.<\/p>\n<p class=\"paragraph\" data-count=\"125\" data-wrap=\"21\"><em>El autor es doctor en Econom\u00eda por la Universidad de Chicago. Es Profesor-Investigador de la Facultad de Econom\u00eda de la UANL<\/em>.<\/p>\n<p class=\"paragraph\" data-count=\"37\" data-wrap=\"3\">Opine usted: jorge.o.moreno@gmail.com<\/p>\n<p class=\"paragraph\" data-count=\"178\" data-wrap=\"27\"><strong>Esta es una columna de opini\u00f3n. Las expresiones aqu\u00ed vertidas son responsabilidad \u00fanicamente de quien la firma y no necesariamente reflejan la postura editorial de El Financiero.<\/strong><\/p>\n<p>[ad_2]<br \/>\n<br \/><a href=\"https:\/\/www.elfinanciero.com.mx\/rss\/monterrey\/inflacion-y-desempleo-al-alza-primeras-senales-de-precaucion\">Source link <\/a><\/p>\n","protected":false},"excerpt":{"rendered":"<p>[ad_1] Jorge O. Moreno.Fuente: Cortes\u00eda Como diversos analistas y especialistas financieros advirtieron, y en este mismo espacio hemos analizado en columnas recientes, las primeras se\u00f1ales de la fragilidad de las expectativas econ\u00f3micas, en comparaci\u00f3n con la a\u00fan fuerte aprobaci\u00f3n pol\u00edtica del gobierno federal, comienzan a mostrar su relevancia al cristalizarse en forma de datos puntuales [&hellip;]<\/p>\n","protected":false},"author":3,"featured_media":173,"comment_status":"open","ping_status":"open","sticky":false,"template":"","format":"standard","meta":{"footnotes":""},"categories":[1],"tags":[],"class_list":["post-172","post","type-post","status-publish","format-standard","has-post-thumbnail","hentry","category-noticias-financieras"],"yoast_head":"<!-- This site is optimized with the Yoast SEO plugin v27.4 - https:\/\/yoast.com\/product\/yoast-seo-wordpress\/ -->\n<title>Inflaci\u00f3n y desempleo al alza: primeras se\u00f1ales de precauci\u00f3n - Super News<\/title>\n<meta name=\"robots\" content=\"index, follow, max-snippet:-1, max-image-preview:large, max-video-preview:-1\" \/>\n<link rel=\"canonical\" href=\"https:\/\/super-news.info\/mx\/inflacion-y-desempleo-al-alza-primeras-senales-de-precaucion\/\" \/>\n<meta property=\"og:locale\" content=\"es_MX\" \/>\n<meta property=\"og:type\" content=\"article\" \/>\n<meta property=\"og:title\" content=\"Inflaci\u00f3n y desempleo al alza: primeras se\u00f1ales de precauci\u00f3n - Super News\" \/>\n<meta property=\"og:description\" content=\"[ad_1] Jorge O. Moreno.Fuente: Cortes\u00eda Como diversos analistas y especialistas financieros advirtieron, y en este mismo espacio hemos analizado en columnas recientes, las primeras se\u00f1ales de la fragilidad de las expectativas econ\u00f3micas, en comparaci\u00f3n con la a\u00fan fuerte aprobaci\u00f3n pol\u00edtica del gobierno federal, comienzan a mostrar su relevancia al cristalizarse en forma de datos puntuales [&hellip;]\" \/>\n<meta property=\"og:url\" content=\"https:\/\/super-news.info\/mx\/inflacion-y-desempleo-al-alza-primeras-senales-de-precaucion\/\" \/>\n<meta property=\"og:site_name\" content=\"Super News\" \/>\n<meta property=\"article:published_time\" content=\"2019-04-26T19:51:08+00:00\" \/>\n<meta property=\"article:modified_time\" content=\"2019-04-26T19:51:09+00:00\" \/>\n<meta property=\"og:image\" content=\"https:\/\/super-news.info\/mx\/wp-content\/uploads\/sites\/8\/2019\/04\/Inflaci\u00f3n-y-desempleo-al-alza-primeras-se\u00f1ales-de-precauci\u00f3n.jpeg\" \/>\n\t<meta property=\"og:image:width\" content=\"1776\" \/>\n\t<meta property=\"og:image:height\" content=\"1000\" \/>\n\t<meta property=\"og:image:type\" content=\"image\/jpeg\" \/>\n<meta name=\"author\" content=\"mx\" \/>\n<meta name=\"twitter:card\" content=\"summary_large_image\" \/>\n<meta name=\"twitter:label1\" content=\"Escrito por\" \/>\n\t<meta name=\"twitter:data1\" content=\"mx\" \/>\n\t<meta name=\"twitter:label2\" content=\"Tiempo de lectura\" \/>\n\t<meta name=\"twitter:data2\" content=\"4 minutos\" \/>\n<script type=\"application\/ld+json\" class=\"yoast-schema-graph\">{\"@context\":\"https:\\\/\\\/schema.org\",\"@graph\":[{\"@type\":\"Article\",\"@id\":\"https:\\\/\\\/super-news.info\\\/mx\\\/inflacion-y-desempleo-al-alza-primeras-senales-de-precaucion\\\/#article\",\"isPartOf\":{\"@id\":\"https:\\\/\\\/super-news.info\\\/mx\\\/inflacion-y-desempleo-al-alza-primeras-senales-de-precaucion\\\/\"},\"author\":{\"name\":\"mx\",\"@id\":\"https:\\\/\\\/super-news.info\\\/mx\\\/#\\\/schema\\\/person\\\/74b71ca3d407439fd57da2d9c89449ca\"},\"headline\":\"Inflaci\u00f3n y desempleo al alza: primeras se\u00f1ales de precauci\u00f3n\",\"datePublished\":\"2019-04-26T19:51:08+00:00\",\"dateModified\":\"2019-04-26T19:51:09+00:00\",\"mainEntityOfPage\":{\"@id\":\"https:\\\/\\\/super-news.info\\\/mx\\\/inflacion-y-desempleo-al-alza-primeras-senales-de-precaucion\\\/\"},\"wordCount\":846,\"commentCount\":0,\"image\":{\"@id\":\"https:\\\/\\\/super-news.info\\\/mx\\\/inflacion-y-desempleo-al-alza-primeras-senales-de-precaucion\\\/#primaryimage\"},\"thumbnailUrl\":\"https:\\\/\\\/super-news.info\\\/mx\\\/wp-content\\\/uploads\\\/sites\\\/8\\\/2019\\\/04\\\/Inflaci\u00f3n-y-desempleo-al-alza-primeras-se\u00f1ales-de-precauci\u00f3n.jpeg\",\"articleSection\":[\"NOTICIAS FINANCIERAS\"],\"inLanguage\":\"es\",\"potentialAction\":[{\"@type\":\"CommentAction\",\"name\":\"Comment\",\"target\":[\"https:\\\/\\\/super-news.info\\\/mx\\\/inflacion-y-desempleo-al-alza-primeras-senales-de-precaucion\\\/#respond\"]}]},{\"@type\":\"WebPage\",\"@id\":\"https:\\\/\\\/super-news.info\\\/mx\\\/inflacion-y-desempleo-al-alza-primeras-senales-de-precaucion\\\/\",\"url\":\"https:\\\/\\\/super-news.info\\\/mx\\\/inflacion-y-desempleo-al-alza-primeras-senales-de-precaucion\\\/\",\"name\":\"Inflaci\u00f3n y desempleo al alza: primeras se\u00f1ales de precauci\u00f3n - Super News\",\"isPartOf\":{\"@id\":\"https:\\\/\\\/super-news.info\\\/mx\\\/#website\"},\"primaryImageOfPage\":{\"@id\":\"https:\\\/\\\/super-news.info\\\/mx\\\/inflacion-y-desempleo-al-alza-primeras-senales-de-precaucion\\\/#primaryimage\"},\"image\":{\"@id\":\"https:\\\/\\\/super-news.info\\\/mx\\\/inflacion-y-desempleo-al-alza-primeras-senales-de-precaucion\\\/#primaryimage\"},\"thumbnailUrl\":\"https:\\\/\\\/super-news.info\\\/mx\\\/wp-content\\\/uploads\\\/sites\\\/8\\\/2019\\\/04\\\/Inflaci\u00f3n-y-desempleo-al-alza-primeras-se\u00f1ales-de-precauci\u00f3n.jpeg\",\"datePublished\":\"2019-04-26T19:51:08+00:00\",\"dateModified\":\"2019-04-26T19:51:09+00:00\",\"author\":{\"@id\":\"https:\\\/\\\/super-news.info\\\/mx\\\/#\\\/schema\\\/person\\\/74b71ca3d407439fd57da2d9c89449ca\"},\"breadcrumb\":{\"@id\":\"https:\\\/\\\/super-news.info\\\/mx\\\/inflacion-y-desempleo-al-alza-primeras-senales-de-precaucion\\\/#breadcrumb\"},\"inLanguage\":\"es\",\"potentialAction\":[{\"@type\":\"ReadAction\",\"target\":[\"https:\\\/\\\/super-news.info\\\/mx\\\/inflacion-y-desempleo-al-alza-primeras-senales-de-precaucion\\\/\"]}]},{\"@type\":\"ImageObject\",\"inLanguage\":\"es\",\"@id\":\"https:\\\/\\\/super-news.info\\\/mx\\\/inflacion-y-desempleo-al-alza-primeras-senales-de-precaucion\\\/#primaryimage\",\"url\":\"https:\\\/\\\/super-news.info\\\/mx\\\/wp-content\\\/uploads\\\/sites\\\/8\\\/2019\\\/04\\\/Inflaci\u00f3n-y-desempleo-al-alza-primeras-se\u00f1ales-de-precauci\u00f3n.jpeg\",\"contentUrl\":\"https:\\\/\\\/super-news.info\\\/mx\\\/wp-content\\\/uploads\\\/sites\\\/8\\\/2019\\\/04\\\/Inflaci\u00f3n-y-desempleo-al-alza-primeras-se\u00f1ales-de-precauci\u00f3n.jpeg\",\"width\":1776,\"height\":1000,\"caption\":\"Jorge O. Moreno.\"},{\"@type\":\"BreadcrumbList\",\"@id\":\"https:\\\/\\\/super-news.info\\\/mx\\\/inflacion-y-desempleo-al-alza-primeras-senales-de-precaucion\\\/#breadcrumb\",\"itemListElement\":[{\"@type\":\"ListItem\",\"position\":1,\"name\":\"Home\",\"item\":\"https:\\\/\\\/super-news.info\\\/mx\\\/\"},{\"@type\":\"ListItem\",\"position\":2,\"name\":\"Inflaci\u00f3n y desempleo al alza: primeras se\u00f1ales de precauci\u00f3n\"}]},{\"@type\":\"WebSite\",\"@id\":\"https:\\\/\\\/super-news.info\\\/mx\\\/#website\",\"url\":\"https:\\\/\\\/super-news.info\\\/mx\\\/\",\"name\":\"Super News\",\"description\":\"Super News Mexico\",\"potentialAction\":[{\"@type\":\"SearchAction\",\"target\":{\"@type\":\"EntryPoint\",\"urlTemplate\":\"https:\\\/\\\/super-news.info\\\/mx\\\/?s={search_term_string}\"},\"query-input\":{\"@type\":\"PropertyValueSpecification\",\"valueRequired\":true,\"valueName\":\"search_term_string\"}}],\"inLanguage\":\"es\"},{\"@type\":\"Person\",\"@id\":\"https:\\\/\\\/super-news.info\\\/mx\\\/#\\\/schema\\\/person\\\/74b71ca3d407439fd57da2d9c89449ca\",\"name\":\"mx\",\"image\":{\"@type\":\"ImageObject\",\"inLanguage\":\"es\",\"@id\":\"https:\\\/\\\/secure.gravatar.com\\\/avatar\\\/6374ac65ff69c362a0ae1303d73d69dcd9bd198d62d9861f054a69aaf82c017b?s=96&d=mm&r=g\",\"url\":\"https:\\\/\\\/secure.gravatar.com\\\/avatar\\\/6374ac65ff69c362a0ae1303d73d69dcd9bd198d62d9861f054a69aaf82c017b?s=96&d=mm&r=g\",\"contentUrl\":\"https:\\\/\\\/secure.gravatar.com\\\/avatar\\\/6374ac65ff69c362a0ae1303d73d69dcd9bd198d62d9861f054a69aaf82c017b?s=96&d=mm&r=g\",\"caption\":\"mx\"},\"url\":\"https:\\\/\\\/super-news.info\\\/mx\\\/author\\\/mx\\\/\"}]}<\/script>\n<!-- \/ Yoast SEO plugin. -->","yoast_head_json":{"title":"Inflaci\u00f3n y desempleo al alza: primeras se\u00f1ales de precauci\u00f3n - Super News","robots":{"index":"index","follow":"follow","max-snippet":"max-snippet:-1","max-image-preview":"max-image-preview:large","max-video-preview":"max-video-preview:-1"},"canonical":"https:\/\/super-news.info\/mx\/inflacion-y-desempleo-al-alza-primeras-senales-de-precaucion\/","og_locale":"es_MX","og_type":"article","og_title":"Inflaci\u00f3n y desempleo al alza: primeras se\u00f1ales de precauci\u00f3n - Super News","og_description":"[ad_1] Jorge O. Moreno.Fuente: Cortes\u00eda Como diversos analistas y especialistas financieros advirtieron, y en este mismo espacio hemos analizado en columnas recientes, las primeras se\u00f1ales de la fragilidad de las expectativas econ\u00f3micas, en comparaci\u00f3n con la a\u00fan fuerte aprobaci\u00f3n pol\u00edtica del gobierno federal, comienzan a mostrar su relevancia al cristalizarse en forma de datos puntuales [&hellip;]","og_url":"https:\/\/super-news.info\/mx\/inflacion-y-desempleo-al-alza-primeras-senales-de-precaucion\/","og_site_name":"Super News","article_published_time":"2019-04-26T19:51:08+00:00","article_modified_time":"2019-04-26T19:51:09+00:00","og_image":[{"width":1776,"height":1000,"url":"https:\/\/super-news.info\/mx\/wp-content\/uploads\/sites\/8\/2019\/04\/Inflaci\u00f3n-y-desempleo-al-alza-primeras-se\u00f1ales-de-precauci\u00f3n.jpeg","type":"image\/jpeg"}],"author":"mx","twitter_card":"summary_large_image","twitter_misc":{"Escrito por":"mx","Tiempo de lectura":"4 minutos"},"schema":{"@context":"https:\/\/schema.org","@graph":[{"@type":"Article","@id":"https:\/\/super-news.info\/mx\/inflacion-y-desempleo-al-alza-primeras-senales-de-precaucion\/#article","isPartOf":{"@id":"https:\/\/super-news.info\/mx\/inflacion-y-desempleo-al-alza-primeras-senales-de-precaucion\/"},"author":{"name":"mx","@id":"https:\/\/super-news.info\/mx\/#\/schema\/person\/74b71ca3d407439fd57da2d9c89449ca"},"headline":"Inflaci\u00f3n y desempleo al alza: primeras se\u00f1ales de precauci\u00f3n","datePublished":"2019-04-26T19:51:08+00:00","dateModified":"2019-04-26T19:51:09+00:00","mainEntityOfPage":{"@id":"https:\/\/super-news.info\/mx\/inflacion-y-desempleo-al-alza-primeras-senales-de-precaucion\/"},"wordCount":846,"commentCount":0,"image":{"@id":"https:\/\/super-news.info\/mx\/inflacion-y-desempleo-al-alza-primeras-senales-de-precaucion\/#primaryimage"},"thumbnailUrl":"https:\/\/super-news.info\/mx\/wp-content\/uploads\/sites\/8\/2019\/04\/Inflaci\u00f3n-y-desempleo-al-alza-primeras-se\u00f1ales-de-precauci\u00f3n.jpeg","articleSection":["NOTICIAS FINANCIERAS"],"inLanguage":"es","potentialAction":[{"@type":"CommentAction","name":"Comment","target":["https:\/\/super-news.info\/mx\/inflacion-y-desempleo-al-alza-primeras-senales-de-precaucion\/#respond"]}]},{"@type":"WebPage","@id":"https:\/\/super-news.info\/mx\/inflacion-y-desempleo-al-alza-primeras-senales-de-precaucion\/","url":"https:\/\/super-news.info\/mx\/inflacion-y-desempleo-al-alza-primeras-senales-de-precaucion\/","name":"Inflaci\u00f3n y desempleo al alza: primeras se\u00f1ales de precauci\u00f3n - Super News","isPartOf":{"@id":"https:\/\/super-news.info\/mx\/#website"},"primaryImageOfPage":{"@id":"https:\/\/super-news.info\/mx\/inflacion-y-desempleo-al-alza-primeras-senales-de-precaucion\/#primaryimage"},"image":{"@id":"https:\/\/super-news.info\/mx\/inflacion-y-desempleo-al-alza-primeras-senales-de-precaucion\/#primaryimage"},"thumbnailUrl":"https:\/\/super-news.info\/mx\/wp-content\/uploads\/sites\/8\/2019\/04\/Inflaci\u00f3n-y-desempleo-al-alza-primeras-se\u00f1ales-de-precauci\u00f3n.jpeg","datePublished":"2019-04-26T19:51:08+00:00","dateModified":"2019-04-26T19:51:09+00:00","author":{"@id":"https:\/\/super-news.info\/mx\/#\/schema\/person\/74b71ca3d407439fd57da2d9c89449ca"},"breadcrumb":{"@id":"https:\/\/super-news.info\/mx\/inflacion-y-desempleo-al-alza-primeras-senales-de-precaucion\/#breadcrumb"},"inLanguage":"es","potentialAction":[{"@type":"ReadAction","target":["https:\/\/super-news.info\/mx\/inflacion-y-desempleo-al-alza-primeras-senales-de-precaucion\/"]}]},{"@type":"ImageObject","inLanguage":"es","@id":"https:\/\/super-news.info\/mx\/inflacion-y-desempleo-al-alza-primeras-senales-de-precaucion\/#primaryimage","url":"https:\/\/super-news.info\/mx\/wp-content\/uploads\/sites\/8\/2019\/04\/Inflaci\u00f3n-y-desempleo-al-alza-primeras-se\u00f1ales-de-precauci\u00f3n.jpeg","contentUrl":"https:\/\/super-news.info\/mx\/wp-content\/uploads\/sites\/8\/2019\/04\/Inflaci\u00f3n-y-desempleo-al-alza-primeras-se\u00f1ales-de-precauci\u00f3n.jpeg","width":1776,"height":1000,"caption":"Jorge O. Moreno."},{"@type":"BreadcrumbList","@id":"https:\/\/super-news.info\/mx\/inflacion-y-desempleo-al-alza-primeras-senales-de-precaucion\/#breadcrumb","itemListElement":[{"@type":"ListItem","position":1,"name":"Home","item":"https:\/\/super-news.info\/mx\/"},{"@type":"ListItem","position":2,"name":"Inflaci\u00f3n y desempleo al alza: primeras se\u00f1ales de precauci\u00f3n"}]},{"@type":"WebSite","@id":"https:\/\/super-news.info\/mx\/#website","url":"https:\/\/super-news.info\/mx\/","name":"Super News","description":"Super News Mexico","potentialAction":[{"@type":"SearchAction","target":{"@type":"EntryPoint","urlTemplate":"https:\/\/super-news.info\/mx\/?s={search_term_string}"},"query-input":{"@type":"PropertyValueSpecification","valueRequired":true,"valueName":"search_term_string"}}],"inLanguage":"es"},{"@type":"Person","@id":"https:\/\/super-news.info\/mx\/#\/schema\/person\/74b71ca3d407439fd57da2d9c89449ca","name":"mx","image":{"@type":"ImageObject","inLanguage":"es","@id":"https:\/\/secure.gravatar.com\/avatar\/6374ac65ff69c362a0ae1303d73d69dcd9bd198d62d9861f054a69aaf82c017b?s=96&d=mm&r=g","url":"https:\/\/secure.gravatar.com\/avatar\/6374ac65ff69c362a0ae1303d73d69dcd9bd198d62d9861f054a69aaf82c017b?s=96&d=mm&r=g","contentUrl":"https:\/\/secure.gravatar.com\/avatar\/6374ac65ff69c362a0ae1303d73d69dcd9bd198d62d9861f054a69aaf82c017b?s=96&d=mm&r=g","caption":"mx"},"url":"https:\/\/super-news.info\/mx\/author\/mx\/"}]}},"_links":{"self":[{"href":"https:\/\/super-news.info\/mx\/wp-json\/wp\/v2\/posts\/172","targetHints":{"allow":["GET"]}}],"collection":[{"href":"https:\/\/super-news.info\/mx\/wp-json\/wp\/v2\/posts"}],"about":[{"href":"https:\/\/super-news.info\/mx\/wp-json\/wp\/v2\/types\/post"}],"author":[{"embeddable":true,"href":"https:\/\/super-news.info\/mx\/wp-json\/wp\/v2\/users\/3"}],"replies":[{"embeddable":true,"href":"https:\/\/super-news.info\/mx\/wp-json\/wp\/v2\/comments?post=172"}],"version-history":[{"count":1,"href":"https:\/\/super-news.info\/mx\/wp-json\/wp\/v2\/posts\/172\/revisions"}],"predecessor-version":[{"id":174,"href":"https:\/\/super-news.info\/mx\/wp-json\/wp\/v2\/posts\/172\/revisions\/174"}],"wp:featuredmedia":[{"embeddable":true,"href":"https:\/\/super-news.info\/mx\/wp-json\/wp\/v2\/media\/173"}],"wp:attachment":[{"href":"https:\/\/super-news.info\/mx\/wp-json\/wp\/v2\/media?parent=172"}],"wp:term":[{"taxonomy":"category","embeddable":true,"href":"https:\/\/super-news.info\/mx\/wp-json\/wp\/v2\/categories?post=172"},{"taxonomy":"post_tag","embeddable":true,"href":"https:\/\/super-news.info\/mx\/wp-json\/wp\/v2\/tags?post=172"}],"curies":[{"name":"wp","href":"https:\/\/api.w.org\/{rel}","templated":true}]}}