{"id":154,"date":"2019-04-25T21:54:50","date_gmt":"2019-04-25T21:54:50","guid":{"rendered":"https:\/\/super-news.info\/mx\/inicia-programa-para-aplicar-la-primera-vacuna-contra-la-malaria\/"},"modified":"2019-04-25T21:54:51","modified_gmt":"2019-04-25T21:54:51","slug":"inicia-programa-para-aplicar-la-primera-vacuna-contra-la-malaria","status":"publish","type":"post","link":"https:\/\/super-news.info\/mx\/inicia-programa-para-aplicar-la-primera-vacuna-contra-la-malaria\/","title":{"rendered":"Inicia programa para aplicar la primera vacuna contra la malaria"},"content":{"rendered":"<p> [ad_1]<br \/>\n<\/p>\n<p class=\"paragraph\" data-count=\"318\" data-wrap=\"56\">El gobierno de <strong>Malawi<\/strong>, junto con la <strong>Organizaci\u00f3n Mundial de la Salud (OMS)<\/strong>, comenz\u00f3 a aplicar por primera vez la primer <strong>vacuna antipal\u00fadica <\/strong>en el mundo.  El pa\u00eds ser\u00e1 el primero de tres pa\u00edses africanos en administrarla, seguido de <strong>Kenia y Ghana,<\/strong> en donde el programa se pondr\u00e1 en marcha dentro de las pr\u00f3ximas semana.<\/p>\n<p class=\"paragraph\" data-count=\"264\" data-wrap=\"49\">Despu\u00e9s de 30 a\u00f1os de desarrollo, la nueva vacuna, conocida como<strong>  RTS,S, <\/strong>podr\u00e1 suponer un freno a las<strong> 435 mil muertes anuales<\/strong> en \u00c1frica que suceden por esta enfermedad, de las cuales se estiman que <strong>250 mil de ellas <\/strong>son infantiles, seg\u00fan datos oficiales de la OMS. <\/p>\n<p class=\"paragraph\" data-count=\"333\" data-wrap=\"56\"> Los ensayos cl\u00ednicos realizados han demostrado que la RTS,S  previene aproximadamente<strong> cuatro de cada diez casos de paludismo<\/strong> cl\u00ednico y <strong>tres de cada diez casos de paludismo grave <\/strong>potencialmente mortal, lo cual supone un avance a las otras medidas contra la malaria que se han estancado y retrocedido en algunas zonas del continente. <\/p>\n<p class=\"paragraph\" data-count=\"380\" data-wrap=\"65\">Este primer programa piloto coordinado por la OMS junto con los ministerios de salud de Malawi, Kenia y Ghana tiene como objetivo el monitorear la aceptaci\u00f3n de la vacuna, el compromiso de los padres para llevar a los hijos a la aplicaci\u00f3n de las cuatro dosis requeridas y principalmente el n\u00famero de mortalidad infantil para asegurarse de que s\u00ed est\u00e1 sirviendo como se planeaba. <\/p>\n<p class=\"paragraph\" data-count=\"192\" data-wrap=\"40\">Se espera que el programa de vacunaci\u00f3n vacune a unos <strong>360 mil ni\u00f1os<\/strong> al a\u00f1o en los tres pa\u00edses que forman parte de \u00e9l y se aplicar\u00e1n en las zonas en donde la transmisi\u00f3n es de moderada a alta. <\/p>\n<p class=\"paragraph\" data-count=\"222\" data-wrap=\"38\">En el programa tambi\u00e9n est\u00e1 involucrada la organizaci\u00f3n sin \u00e1nimo de lucro <strong>PATH<\/strong> y el fabricante y desarrollador de vacunas, <strong>GSK<\/strong>, el cual planea donar hasta diez millones de dosis en esta etapa de lanzamiento del proyecto. <\/p>\n<p class=\"paragraph\" data-count=\"248\" data-wrap=\"44\">Este proyecto contra el paludismo fue financiando por la <strong>Alianza Gavi <\/strong>para las vacunas; el<strong> Fondo Mundial de Lucha contra el Sida<\/strong>, <strong>la Tuberculosis y la Malaria<\/strong>; y <strong>Unitaid. <\/strong>De la misma forma, la OMS, Path y GSK aportan sus contribuciones en especie. <\/p>\n<p class=\"paragraph\" data-count=\"208\" data-wrap=\"37\">El paludismo o malaria, como com\u00fanmente se le llama , es una enfermedad febril potencialmente mortal que se transmite en la mayor\u00eda de los casos por la picadura de los mosquitos hembra del g\u00e9nero <em>Anopheles<\/em>.  <\/p>\n<p class=\"paragraph\" data-count=\"402\" data-wrap=\"62\">Seg\u00fan un listado oficial de los<strong> Centros para el Control y Prevenci\u00f3n de Enfermedades <\/strong>(CDC por sus siglas en ingl\u00e9s) algunos de los pa\u00edses en donde m\u00e1s se presenta esta enfermedad son Angola, Bangladesh, Burundi, Camer\u00fan, El Chad, la Rep\u00fablica Democr\u00e1tica del Congo, Guinea Ecuatorial, Ghana, Guinea, Hait\u00ed, India, Kenia, Laos, Mozambique, Nigeria, Ruanda, Senegal, Sud\u00e1n, Uganda, Zambia, entre otros.  <\/p>\n<p class=\"paragraph\" data-count=\"97\" data-wrap=\"18\">En M\u00e9xico, la malaria tambi\u00e9n est\u00e1 presente en <strong>Chiapas <\/strong>y en la parte sur del estado de<strong> Chihuahua.<\/strong><\/p>\n<div class=\"image__block \">\n<figure><\/figure>\n<p><span class=\"element__footer\"><\/span><span class=\"element__credit\"><\/span><\/div>\n<p>[ad_2]<br \/>\n<br \/><a href=\"https:\/\/www.elfinanciero.com.mx\/rss\/ciencia\/inicia-programa-para-aplicar-la-primera-vacuna-contra-la-malaria\">Source link <\/a><\/p>\n","protected":false},"excerpt":{"rendered":"<p>[ad_1] El gobierno de Malawi, junto con la Organizaci\u00f3n Mundial de la Salud (OMS), comenz\u00f3 a aplicar por primera vez la primer vacuna antipal\u00fadica en el mundo. El pa\u00eds ser\u00e1 el primero de tres pa\u00edses africanos en administrarla, seguido de Kenia y Ghana, en donde el programa se pondr\u00e1 en marcha dentro de las pr\u00f3ximas [&hellip;]<\/p>\n","protected":false},"author":3,"featured_media":155,"comment_status":"open","ping_status":"open","sticky":false,"template":"","format":"standard","meta":{"footnotes":""},"categories":[1],"tags":[],"class_list":["post-154","post","type-post","status-publish","format-standard","has-post-thumbnail","hentry","category-noticias-financieras"],"yoast_head":"<!-- This site is optimized with the Yoast SEO plugin v27.4 - https:\/\/yoast.com\/product\/yoast-seo-wordpress\/ -->\n<title>Inicia programa para aplicar la primera vacuna contra la malaria - Super News<\/title>\n<meta name=\"robots\" content=\"index, follow, max-snippet:-1, max-image-preview:large, max-video-preview:-1\" \/>\n<link rel=\"canonical\" href=\"https:\/\/super-news.info\/mx\/inicia-programa-para-aplicar-la-primera-vacuna-contra-la-malaria\/\" \/>\n<meta property=\"og:locale\" content=\"es_MX\" \/>\n<meta property=\"og:type\" content=\"article\" \/>\n<meta property=\"og:title\" content=\"Inicia programa para aplicar la primera vacuna contra la malaria - Super News\" \/>\n<meta property=\"og:description\" content=\"[ad_1] El gobierno de Malawi, junto con la Organizaci\u00f3n Mundial de la Salud (OMS), comenz\u00f3 a aplicar por primera vez la primer vacuna antipal\u00fadica en el mundo. El pa\u00eds ser\u00e1 el primero de tres pa\u00edses africanos en administrarla, seguido de Kenia y Ghana, en donde el programa se pondr\u00e1 en marcha dentro de las pr\u00f3ximas [&hellip;]\" \/>\n<meta property=\"og:url\" content=\"https:\/\/super-news.info\/mx\/inicia-programa-para-aplicar-la-primera-vacuna-contra-la-malaria\/\" \/>\n<meta property=\"og:site_name\" content=\"Super News\" \/>\n<meta property=\"article:published_time\" content=\"2019-04-25T21:54:50+00:00\" \/>\n<meta property=\"article:modified_time\" content=\"2019-04-25T21:54:51+00:00\" \/>\n<meta property=\"og:image\" content=\"https:\/\/super-news.info\/mx\/wp-content\/uploads\/sites\/8\/2019\/04\/Inicia-programa-para-aplicar-la-primera-vacuna-contra-la-malaria.jpeg\" \/>\n\t<meta property=\"og:image:width\" content=\"1776\" \/>\n\t<meta property=\"og:image:height\" content=\"999\" \/>\n\t<meta property=\"og:image:type\" content=\"image\/jpeg\" \/>\n<meta name=\"author\" content=\"mx\" \/>\n<meta name=\"twitter:card\" content=\"summary_large_image\" \/>\n<meta name=\"twitter:label1\" content=\"Escrito por\" \/>\n\t<meta name=\"twitter:data1\" content=\"mx\" \/>\n\t<meta name=\"twitter:label2\" content=\"Tiempo de lectura\" \/>\n\t<meta name=\"twitter:data2\" content=\"2 minutos\" \/>\n<script type=\"application\/ld+json\" class=\"yoast-schema-graph\">{\"@context\":\"https:\\\/\\\/schema.org\",\"@graph\":[{\"@type\":\"Article\",\"@id\":\"https:\\\/\\\/super-news.info\\\/mx\\\/inicia-programa-para-aplicar-la-primera-vacuna-contra-la-malaria\\\/#article\",\"isPartOf\":{\"@id\":\"https:\\\/\\\/super-news.info\\\/mx\\\/inicia-programa-para-aplicar-la-primera-vacuna-contra-la-malaria\\\/\"},\"author\":{\"name\":\"mx\",\"@id\":\"https:\\\/\\\/super-news.info\\\/mx\\\/#\\\/schema\\\/person\\\/74b71ca3d407439fd57da2d9c89449ca\"},\"headline\":\"Inicia programa para aplicar la primera vacuna contra la malaria\",\"datePublished\":\"2019-04-25T21:54:50+00:00\",\"dateModified\":\"2019-04-25T21:54:51+00:00\",\"mainEntityOfPage\":{\"@id\":\"https:\\\/\\\/super-news.info\\\/mx\\\/inicia-programa-para-aplicar-la-primera-vacuna-contra-la-malaria\\\/\"},\"wordCount\":497,\"commentCount\":0,\"image\":{\"@id\":\"https:\\\/\\\/super-news.info\\\/mx\\\/inicia-programa-para-aplicar-la-primera-vacuna-contra-la-malaria\\\/#primaryimage\"},\"thumbnailUrl\":\"https:\\\/\\\/super-news.info\\\/mx\\\/wp-content\\\/uploads\\\/sites\\\/8\\\/2019\\\/04\\\/Inicia-programa-para-aplicar-la-primera-vacuna-contra-la-malaria.jpeg\",\"articleSection\":[\"NOTICIAS FINANCIERAS\"],\"inLanguage\":\"es\",\"potentialAction\":[{\"@type\":\"CommentAction\",\"name\":\"Comment\",\"target\":[\"https:\\\/\\\/super-news.info\\\/mx\\\/inicia-programa-para-aplicar-la-primera-vacuna-contra-la-malaria\\\/#respond\"]}]},{\"@type\":\"WebPage\",\"@id\":\"https:\\\/\\\/super-news.info\\\/mx\\\/inicia-programa-para-aplicar-la-primera-vacuna-contra-la-malaria\\\/\",\"url\":\"https:\\\/\\\/super-news.info\\\/mx\\\/inicia-programa-para-aplicar-la-primera-vacuna-contra-la-malaria\\\/\",\"name\":\"Inicia programa para aplicar la primera vacuna contra la malaria - Super News\",\"isPartOf\":{\"@id\":\"https:\\\/\\\/super-news.info\\\/mx\\\/#website\"},\"primaryImageOfPage\":{\"@id\":\"https:\\\/\\\/super-news.info\\\/mx\\\/inicia-programa-para-aplicar-la-primera-vacuna-contra-la-malaria\\\/#primaryimage\"},\"image\":{\"@id\":\"https:\\\/\\\/super-news.info\\\/mx\\\/inicia-programa-para-aplicar-la-primera-vacuna-contra-la-malaria\\\/#primaryimage\"},\"thumbnailUrl\":\"https:\\\/\\\/super-news.info\\\/mx\\\/wp-content\\\/uploads\\\/sites\\\/8\\\/2019\\\/04\\\/Inicia-programa-para-aplicar-la-primera-vacuna-contra-la-malaria.jpeg\",\"datePublished\":\"2019-04-25T21:54:50+00:00\",\"dateModified\":\"2019-04-25T21:54:51+00:00\",\"author\":{\"@id\":\"https:\\\/\\\/super-news.info\\\/mx\\\/#\\\/schema\\\/person\\\/74b71ca3d407439fd57da2d9c89449ca\"},\"breadcrumb\":{\"@id\":\"https:\\\/\\\/super-news.info\\\/mx\\\/inicia-programa-para-aplicar-la-primera-vacuna-contra-la-malaria\\\/#breadcrumb\"},\"inLanguage\":\"es\",\"potentialAction\":[{\"@type\":\"ReadAction\",\"target\":[\"https:\\\/\\\/super-news.info\\\/mx\\\/inicia-programa-para-aplicar-la-primera-vacuna-contra-la-malaria\\\/\"]}]},{\"@type\":\"ImageObject\",\"inLanguage\":\"es\",\"@id\":\"https:\\\/\\\/super-news.info\\\/mx\\\/inicia-programa-para-aplicar-la-primera-vacuna-contra-la-malaria\\\/#primaryimage\",\"url\":\"https:\\\/\\\/super-news.info\\\/mx\\\/wp-content\\\/uploads\\\/sites\\\/8\\\/2019\\\/04\\\/Inicia-programa-para-aplicar-la-primera-vacuna-contra-la-malaria.jpeg\",\"contentUrl\":\"https:\\\/\\\/super-news.info\\\/mx\\\/wp-content\\\/uploads\\\/sites\\\/8\\\/2019\\\/04\\\/Inicia-programa-para-aplicar-la-primera-vacuna-contra-la-malaria.jpeg\",\"width\":1776,\"height\":999,\"caption\":\"Inicia programa para aplicar la primera vacuna contra la malaria\"},{\"@type\":\"BreadcrumbList\",\"@id\":\"https:\\\/\\\/super-news.info\\\/mx\\\/inicia-programa-para-aplicar-la-primera-vacuna-contra-la-malaria\\\/#breadcrumb\",\"itemListElement\":[{\"@type\":\"ListItem\",\"position\":1,\"name\":\"Home\",\"item\":\"https:\\\/\\\/super-news.info\\\/mx\\\/\"},{\"@type\":\"ListItem\",\"position\":2,\"name\":\"Inicia programa para aplicar la primera vacuna contra la malaria\"}]},{\"@type\":\"WebSite\",\"@id\":\"https:\\\/\\\/super-news.info\\\/mx\\\/#website\",\"url\":\"https:\\\/\\\/super-news.info\\\/mx\\\/\",\"name\":\"Super News\",\"description\":\"Super News Mexico\",\"potentialAction\":[{\"@type\":\"SearchAction\",\"target\":{\"@type\":\"EntryPoint\",\"urlTemplate\":\"https:\\\/\\\/super-news.info\\\/mx\\\/?s={search_term_string}\"},\"query-input\":{\"@type\":\"PropertyValueSpecification\",\"valueRequired\":true,\"valueName\":\"search_term_string\"}}],\"inLanguage\":\"es\"},{\"@type\":\"Person\",\"@id\":\"https:\\\/\\\/super-news.info\\\/mx\\\/#\\\/schema\\\/person\\\/74b71ca3d407439fd57da2d9c89449ca\",\"name\":\"mx\",\"image\":{\"@type\":\"ImageObject\",\"inLanguage\":\"es\",\"@id\":\"https:\\\/\\\/secure.gravatar.com\\\/avatar\\\/6374ac65ff69c362a0ae1303d73d69dcd9bd198d62d9861f054a69aaf82c017b?s=96&d=mm&r=g\",\"url\":\"https:\\\/\\\/secure.gravatar.com\\\/avatar\\\/6374ac65ff69c362a0ae1303d73d69dcd9bd198d62d9861f054a69aaf82c017b?s=96&d=mm&r=g\",\"contentUrl\":\"https:\\\/\\\/secure.gravatar.com\\\/avatar\\\/6374ac65ff69c362a0ae1303d73d69dcd9bd198d62d9861f054a69aaf82c017b?s=96&d=mm&r=g\",\"caption\":\"mx\"},\"url\":\"https:\\\/\\\/super-news.info\\\/mx\\\/author\\\/mx\\\/\"}]}<\/script>\n<!-- \/ Yoast SEO plugin. -->","yoast_head_json":{"title":"Inicia programa para aplicar la primera vacuna contra la malaria - Super News","robots":{"index":"index","follow":"follow","max-snippet":"max-snippet:-1","max-image-preview":"max-image-preview:large","max-video-preview":"max-video-preview:-1"},"canonical":"https:\/\/super-news.info\/mx\/inicia-programa-para-aplicar-la-primera-vacuna-contra-la-malaria\/","og_locale":"es_MX","og_type":"article","og_title":"Inicia programa para aplicar la primera vacuna contra la malaria - Super News","og_description":"[ad_1] El gobierno de Malawi, junto con la Organizaci\u00f3n Mundial de la Salud (OMS), comenz\u00f3 a aplicar por primera vez la primer vacuna antipal\u00fadica en el mundo. El pa\u00eds ser\u00e1 el primero de tres pa\u00edses africanos en administrarla, seguido de Kenia y Ghana, en donde el programa se pondr\u00e1 en marcha dentro de las pr\u00f3ximas [&hellip;]","og_url":"https:\/\/super-news.info\/mx\/inicia-programa-para-aplicar-la-primera-vacuna-contra-la-malaria\/","og_site_name":"Super News","article_published_time":"2019-04-25T21:54:50+00:00","article_modified_time":"2019-04-25T21:54:51+00:00","og_image":[{"width":1776,"height":999,"url":"https:\/\/super-news.info\/mx\/wp-content\/uploads\/sites\/8\/2019\/04\/Inicia-programa-para-aplicar-la-primera-vacuna-contra-la-malaria.jpeg","type":"image\/jpeg"}],"author":"mx","twitter_card":"summary_large_image","twitter_misc":{"Escrito por":"mx","Tiempo de lectura":"2 minutos"},"schema":{"@context":"https:\/\/schema.org","@graph":[{"@type":"Article","@id":"https:\/\/super-news.info\/mx\/inicia-programa-para-aplicar-la-primera-vacuna-contra-la-malaria\/#article","isPartOf":{"@id":"https:\/\/super-news.info\/mx\/inicia-programa-para-aplicar-la-primera-vacuna-contra-la-malaria\/"},"author":{"name":"mx","@id":"https:\/\/super-news.info\/mx\/#\/schema\/person\/74b71ca3d407439fd57da2d9c89449ca"},"headline":"Inicia programa para aplicar la primera vacuna contra la malaria","datePublished":"2019-04-25T21:54:50+00:00","dateModified":"2019-04-25T21:54:51+00:00","mainEntityOfPage":{"@id":"https:\/\/super-news.info\/mx\/inicia-programa-para-aplicar-la-primera-vacuna-contra-la-malaria\/"},"wordCount":497,"commentCount":0,"image":{"@id":"https:\/\/super-news.info\/mx\/inicia-programa-para-aplicar-la-primera-vacuna-contra-la-malaria\/#primaryimage"},"thumbnailUrl":"https:\/\/super-news.info\/mx\/wp-content\/uploads\/sites\/8\/2019\/04\/Inicia-programa-para-aplicar-la-primera-vacuna-contra-la-malaria.jpeg","articleSection":["NOTICIAS FINANCIERAS"],"inLanguage":"es","potentialAction":[{"@type":"CommentAction","name":"Comment","target":["https:\/\/super-news.info\/mx\/inicia-programa-para-aplicar-la-primera-vacuna-contra-la-malaria\/#respond"]}]},{"@type":"WebPage","@id":"https:\/\/super-news.info\/mx\/inicia-programa-para-aplicar-la-primera-vacuna-contra-la-malaria\/","url":"https:\/\/super-news.info\/mx\/inicia-programa-para-aplicar-la-primera-vacuna-contra-la-malaria\/","name":"Inicia programa para aplicar la primera vacuna contra la malaria - Super News","isPartOf":{"@id":"https:\/\/super-news.info\/mx\/#website"},"primaryImageOfPage":{"@id":"https:\/\/super-news.info\/mx\/inicia-programa-para-aplicar-la-primera-vacuna-contra-la-malaria\/#primaryimage"},"image":{"@id":"https:\/\/super-news.info\/mx\/inicia-programa-para-aplicar-la-primera-vacuna-contra-la-malaria\/#primaryimage"},"thumbnailUrl":"https:\/\/super-news.info\/mx\/wp-content\/uploads\/sites\/8\/2019\/04\/Inicia-programa-para-aplicar-la-primera-vacuna-contra-la-malaria.jpeg","datePublished":"2019-04-25T21:54:50+00:00","dateModified":"2019-04-25T21:54:51+00:00","author":{"@id":"https:\/\/super-news.info\/mx\/#\/schema\/person\/74b71ca3d407439fd57da2d9c89449ca"},"breadcrumb":{"@id":"https:\/\/super-news.info\/mx\/inicia-programa-para-aplicar-la-primera-vacuna-contra-la-malaria\/#breadcrumb"},"inLanguage":"es","potentialAction":[{"@type":"ReadAction","target":["https:\/\/super-news.info\/mx\/inicia-programa-para-aplicar-la-primera-vacuna-contra-la-malaria\/"]}]},{"@type":"ImageObject","inLanguage":"es","@id":"https:\/\/super-news.info\/mx\/inicia-programa-para-aplicar-la-primera-vacuna-contra-la-malaria\/#primaryimage","url":"https:\/\/super-news.info\/mx\/wp-content\/uploads\/sites\/8\/2019\/04\/Inicia-programa-para-aplicar-la-primera-vacuna-contra-la-malaria.jpeg","contentUrl":"https:\/\/super-news.info\/mx\/wp-content\/uploads\/sites\/8\/2019\/04\/Inicia-programa-para-aplicar-la-primera-vacuna-contra-la-malaria.jpeg","width":1776,"height":999,"caption":"Inicia programa para aplicar la primera vacuna contra la malaria"},{"@type":"BreadcrumbList","@id":"https:\/\/super-news.info\/mx\/inicia-programa-para-aplicar-la-primera-vacuna-contra-la-malaria\/#breadcrumb","itemListElement":[{"@type":"ListItem","position":1,"name":"Home","item":"https:\/\/super-news.info\/mx\/"},{"@type":"ListItem","position":2,"name":"Inicia programa para aplicar la primera vacuna contra la malaria"}]},{"@type":"WebSite","@id":"https:\/\/super-news.info\/mx\/#website","url":"https:\/\/super-news.info\/mx\/","name":"Super News","description":"Super News Mexico","potentialAction":[{"@type":"SearchAction","target":{"@type":"EntryPoint","urlTemplate":"https:\/\/super-news.info\/mx\/?s={search_term_string}"},"query-input":{"@type":"PropertyValueSpecification","valueRequired":true,"valueName":"search_term_string"}}],"inLanguage":"es"},{"@type":"Person","@id":"https:\/\/super-news.info\/mx\/#\/schema\/person\/74b71ca3d407439fd57da2d9c89449ca","name":"mx","image":{"@type":"ImageObject","inLanguage":"es","@id":"https:\/\/secure.gravatar.com\/avatar\/6374ac65ff69c362a0ae1303d73d69dcd9bd198d62d9861f054a69aaf82c017b?s=96&d=mm&r=g","url":"https:\/\/secure.gravatar.com\/avatar\/6374ac65ff69c362a0ae1303d73d69dcd9bd198d62d9861f054a69aaf82c017b?s=96&d=mm&r=g","contentUrl":"https:\/\/secure.gravatar.com\/avatar\/6374ac65ff69c362a0ae1303d73d69dcd9bd198d62d9861f054a69aaf82c017b?s=96&d=mm&r=g","caption":"mx"},"url":"https:\/\/super-news.info\/mx\/author\/mx\/"}]}},"_links":{"self":[{"href":"https:\/\/super-news.info\/mx\/wp-json\/wp\/v2\/posts\/154","targetHints":{"allow":["GET"]}}],"collection":[{"href":"https:\/\/super-news.info\/mx\/wp-json\/wp\/v2\/posts"}],"about":[{"href":"https:\/\/super-news.info\/mx\/wp-json\/wp\/v2\/types\/post"}],"author":[{"embeddable":true,"href":"https:\/\/super-news.info\/mx\/wp-json\/wp\/v2\/users\/3"}],"replies":[{"embeddable":true,"href":"https:\/\/super-news.info\/mx\/wp-json\/wp\/v2\/comments?post=154"}],"version-history":[{"count":1,"href":"https:\/\/super-news.info\/mx\/wp-json\/wp\/v2\/posts\/154\/revisions"}],"predecessor-version":[{"id":156,"href":"https:\/\/super-news.info\/mx\/wp-json\/wp\/v2\/posts\/154\/revisions\/156"}],"wp:featuredmedia":[{"embeddable":true,"href":"https:\/\/super-news.info\/mx\/wp-json\/wp\/v2\/media\/155"}],"wp:attachment":[{"href":"https:\/\/super-news.info\/mx\/wp-json\/wp\/v2\/media?parent=154"}],"wp:term":[{"taxonomy":"category","embeddable":true,"href":"https:\/\/super-news.info\/mx\/wp-json\/wp\/v2\/categories?post=154"},{"taxonomy":"post_tag","embeddable":true,"href":"https:\/\/super-news.info\/mx\/wp-json\/wp\/v2\/tags?post=154"}],"curies":[{"name":"wp","href":"https:\/\/api.w.org\/{rel}","templated":true}]}}