{"id":145,"date":"2019-04-25T11:29:06","date_gmt":"2019-04-25T11:29:06","guid":{"rendered":"https:\/\/super-news.info\/mx\/el-lunes-29-de-abril-comienza-la-construccion-del-aeropuerto-de-santa-lucia-amlo\/"},"modified":"2019-04-25T11:29:07","modified_gmt":"2019-04-25T11:29:07","slug":"el-lunes-29-de-abril-comienza-la-construccion-del-aeropuerto-de-santa-lucia-amlo","status":"publish","type":"post","link":"https:\/\/super-news.info\/mx\/el-lunes-29-de-abril-comienza-la-construccion-del-aeropuerto-de-santa-lucia-amlo\/","title":{"rendered":"El lunes 29 de abril comienza la construcci\u00f3n del aeropuerto de Santa Luc\u00eda: AMLO"},"content":{"rendered":"<p> [ad_1]<br \/>\n<\/p>\n<p class=\"paragraph\" data-count=\"250\" data-wrap=\"41\">La construcci\u00f3n del nuevo aeropuerto en Santa Luc\u00eda comenzar\u00e1 el pr\u00f3ximo lunes, asegur\u00f3 ayer el presidente Andr\u00e9s Manuel L\u00f3pez Obrador, durante la inauguraci\u00f3n de la Feria Aeroespacial 2019 que se lleva a cabo justo en la base a\u00e9rea militar n\u00famero 1.<\/p>\n<p class=\"paragraph\" data-count=\"176\" data-wrap=\"31\">\u201cAdelanto, porque mi pecho no es bodega, que el lunes vamos a iniciar la construcci\u00f3n del nuevo aeropuerto de la Ciudad de M\u00e9xico (en Santa Luc\u00eda)\u201d, dijo el primer mandatario. <\/p>\n<p class=\"paragraph\" data-count=\"143\" data-wrap=\"24\">Agreg\u00f3 que el nuevo aeropuerto se llamar\u00e1 Felipe \u00c1ngeles y reiter\u00f3 que contar\u00e1  con 300 hect\u00e1reas para el funcionamiento de dicha instalaci\u00f3n. <\/p>\n<p class=\"paragraph\" data-count=\"159\" data-wrap=\"22\">Previamente en su conferencia ma\u00f1anera, el presidente adelant\u00f3 que la pr\u00f3xima semana estar\u00eda listo el proyecto del aeropuerto comercial\u2013militar de Santa Luc\u00eda.<\/p>\n<p class=\"paragraph\" data-count=\"326\" data-wrap=\"56\">\u201cLa semana pr\u00f3xima ya se presenta todo el proyecto (de Santa Luc\u00eda) y les adelantamos que cuando menos nos vamos ahorrar  100 mil millones de pesos (con la cancelaci\u00f3n de Aeropuerto en Texcoco), y tambi\u00e9n les adelantamos que vamos a resolver el tema de la saturaci\u00f3n del actual aeropuerto en tres a\u00f1os\u201d, asegur\u00f3 el mandatario.<\/p>\n<p class=\"paragraph\" data-count=\"354\" data-wrap=\"65\">Su declaraci\u00f3n se da luego de que el pasado martes,  la Secretar\u00eda de la Defensa Nacional (Sedena) present\u00f3 la manifestaci\u00f3n de impacto ambiental del aeropuerto de Santa Luc\u00eda en el que se detalla que la obra tendr\u00e1 un sobrecosto de 17 por ciento, pues pasar\u00e1  de los 70 mil 342 millones de pesos  originalmente planteados a 78 mil 557 millones de pesos.<\/p>\n<p class=\"paragraph\" data-count=\"123\" data-wrap=\"22\">Este incremento se deber\u00eda a la presencia del cerro de Paula que obstruir\u00eda \u201cla ubicaci\u00f3n de la pista sur\u201d seg\u00fan la Sedena.<\/p>\n<p class=\"paragraph\" data-count=\"323\" data-wrap=\"57\">\u201cSe deben estar haciendo los presupuestos m\u00e1s apegados a la realidad antes de dar anteproyectos. Ahora ya se est\u00e1 aterrizando (el proyecto de Santa Luc\u00eda) y pues claro que se tom\u00f3 en cuenta el cerro, desde hace 50 a\u00f1os que se construy\u00f3 el aeropuerto militar de Santa Luc\u00eda y seguro ya estaba ese cerro\u201d, dijo L\u00f3pez Obrador.<\/p>\n<p class=\"paragraph\" data-count=\"31\" data-wrap=\"5\">Por liquidar 114 contratos NAIM<\/p>\n<p class=\"paragraph\" data-count=\"312\" data-wrap=\"52\">Gerardo Ferrando Bravo, director general del Grupo Aeroportuario de la Ciudad de M\u00e9xico (GACM) inform\u00f3 que el Gobierno a\u00fan tiene pendiente la liquidaci\u00f3n de 114 contratos del NAIM en Texcoco, entre los cuales se encuentra el edificio terminal, la torre de control y dos de las pistas del puerto a\u00e9reo cancelado. <\/p>\n<p class=\"paragraph\" data-count=\"182\" data-wrap=\"28\">\u201cArrancamos con 668 (contratos) quedan 114 por liquidarse, hay 20 importantes como el edificio principal, la torre de control, son los caros\u201d, se\u00f1al\u00f3 en entrevista con El Financiero.<\/p>\n<p class=\"paragraph\" data-count=\"169\" data-wrap=\"30\">Desde el inicio de la gesti\u00f3n de L\u00f3pez Obrador hasta ahora, se han pagado alrededor de 5 mil millones de pesos por trabajos realizados y cierre de contratos \u2018peque\u00f1os\u2019. <\/p>\n<p class=\"paragraph\" data-count=\"214\" data-wrap=\"38\">Agreg\u00f3 que a\u00fan falta concluir el contrato del edificio terminal del aeropuerto, el cual alcanza los 84 mil millones de pesos, por lo que estim\u00f3 que ser\u00e1 a finales de julio cuando el finiquito de las obras concluya.<\/p>\n<p class=\"paragraph\" data-count=\"202\" data-wrap=\"30\">Por su parte, Javier Jim\u00e9nez Espri\u00fa, secretario de Comunicaciones y Transportes (SCT) inform\u00f3 que el viernes pr\u00f3ximo el Gobierno presentar\u00e1 avances sobre la cancelaci\u00f3n de contratos del NAIM en Texcoco.<\/p>\n<h3 class=\"featured__title\"><\/h3>\n<h3 class=\"featured__title\"><\/h3>\n<div class=\"image__block \">\n<figure><\/figure>\n<p><span class=\"element__footer\"><\/span><span class=\"element__credit\"><\/span><\/div>\n<p>[ad_2]<br \/>\n<br \/><a href=\"https:\/\/www.elfinanciero.com.mx\/rss\/nacional\/construccion-del-aeropuerto-en-santa-lucia-iniciara-el-lunes-proximo-amlo\">Source link <\/a><\/p>\n","protected":false},"excerpt":{"rendered":"<p>[ad_1] La construcci\u00f3n del nuevo aeropuerto en Santa Luc\u00eda comenzar\u00e1 el pr\u00f3ximo lunes, asegur\u00f3 ayer el presidente Andr\u00e9s Manuel L\u00f3pez Obrador, durante la inauguraci\u00f3n de la Feria Aeroespacial 2019 que se lleva a cabo justo en la base a\u00e9rea militar n\u00famero 1. \u201cAdelanto, porque mi pecho no es bodega, que el lunes vamos a iniciar [&hellip;]<\/p>\n","protected":false},"author":3,"featured_media":146,"comment_status":"open","ping_status":"open","sticky":false,"template":"","format":"standard","meta":{"footnotes":""},"categories":[1],"tags":[],"class_list":["post-145","post","type-post","status-publish","format-standard","has-post-thumbnail","hentry","category-noticias-financieras"],"yoast_head":"<!-- This site is optimized with the Yoast SEO plugin v27.4 - https:\/\/yoast.com\/product\/yoast-seo-wordpress\/ -->\n<title>El lunes 29 de abril comienza la construcci\u00f3n del aeropuerto de Santa Luc\u00eda: AMLO - Super News<\/title>\n<meta name=\"robots\" content=\"index, follow, max-snippet:-1, max-image-preview:large, max-video-preview:-1\" \/>\n<link rel=\"canonical\" href=\"https:\/\/super-news.info\/mx\/el-lunes-29-de-abril-comienza-la-construccion-del-aeropuerto-de-santa-lucia-amlo\/\" \/>\n<meta property=\"og:locale\" content=\"es_MX\" \/>\n<meta property=\"og:type\" content=\"article\" \/>\n<meta property=\"og:title\" content=\"El lunes 29 de abril comienza la construcci\u00f3n del aeropuerto de Santa Luc\u00eda: AMLO - Super News\" \/>\n<meta property=\"og:description\" content=\"[ad_1] La construcci\u00f3n del nuevo aeropuerto en Santa Luc\u00eda comenzar\u00e1 el pr\u00f3ximo lunes, asegur\u00f3 ayer el presidente Andr\u00e9s Manuel L\u00f3pez Obrador, durante la inauguraci\u00f3n de la Feria Aeroespacial 2019 que se lleva a cabo justo en la base a\u00e9rea militar n\u00famero 1. \u201cAdelanto, porque mi pecho no es bodega, que el lunes vamos a iniciar [&hellip;]\" \/>\n<meta property=\"og:url\" content=\"https:\/\/super-news.info\/mx\/el-lunes-29-de-abril-comienza-la-construccion-del-aeropuerto-de-santa-lucia-amlo\/\" \/>\n<meta property=\"og:site_name\" content=\"Super News\" \/>\n<meta property=\"article:published_time\" content=\"2019-04-25T11:29:06+00:00\" \/>\n<meta property=\"article:modified_time\" content=\"2019-04-25T11:29:07+00:00\" \/>\n<meta property=\"og:image\" content=\"https:\/\/super-news.info\/mx\/wp-content\/uploads\/sites\/8\/2019\/04\/El-lunes-29-de-abril-comienza-la-construcci\u00f3n-del-aeropuerto.jpeg\" \/>\n\t<meta property=\"og:image:width\" content=\"864\" \/>\n\t<meta property=\"og:image:height\" content=\"1665\" \/>\n\t<meta property=\"og:image:type\" content=\"image\/jpeg\" \/>\n<meta name=\"author\" content=\"mx\" \/>\n<meta name=\"twitter:card\" content=\"summary_large_image\" \/>\n<meta name=\"twitter:label1\" content=\"Escrito por\" \/>\n\t<meta name=\"twitter:data1\" content=\"mx\" \/>\n\t<meta name=\"twitter:label2\" content=\"Tiempo de lectura\" \/>\n\t<meta name=\"twitter:data2\" content=\"3 minutos\" \/>\n<script type=\"application\/ld+json\" class=\"yoast-schema-graph\">{\"@context\":\"https:\\\/\\\/schema.org\",\"@graph\":[{\"@type\":\"Article\",\"@id\":\"https:\\\/\\\/super-news.info\\\/mx\\\/el-lunes-29-de-abril-comienza-la-construccion-del-aeropuerto-de-santa-lucia-amlo\\\/#article\",\"isPartOf\":{\"@id\":\"https:\\\/\\\/super-news.info\\\/mx\\\/el-lunes-29-de-abril-comienza-la-construccion-del-aeropuerto-de-santa-lucia-amlo\\\/\"},\"author\":{\"name\":\"mx\",\"@id\":\"https:\\\/\\\/super-news.info\\\/mx\\\/#\\\/schema\\\/person\\\/74b71ca3d407439fd57da2d9c89449ca\"},\"headline\":\"El lunes 29 de abril comienza la construcci\u00f3n del aeropuerto de Santa Luc\u00eda: AMLO\",\"datePublished\":\"2019-04-25T11:29:06+00:00\",\"dateModified\":\"2019-04-25T11:29:07+00:00\",\"mainEntityOfPage\":{\"@id\":\"https:\\\/\\\/super-news.info\\\/mx\\\/el-lunes-29-de-abril-comienza-la-construccion-del-aeropuerto-de-santa-lucia-amlo\\\/\"},\"wordCount\":543,\"commentCount\":0,\"image\":{\"@id\":\"https:\\\/\\\/super-news.info\\\/mx\\\/el-lunes-29-de-abril-comienza-la-construccion-del-aeropuerto-de-santa-lucia-amlo\\\/#primaryimage\"},\"thumbnailUrl\":\"https:\\\/\\\/super-news.info\\\/mx\\\/wp-content\\\/uploads\\\/sites\\\/8\\\/2019\\\/04\\\/El-lunes-29-de-abril-comienza-la-construcci\u00f3n-del-aeropuerto.jpeg\",\"articleSection\":[\"NOTICIAS FINANCIERAS\"],\"inLanguage\":\"es\",\"potentialAction\":[{\"@type\":\"CommentAction\",\"name\":\"Comment\",\"target\":[\"https:\\\/\\\/super-news.info\\\/mx\\\/el-lunes-29-de-abril-comienza-la-construccion-del-aeropuerto-de-santa-lucia-amlo\\\/#respond\"]}]},{\"@type\":\"WebPage\",\"@id\":\"https:\\\/\\\/super-news.info\\\/mx\\\/el-lunes-29-de-abril-comienza-la-construccion-del-aeropuerto-de-santa-lucia-amlo\\\/\",\"url\":\"https:\\\/\\\/super-news.info\\\/mx\\\/el-lunes-29-de-abril-comienza-la-construccion-del-aeropuerto-de-santa-lucia-amlo\\\/\",\"name\":\"El lunes 29 de abril comienza la construcci\u00f3n del aeropuerto de Santa Luc\u00eda: AMLO - Super News\",\"isPartOf\":{\"@id\":\"https:\\\/\\\/super-news.info\\\/mx\\\/#website\"},\"primaryImageOfPage\":{\"@id\":\"https:\\\/\\\/super-news.info\\\/mx\\\/el-lunes-29-de-abril-comienza-la-construccion-del-aeropuerto-de-santa-lucia-amlo\\\/#primaryimage\"},\"image\":{\"@id\":\"https:\\\/\\\/super-news.info\\\/mx\\\/el-lunes-29-de-abril-comienza-la-construccion-del-aeropuerto-de-santa-lucia-amlo\\\/#primaryimage\"},\"thumbnailUrl\":\"https:\\\/\\\/super-news.info\\\/mx\\\/wp-content\\\/uploads\\\/sites\\\/8\\\/2019\\\/04\\\/El-lunes-29-de-abril-comienza-la-construcci\u00f3n-del-aeropuerto.jpeg\",\"datePublished\":\"2019-04-25T11:29:06+00:00\",\"dateModified\":\"2019-04-25T11:29:07+00:00\",\"author\":{\"@id\":\"https:\\\/\\\/super-news.info\\\/mx\\\/#\\\/schema\\\/person\\\/74b71ca3d407439fd57da2d9c89449ca\"},\"breadcrumb\":{\"@id\":\"https:\\\/\\\/super-news.info\\\/mx\\\/el-lunes-29-de-abril-comienza-la-construccion-del-aeropuerto-de-santa-lucia-amlo\\\/#breadcrumb\"},\"inLanguage\":\"es\",\"potentialAction\":[{\"@type\":\"ReadAction\",\"target\":[\"https:\\\/\\\/super-news.info\\\/mx\\\/el-lunes-29-de-abril-comienza-la-construccion-del-aeropuerto-de-santa-lucia-amlo\\\/\"]}]},{\"@type\":\"ImageObject\",\"inLanguage\":\"es\",\"@id\":\"https:\\\/\\\/super-news.info\\\/mx\\\/el-lunes-29-de-abril-comienza-la-construccion-del-aeropuerto-de-santa-lucia-amlo\\\/#primaryimage\",\"url\":\"https:\\\/\\\/super-news.info\\\/mx\\\/wp-content\\\/uploads\\\/sites\\\/8\\\/2019\\\/04\\\/El-lunes-29-de-abril-comienza-la-construcci\u00f3n-del-aeropuerto.jpeg\",\"contentUrl\":\"https:\\\/\\\/super-news.info\\\/mx\\\/wp-content\\\/uploads\\\/sites\\\/8\\\/2019\\\/04\\\/El-lunes-29-de-abril-comienza-la-construcci\u00f3n-del-aeropuerto.jpeg\",\"width\":864,\"height\":1665,\"caption\":\"El lunes 29 de abril comienza la construcci\u00f3n del aeropuerto de Santa Luc\u00eda: AMLO\"},{\"@type\":\"BreadcrumbList\",\"@id\":\"https:\\\/\\\/super-news.info\\\/mx\\\/el-lunes-29-de-abril-comienza-la-construccion-del-aeropuerto-de-santa-lucia-amlo\\\/#breadcrumb\",\"itemListElement\":[{\"@type\":\"ListItem\",\"position\":1,\"name\":\"Home\",\"item\":\"https:\\\/\\\/super-news.info\\\/mx\\\/\"},{\"@type\":\"ListItem\",\"position\":2,\"name\":\"El lunes 29 de abril comienza la construcci\u00f3n del aeropuerto de Santa Luc\u00eda: AMLO\"}]},{\"@type\":\"WebSite\",\"@id\":\"https:\\\/\\\/super-news.info\\\/mx\\\/#website\",\"url\":\"https:\\\/\\\/super-news.info\\\/mx\\\/\",\"name\":\"Super News\",\"description\":\"Super News Mexico\",\"potentialAction\":[{\"@type\":\"SearchAction\",\"target\":{\"@type\":\"EntryPoint\",\"urlTemplate\":\"https:\\\/\\\/super-news.info\\\/mx\\\/?s={search_term_string}\"},\"query-input\":{\"@type\":\"PropertyValueSpecification\",\"valueRequired\":true,\"valueName\":\"search_term_string\"}}],\"inLanguage\":\"es\"},{\"@type\":\"Person\",\"@id\":\"https:\\\/\\\/super-news.info\\\/mx\\\/#\\\/schema\\\/person\\\/74b71ca3d407439fd57da2d9c89449ca\",\"name\":\"mx\",\"image\":{\"@type\":\"ImageObject\",\"inLanguage\":\"es\",\"@id\":\"https:\\\/\\\/secure.gravatar.com\\\/avatar\\\/6374ac65ff69c362a0ae1303d73d69dcd9bd198d62d9861f054a69aaf82c017b?s=96&d=mm&r=g\",\"url\":\"https:\\\/\\\/secure.gravatar.com\\\/avatar\\\/6374ac65ff69c362a0ae1303d73d69dcd9bd198d62d9861f054a69aaf82c017b?s=96&d=mm&r=g\",\"contentUrl\":\"https:\\\/\\\/secure.gravatar.com\\\/avatar\\\/6374ac65ff69c362a0ae1303d73d69dcd9bd198d62d9861f054a69aaf82c017b?s=96&d=mm&r=g\",\"caption\":\"mx\"},\"url\":\"https:\\\/\\\/super-news.info\\\/mx\\\/author\\\/mx\\\/\"}]}<\/script>\n<!-- \/ Yoast SEO plugin. -->","yoast_head_json":{"title":"El lunes 29 de abril comienza la construcci\u00f3n del aeropuerto de Santa Luc\u00eda: AMLO - Super News","robots":{"index":"index","follow":"follow","max-snippet":"max-snippet:-1","max-image-preview":"max-image-preview:large","max-video-preview":"max-video-preview:-1"},"canonical":"https:\/\/super-news.info\/mx\/el-lunes-29-de-abril-comienza-la-construccion-del-aeropuerto-de-santa-lucia-amlo\/","og_locale":"es_MX","og_type":"article","og_title":"El lunes 29 de abril comienza la construcci\u00f3n del aeropuerto de Santa Luc\u00eda: AMLO - Super News","og_description":"[ad_1] La construcci\u00f3n del nuevo aeropuerto en Santa Luc\u00eda comenzar\u00e1 el pr\u00f3ximo lunes, asegur\u00f3 ayer el presidente Andr\u00e9s Manuel L\u00f3pez Obrador, durante la inauguraci\u00f3n de la Feria Aeroespacial 2019 que se lleva a cabo justo en la base a\u00e9rea militar n\u00famero 1. \u201cAdelanto, porque mi pecho no es bodega, que el lunes vamos a iniciar [&hellip;]","og_url":"https:\/\/super-news.info\/mx\/el-lunes-29-de-abril-comienza-la-construccion-del-aeropuerto-de-santa-lucia-amlo\/","og_site_name":"Super News","article_published_time":"2019-04-25T11:29:06+00:00","article_modified_time":"2019-04-25T11:29:07+00:00","og_image":[{"width":864,"height":1665,"url":"https:\/\/super-news.info\/mx\/wp-content\/uploads\/sites\/8\/2019\/04\/El-lunes-29-de-abril-comienza-la-construcci\u00f3n-del-aeropuerto.jpeg","type":"image\/jpeg"}],"author":"mx","twitter_card":"summary_large_image","twitter_misc":{"Escrito por":"mx","Tiempo de lectura":"3 minutos"},"schema":{"@context":"https:\/\/schema.org","@graph":[{"@type":"Article","@id":"https:\/\/super-news.info\/mx\/el-lunes-29-de-abril-comienza-la-construccion-del-aeropuerto-de-santa-lucia-amlo\/#article","isPartOf":{"@id":"https:\/\/super-news.info\/mx\/el-lunes-29-de-abril-comienza-la-construccion-del-aeropuerto-de-santa-lucia-amlo\/"},"author":{"name":"mx","@id":"https:\/\/super-news.info\/mx\/#\/schema\/person\/74b71ca3d407439fd57da2d9c89449ca"},"headline":"El lunes 29 de abril comienza la construcci\u00f3n del aeropuerto de Santa Luc\u00eda: AMLO","datePublished":"2019-04-25T11:29:06+00:00","dateModified":"2019-04-25T11:29:07+00:00","mainEntityOfPage":{"@id":"https:\/\/super-news.info\/mx\/el-lunes-29-de-abril-comienza-la-construccion-del-aeropuerto-de-santa-lucia-amlo\/"},"wordCount":543,"commentCount":0,"image":{"@id":"https:\/\/super-news.info\/mx\/el-lunes-29-de-abril-comienza-la-construccion-del-aeropuerto-de-santa-lucia-amlo\/#primaryimage"},"thumbnailUrl":"https:\/\/super-news.info\/mx\/wp-content\/uploads\/sites\/8\/2019\/04\/El-lunes-29-de-abril-comienza-la-construcci\u00f3n-del-aeropuerto.jpeg","articleSection":["NOTICIAS FINANCIERAS"],"inLanguage":"es","potentialAction":[{"@type":"CommentAction","name":"Comment","target":["https:\/\/super-news.info\/mx\/el-lunes-29-de-abril-comienza-la-construccion-del-aeropuerto-de-santa-lucia-amlo\/#respond"]}]},{"@type":"WebPage","@id":"https:\/\/super-news.info\/mx\/el-lunes-29-de-abril-comienza-la-construccion-del-aeropuerto-de-santa-lucia-amlo\/","url":"https:\/\/super-news.info\/mx\/el-lunes-29-de-abril-comienza-la-construccion-del-aeropuerto-de-santa-lucia-amlo\/","name":"El lunes 29 de abril comienza la construcci\u00f3n del aeropuerto de Santa Luc\u00eda: AMLO - Super News","isPartOf":{"@id":"https:\/\/super-news.info\/mx\/#website"},"primaryImageOfPage":{"@id":"https:\/\/super-news.info\/mx\/el-lunes-29-de-abril-comienza-la-construccion-del-aeropuerto-de-santa-lucia-amlo\/#primaryimage"},"image":{"@id":"https:\/\/super-news.info\/mx\/el-lunes-29-de-abril-comienza-la-construccion-del-aeropuerto-de-santa-lucia-amlo\/#primaryimage"},"thumbnailUrl":"https:\/\/super-news.info\/mx\/wp-content\/uploads\/sites\/8\/2019\/04\/El-lunes-29-de-abril-comienza-la-construcci\u00f3n-del-aeropuerto.jpeg","datePublished":"2019-04-25T11:29:06+00:00","dateModified":"2019-04-25T11:29:07+00:00","author":{"@id":"https:\/\/super-news.info\/mx\/#\/schema\/person\/74b71ca3d407439fd57da2d9c89449ca"},"breadcrumb":{"@id":"https:\/\/super-news.info\/mx\/el-lunes-29-de-abril-comienza-la-construccion-del-aeropuerto-de-santa-lucia-amlo\/#breadcrumb"},"inLanguage":"es","potentialAction":[{"@type":"ReadAction","target":["https:\/\/super-news.info\/mx\/el-lunes-29-de-abril-comienza-la-construccion-del-aeropuerto-de-santa-lucia-amlo\/"]}]},{"@type":"ImageObject","inLanguage":"es","@id":"https:\/\/super-news.info\/mx\/el-lunes-29-de-abril-comienza-la-construccion-del-aeropuerto-de-santa-lucia-amlo\/#primaryimage","url":"https:\/\/super-news.info\/mx\/wp-content\/uploads\/sites\/8\/2019\/04\/El-lunes-29-de-abril-comienza-la-construcci\u00f3n-del-aeropuerto.jpeg","contentUrl":"https:\/\/super-news.info\/mx\/wp-content\/uploads\/sites\/8\/2019\/04\/El-lunes-29-de-abril-comienza-la-construcci\u00f3n-del-aeropuerto.jpeg","width":864,"height":1665,"caption":"El lunes 29 de abril comienza la construcci\u00f3n del aeropuerto de Santa Luc\u00eda: AMLO"},{"@type":"BreadcrumbList","@id":"https:\/\/super-news.info\/mx\/el-lunes-29-de-abril-comienza-la-construccion-del-aeropuerto-de-santa-lucia-amlo\/#breadcrumb","itemListElement":[{"@type":"ListItem","position":1,"name":"Home","item":"https:\/\/super-news.info\/mx\/"},{"@type":"ListItem","position":2,"name":"El lunes 29 de abril comienza la construcci\u00f3n del aeropuerto de Santa Luc\u00eda: AMLO"}]},{"@type":"WebSite","@id":"https:\/\/super-news.info\/mx\/#website","url":"https:\/\/super-news.info\/mx\/","name":"Super News","description":"Super News Mexico","potentialAction":[{"@type":"SearchAction","target":{"@type":"EntryPoint","urlTemplate":"https:\/\/super-news.info\/mx\/?s={search_term_string}"},"query-input":{"@type":"PropertyValueSpecification","valueRequired":true,"valueName":"search_term_string"}}],"inLanguage":"es"},{"@type":"Person","@id":"https:\/\/super-news.info\/mx\/#\/schema\/person\/74b71ca3d407439fd57da2d9c89449ca","name":"mx","image":{"@type":"ImageObject","inLanguage":"es","@id":"https:\/\/secure.gravatar.com\/avatar\/6374ac65ff69c362a0ae1303d73d69dcd9bd198d62d9861f054a69aaf82c017b?s=96&d=mm&r=g","url":"https:\/\/secure.gravatar.com\/avatar\/6374ac65ff69c362a0ae1303d73d69dcd9bd198d62d9861f054a69aaf82c017b?s=96&d=mm&r=g","contentUrl":"https:\/\/secure.gravatar.com\/avatar\/6374ac65ff69c362a0ae1303d73d69dcd9bd198d62d9861f054a69aaf82c017b?s=96&d=mm&r=g","caption":"mx"},"url":"https:\/\/super-news.info\/mx\/author\/mx\/"}]}},"_links":{"self":[{"href":"https:\/\/super-news.info\/mx\/wp-json\/wp\/v2\/posts\/145","targetHints":{"allow":["GET"]}}],"collection":[{"href":"https:\/\/super-news.info\/mx\/wp-json\/wp\/v2\/posts"}],"about":[{"href":"https:\/\/super-news.info\/mx\/wp-json\/wp\/v2\/types\/post"}],"author":[{"embeddable":true,"href":"https:\/\/super-news.info\/mx\/wp-json\/wp\/v2\/users\/3"}],"replies":[{"embeddable":true,"href":"https:\/\/super-news.info\/mx\/wp-json\/wp\/v2\/comments?post=145"}],"version-history":[{"count":1,"href":"https:\/\/super-news.info\/mx\/wp-json\/wp\/v2\/posts\/145\/revisions"}],"predecessor-version":[{"id":147,"href":"https:\/\/super-news.info\/mx\/wp-json\/wp\/v2\/posts\/145\/revisions\/147"}],"wp:featuredmedia":[{"embeddable":true,"href":"https:\/\/super-news.info\/mx\/wp-json\/wp\/v2\/media\/146"}],"wp:attachment":[{"href":"https:\/\/super-news.info\/mx\/wp-json\/wp\/v2\/media?parent=145"}],"wp:term":[{"taxonomy":"category","embeddable":true,"href":"https:\/\/super-news.info\/mx\/wp-json\/wp\/v2\/categories?post=145"},{"taxonomy":"post_tag","embeddable":true,"href":"https:\/\/super-news.info\/mx\/wp-json\/wp\/v2\/tags?post=145"}],"curies":[{"name":"wp","href":"https:\/\/api.w.org\/{rel}","templated":true}]}}