{"id":122,"date":"2019-04-23T19:42:47","date_gmt":"2019-04-23T19:42:47","guid":{"rendered":"https:\/\/super-news.info\/mx\/te-gusta-mas-facebook-o-instagram-cuentame-y-te-dire-si-ya-estas-viejo\/"},"modified":"2019-04-23T19:42:48","modified_gmt":"2019-04-23T19:42:48","slug":"te-gusta-mas-facebook-o-instagram-cuentame-y-te-dire-si-ya-estas-viejo","status":"publish","type":"post","link":"https:\/\/super-news.info\/mx\/te-gusta-mas-facebook-o-instagram-cuentame-y-te-dire-si-ya-estas-viejo\/","title":{"rendered":"\u00bfTe gusta m\u00e1s Facebook o Instagram? Cu\u00e9ntame y te dir\u00e9 si ya est\u00e1s &#039;viejo&#039;"},"content":{"rendered":"<p> [ad_1]<br \/>\n<\/p>\n<p class=\"paragraph\" data-count=\"136\" data-wrap=\"22\">Dependiendo el tipo de redes sociales que prefieres utilizar podr\u00edas revelar qu\u00e9 edad tienes o por lo menos a qu\u00e9 generaci\u00f3n perteneces.<\/p>\n<p class=\"paragraph\" data-count=\"361\" data-wrap=\"60\">Un reporte de Global Web Index divide a los usuarios en<strong> &#x27;millennials&#x27; y &#x27;centennials&#x27;<\/strong>. Seg\u00fan el informe, citado en un comunicado de Linio, los &#x27;millennials&#x27; son aquellos nacidos entre 1985 y 1995 que conocen el mundo digital pero que vieron de cerca la evoluci\u00f3n y la creaci\u00f3n de diversas plataformas as\u00ed como la introducci\u00f3n del internet en la vida cotidiana.\n<\/p>\n<p class=\"paragraph\" data-count=\"264\" data-wrap=\"45\">Los &#x27;centennials&#x27; o &#x27;generaci\u00f3n Z&#x27;, por otra parte son aquellos nacidos a partir de 1996 y hasta 2004. Ellos son nativos digitales, es decir, <strong>no conocen un mundo sin internet<\/strong> ni smartphones y pasan en promedio 17 minutos m\u00e1s en redes sociales que los millennials.\n<\/p>\n<p class=\"paragraph\" data-count=\"81\" data-wrap=\"12\">Ambas generaciones tienen cuentas activas, pero no en las mismas redes sociales.\n<\/p>\n<p class=\"paragraph\" data-count=\"189\" data-wrap=\"34\">El estudio se\u00f1ala que en plataformas como YouTube y WhatsApp el uso es muy similar. El 89 por ciento de los &#x27;centennials&#x27; utilizan YouTube y el 88 por ciento de los &#x27;millennials&#x27; tambi\u00e9n.\n<\/p>\n<p class=\"paragraph\" data-count=\"164\" data-wrap=\"25\">La mensajer\u00eda instant\u00e1nea tambi\u00e9n ostenta un nivel de popularidad similar entre ambas con el 65 y 66 por ciento, respectivamente, de preferencia en dichos usuarios.<\/p>\n<p class=\"paragraph\" data-count=\"64\" data-wrap=\"12\">En donde se ve una diferencia clara es en <strong>Facebook e Instagram.<br \/>\n<\/strong><\/p>\n<p class=\"paragraph\" data-count=\"146\" data-wrap=\"26\">En pocas palabras, a Facebook lo utilizan m\u00e1s los &#x27;millenials&#x27; es decir usuarios mayores. Un <strong>83 por ciento de ellos <\/strong>est\u00e1 activo en esa red social.<\/p>\n<p class=\"paragraph\" data-count=\"65\" data-wrap=\"12\">Por su parte solo el 77 por ciento los &#x27;centennials&#x27; la utilizan.<\/p>\n<p class=\"paragraph\" data-count=\"94\" data-wrap=\"16\">Quiz\u00e1 es porque muchos de ellos decidieron migrar a la otra red social en cuesti\u00f3n: Instagram.<\/p>\n<p class=\"paragraph\" data-count=\"124\" data-wrap=\"21\">El reporte dice que el <strong>74 por ciento de los &#x27;centennials&#x27; <\/strong>utilizan Instagram, contra el <strong>67 por ciento de los &#x27;millennials&#x27;.<br \/>\n<\/strong><\/p>\n<div class=\"image__block \">\n<figure><\/figure>\n<p><span class=\"element__footer\"><\/span><span class=\"element__credit\"><\/span><\/div>\n<p class=\"paragraph\" data-count=\"116\" data-wrap=\"21\">En Twitter la situaci\u00f3n tambi\u00e9n es muy pareja. El 48 y 49 por ciento de los usuarios, respectivamente, la utiliza.\n<\/p>\n<p>[ad_2]<br \/>\n<br \/><a href=\"https:\/\/www.elfinanciero.com.mx\/rss\/tech\/te-gusta-mas-facebook-o-instagram-cuentame-y-te-dire-si-ya-estas-viejo\">Source link <\/a><\/p>\n","protected":false},"excerpt":{"rendered":"<p>[ad_1] Dependiendo el tipo de redes sociales que prefieres utilizar podr\u00edas revelar qu\u00e9 edad tienes o por lo menos a qu\u00e9 generaci\u00f3n perteneces. Un reporte de Global Web Index divide a los usuarios en &#x27;millennials&#x27; y &#x27;centennials&#x27;. Seg\u00fan el informe, citado en un comunicado de Linio, los &#x27;millennials&#x27; son aquellos nacidos entre 1985 y 1995 [&hellip;]<\/p>\n","protected":false},"author":3,"featured_media":123,"comment_status":"open","ping_status":"open","sticky":false,"template":"","format":"standard","meta":{"footnotes":""},"categories":[1],"tags":[],"class_list":["post-122","post","type-post","status-publish","format-standard","has-post-thumbnail","hentry","category-noticias-financieras"],"yoast_head":"<!-- This site is optimized with the Yoast SEO plugin v27.4 - https:\/\/yoast.com\/product\/yoast-seo-wordpress\/ -->\n<title>\u00bfTe gusta m\u00e1s Facebook o Instagram? Cu\u00e9ntame y te dir\u00e9 si ya est\u00e1s &#039;viejo&#039; - Super News<\/title>\n<meta name=\"robots\" content=\"index, follow, max-snippet:-1, max-image-preview:large, max-video-preview:-1\" \/>\n<link rel=\"canonical\" href=\"https:\/\/super-news.info\/mx\/te-gusta-mas-facebook-o-instagram-cuentame-y-te-dire-si-ya-estas-viejo\/\" \/>\n<meta property=\"og:locale\" content=\"es_MX\" \/>\n<meta property=\"og:type\" content=\"article\" \/>\n<meta property=\"og:title\" content=\"\u00bfTe gusta m\u00e1s Facebook o Instagram? Cu\u00e9ntame y te dir\u00e9 si ya est\u00e1s &#039;viejo&#039; - Super News\" \/>\n<meta property=\"og:description\" content=\"[ad_1] Dependiendo el tipo de redes sociales que prefieres utilizar podr\u00edas revelar qu\u00e9 edad tienes o por lo menos a qu\u00e9 generaci\u00f3n perteneces. Un reporte de Global Web Index divide a los usuarios en &#x27;millennials&#x27; y &#x27;centennials&#x27;. Seg\u00fan el informe, citado en un comunicado de Linio, los &#x27;millennials&#x27; son aquellos nacidos entre 1985 y 1995 [&hellip;]\" \/>\n<meta property=\"og:url\" content=\"https:\/\/super-news.info\/mx\/te-gusta-mas-facebook-o-instagram-cuentame-y-te-dire-si-ya-estas-viejo\/\" \/>\n<meta property=\"og:site_name\" content=\"Super News\" \/>\n<meta property=\"article:published_time\" content=\"2019-04-23T19:42:47+00:00\" \/>\n<meta property=\"article:modified_time\" content=\"2019-04-23T19:42:48+00:00\" \/>\n<meta property=\"og:image\" content=\"https:\/\/super-news.info\/mx\/wp-content\/uploads\/sites\/8\/2019\/04\/\u00bfTe-gusta-m\u00e1s-Facebook-o-Instagram-Cu\u00e9ntame-y-te-dir\u00e9.jpeg\" \/>\n\t<meta property=\"og:image:width\" content=\"1200\" \/>\n\t<meta property=\"og:image:height\" content=\"813\" \/>\n\t<meta property=\"og:image:type\" content=\"image\/jpeg\" \/>\n<meta name=\"author\" content=\"mx\" \/>\n<meta name=\"twitter:card\" content=\"summary_large_image\" \/>\n<meta name=\"twitter:label1\" content=\"Escrito por\" \/>\n\t<meta name=\"twitter:data1\" content=\"mx\" \/>\n\t<meta name=\"twitter:label2\" content=\"Tiempo de lectura\" \/>\n\t<meta name=\"twitter:data2\" content=\"2 minutos\" \/>\n<script type=\"application\/ld+json\" class=\"yoast-schema-graph\">{\"@context\":\"https:\\\/\\\/schema.org\",\"@graph\":[{\"@type\":\"Article\",\"@id\":\"https:\\\/\\\/super-news.info\\\/mx\\\/te-gusta-mas-facebook-o-instagram-cuentame-y-te-dire-si-ya-estas-viejo\\\/#article\",\"isPartOf\":{\"@id\":\"https:\\\/\\\/super-news.info\\\/mx\\\/te-gusta-mas-facebook-o-instagram-cuentame-y-te-dire-si-ya-estas-viejo\\\/\"},\"author\":{\"name\":\"mx\",\"@id\":\"https:\\\/\\\/super-news.info\\\/mx\\\/#\\\/schema\\\/person\\\/74b71ca3d407439fd57da2d9c89449ca\"},\"headline\":\"\u00bfTe gusta m\u00e1s Facebook o Instagram? Cu\u00e9ntame y te dir\u00e9 si ya est\u00e1s &#039;viejo&#039;\",\"datePublished\":\"2019-04-23T19:42:47+00:00\",\"dateModified\":\"2019-04-23T19:42:48+00:00\",\"mainEntityOfPage\":{\"@id\":\"https:\\\/\\\/super-news.info\\\/mx\\\/te-gusta-mas-facebook-o-instagram-cuentame-y-te-dire-si-ya-estas-viejo\\\/\"},\"wordCount\":349,\"commentCount\":0,\"image\":{\"@id\":\"https:\\\/\\\/super-news.info\\\/mx\\\/te-gusta-mas-facebook-o-instagram-cuentame-y-te-dire-si-ya-estas-viejo\\\/#primaryimage\"},\"thumbnailUrl\":\"https:\\\/\\\/super-news.info\\\/mx\\\/wp-content\\\/uploads\\\/sites\\\/8\\\/2019\\\/04\\\/\u00bfTe-gusta-m\u00e1s-Facebook-o-Instagram-Cu\u00e9ntame-y-te-dir\u00e9.jpeg\",\"articleSection\":[\"NOTICIAS FINANCIERAS\"],\"inLanguage\":\"es\",\"potentialAction\":[{\"@type\":\"CommentAction\",\"name\":\"Comment\",\"target\":[\"https:\\\/\\\/super-news.info\\\/mx\\\/te-gusta-mas-facebook-o-instagram-cuentame-y-te-dire-si-ya-estas-viejo\\\/#respond\"]}]},{\"@type\":\"WebPage\",\"@id\":\"https:\\\/\\\/super-news.info\\\/mx\\\/te-gusta-mas-facebook-o-instagram-cuentame-y-te-dire-si-ya-estas-viejo\\\/\",\"url\":\"https:\\\/\\\/super-news.info\\\/mx\\\/te-gusta-mas-facebook-o-instagram-cuentame-y-te-dire-si-ya-estas-viejo\\\/\",\"name\":\"\u00bfTe gusta m\u00e1s Facebook o Instagram? Cu\u00e9ntame y te dir\u00e9 si ya est\u00e1s &#039;viejo&#039; - Super News\",\"isPartOf\":{\"@id\":\"https:\\\/\\\/super-news.info\\\/mx\\\/#website\"},\"primaryImageOfPage\":{\"@id\":\"https:\\\/\\\/super-news.info\\\/mx\\\/te-gusta-mas-facebook-o-instagram-cuentame-y-te-dire-si-ya-estas-viejo\\\/#primaryimage\"},\"image\":{\"@id\":\"https:\\\/\\\/super-news.info\\\/mx\\\/te-gusta-mas-facebook-o-instagram-cuentame-y-te-dire-si-ya-estas-viejo\\\/#primaryimage\"},\"thumbnailUrl\":\"https:\\\/\\\/super-news.info\\\/mx\\\/wp-content\\\/uploads\\\/sites\\\/8\\\/2019\\\/04\\\/\u00bfTe-gusta-m\u00e1s-Facebook-o-Instagram-Cu\u00e9ntame-y-te-dir\u00e9.jpeg\",\"datePublished\":\"2019-04-23T19:42:47+00:00\",\"dateModified\":\"2019-04-23T19:42:48+00:00\",\"author\":{\"@id\":\"https:\\\/\\\/super-news.info\\\/mx\\\/#\\\/schema\\\/person\\\/74b71ca3d407439fd57da2d9c89449ca\"},\"breadcrumb\":{\"@id\":\"https:\\\/\\\/super-news.info\\\/mx\\\/te-gusta-mas-facebook-o-instagram-cuentame-y-te-dire-si-ya-estas-viejo\\\/#breadcrumb\"},\"inLanguage\":\"es\",\"potentialAction\":[{\"@type\":\"ReadAction\",\"target\":[\"https:\\\/\\\/super-news.info\\\/mx\\\/te-gusta-mas-facebook-o-instagram-cuentame-y-te-dire-si-ya-estas-viejo\\\/\"]}]},{\"@type\":\"ImageObject\",\"inLanguage\":\"es\",\"@id\":\"https:\\\/\\\/super-news.info\\\/mx\\\/te-gusta-mas-facebook-o-instagram-cuentame-y-te-dire-si-ya-estas-viejo\\\/#primaryimage\",\"url\":\"https:\\\/\\\/super-news.info\\\/mx\\\/wp-content\\\/uploads\\\/sites\\\/8\\\/2019\\\/04\\\/\u00bfTe-gusta-m\u00e1s-Facebook-o-Instagram-Cu\u00e9ntame-y-te-dir\u00e9.jpeg\",\"contentUrl\":\"https:\\\/\\\/super-news.info\\\/mx\\\/wp-content\\\/uploads\\\/sites\\\/8\\\/2019\\\/04\\\/\u00bfTe-gusta-m\u00e1s-Facebook-o-Instagram-Cu\u00e9ntame-y-te-dir\u00e9.jpeg\",\"width\":1200,\"height\":813,\"caption\":\"\u00bfTe gusta m\u00e1s Facebook o Instagram? Cu\u00e9ntame y te dir\u00e9 si ya est\u00e1s &#039;viejo&#039;\"},{\"@type\":\"BreadcrumbList\",\"@id\":\"https:\\\/\\\/super-news.info\\\/mx\\\/te-gusta-mas-facebook-o-instagram-cuentame-y-te-dire-si-ya-estas-viejo\\\/#breadcrumb\",\"itemListElement\":[{\"@type\":\"ListItem\",\"position\":1,\"name\":\"Home\",\"item\":\"https:\\\/\\\/super-news.info\\\/mx\\\/\"},{\"@type\":\"ListItem\",\"position\":2,\"name\":\"\u00bfTe gusta m\u00e1s Facebook o Instagram? Cu\u00e9ntame y te dir\u00e9 si ya est\u00e1s &#039;viejo&#039;\"}]},{\"@type\":\"WebSite\",\"@id\":\"https:\\\/\\\/super-news.info\\\/mx\\\/#website\",\"url\":\"https:\\\/\\\/super-news.info\\\/mx\\\/\",\"name\":\"Super News\",\"description\":\"Super News Mexico\",\"potentialAction\":[{\"@type\":\"SearchAction\",\"target\":{\"@type\":\"EntryPoint\",\"urlTemplate\":\"https:\\\/\\\/super-news.info\\\/mx\\\/?s={search_term_string}\"},\"query-input\":{\"@type\":\"PropertyValueSpecification\",\"valueRequired\":true,\"valueName\":\"search_term_string\"}}],\"inLanguage\":\"es\"},{\"@type\":\"Person\",\"@id\":\"https:\\\/\\\/super-news.info\\\/mx\\\/#\\\/schema\\\/person\\\/74b71ca3d407439fd57da2d9c89449ca\",\"name\":\"mx\",\"image\":{\"@type\":\"ImageObject\",\"inLanguage\":\"es\",\"@id\":\"https:\\\/\\\/secure.gravatar.com\\\/avatar\\\/6374ac65ff69c362a0ae1303d73d69dcd9bd198d62d9861f054a69aaf82c017b?s=96&d=mm&r=g\",\"url\":\"https:\\\/\\\/secure.gravatar.com\\\/avatar\\\/6374ac65ff69c362a0ae1303d73d69dcd9bd198d62d9861f054a69aaf82c017b?s=96&d=mm&r=g\",\"contentUrl\":\"https:\\\/\\\/secure.gravatar.com\\\/avatar\\\/6374ac65ff69c362a0ae1303d73d69dcd9bd198d62d9861f054a69aaf82c017b?s=96&d=mm&r=g\",\"caption\":\"mx\"},\"url\":\"https:\\\/\\\/super-news.info\\\/mx\\\/author\\\/mx\\\/\"}]}<\/script>\n<!-- \/ Yoast SEO plugin. -->","yoast_head_json":{"title":"\u00bfTe gusta m\u00e1s Facebook o Instagram? Cu\u00e9ntame y te dir\u00e9 si ya est\u00e1s &#039;viejo&#039; - Super News","robots":{"index":"index","follow":"follow","max-snippet":"max-snippet:-1","max-image-preview":"max-image-preview:large","max-video-preview":"max-video-preview:-1"},"canonical":"https:\/\/super-news.info\/mx\/te-gusta-mas-facebook-o-instagram-cuentame-y-te-dire-si-ya-estas-viejo\/","og_locale":"es_MX","og_type":"article","og_title":"\u00bfTe gusta m\u00e1s Facebook o Instagram? Cu\u00e9ntame y te dir\u00e9 si ya est\u00e1s &#039;viejo&#039; - Super News","og_description":"[ad_1] Dependiendo el tipo de redes sociales que prefieres utilizar podr\u00edas revelar qu\u00e9 edad tienes o por lo menos a qu\u00e9 generaci\u00f3n perteneces. Un reporte de Global Web Index divide a los usuarios en &#x27;millennials&#x27; y &#x27;centennials&#x27;. Seg\u00fan el informe, citado en un comunicado de Linio, los &#x27;millennials&#x27; son aquellos nacidos entre 1985 y 1995 [&hellip;]","og_url":"https:\/\/super-news.info\/mx\/te-gusta-mas-facebook-o-instagram-cuentame-y-te-dire-si-ya-estas-viejo\/","og_site_name":"Super News","article_published_time":"2019-04-23T19:42:47+00:00","article_modified_time":"2019-04-23T19:42:48+00:00","og_image":[{"width":1200,"height":813,"url":"https:\/\/super-news.info\/mx\/wp-content\/uploads\/sites\/8\/2019\/04\/\u00bfTe-gusta-m\u00e1s-Facebook-o-Instagram-Cu\u00e9ntame-y-te-dir\u00e9.jpeg","type":"image\/jpeg"}],"author":"mx","twitter_card":"summary_large_image","twitter_misc":{"Escrito por":"mx","Tiempo de lectura":"2 minutos"},"schema":{"@context":"https:\/\/schema.org","@graph":[{"@type":"Article","@id":"https:\/\/super-news.info\/mx\/te-gusta-mas-facebook-o-instagram-cuentame-y-te-dire-si-ya-estas-viejo\/#article","isPartOf":{"@id":"https:\/\/super-news.info\/mx\/te-gusta-mas-facebook-o-instagram-cuentame-y-te-dire-si-ya-estas-viejo\/"},"author":{"name":"mx","@id":"https:\/\/super-news.info\/mx\/#\/schema\/person\/74b71ca3d407439fd57da2d9c89449ca"},"headline":"\u00bfTe gusta m\u00e1s Facebook o Instagram? Cu\u00e9ntame y te dir\u00e9 si ya est\u00e1s &#039;viejo&#039;","datePublished":"2019-04-23T19:42:47+00:00","dateModified":"2019-04-23T19:42:48+00:00","mainEntityOfPage":{"@id":"https:\/\/super-news.info\/mx\/te-gusta-mas-facebook-o-instagram-cuentame-y-te-dire-si-ya-estas-viejo\/"},"wordCount":349,"commentCount":0,"image":{"@id":"https:\/\/super-news.info\/mx\/te-gusta-mas-facebook-o-instagram-cuentame-y-te-dire-si-ya-estas-viejo\/#primaryimage"},"thumbnailUrl":"https:\/\/super-news.info\/mx\/wp-content\/uploads\/sites\/8\/2019\/04\/\u00bfTe-gusta-m\u00e1s-Facebook-o-Instagram-Cu\u00e9ntame-y-te-dir\u00e9.jpeg","articleSection":["NOTICIAS FINANCIERAS"],"inLanguage":"es","potentialAction":[{"@type":"CommentAction","name":"Comment","target":["https:\/\/super-news.info\/mx\/te-gusta-mas-facebook-o-instagram-cuentame-y-te-dire-si-ya-estas-viejo\/#respond"]}]},{"@type":"WebPage","@id":"https:\/\/super-news.info\/mx\/te-gusta-mas-facebook-o-instagram-cuentame-y-te-dire-si-ya-estas-viejo\/","url":"https:\/\/super-news.info\/mx\/te-gusta-mas-facebook-o-instagram-cuentame-y-te-dire-si-ya-estas-viejo\/","name":"\u00bfTe gusta m\u00e1s Facebook o Instagram? Cu\u00e9ntame y te dir\u00e9 si ya est\u00e1s &#039;viejo&#039; - Super News","isPartOf":{"@id":"https:\/\/super-news.info\/mx\/#website"},"primaryImageOfPage":{"@id":"https:\/\/super-news.info\/mx\/te-gusta-mas-facebook-o-instagram-cuentame-y-te-dire-si-ya-estas-viejo\/#primaryimage"},"image":{"@id":"https:\/\/super-news.info\/mx\/te-gusta-mas-facebook-o-instagram-cuentame-y-te-dire-si-ya-estas-viejo\/#primaryimage"},"thumbnailUrl":"https:\/\/super-news.info\/mx\/wp-content\/uploads\/sites\/8\/2019\/04\/\u00bfTe-gusta-m\u00e1s-Facebook-o-Instagram-Cu\u00e9ntame-y-te-dir\u00e9.jpeg","datePublished":"2019-04-23T19:42:47+00:00","dateModified":"2019-04-23T19:42:48+00:00","author":{"@id":"https:\/\/super-news.info\/mx\/#\/schema\/person\/74b71ca3d407439fd57da2d9c89449ca"},"breadcrumb":{"@id":"https:\/\/super-news.info\/mx\/te-gusta-mas-facebook-o-instagram-cuentame-y-te-dire-si-ya-estas-viejo\/#breadcrumb"},"inLanguage":"es","potentialAction":[{"@type":"ReadAction","target":["https:\/\/super-news.info\/mx\/te-gusta-mas-facebook-o-instagram-cuentame-y-te-dire-si-ya-estas-viejo\/"]}]},{"@type":"ImageObject","inLanguage":"es","@id":"https:\/\/super-news.info\/mx\/te-gusta-mas-facebook-o-instagram-cuentame-y-te-dire-si-ya-estas-viejo\/#primaryimage","url":"https:\/\/super-news.info\/mx\/wp-content\/uploads\/sites\/8\/2019\/04\/\u00bfTe-gusta-m\u00e1s-Facebook-o-Instagram-Cu\u00e9ntame-y-te-dir\u00e9.jpeg","contentUrl":"https:\/\/super-news.info\/mx\/wp-content\/uploads\/sites\/8\/2019\/04\/\u00bfTe-gusta-m\u00e1s-Facebook-o-Instagram-Cu\u00e9ntame-y-te-dir\u00e9.jpeg","width":1200,"height":813,"caption":"\u00bfTe gusta m\u00e1s Facebook o Instagram? Cu\u00e9ntame y te dir\u00e9 si ya est\u00e1s &#039;viejo&#039;"},{"@type":"BreadcrumbList","@id":"https:\/\/super-news.info\/mx\/te-gusta-mas-facebook-o-instagram-cuentame-y-te-dire-si-ya-estas-viejo\/#breadcrumb","itemListElement":[{"@type":"ListItem","position":1,"name":"Home","item":"https:\/\/super-news.info\/mx\/"},{"@type":"ListItem","position":2,"name":"\u00bfTe gusta m\u00e1s Facebook o Instagram? Cu\u00e9ntame y te dir\u00e9 si ya est\u00e1s &#039;viejo&#039;"}]},{"@type":"WebSite","@id":"https:\/\/super-news.info\/mx\/#website","url":"https:\/\/super-news.info\/mx\/","name":"Super News","description":"Super News Mexico","potentialAction":[{"@type":"SearchAction","target":{"@type":"EntryPoint","urlTemplate":"https:\/\/super-news.info\/mx\/?s={search_term_string}"},"query-input":{"@type":"PropertyValueSpecification","valueRequired":true,"valueName":"search_term_string"}}],"inLanguage":"es"},{"@type":"Person","@id":"https:\/\/super-news.info\/mx\/#\/schema\/person\/74b71ca3d407439fd57da2d9c89449ca","name":"mx","image":{"@type":"ImageObject","inLanguage":"es","@id":"https:\/\/secure.gravatar.com\/avatar\/6374ac65ff69c362a0ae1303d73d69dcd9bd198d62d9861f054a69aaf82c017b?s=96&d=mm&r=g","url":"https:\/\/secure.gravatar.com\/avatar\/6374ac65ff69c362a0ae1303d73d69dcd9bd198d62d9861f054a69aaf82c017b?s=96&d=mm&r=g","contentUrl":"https:\/\/secure.gravatar.com\/avatar\/6374ac65ff69c362a0ae1303d73d69dcd9bd198d62d9861f054a69aaf82c017b?s=96&d=mm&r=g","caption":"mx"},"url":"https:\/\/super-news.info\/mx\/author\/mx\/"}]}},"_links":{"self":[{"href":"https:\/\/super-news.info\/mx\/wp-json\/wp\/v2\/posts\/122","targetHints":{"allow":["GET"]}}],"collection":[{"href":"https:\/\/super-news.info\/mx\/wp-json\/wp\/v2\/posts"}],"about":[{"href":"https:\/\/super-news.info\/mx\/wp-json\/wp\/v2\/types\/post"}],"author":[{"embeddable":true,"href":"https:\/\/super-news.info\/mx\/wp-json\/wp\/v2\/users\/3"}],"replies":[{"embeddable":true,"href":"https:\/\/super-news.info\/mx\/wp-json\/wp\/v2\/comments?post=122"}],"version-history":[{"count":1,"href":"https:\/\/super-news.info\/mx\/wp-json\/wp\/v2\/posts\/122\/revisions"}],"predecessor-version":[{"id":124,"href":"https:\/\/super-news.info\/mx\/wp-json\/wp\/v2\/posts\/122\/revisions\/124"}],"wp:featuredmedia":[{"embeddable":true,"href":"https:\/\/super-news.info\/mx\/wp-json\/wp\/v2\/media\/123"}],"wp:attachment":[{"href":"https:\/\/super-news.info\/mx\/wp-json\/wp\/v2\/media?parent=122"}],"wp:term":[{"taxonomy":"category","embeddable":true,"href":"https:\/\/super-news.info\/mx\/wp-json\/wp\/v2\/categories?post=122"},{"taxonomy":"post_tag","embeddable":true,"href":"https:\/\/super-news.info\/mx\/wp-json\/wp\/v2\/tags?post=122"}],"curies":[{"name":"wp","href":"https:\/\/api.w.org\/{rel}","templated":true}]}}