{"id":113,"date":"2019-04-23T05:00:49","date_gmt":"2019-04-23T05:00:49","guid":{"rendered":"https:\/\/super-news.info\/mx\/avengers-aterrizan-en-la-alfombra-roja-del-estreno-de-endgame\/"},"modified":"2019-04-23T05:00:51","modified_gmt":"2019-04-23T05:00:51","slug":"avengers-aterrizan-en-la-alfombra-roja-del-estreno-de-endgame","status":"publish","type":"post","link":"https:\/\/super-news.info\/mx\/avengers-aterrizan-en-la-alfombra-roja-del-estreno-de-endgame\/","title":{"rendered":"Avengers &#039;aterrizan&#039; en la alfombra roja del estreno de Endgame"},"content":{"rendered":"<p> [ad_1]<br \/>\n<\/p>\n<p class=\"paragraph\" data-count=\"165\" data-wrap=\"27\">Las actrices y actores que interpretan a los personajes de la saga de &#x27;Avengers&#x27; desfilaron este lunes por la alfombra roja del estreno mundial de <strong><em>Avengers: Endgame.<\/em><\/strong><\/p>\n<p class=\"paragraph\" data-count=\"143\" data-wrap=\"25\">Este filme producido por Marvel y distribuido por <strong><em>Walt Disney <\/em><\/strong>marca la conclusi\u00f3n de una historia contada a lo largo de 22 pel\u00edculas de Marvel.<\/p>\n<p class=\"paragraph\" data-count=\"209\" data-wrap=\"30\">Por la alfombra desfilaron Scarlett Johansson,  Black Widow; Brie Larson, &#x27;Capitana Marvel&#x27;; \tRobert Downey Jr., Tony Stark; Chris Evans, &#x27;Capit\u00e1n Am\u00e9rica&#x27;; Chris Hemsworth, &#x27;Thor&#x27; y Jeremy Renner,  &#x27;Hawkeye&#x27;.<\/p>\n<p class=\"paragraph\" data-count=\"208\" data-wrap=\"33\">Al final de &#x27;Avengers: Infinity War&#x27;, antecesora de &#x27;Endgame&#x27; que se estren\u00f3 el a\u00f1o pasado, muchos de los superh\u00e9roes parecieron convertirse en polvo, y los fan\u00e1ticos est\u00e1n ansiosos por ver qu\u00e9 pasa despu\u00e9s.\n<\/p>\n<p class=\"paragraph\" data-count=\"145\" data-wrap=\"25\">&#x27;Endgame&#x27; ofrecer\u00e1 un &#8220;gran cierre&#8221; a esta historia de 22 entregas, afirm\u00f3 Joe Russo, quien dirigi\u00f3 este nuevo filme junto a su hermano Anthony. <\/p>\n<p class=\"paragraph\" data-count=\"287\" data-wrap=\"52\">Brie Larson, quien interpreta a la <strong>Capitana Marvel, l<\/strong>a nueva hero\u00edna de la saga, dijo que para las escenas en las que no ten\u00eda l\u00edneas la citaban sin ning\u00fan gui\u00f3n que la orientara. &#8220;Ten\u00eda que estar en el set para resolverlo&#8221;, dijo Larson, &#8220;lo que es muy intimidante para la chica nueva&#8221;.\n<\/p>\n<p class=\"paragraph\" data-count=\"0\" data-wrap=\"1\">\n<div class=\"image__block \">\n<figure><\/figure>\n<p><span class=\"element__footer\">Brie Larson &#x27;Capitana Marvel&#x27; en el estreno mundial de la pel\u00edcula Avengers: Endgame.<\/span><span class=\"element__credit\">Reuters.<\/span><\/div>\n<p class=\"paragraph\" data-count=\"149\" data-wrap=\"27\"><strong>Mark Ruffalo,<\/strong> el actor que interpreta a &#x27;Hulk&#x27;, cont\u00f3 que no hab\u00eda le\u00eddo un gui\u00f3n completo de la pel\u00edcula y que no estaba seguro de c\u00f3mo terminar\u00eda.\n<\/p>\n<p class=\"paragraph\" data-count=\"0\" data-wrap=\"1\">\n<div class=\"image__block \">\n<figure><img decoding=\"async\" alt=\"Mark Ruffalo &#x27;Hulk&#x27;.\" src=\"http:\/\/super-news.info\/mx\/wp-content\/uploads\/sites\/8\/2019\/04\/1555995648_554_Avengers-039aterrizan039-en-la-alfombra-roja-del-estreno-de-Endgame.jpeg\" style=\"height:auto;width:100%\" \/><\/figure>\n<p><span class=\"element__footer\">Mark Ruffalo &#x27;Hulk&#x27;.<\/span><span class=\"element__credit\">Reuters<\/span><\/div>\n<p class=\"paragraph\" data-count=\"129\" data-wrap=\"22\">El actor de Capit\u00e1n America, <strong>Chris Evans<\/strong>, dijo que ten\u00eda fe en que Marvel lanzar\u00e1 una pel\u00edcula que &#8220;terminar\u00e1 siendo muy buena&#8221;.\n<\/p>\n<p class=\"paragraph\" data-count=\"1\" data-wrap=\"1\">\n<p class=\"paragraph\" data-count=\"129\" data-wrap=\"23\">&#8220;Me he sentido cada vez m\u00e1s c\u00f3modo y confiado en que Marvel har\u00e1 una pel\u00edcula de la que podamos sentirnos orgullosos&#8221;, concluy\u00f3. <\/p>\n<p class=\"paragraph\" data-count=\"0\" data-wrap=\"1\">\n<p class=\"paragraph\" data-count=\"0\" data-wrap=\"1\">\n<div class=\"image__block \">\n<figure><img decoding=\"async\" alt=\"Chris Evans\" src=\"http:\/\/super-news.info\/mx\/wp-content\/uploads\/sites\/8\/2019\/04\/1555995648_223_Avengers-039aterrizan039-en-la-alfombra-roja-del-estreno-de-Endgame.jpeg\" style=\"height:auto;width:100%\" \/><\/figure>\n<p><span class=\"element__footer\">Chris Evans<\/span><span class=\"element__credit\">Chris Evans &#x27;Capit\u00e1n Am\u00e9rica&#x27; en el estreno de Endgame.<\/span><\/div>\n<p class=\"paragraph\" data-count=\"113\" data-wrap=\"22\">Downey Jr. no dej\u00f3 atr\u00e1s al exc\u00e9ntrico &#x27;Tony Stark&#x27; y pos\u00f3 en un auto de lujo durante la premiere en Los Angeles.<\/p>\n<div class=\"image__block \">\n<figure><img decoding=\"async\" alt=\"Robert Downey Jr. \" src=\"http:\/\/super-news.info\/mx\/wp-content\/uploads\/sites\/8\/2019\/04\/1555995649_823_Avengers-039aterrizan039-en-la-alfombra-roja-del-estreno-de-Endgame.jpeg\" style=\"height:auto;width:100%\" \/><\/figure>\n<p><span class=\"element__footer\">Robert Downey Jr. <\/span><span class=\"element__credit\">Reuters.<\/span><\/div>\n<div class=\"image__block \">\n<figure><img decoding=\"async\" alt=\"Chris Hemsworth &#x27;&#x27;Thor&#x27; en el estrreno mundial de &#x27;Avengers: Endgame&#x27;.\" src=\"http:\/\/super-news.info\/mx\/wp-content\/uploads\/sites\/8\/2019\/04\/1555995649_117_Avengers-039aterrizan039-en-la-alfombra-roja-del-estreno-de-Endgame.jpeg\" style=\"height:auto;width:100%\" \/><\/figure>\n<p><span class=\"element__footer\">Chris Hemsworth &#x27;&#x27;Thor&#x27; en el estrreno mundial de &#x27;Avengers: Endgame&#x27;.<\/span><span class=\"element__credit\">Reuters.<\/span><\/div>\n<p class=\"paragraph\" data-count=\"340\" data-wrap=\"59\">La trama se ha guardado en secreto, sin un preestreno para la prensa. Las ventas anticipadas de boletos superaron este mes a las de la pel\u00edcula Star Wars: The Force Awakens de 2015.<br \/>\n Marvel Studios hizo todo lo posible para mantener en secreto la trama hasta su esperado estreno en cines, dijeron las estrellas y directores de la pel\u00edcula.\n<\/p>\n<p class=\"paragraph\" data-count=\"186\" data-wrap=\"36\">La pel\u00edcula, que re\u00fane a m\u00faltiples personajes de los libros de historietas, se estrenar\u00e1 el 24 de abril en<strong> Australia y China, en Estados Unido<\/strong>s el 25 de abril y en M\u00e9xico el 26 de abril.<\/p>\n<p class=\"paragraph\" data-count=\"133\" data-wrap=\"19\">En la alfombra roja tambi\u00e9n desfilaron otras personalidades invitadas como <strong>Natalie Portman, <\/strong>Miley Cyrus, Bradley Cooper y Vin Diesel.<\/p>\n<p class=\"paragraph\" data-count=\"1\" data-wrap=\"1\">\n<p>[ad_2]<br \/>\n<br \/><a href=\"https:\/\/www.elfinanciero.com.mx\/rss\/reflector\/avengers-aterrizan-en-la-alfombra-roja-del-estreno-de-endgame\">Source link <\/a><\/p>\n","protected":false},"excerpt":{"rendered":"<p>[ad_1] Las actrices y actores que interpretan a los personajes de la saga de &#x27;Avengers&#x27; desfilaron este lunes por la alfombra roja del estreno mundial de Avengers: Endgame. Este filme producido por Marvel y distribuido por Walt Disney marca la conclusi\u00f3n de una historia contada a lo largo de 22 pel\u00edculas de Marvel. Por la [&hellip;]<\/p>\n","protected":false},"author":3,"featured_media":114,"comment_status":"open","ping_status":"open","sticky":false,"template":"","format":"standard","meta":{"footnotes":""},"categories":[1],"tags":[],"class_list":["post-113","post","type-post","status-publish","format-standard","has-post-thumbnail","hentry","category-noticias-financieras"],"yoast_head":"<!-- This site is optimized with the Yoast SEO plugin v27.4 - https:\/\/yoast.com\/product\/yoast-seo-wordpress\/ -->\n<title>Avengers &#039;aterrizan&#039; en la alfombra roja del estreno de Endgame - Super News<\/title>\n<meta name=\"robots\" content=\"index, follow, max-snippet:-1, max-image-preview:large, max-video-preview:-1\" \/>\n<link rel=\"canonical\" href=\"https:\/\/super-news.info\/mx\/avengers-aterrizan-en-la-alfombra-roja-del-estreno-de-endgame\/\" \/>\n<meta property=\"og:locale\" content=\"es_MX\" \/>\n<meta property=\"og:type\" content=\"article\" \/>\n<meta property=\"og:title\" content=\"Avengers &#039;aterrizan&#039; en la alfombra roja del estreno de Endgame - Super News\" \/>\n<meta property=\"og:description\" content=\"[ad_1] Las actrices y actores que interpretan a los personajes de la saga de &#x27;Avengers&#x27; desfilaron este lunes por la alfombra roja del estreno mundial de Avengers: Endgame. Este filme producido por Marvel y distribuido por Walt Disney marca la conclusi\u00f3n de una historia contada a lo largo de 22 pel\u00edculas de Marvel. Por la [&hellip;]\" \/>\n<meta property=\"og:url\" content=\"https:\/\/super-news.info\/mx\/avengers-aterrizan-en-la-alfombra-roja-del-estreno-de-endgame\/\" \/>\n<meta property=\"og:site_name\" content=\"Super News\" \/>\n<meta property=\"article:published_time\" content=\"2019-04-23T05:00:49+00:00\" \/>\n<meta property=\"article:modified_time\" content=\"2019-04-23T05:00:51+00:00\" \/>\n<meta property=\"og:image\" content=\"https:\/\/super-news.info\/mx\/wp-content\/uploads\/sites\/8\/2019\/04\/Avengers-039aterrizan039-en-la-alfombra-roja-del-estreno-de-Endgame.jpeg\" \/>\n\t<meta property=\"og:image:width\" content=\"3500\" \/>\n\t<meta property=\"og:image:height\" content=\"1968\" \/>\n\t<meta property=\"og:image:type\" content=\"image\/jpeg\" \/>\n<meta name=\"author\" content=\"mx\" \/>\n<meta name=\"twitter:card\" content=\"summary_large_image\" \/>\n<meta name=\"twitter:label1\" content=\"Escrito por\" \/>\n\t<meta name=\"twitter:data1\" content=\"mx\" \/>\n\t<meta name=\"twitter:label2\" content=\"Tiempo de lectura\" \/>\n\t<meta name=\"twitter:data2\" content=\"3 minutos\" \/>\n<script type=\"application\/ld+json\" class=\"yoast-schema-graph\">{\"@context\":\"https:\\\/\\\/schema.org\",\"@graph\":[{\"@type\":\"Article\",\"@id\":\"https:\\\/\\\/super-news.info\\\/mx\\\/avengers-aterrizan-en-la-alfombra-roja-del-estreno-de-endgame\\\/#article\",\"isPartOf\":{\"@id\":\"https:\\\/\\\/super-news.info\\\/mx\\\/avengers-aterrizan-en-la-alfombra-roja-del-estreno-de-endgame\\\/\"},\"author\":{\"name\":\"mx\",\"@id\":\"https:\\\/\\\/super-news.info\\\/mx\\\/#\\\/schema\\\/person\\\/74b71ca3d407439fd57da2d9c89449ca\"},\"headline\":\"Avengers &#039;aterrizan&#039; en la alfombra roja del estreno de Endgame\",\"datePublished\":\"2019-04-23T05:00:49+00:00\",\"dateModified\":\"2019-04-23T05:00:51+00:00\",\"mainEntityOfPage\":{\"@id\":\"https:\\\/\\\/super-news.info\\\/mx\\\/avengers-aterrizan-en-la-alfombra-roja-del-estreno-de-endgame\\\/\"},\"wordCount\":518,\"commentCount\":0,\"image\":{\"@id\":\"https:\\\/\\\/super-news.info\\\/mx\\\/avengers-aterrizan-en-la-alfombra-roja-del-estreno-de-endgame\\\/#primaryimage\"},\"thumbnailUrl\":\"https:\\\/\\\/super-news.info\\\/mx\\\/wp-content\\\/uploads\\\/sites\\\/8\\\/2019\\\/04\\\/Avengers-039aterrizan039-en-la-alfombra-roja-del-estreno-de-Endgame.jpeg\",\"articleSection\":[\"NOTICIAS FINANCIERAS\"],\"inLanguage\":\"es\",\"potentialAction\":[{\"@type\":\"CommentAction\",\"name\":\"Comment\",\"target\":[\"https:\\\/\\\/super-news.info\\\/mx\\\/avengers-aterrizan-en-la-alfombra-roja-del-estreno-de-endgame\\\/#respond\"]}]},{\"@type\":\"WebPage\",\"@id\":\"https:\\\/\\\/super-news.info\\\/mx\\\/avengers-aterrizan-en-la-alfombra-roja-del-estreno-de-endgame\\\/\",\"url\":\"https:\\\/\\\/super-news.info\\\/mx\\\/avengers-aterrizan-en-la-alfombra-roja-del-estreno-de-endgame\\\/\",\"name\":\"Avengers &#039;aterrizan&#039; en la alfombra roja del estreno de Endgame - Super News\",\"isPartOf\":{\"@id\":\"https:\\\/\\\/super-news.info\\\/mx\\\/#website\"},\"primaryImageOfPage\":{\"@id\":\"https:\\\/\\\/super-news.info\\\/mx\\\/avengers-aterrizan-en-la-alfombra-roja-del-estreno-de-endgame\\\/#primaryimage\"},\"image\":{\"@id\":\"https:\\\/\\\/super-news.info\\\/mx\\\/avengers-aterrizan-en-la-alfombra-roja-del-estreno-de-endgame\\\/#primaryimage\"},\"thumbnailUrl\":\"https:\\\/\\\/super-news.info\\\/mx\\\/wp-content\\\/uploads\\\/sites\\\/8\\\/2019\\\/04\\\/Avengers-039aterrizan039-en-la-alfombra-roja-del-estreno-de-Endgame.jpeg\",\"datePublished\":\"2019-04-23T05:00:49+00:00\",\"dateModified\":\"2019-04-23T05:00:51+00:00\",\"author\":{\"@id\":\"https:\\\/\\\/super-news.info\\\/mx\\\/#\\\/schema\\\/person\\\/74b71ca3d407439fd57da2d9c89449ca\"},\"breadcrumb\":{\"@id\":\"https:\\\/\\\/super-news.info\\\/mx\\\/avengers-aterrizan-en-la-alfombra-roja-del-estreno-de-endgame\\\/#breadcrumb\"},\"inLanguage\":\"es\",\"potentialAction\":[{\"@type\":\"ReadAction\",\"target\":[\"https:\\\/\\\/super-news.info\\\/mx\\\/avengers-aterrizan-en-la-alfombra-roja-del-estreno-de-endgame\\\/\"]}]},{\"@type\":\"ImageObject\",\"inLanguage\":\"es\",\"@id\":\"https:\\\/\\\/super-news.info\\\/mx\\\/avengers-aterrizan-en-la-alfombra-roja-del-estreno-de-endgame\\\/#primaryimage\",\"url\":\"https:\\\/\\\/super-news.info\\\/mx\\\/wp-content\\\/uploads\\\/sites\\\/8\\\/2019\\\/04\\\/Avengers-039aterrizan039-en-la-alfombra-roja-del-estreno-de-Endgame.jpeg\",\"contentUrl\":\"https:\\\/\\\/super-news.info\\\/mx\\\/wp-content\\\/uploads\\\/sites\\\/8\\\/2019\\\/04\\\/Avengers-039aterrizan039-en-la-alfombra-roja-del-estreno-de-Endgame.jpeg\",\"width\":3500,\"height\":1968,\"caption\":\"Brie Larson &#x27;Capitana Marvel&#x27; en el estreno mundial de la pel\u00edcula Avengers: Endgame.\"},{\"@type\":\"BreadcrumbList\",\"@id\":\"https:\\\/\\\/super-news.info\\\/mx\\\/avengers-aterrizan-en-la-alfombra-roja-del-estreno-de-endgame\\\/#breadcrumb\",\"itemListElement\":[{\"@type\":\"ListItem\",\"position\":1,\"name\":\"Home\",\"item\":\"https:\\\/\\\/super-news.info\\\/mx\\\/\"},{\"@type\":\"ListItem\",\"position\":2,\"name\":\"Avengers &#039;aterrizan&#039; en la alfombra roja del estreno de Endgame\"}]},{\"@type\":\"WebSite\",\"@id\":\"https:\\\/\\\/super-news.info\\\/mx\\\/#website\",\"url\":\"https:\\\/\\\/super-news.info\\\/mx\\\/\",\"name\":\"Super News\",\"description\":\"Super News Mexico\",\"potentialAction\":[{\"@type\":\"SearchAction\",\"target\":{\"@type\":\"EntryPoint\",\"urlTemplate\":\"https:\\\/\\\/super-news.info\\\/mx\\\/?s={search_term_string}\"},\"query-input\":{\"@type\":\"PropertyValueSpecification\",\"valueRequired\":true,\"valueName\":\"search_term_string\"}}],\"inLanguage\":\"es\"},{\"@type\":\"Person\",\"@id\":\"https:\\\/\\\/super-news.info\\\/mx\\\/#\\\/schema\\\/person\\\/74b71ca3d407439fd57da2d9c89449ca\",\"name\":\"mx\",\"image\":{\"@type\":\"ImageObject\",\"inLanguage\":\"es\",\"@id\":\"https:\\\/\\\/secure.gravatar.com\\\/avatar\\\/6374ac65ff69c362a0ae1303d73d69dcd9bd198d62d9861f054a69aaf82c017b?s=96&d=mm&r=g\",\"url\":\"https:\\\/\\\/secure.gravatar.com\\\/avatar\\\/6374ac65ff69c362a0ae1303d73d69dcd9bd198d62d9861f054a69aaf82c017b?s=96&d=mm&r=g\",\"contentUrl\":\"https:\\\/\\\/secure.gravatar.com\\\/avatar\\\/6374ac65ff69c362a0ae1303d73d69dcd9bd198d62d9861f054a69aaf82c017b?s=96&d=mm&r=g\",\"caption\":\"mx\"},\"url\":\"https:\\\/\\\/super-news.info\\\/mx\\\/author\\\/mx\\\/\"}]}<\/script>\n<!-- \/ Yoast SEO plugin. -->","yoast_head_json":{"title":"Avengers &#039;aterrizan&#039; en la alfombra roja del estreno de Endgame - Super News","robots":{"index":"index","follow":"follow","max-snippet":"max-snippet:-1","max-image-preview":"max-image-preview:large","max-video-preview":"max-video-preview:-1"},"canonical":"https:\/\/super-news.info\/mx\/avengers-aterrizan-en-la-alfombra-roja-del-estreno-de-endgame\/","og_locale":"es_MX","og_type":"article","og_title":"Avengers &#039;aterrizan&#039; en la alfombra roja del estreno de Endgame - Super News","og_description":"[ad_1] Las actrices y actores que interpretan a los personajes de la saga de &#x27;Avengers&#x27; desfilaron este lunes por la alfombra roja del estreno mundial de Avengers: Endgame. Este filme producido por Marvel y distribuido por Walt Disney marca la conclusi\u00f3n de una historia contada a lo largo de 22 pel\u00edculas de Marvel. Por la [&hellip;]","og_url":"https:\/\/super-news.info\/mx\/avengers-aterrizan-en-la-alfombra-roja-del-estreno-de-endgame\/","og_site_name":"Super News","article_published_time":"2019-04-23T05:00:49+00:00","article_modified_time":"2019-04-23T05:00:51+00:00","og_image":[{"width":3500,"height":1968,"url":"https:\/\/super-news.info\/mx\/wp-content\/uploads\/sites\/8\/2019\/04\/Avengers-039aterrizan039-en-la-alfombra-roja-del-estreno-de-Endgame.jpeg","type":"image\/jpeg"}],"author":"mx","twitter_card":"summary_large_image","twitter_misc":{"Escrito por":"mx","Tiempo de lectura":"3 minutos"},"schema":{"@context":"https:\/\/schema.org","@graph":[{"@type":"Article","@id":"https:\/\/super-news.info\/mx\/avengers-aterrizan-en-la-alfombra-roja-del-estreno-de-endgame\/#article","isPartOf":{"@id":"https:\/\/super-news.info\/mx\/avengers-aterrizan-en-la-alfombra-roja-del-estreno-de-endgame\/"},"author":{"name":"mx","@id":"https:\/\/super-news.info\/mx\/#\/schema\/person\/74b71ca3d407439fd57da2d9c89449ca"},"headline":"Avengers &#039;aterrizan&#039; en la alfombra roja del estreno de Endgame","datePublished":"2019-04-23T05:00:49+00:00","dateModified":"2019-04-23T05:00:51+00:00","mainEntityOfPage":{"@id":"https:\/\/super-news.info\/mx\/avengers-aterrizan-en-la-alfombra-roja-del-estreno-de-endgame\/"},"wordCount":518,"commentCount":0,"image":{"@id":"https:\/\/super-news.info\/mx\/avengers-aterrizan-en-la-alfombra-roja-del-estreno-de-endgame\/#primaryimage"},"thumbnailUrl":"https:\/\/super-news.info\/mx\/wp-content\/uploads\/sites\/8\/2019\/04\/Avengers-039aterrizan039-en-la-alfombra-roja-del-estreno-de-Endgame.jpeg","articleSection":["NOTICIAS FINANCIERAS"],"inLanguage":"es","potentialAction":[{"@type":"CommentAction","name":"Comment","target":["https:\/\/super-news.info\/mx\/avengers-aterrizan-en-la-alfombra-roja-del-estreno-de-endgame\/#respond"]}]},{"@type":"WebPage","@id":"https:\/\/super-news.info\/mx\/avengers-aterrizan-en-la-alfombra-roja-del-estreno-de-endgame\/","url":"https:\/\/super-news.info\/mx\/avengers-aterrizan-en-la-alfombra-roja-del-estreno-de-endgame\/","name":"Avengers &#039;aterrizan&#039; en la alfombra roja del estreno de Endgame - Super News","isPartOf":{"@id":"https:\/\/super-news.info\/mx\/#website"},"primaryImageOfPage":{"@id":"https:\/\/super-news.info\/mx\/avengers-aterrizan-en-la-alfombra-roja-del-estreno-de-endgame\/#primaryimage"},"image":{"@id":"https:\/\/super-news.info\/mx\/avengers-aterrizan-en-la-alfombra-roja-del-estreno-de-endgame\/#primaryimage"},"thumbnailUrl":"https:\/\/super-news.info\/mx\/wp-content\/uploads\/sites\/8\/2019\/04\/Avengers-039aterrizan039-en-la-alfombra-roja-del-estreno-de-Endgame.jpeg","datePublished":"2019-04-23T05:00:49+00:00","dateModified":"2019-04-23T05:00:51+00:00","author":{"@id":"https:\/\/super-news.info\/mx\/#\/schema\/person\/74b71ca3d407439fd57da2d9c89449ca"},"breadcrumb":{"@id":"https:\/\/super-news.info\/mx\/avengers-aterrizan-en-la-alfombra-roja-del-estreno-de-endgame\/#breadcrumb"},"inLanguage":"es","potentialAction":[{"@type":"ReadAction","target":["https:\/\/super-news.info\/mx\/avengers-aterrizan-en-la-alfombra-roja-del-estreno-de-endgame\/"]}]},{"@type":"ImageObject","inLanguage":"es","@id":"https:\/\/super-news.info\/mx\/avengers-aterrizan-en-la-alfombra-roja-del-estreno-de-endgame\/#primaryimage","url":"https:\/\/super-news.info\/mx\/wp-content\/uploads\/sites\/8\/2019\/04\/Avengers-039aterrizan039-en-la-alfombra-roja-del-estreno-de-Endgame.jpeg","contentUrl":"https:\/\/super-news.info\/mx\/wp-content\/uploads\/sites\/8\/2019\/04\/Avengers-039aterrizan039-en-la-alfombra-roja-del-estreno-de-Endgame.jpeg","width":3500,"height":1968,"caption":"Brie Larson &#x27;Capitana Marvel&#x27; en el estreno mundial de la pel\u00edcula Avengers: Endgame."},{"@type":"BreadcrumbList","@id":"https:\/\/super-news.info\/mx\/avengers-aterrizan-en-la-alfombra-roja-del-estreno-de-endgame\/#breadcrumb","itemListElement":[{"@type":"ListItem","position":1,"name":"Home","item":"https:\/\/super-news.info\/mx\/"},{"@type":"ListItem","position":2,"name":"Avengers &#039;aterrizan&#039; en la alfombra roja del estreno de Endgame"}]},{"@type":"WebSite","@id":"https:\/\/super-news.info\/mx\/#website","url":"https:\/\/super-news.info\/mx\/","name":"Super News","description":"Super News Mexico","potentialAction":[{"@type":"SearchAction","target":{"@type":"EntryPoint","urlTemplate":"https:\/\/super-news.info\/mx\/?s={search_term_string}"},"query-input":{"@type":"PropertyValueSpecification","valueRequired":true,"valueName":"search_term_string"}}],"inLanguage":"es"},{"@type":"Person","@id":"https:\/\/super-news.info\/mx\/#\/schema\/person\/74b71ca3d407439fd57da2d9c89449ca","name":"mx","image":{"@type":"ImageObject","inLanguage":"es","@id":"https:\/\/secure.gravatar.com\/avatar\/6374ac65ff69c362a0ae1303d73d69dcd9bd198d62d9861f054a69aaf82c017b?s=96&d=mm&r=g","url":"https:\/\/secure.gravatar.com\/avatar\/6374ac65ff69c362a0ae1303d73d69dcd9bd198d62d9861f054a69aaf82c017b?s=96&d=mm&r=g","contentUrl":"https:\/\/secure.gravatar.com\/avatar\/6374ac65ff69c362a0ae1303d73d69dcd9bd198d62d9861f054a69aaf82c017b?s=96&d=mm&r=g","caption":"mx"},"url":"https:\/\/super-news.info\/mx\/author\/mx\/"}]}},"_links":{"self":[{"href":"https:\/\/super-news.info\/mx\/wp-json\/wp\/v2\/posts\/113","targetHints":{"allow":["GET"]}}],"collection":[{"href":"https:\/\/super-news.info\/mx\/wp-json\/wp\/v2\/posts"}],"about":[{"href":"https:\/\/super-news.info\/mx\/wp-json\/wp\/v2\/types\/post"}],"author":[{"embeddable":true,"href":"https:\/\/super-news.info\/mx\/wp-json\/wp\/v2\/users\/3"}],"replies":[{"embeddable":true,"href":"https:\/\/super-news.info\/mx\/wp-json\/wp\/v2\/comments?post=113"}],"version-history":[{"count":1,"href":"https:\/\/super-news.info\/mx\/wp-json\/wp\/v2\/posts\/113\/revisions"}],"predecessor-version":[{"id":115,"href":"https:\/\/super-news.info\/mx\/wp-json\/wp\/v2\/posts\/113\/revisions\/115"}],"wp:featuredmedia":[{"embeddable":true,"href":"https:\/\/super-news.info\/mx\/wp-json\/wp\/v2\/media\/114"}],"wp:attachment":[{"href":"https:\/\/super-news.info\/mx\/wp-json\/wp\/v2\/media?parent=113"}],"wp:term":[{"taxonomy":"category","embeddable":true,"href":"https:\/\/super-news.info\/mx\/wp-json\/wp\/v2\/categories?post=113"},{"taxonomy":"post_tag","embeddable":true,"href":"https:\/\/super-news.info\/mx\/wp-json\/wp\/v2\/tags?post=113"}],"curies":[{"name":"wp","href":"https:\/\/api.w.org\/{rel}","templated":true}]}}