{"id":107,"date":"2019-04-22T21:54:23","date_gmt":"2019-04-22T21:54:23","guid":{"rendered":"https:\/\/super-news.info\/mx\/asi-se-vivio-la-semana-santa-en-merida\/"},"modified":"2019-04-22T21:54:25","modified_gmt":"2019-04-22T21:54:25","slug":"asi-se-vivio-la-semana-santa-en-merida","status":"publish","type":"post","link":"https:\/\/super-news.info\/mx\/asi-se-vivio-la-semana-santa-en-merida\/","title":{"rendered":"As\u00ed se vivi\u00f3 la Semana Santa en M\u00e9rida"},"content":{"rendered":"<p> [ad_1]<br \/>\n<\/p>\n<p class=\"paragraph\" data-count=\"368\" data-wrap=\"61\">El Centro Hist\u00f3rico de M\u00e9rida parecieron tomar un respiro de su agitada vida este Viernes Santo. Las calles, que suelen estar abarrotadas de personas y carros, lucieron casi desiertas; sin embargo, un lugar sobresali\u00f3: la Catedral, que conforme pasan las horas recib\u00eda a cientos de fieles que llegaban de todas partes de la ciudad para conmemorar la Pasi\u00f3n de Cristo. <\/p>\n<p class=\"paragraph\" data-count=\"226\" data-wrap=\"38\">Un mezcla de olores de incienso, ruda y albahaca inundaban el lugar en donde cientos de personas hac\u00edan una enorme fila para pasar al altar principal y adorar con aquellas plantas la representaci\u00f3n de la crucifixi\u00f3n de Cristo.<\/p>\n<div class=\"image__block -side\">\n<figure><\/figure>\n<p><span class=\"element__footer\">Cristo de la Unidad cubierto. <\/span><span class=\"element__credit\">Fuente: Luis Carlos Tzec<\/span><\/div>\n<p class=\"paragraph\" data-count=\"272\" data-wrap=\"51\">Un vendedor a las afueras de la Catedral, quien prefiri\u00f3 no dar su nombre, coment\u00f3 a El Financiero que &#8220;(la ruda) te ayuda a quitar las malas vibras, igual que la albahaca (&#8230;) para rezarle a un santo o para ponerse como decoraci\u00f3n, dura casi un a\u00f1o en quedar frondoso&#8221;. <\/p>\n<p class=\"paragraph\" data-count=\"248\" data-wrap=\"39\">La Catedral de San Ildefonso luc\u00eda diferente, el Cristo de la Unidad de 12 metros de altura, esculpido por el artista espa\u00f1ol Ram\u00f3n Lapayese, se encontraba completamente cubierto por una gran cortina morada en representaci\u00f3n del periodo cuaresmal. <\/p>\n<p class=\"paragraph\" data-count=\"299\" data-wrap=\"52\">La celebraci\u00f3n form\u00f3 parte del triduo pascual que comenz\u00f3 el jueves con la misa de la \u00faltima cena presidida por el arzobispo de Yucat\u00e1n, Gustavo Rodr\u00edguez Vega, quien recre\u00f3 como todos los a\u00f1os el pasaje b\u00edblico del lavatorio de pies a seis hombres y seis mujeres que representaban a los ap\u00f3stoles. <\/p>\n<div class=\"image__block -side\">\n<figure><img decoding=\"async\" alt=\"Desde 2016 el lavatorio de pies incluye mujeres. \" src=\"http:\/\/super-news.info\/mx\/wp-content\/uploads\/sites\/8\/2019\/04\/1555970062_427_Asi-se-vivio-la-Semana-Santa-en-Merida.jpeg\" style=\"height:auto;width:100%\" \/><\/figure>\n<p><span class=\"element__footer\">Desde 2016 el lavatorio de pies incluye mujeres. <\/span><span class=\"element__credit\">Fuente: Tomada de Facebook Gustavo Rodr\u00edguez Vega <\/span><\/div>\n<p class=\"paragraph\" data-count=\"258\" data-wrap=\"45\">El Viernes Santo, la Catedral Metropolitana de M\u00e9rida una de las m\u00e1s antiguas de M\u00e9xico estaba a su m\u00e1xima capacidad ya que las bancas destinadas para sentar a poco m\u00e1s de mil personas resultaron insuficientes por los que muchas personas se quedaron de pie. <\/p>\n<p class=\"paragraph\" data-count=\"328\" data-wrap=\"58\">A las 15:00 horas, los oficios comenzaron formalmente, ese d\u00eda en ninguna parte del mundo hubo misa ya que la Iglesia Cat\u00f3lica se considera &#x27;en luto&#x27; por la muerte de Jes\u00fas. La celebraci\u00f3n, como todas las de Semana Santa, fue realizada por el arzobispo quien al llegar al altar principal se arrodill\u00f3 e inici\u00f3 con el protocolo. <\/p>\n<p class=\"paragraph\" data-count=\"171\" data-wrap=\"36\">El \u00f3rgano tubular de 1938 empez\u00f3 a sonar y seguido el coro cant\u00f3 el &#x27;Honor y Gloria&#x27; para dar paso a la lectura del evangelio de San Juan del la Pasi\u00f3n y Muerte de Jes\u00fas. <\/p>\n<div class=\"image__block -side\">\n<figure><img decoding=\"async\" alt=\"Feligreses en Viernes Santo. \" src=\"http:\/\/super-news.info\/mx\/wp-content\/uploads\/sites\/8\/2019\/04\/1555970062_942_Asi-se-vivio-la-Semana-Santa-en-Merida.jpeg\" style=\"height:auto;width:100%\" \/><\/figure>\n<p><span class=\"element__footer\">Feligreses en Viernes Santo. <\/span><span class=\"element__credit\">Fuente: Eduardo Reyes<\/span><\/div>\n<p class=\"paragraph\" data-count=\"187\" data-wrap=\"30\">Al llegar a la frase &#8220;inclinando la cabeza, entreg\u00f3 el esp\u00edritu&#8221;, se escuch\u00f3 un silencio y los fieles se arrodillaron en se\u00f1al de respeto para posteriormente continuar con la celebraci\u00f3n.<\/p>\n<p class=\"paragraph\" data-count=\"564\" data-wrap=\"98\">Casi al final de los oficios inici\u00f3 una de las partes m\u00e1s importantes para los cat\u00f3licos: la adoraci\u00f3n de cruz. Entre el silencio del templo se escuch\u00f3 el c\u00e1ntico: &#8220;Mirad el \u00e1rbol de la cruz donde estuvo clavada la salvaci\u00f3n del mundo&#8221; y en seguida la multitud respondi\u00f3 &#8220;\u00a1Venid y adoremos!&#8221;, con ello el arzobispo y los dem\u00e1s ministros se acercaron a adorar la cruz mientras la gran cortina morada descubr\u00eda al Cristo de la Unidad que hab\u00eda estado oculto en las \u00faltimas semanas y que provoc\u00f3 que turistas y feligreses sacaran sus tel\u00e9fonos para grabar el momento.<\/p>\n<p class=\"paragraph\" data-count=\"182\" data-wrap=\"31\">Al terminar esa fase, empez\u00f3 la repartici\u00f3n de las hostias que fueron guardadas el d\u00eda anterior mientras que un grupo de custodios se preparaba para la procesi\u00f3n del Santo Entierro. <\/p>\n<div class=\"image__block -side\">\n<figure><img decoding=\"async\" alt=\"Procesi\u00f3n del Santo Entierro en los bajos del Palacio Municipal\" src=\"http:\/\/super-news.info\/mx\/wp-content\/uploads\/sites\/8\/2019\/04\/1555970063_121_Asi-se-vivio-la-Semana-Santa-en-Merida.jpeg\" style=\"height:auto;width:100%\" \/><\/figure>\n<p><span class=\"element__footer\">Procesi\u00f3n del Santo Entierro en los bajos del Palacio Municipal<\/span><span class=\"element__credit\">Eduardo Reyes<\/span><\/div>\n<p class=\"paragraph\" data-count=\"498\" data-wrap=\"91\">En la Catedral de M\u00e9rida no se realiza el viacrucis a diferencia de otras parroquias de la capital yucateca, en el lugar se llev\u00f3 a cabo la procesi\u00f3n del Santo Entierro, donde la figura de Jes\u00fas en un ata\u00fad de cristal recorri\u00f3 el primer cuadro de la ciudad acompa\u00f1ado de la representaci\u00f3n de Mar\u00eda La Dolorosa, Mar\u00eda Magdalena y San Juan Ap\u00f3stol. No se tiene un registro desde cuando se realiza esta procesi\u00f3n en la &#x27;ciudad blanca&#x27; pero se conoce que el Cabildo participaba en ella de 1790 a 1851. <\/p>\n<p class=\"paragraph\" data-count=\"221\" data-wrap=\"39\">La procesi\u00f3n parti\u00f3 de la Puerta del Perd\u00f3n a las 17:00 horas y los turistas que estaban a los alrededores de la Plaza Grande (z\u00f3calo de M\u00e9rida) miraban con asombro mientras buscaban el mejor \u00e1ngulo para sus fotograf\u00edas. <\/p>\n<div class=\"image__block -side\">\n<figure><img decoding=\"async\" alt=\"El arzobispo de Yucat\u00e1n presidi\u00f3 los eventos.\" src=\"http:\/\/super-news.info\/mx\/wp-content\/uploads\/sites\/8\/2019\/04\/1555970063_146_Asi-se-vivio-la-Semana-Santa-en-Merida.jpeg\" style=\"height:auto;width:100%\" \/><\/figure>\n<p><span class=\"element__footer\">El arzobispo de Yucat\u00e1n presidi\u00f3 los eventos.<\/span><span class=\"element__credit\">Eduardo Reyes<\/span><\/div>\n<p class=\"paragraph\" data-count=\"283\" data-wrap=\"53\">Mientras la multitud canta &#8220;Perdona a tu pueblo, Se\u00f1or&#8221;, Gabriela Mu\u00f1oz de 65 a\u00f1os platic\u00f3 que estas celebraciones son para &#8221; entender la raz\u00f3n de la Pasi\u00f3n de Cristo; te explica la historia; es un momento para darse a las otras personas y no ponerte a ti de primero y ser ego\u00edsta&#8221;. <\/p>\n<p class=\"paragraph\" data-count=\"110\" data-wrap=\"21\">Por otra parte, Germ\u00e1n Chan de 65 a\u00f1os coment\u00f3 que es una tradici\u00f3n en su familia asistir a esta celebraci\u00f3n. <\/p>\n<p class=\"paragraph\" data-count=\"145\" data-wrap=\"25\">&#8220;Es una pr\u00e1ctica que realizan muchos de mis familiares, marca un momento muy importante en la vida de las personas que son cristianas&#8221;, coment\u00f3. <\/p>\n<p class=\"paragraph\" data-count=\"233\" data-wrap=\"40\">La caminata termin\u00f3 nuevamente en la puerta central de Catedral, que se encuentra custodiada por dos im\u00e1genes de San Pedro y San Pablo, a continuaci\u00f3n la multitud se reuni\u00f3 nuevamente para hacer una larga fila y adorar las im\u00e1genes. <\/p>\n<div class=\"image__block -side\">\n<figure><img decoding=\"async\" alt=\"Vigilia Pascual en M\u00e9rida.\" src=\"http:\/\/super-news.info\/mx\/wp-content\/uploads\/sites\/8\/2019\/04\/1555970063_850_Asi-se-vivio-la-Semana-Santa-en-Merida.jpeg\" style=\"height:auto;width:100%\" \/><\/figure>\n<p><span class=\"element__footer\">Vigilia Pascual en M\u00e9rida.<\/span><span class=\"element__credit\">Tomada de Facebook Gustavo Rodr\u00edguez Vega<\/span><\/div>\n<p class=\"paragraph\" data-count=\"123\" data-wrap=\"20\">Las celebraciones del Viernes Santo terminaron con la &#x27;Marcha del Silencio&#x27; y el &#x27;Rosario del P\u00e9same&#x27; ya llegando la noche.<\/p>\n<p class=\"paragraph\" data-count=\"251\" data-wrap=\"44\">El s\u00e1bado a las 20:00 horas inici\u00f3 la \u00faltima celebraci\u00f3n, la Vigilia Pascual, donde se realiza la bendici\u00f3n del fuego nuevo mientras que la Catedral en penumbras resonaba el c\u00e1ntico &#8220;Luz de Cristo&#8221; y la respuesta de los fieles &#8220;Demos gracias a Dios&#8221;. <\/p>\n<p class=\"paragraph\" data-count=\"187\" data-wrap=\"34\">La celebraci\u00f3n continu\u00f3 con las 7 lecturas y posteriormente el canto del Gloria donde las campanas resonaron y las luces del templo se encienderon para dar paso a lo que resta de la misa.<\/p>\n<p class=\"paragraph\" data-count=\"84\" data-wrap=\"13\">As\u00ed concluyeron las celebraciones de Semana Santa en la principal iglesia de M\u00e9rida.<\/p>\n<p class=\"paragraph\" data-count=\"0\" data-wrap=\"1\">\n<p class=\"paragraph\" data-count=\"34\" data-wrap=\"6\"><em>* Con informaci\u00f3n de Eduardo Reyes<\/em><\/p>\n<p>[ad_2]<br \/>\n<br \/><a href=\"https:\/\/www.elfinanciero.com.mx\/rss\/peninsula\/asi-se-vivio-la-semana-santa-en-merida\">Source link <\/a><\/p>\n","protected":false},"excerpt":{"rendered":"<p>[ad_1] El Centro Hist\u00f3rico de M\u00e9rida parecieron tomar un respiro de su agitada vida este Viernes Santo. Las calles, que suelen estar abarrotadas de personas y carros, lucieron casi desiertas; sin embargo, un lugar sobresali\u00f3: la Catedral, que conforme pasan las horas recib\u00eda a cientos de fieles que llegaban de todas partes de la ciudad [&hellip;]<\/p>\n","protected":false},"author":3,"featured_media":108,"comment_status":"open","ping_status":"open","sticky":false,"template":"","format":"standard","meta":{"footnotes":""},"categories":[1],"tags":[],"class_list":["post-107","post","type-post","status-publish","format-standard","has-post-thumbnail","hentry","category-noticias-financieras"],"yoast_head":"<!-- This site is optimized with the Yoast SEO plugin v27.4 - https:\/\/yoast.com\/product\/yoast-seo-wordpress\/ -->\n<title>As\u00ed se vivi\u00f3 la Semana Santa en M\u00e9rida - Super News<\/title>\n<meta name=\"robots\" content=\"index, follow, max-snippet:-1, max-image-preview:large, max-video-preview:-1\" \/>\n<link rel=\"canonical\" href=\"https:\/\/super-news.info\/mx\/asi-se-vivio-la-semana-santa-en-merida\/\" \/>\n<meta property=\"og:locale\" content=\"es_MX\" \/>\n<meta property=\"og:type\" content=\"article\" \/>\n<meta property=\"og:title\" content=\"As\u00ed se vivi\u00f3 la Semana Santa en M\u00e9rida - Super News\" \/>\n<meta property=\"og:description\" content=\"[ad_1] El Centro Hist\u00f3rico de M\u00e9rida parecieron tomar un respiro de su agitada vida este Viernes Santo. Las calles, que suelen estar abarrotadas de personas y carros, lucieron casi desiertas; sin embargo, un lugar sobresali\u00f3: la Catedral, que conforme pasan las horas recib\u00eda a cientos de fieles que llegaban de todas partes de la ciudad [&hellip;]\" \/>\n<meta property=\"og:url\" content=\"https:\/\/super-news.info\/mx\/asi-se-vivio-la-semana-santa-en-merida\/\" \/>\n<meta property=\"og:site_name\" content=\"Super News\" \/>\n<meta property=\"article:published_time\" content=\"2019-04-22T21:54:23+00:00\" \/>\n<meta property=\"article:modified_time\" content=\"2019-04-22T21:54:25+00:00\" \/>\n<meta property=\"og:image\" content=\"https:\/\/super-news.info\/mx\/wp-content\/uploads\/sites\/8\/2019\/04\/As\u00ed-se-vivi\u00f3-la-Semana-Santa-en-M\u00e9rida.jpeg\" \/>\n\t<meta property=\"og:image:width\" content=\"1280\" \/>\n\t<meta property=\"og:image:height\" content=\"720\" \/>\n\t<meta property=\"og:image:type\" content=\"image\/jpeg\" \/>\n<meta name=\"author\" content=\"mx\" \/>\n<meta name=\"twitter:card\" content=\"summary_large_image\" \/>\n<meta name=\"twitter:label1\" content=\"Escrito por\" \/>\n\t<meta name=\"twitter:data1\" content=\"mx\" \/>\n\t<meta name=\"twitter:label2\" content=\"Tiempo de lectura\" \/>\n\t<meta name=\"twitter:data2\" content=\"5 minutos\" \/>\n<script type=\"application\/ld+json\" class=\"yoast-schema-graph\">{\"@context\":\"https:\\\/\\\/schema.org\",\"@graph\":[{\"@type\":\"Article\",\"@id\":\"https:\\\/\\\/super-news.info\\\/mx\\\/asi-se-vivio-la-semana-santa-en-merida\\\/#article\",\"isPartOf\":{\"@id\":\"https:\\\/\\\/super-news.info\\\/mx\\\/asi-se-vivio-la-semana-santa-en-merida\\\/\"},\"author\":{\"name\":\"mx\",\"@id\":\"https:\\\/\\\/super-news.info\\\/mx\\\/#\\\/schema\\\/person\\\/74b71ca3d407439fd57da2d9c89449ca\"},\"headline\":\"As\u00ed se vivi\u00f3 la Semana Santa en M\u00e9rida\",\"datePublished\":\"2019-04-22T21:54:23+00:00\",\"dateModified\":\"2019-04-22T21:54:25+00:00\",\"mainEntityOfPage\":{\"@id\":\"https:\\\/\\\/super-news.info\\\/mx\\\/asi-se-vivio-la-semana-santa-en-merida\\\/\"},\"wordCount\":1068,\"commentCount\":0,\"image\":{\"@id\":\"https:\\\/\\\/super-news.info\\\/mx\\\/asi-se-vivio-la-semana-santa-en-merida\\\/#primaryimage\"},\"thumbnailUrl\":\"https:\\\/\\\/super-news.info\\\/mx\\\/wp-content\\\/uploads\\\/sites\\\/8\\\/2019\\\/04\\\/As\u00ed-se-vivi\u00f3-la-Semana-Santa-en-M\u00e9rida.jpeg\",\"articleSection\":[\"NOTICIAS FINANCIERAS\"],\"inLanguage\":\"es\",\"potentialAction\":[{\"@type\":\"CommentAction\",\"name\":\"Comment\",\"target\":[\"https:\\\/\\\/super-news.info\\\/mx\\\/asi-se-vivio-la-semana-santa-en-merida\\\/#respond\"]}]},{\"@type\":\"WebPage\",\"@id\":\"https:\\\/\\\/super-news.info\\\/mx\\\/asi-se-vivio-la-semana-santa-en-merida\\\/\",\"url\":\"https:\\\/\\\/super-news.info\\\/mx\\\/asi-se-vivio-la-semana-santa-en-merida\\\/\",\"name\":\"As\u00ed se vivi\u00f3 la Semana Santa en M\u00e9rida - Super News\",\"isPartOf\":{\"@id\":\"https:\\\/\\\/super-news.info\\\/mx\\\/#website\"},\"primaryImageOfPage\":{\"@id\":\"https:\\\/\\\/super-news.info\\\/mx\\\/asi-se-vivio-la-semana-santa-en-merida\\\/#primaryimage\"},\"image\":{\"@id\":\"https:\\\/\\\/super-news.info\\\/mx\\\/asi-se-vivio-la-semana-santa-en-merida\\\/#primaryimage\"},\"thumbnailUrl\":\"https:\\\/\\\/super-news.info\\\/mx\\\/wp-content\\\/uploads\\\/sites\\\/8\\\/2019\\\/04\\\/As\u00ed-se-vivi\u00f3-la-Semana-Santa-en-M\u00e9rida.jpeg\",\"datePublished\":\"2019-04-22T21:54:23+00:00\",\"dateModified\":\"2019-04-22T21:54:25+00:00\",\"author\":{\"@id\":\"https:\\\/\\\/super-news.info\\\/mx\\\/#\\\/schema\\\/person\\\/74b71ca3d407439fd57da2d9c89449ca\"},\"breadcrumb\":{\"@id\":\"https:\\\/\\\/super-news.info\\\/mx\\\/asi-se-vivio-la-semana-santa-en-merida\\\/#breadcrumb\"},\"inLanguage\":\"es\",\"potentialAction\":[{\"@type\":\"ReadAction\",\"target\":[\"https:\\\/\\\/super-news.info\\\/mx\\\/asi-se-vivio-la-semana-santa-en-merida\\\/\"]}]},{\"@type\":\"ImageObject\",\"inLanguage\":\"es\",\"@id\":\"https:\\\/\\\/super-news.info\\\/mx\\\/asi-se-vivio-la-semana-santa-en-merida\\\/#primaryimage\",\"url\":\"https:\\\/\\\/super-news.info\\\/mx\\\/wp-content\\\/uploads\\\/sites\\\/8\\\/2019\\\/04\\\/As\u00ed-se-vivi\u00f3-la-Semana-Santa-en-M\u00e9rida.jpeg\",\"contentUrl\":\"https:\\\/\\\/super-news.info\\\/mx\\\/wp-content\\\/uploads\\\/sites\\\/8\\\/2019\\\/04\\\/As\u00ed-se-vivi\u00f3-la-Semana-Santa-en-M\u00e9rida.jpeg\",\"width\":1280,\"height\":720,\"caption\":\"Cristo de la Unidad cubierto.\"},{\"@type\":\"BreadcrumbList\",\"@id\":\"https:\\\/\\\/super-news.info\\\/mx\\\/asi-se-vivio-la-semana-santa-en-merida\\\/#breadcrumb\",\"itemListElement\":[{\"@type\":\"ListItem\",\"position\":1,\"name\":\"Home\",\"item\":\"https:\\\/\\\/super-news.info\\\/mx\\\/\"},{\"@type\":\"ListItem\",\"position\":2,\"name\":\"As\u00ed se vivi\u00f3 la Semana Santa en M\u00e9rida\"}]},{\"@type\":\"WebSite\",\"@id\":\"https:\\\/\\\/super-news.info\\\/mx\\\/#website\",\"url\":\"https:\\\/\\\/super-news.info\\\/mx\\\/\",\"name\":\"Super News\",\"description\":\"Super News Mexico\",\"potentialAction\":[{\"@type\":\"SearchAction\",\"target\":{\"@type\":\"EntryPoint\",\"urlTemplate\":\"https:\\\/\\\/super-news.info\\\/mx\\\/?s={search_term_string}\"},\"query-input\":{\"@type\":\"PropertyValueSpecification\",\"valueRequired\":true,\"valueName\":\"search_term_string\"}}],\"inLanguage\":\"es\"},{\"@type\":\"Person\",\"@id\":\"https:\\\/\\\/super-news.info\\\/mx\\\/#\\\/schema\\\/person\\\/74b71ca3d407439fd57da2d9c89449ca\",\"name\":\"mx\",\"image\":{\"@type\":\"ImageObject\",\"inLanguage\":\"es\",\"@id\":\"https:\\\/\\\/secure.gravatar.com\\\/avatar\\\/6374ac65ff69c362a0ae1303d73d69dcd9bd198d62d9861f054a69aaf82c017b?s=96&d=mm&r=g\",\"url\":\"https:\\\/\\\/secure.gravatar.com\\\/avatar\\\/6374ac65ff69c362a0ae1303d73d69dcd9bd198d62d9861f054a69aaf82c017b?s=96&d=mm&r=g\",\"contentUrl\":\"https:\\\/\\\/secure.gravatar.com\\\/avatar\\\/6374ac65ff69c362a0ae1303d73d69dcd9bd198d62d9861f054a69aaf82c017b?s=96&d=mm&r=g\",\"caption\":\"mx\"},\"url\":\"https:\\\/\\\/super-news.info\\\/mx\\\/author\\\/mx\\\/\"}]}<\/script>\n<!-- \/ Yoast SEO plugin. -->","yoast_head_json":{"title":"As\u00ed se vivi\u00f3 la Semana Santa en M\u00e9rida - Super News","robots":{"index":"index","follow":"follow","max-snippet":"max-snippet:-1","max-image-preview":"max-image-preview:large","max-video-preview":"max-video-preview:-1"},"canonical":"https:\/\/super-news.info\/mx\/asi-se-vivio-la-semana-santa-en-merida\/","og_locale":"es_MX","og_type":"article","og_title":"As\u00ed se vivi\u00f3 la Semana Santa en M\u00e9rida - Super News","og_description":"[ad_1] El Centro Hist\u00f3rico de M\u00e9rida parecieron tomar un respiro de su agitada vida este Viernes Santo. Las calles, que suelen estar abarrotadas de personas y carros, lucieron casi desiertas; sin embargo, un lugar sobresali\u00f3: la Catedral, que conforme pasan las horas recib\u00eda a cientos de fieles que llegaban de todas partes de la ciudad [&hellip;]","og_url":"https:\/\/super-news.info\/mx\/asi-se-vivio-la-semana-santa-en-merida\/","og_site_name":"Super News","article_published_time":"2019-04-22T21:54:23+00:00","article_modified_time":"2019-04-22T21:54:25+00:00","og_image":[{"width":1280,"height":720,"url":"https:\/\/super-news.info\/mx\/wp-content\/uploads\/sites\/8\/2019\/04\/As\u00ed-se-vivi\u00f3-la-Semana-Santa-en-M\u00e9rida.jpeg","type":"image\/jpeg"}],"author":"mx","twitter_card":"summary_large_image","twitter_misc":{"Escrito por":"mx","Tiempo de lectura":"5 minutos"},"schema":{"@context":"https:\/\/schema.org","@graph":[{"@type":"Article","@id":"https:\/\/super-news.info\/mx\/asi-se-vivio-la-semana-santa-en-merida\/#article","isPartOf":{"@id":"https:\/\/super-news.info\/mx\/asi-se-vivio-la-semana-santa-en-merida\/"},"author":{"name":"mx","@id":"https:\/\/super-news.info\/mx\/#\/schema\/person\/74b71ca3d407439fd57da2d9c89449ca"},"headline":"As\u00ed se vivi\u00f3 la Semana Santa en M\u00e9rida","datePublished":"2019-04-22T21:54:23+00:00","dateModified":"2019-04-22T21:54:25+00:00","mainEntityOfPage":{"@id":"https:\/\/super-news.info\/mx\/asi-se-vivio-la-semana-santa-en-merida\/"},"wordCount":1068,"commentCount":0,"image":{"@id":"https:\/\/super-news.info\/mx\/asi-se-vivio-la-semana-santa-en-merida\/#primaryimage"},"thumbnailUrl":"https:\/\/super-news.info\/mx\/wp-content\/uploads\/sites\/8\/2019\/04\/As\u00ed-se-vivi\u00f3-la-Semana-Santa-en-M\u00e9rida.jpeg","articleSection":["NOTICIAS FINANCIERAS"],"inLanguage":"es","potentialAction":[{"@type":"CommentAction","name":"Comment","target":["https:\/\/super-news.info\/mx\/asi-se-vivio-la-semana-santa-en-merida\/#respond"]}]},{"@type":"WebPage","@id":"https:\/\/super-news.info\/mx\/asi-se-vivio-la-semana-santa-en-merida\/","url":"https:\/\/super-news.info\/mx\/asi-se-vivio-la-semana-santa-en-merida\/","name":"As\u00ed se vivi\u00f3 la Semana Santa en M\u00e9rida - Super News","isPartOf":{"@id":"https:\/\/super-news.info\/mx\/#website"},"primaryImageOfPage":{"@id":"https:\/\/super-news.info\/mx\/asi-se-vivio-la-semana-santa-en-merida\/#primaryimage"},"image":{"@id":"https:\/\/super-news.info\/mx\/asi-se-vivio-la-semana-santa-en-merida\/#primaryimage"},"thumbnailUrl":"https:\/\/super-news.info\/mx\/wp-content\/uploads\/sites\/8\/2019\/04\/As\u00ed-se-vivi\u00f3-la-Semana-Santa-en-M\u00e9rida.jpeg","datePublished":"2019-04-22T21:54:23+00:00","dateModified":"2019-04-22T21:54:25+00:00","author":{"@id":"https:\/\/super-news.info\/mx\/#\/schema\/person\/74b71ca3d407439fd57da2d9c89449ca"},"breadcrumb":{"@id":"https:\/\/super-news.info\/mx\/asi-se-vivio-la-semana-santa-en-merida\/#breadcrumb"},"inLanguage":"es","potentialAction":[{"@type":"ReadAction","target":["https:\/\/super-news.info\/mx\/asi-se-vivio-la-semana-santa-en-merida\/"]}]},{"@type":"ImageObject","inLanguage":"es","@id":"https:\/\/super-news.info\/mx\/asi-se-vivio-la-semana-santa-en-merida\/#primaryimage","url":"https:\/\/super-news.info\/mx\/wp-content\/uploads\/sites\/8\/2019\/04\/As\u00ed-se-vivi\u00f3-la-Semana-Santa-en-M\u00e9rida.jpeg","contentUrl":"https:\/\/super-news.info\/mx\/wp-content\/uploads\/sites\/8\/2019\/04\/As\u00ed-se-vivi\u00f3-la-Semana-Santa-en-M\u00e9rida.jpeg","width":1280,"height":720,"caption":"Cristo de la Unidad cubierto."},{"@type":"BreadcrumbList","@id":"https:\/\/super-news.info\/mx\/asi-se-vivio-la-semana-santa-en-merida\/#breadcrumb","itemListElement":[{"@type":"ListItem","position":1,"name":"Home","item":"https:\/\/super-news.info\/mx\/"},{"@type":"ListItem","position":2,"name":"As\u00ed se vivi\u00f3 la Semana Santa en M\u00e9rida"}]},{"@type":"WebSite","@id":"https:\/\/super-news.info\/mx\/#website","url":"https:\/\/super-news.info\/mx\/","name":"Super News","description":"Super News Mexico","potentialAction":[{"@type":"SearchAction","target":{"@type":"EntryPoint","urlTemplate":"https:\/\/super-news.info\/mx\/?s={search_term_string}"},"query-input":{"@type":"PropertyValueSpecification","valueRequired":true,"valueName":"search_term_string"}}],"inLanguage":"es"},{"@type":"Person","@id":"https:\/\/super-news.info\/mx\/#\/schema\/person\/74b71ca3d407439fd57da2d9c89449ca","name":"mx","image":{"@type":"ImageObject","inLanguage":"es","@id":"https:\/\/secure.gravatar.com\/avatar\/6374ac65ff69c362a0ae1303d73d69dcd9bd198d62d9861f054a69aaf82c017b?s=96&d=mm&r=g","url":"https:\/\/secure.gravatar.com\/avatar\/6374ac65ff69c362a0ae1303d73d69dcd9bd198d62d9861f054a69aaf82c017b?s=96&d=mm&r=g","contentUrl":"https:\/\/secure.gravatar.com\/avatar\/6374ac65ff69c362a0ae1303d73d69dcd9bd198d62d9861f054a69aaf82c017b?s=96&d=mm&r=g","caption":"mx"},"url":"https:\/\/super-news.info\/mx\/author\/mx\/"}]}},"_links":{"self":[{"href":"https:\/\/super-news.info\/mx\/wp-json\/wp\/v2\/posts\/107","targetHints":{"allow":["GET"]}}],"collection":[{"href":"https:\/\/super-news.info\/mx\/wp-json\/wp\/v2\/posts"}],"about":[{"href":"https:\/\/super-news.info\/mx\/wp-json\/wp\/v2\/types\/post"}],"author":[{"embeddable":true,"href":"https:\/\/super-news.info\/mx\/wp-json\/wp\/v2\/users\/3"}],"replies":[{"embeddable":true,"href":"https:\/\/super-news.info\/mx\/wp-json\/wp\/v2\/comments?post=107"}],"version-history":[{"count":1,"href":"https:\/\/super-news.info\/mx\/wp-json\/wp\/v2\/posts\/107\/revisions"}],"predecessor-version":[{"id":109,"href":"https:\/\/super-news.info\/mx\/wp-json\/wp\/v2\/posts\/107\/revisions\/109"}],"wp:featuredmedia":[{"embeddable":true,"href":"https:\/\/super-news.info\/mx\/wp-json\/wp\/v2\/media\/108"}],"wp:attachment":[{"href":"https:\/\/super-news.info\/mx\/wp-json\/wp\/v2\/media?parent=107"}],"wp:term":[{"taxonomy":"category","embeddable":true,"href":"https:\/\/super-news.info\/mx\/wp-json\/wp\/v2\/categories?post=107"},{"taxonomy":"post_tag","embeddable":true,"href":"https:\/\/super-news.info\/mx\/wp-json\/wp\/v2\/tags?post=107"}],"curies":[{"name":"wp","href":"https:\/\/api.w.org\/{rel}","templated":true}]}}