{"id":990,"date":"2019-09-13T00:52:08","date_gmt":"2019-09-13T00:52:08","guid":{"rendered":"https:\/\/super-news.info\/it\/volkswagen-si-cambia-nuovo-logo-per-una-nuova-vita-a-zero-emissioni\/"},"modified":"2019-09-13T00:52:10","modified_gmt":"2019-09-13T00:52:10","slug":"volkswagen-si-cambia-nuovo-logo-per-una-nuova-vita-a-zero-emissioni","status":"publish","type":"post","link":"https:\/\/super-news.info\/it\/volkswagen-si-cambia-nuovo-logo-per-una-nuova-vita-a-zero-emissioni\/","title":{"rendered":"Volkswagen, si cambia: nuovo logo per una nuova vita a zero emissioni"},"content":{"rendered":"<p>\t\t\t\t\t\tQuattro anni dopo lo scandalo emissioni Volkswagen \u00e8 ormai avviata con forza verso una nuova gamma di veicoli elettrici destinata a condurre il marchio verso la mobilit\u00e0 del futuro. La casa di Wolfsburg, cos\u00ec, \u00e8 pronta a scrollarsi di dosso anche il logo del passato: dal Salone di Francoforte, infatti, \u00e8 stato presentato un nuovo stemma dai tratti pi\u00f9 minimalisti ed essenziali. Il suo obiettivo dichiarato \u00e8 testimoniare una discontinuit\u00e0 nella filosofia del prodotto.<br \/>\n\u201cIl nuovo logo segna l\u2019inizio di una nuova era per Volkswagen\u201d, ha detto con chiarezzata J\u00fcrgen Stackmann, membro responsabile di vendite, marketing e post-vendita del consiglio di amministrazione VW, \u201cformulando dei contenuti nuovi e con l\u2019introduzione di nuovi prodotti, il brand sta vivendo una fondamentale trasformazione verso un futuro ad emissioni zero per tutti. Adesso \u00e8 il momento giusto per rendere visibile la nuova mentalit\u00e0 del brand al mondo esterno\u201d.<br \/>\nIl nuovo logo a forma bidimensionale sembra nato pi\u00f9 per il marketing digitale, che non per i fregi da apporre sulle automobili. Secondo Volkswagen, infatti, esso \u201cconsentire un uso pi\u00f9 flessibile e sar\u00e0 estremamente riconoscibile sui digital media\u201d.<br \/>\nLa sua creazione \u00e8 frutto di un concept sviluppato internamente a Volkwagen, con la partecipazione di 19 team, e ha richiesto nove mesi di lavoro durante i quali sono state, in un secondo momento, coinvolte 17 agenzie esterne. \u201cNel nuovo design del marchio, abbiamo creato un\u2019autentica piattaforma di comunicazione per la presentazione emotiva della mobilit\u00e0 elettrica. Stiamo mostrando la Volkswagen del futuro sotto i motti di \u2018digital first\u2019 e \u2018no filter\u2019\u201d, ha spiegato il Chief Designer di Volkswagen, Klaus Bischoff.<br \/>\nLa novit\u00e0 \u00e8 gi\u00e0 stata implementata nella grafica del sito ufficiale della Casa automobilistica tedesca. Successivamente verranno sostituiti i fregi delle concessionarie europee, mentre ad ottobre toccher\u00e0 a quelle cinesi. A partire dal 2020 il ricambio verr\u00e0 completato con Nord-Sud America e resto del mondo. Nelle 10.000 strutture di rivenditori e partner di servizio in tutto il mondo, verranno sostituiti circa 70.000 loghi: \u00e8 uno dei progetti di rebranding pi\u00f9 importanti mai visti nel settore.La prima vettura che vedr\u00e0 il nuovo logo sul suo portellone sar\u00e0 la Volkswagen ID.3, una due volumi elettrica da 30mila euro e 4,2 metri di lunghezza la cui produzione sar\u00e0 avviata nel novembre di quest\u2019anno. Ben 30mila unit\u00e0 sono gi\u00e0 state pre-ordinate dalla clientela.<br \/>\nE fra i cambiamenti in casa Volkswagen c\u2019\u00e8 anche un piccolo, ma non certo irrilevante dettaglio: i video di presentazione non saranno pi\u00f9 accompagnati da una voce maschile, come sempre era avvenuto in passato, bens\u00ec da una voce femminile.<br \/>\nYour browser does not support the video tag.<\/p>\n<p>\n<!--noindex--><br \/>\n<a href=\"https:\/\/www.wallstreetitalia.com\/volkswagen-nuovo-logo\/\" rel=\"nofollow\">Source link <\/a><br \/>\n<!--\/noindex--><\/p>\n","protected":false},"excerpt":{"rendered":"<p>Quattro anni dopo lo scandalo emissioni Volkswagen \u00e8 ormai avviata con forza verso una nuova gamma di veicoli elettrici destinata a condurre il marchio verso la mobilit\u00e0 del futuro. La casa di Wolfsburg, cos\u00ec, \u00e8 pronta a scrollarsi di dosso anche il logo del passato: dal Salone di Francoforte, infatti, \u00e8 stato presentato un nuovo [&hellip;]<\/p>\n","protected":false},"author":2,"featured_media":991,"comment_status":"open","ping_status":"open","sticky":false,"template":"","format":"standard","meta":{"footnotes":""},"categories":[1],"tags":[],"class_list":["post-990","post","type-post","status-publish","format-standard","has-post-thumbnail","hentry","category-notizie-finanziarie"],"yoast_head":"<!-- This site is optimized with the Yoast SEO plugin v27.4 - https:\/\/yoast.com\/product\/yoast-seo-wordpress\/ -->\n<title>Volkswagen, si cambia: nuovo logo per una nuova vita a zero emissioni - Super News<\/title>\n<meta name=\"robots\" content=\"index, follow, max-snippet:-1, max-image-preview:large, max-video-preview:-1\" \/>\n<link rel=\"canonical\" href=\"https:\/\/super-news.info\/it\/volkswagen-si-cambia-nuovo-logo-per-una-nuova-vita-a-zero-emissioni\/\" \/>\n<meta property=\"og:locale\" content=\"it_IT\" \/>\n<meta property=\"og:type\" content=\"article\" \/>\n<meta property=\"og:title\" content=\"Volkswagen, si cambia: nuovo logo per una nuova vita a zero emissioni - Super News\" \/>\n<meta property=\"og:description\" content=\"Quattro anni dopo lo scandalo emissioni Volkswagen \u00e8 ormai avviata con forza verso una nuova gamma di veicoli elettrici destinata a condurre il marchio verso la mobilit\u00e0 del futuro. La casa di Wolfsburg, cos\u00ec, \u00e8 pronta a scrollarsi di dosso anche il logo del passato: dal Salone di Francoforte, infatti, \u00e8 stato presentato un nuovo [&hellip;]\" \/>\n<meta property=\"og:url\" content=\"https:\/\/super-news.info\/it\/volkswagen-si-cambia-nuovo-logo-per-una-nuova-vita-a-zero-emissioni\/\" \/>\n<meta property=\"og:site_name\" content=\"Super News\" \/>\n<meta property=\"article:published_time\" content=\"2019-09-13T00:52:08+00:00\" \/>\n<meta property=\"article:modified_time\" content=\"2019-09-13T00:52:10+00:00\" \/>\n<meta property=\"og:image\" content=\"https:\/\/super-news.info\/it\/wp-content\/uploads\/sites\/9\/2019\/09\/Volkswagen-si-cambia-nuovo-logo-per-una-nuova-vita-a.jpg\" \/>\n\t<meta property=\"og:image:width\" content=\"1280\" \/>\n\t<meta property=\"og:image:height\" content=\"720\" \/>\n\t<meta property=\"og:image:type\" content=\"image\/jpeg\" \/>\n<meta name=\"author\" content=\"super-news\" \/>\n<meta name=\"twitter:card\" content=\"summary_large_image\" \/>\n<meta name=\"twitter:label1\" content=\"Scritto da\" \/>\n\t<meta name=\"twitter:data1\" content=\"super-news\" \/>\n\t<meta name=\"twitter:label2\" content=\"Tempo di lettura stimato\" \/>\n\t<meta name=\"twitter:data2\" content=\"2 minuti\" \/>\n<script type=\"application\/ld+json\" class=\"yoast-schema-graph\">{\"@context\":\"https:\\\/\\\/schema.org\",\"@graph\":[{\"@type\":\"Article\",\"@id\":\"https:\\\/\\\/super-news.info\\\/it\\\/volkswagen-si-cambia-nuovo-logo-per-una-nuova-vita-a-zero-emissioni\\\/#article\",\"isPartOf\":{\"@id\":\"https:\\\/\\\/super-news.info\\\/it\\\/volkswagen-si-cambia-nuovo-logo-per-una-nuova-vita-a-zero-emissioni\\\/\"},\"author\":{\"name\":\"super-news\",\"@id\":\"https:\\\/\\\/super-news.info\\\/it\\\/#\\\/schema\\\/person\\\/2d4068cb2f39cd10008c2fce578a7356\"},\"headline\":\"Volkswagen, si cambia: nuovo logo per una nuova vita a zero emissioni\",\"datePublished\":\"2019-09-13T00:52:08+00:00\",\"dateModified\":\"2019-09-13T00:52:10+00:00\",\"mainEntityOfPage\":{\"@id\":\"https:\\\/\\\/super-news.info\\\/it\\\/volkswagen-si-cambia-nuovo-logo-per-una-nuova-vita-a-zero-emissioni\\\/\"},\"wordCount\":434,\"commentCount\":0,\"image\":{\"@id\":\"https:\\\/\\\/super-news.info\\\/it\\\/volkswagen-si-cambia-nuovo-logo-per-una-nuova-vita-a-zero-emissioni\\\/#primaryimage\"},\"thumbnailUrl\":\"https:\\\/\\\/super-news.info\\\/it\\\/wp-content\\\/uploads\\\/sites\\\/9\\\/2019\\\/09\\\/Volkswagen-si-cambia-nuovo-logo-per-una-nuova-vita-a.jpg\",\"articleSection\":[\"NOTIZIE FINANZIARIE\"],\"inLanguage\":\"it-IT\",\"potentialAction\":[{\"@type\":\"CommentAction\",\"name\":\"Comment\",\"target\":[\"https:\\\/\\\/super-news.info\\\/it\\\/volkswagen-si-cambia-nuovo-logo-per-una-nuova-vita-a-zero-emissioni\\\/#respond\"]}]},{\"@type\":\"WebPage\",\"@id\":\"https:\\\/\\\/super-news.info\\\/it\\\/volkswagen-si-cambia-nuovo-logo-per-una-nuova-vita-a-zero-emissioni\\\/\",\"url\":\"https:\\\/\\\/super-news.info\\\/it\\\/volkswagen-si-cambia-nuovo-logo-per-una-nuova-vita-a-zero-emissioni\\\/\",\"name\":\"Volkswagen, si cambia: nuovo logo per una nuova vita a zero emissioni - Super News\",\"isPartOf\":{\"@id\":\"https:\\\/\\\/super-news.info\\\/it\\\/#website\"},\"primaryImageOfPage\":{\"@id\":\"https:\\\/\\\/super-news.info\\\/it\\\/volkswagen-si-cambia-nuovo-logo-per-una-nuova-vita-a-zero-emissioni\\\/#primaryimage\"},\"image\":{\"@id\":\"https:\\\/\\\/super-news.info\\\/it\\\/volkswagen-si-cambia-nuovo-logo-per-una-nuova-vita-a-zero-emissioni\\\/#primaryimage\"},\"thumbnailUrl\":\"https:\\\/\\\/super-news.info\\\/it\\\/wp-content\\\/uploads\\\/sites\\\/9\\\/2019\\\/09\\\/Volkswagen-si-cambia-nuovo-logo-per-una-nuova-vita-a.jpg\",\"datePublished\":\"2019-09-13T00:52:08+00:00\",\"dateModified\":\"2019-09-13T00:52:10+00:00\",\"author\":{\"@id\":\"https:\\\/\\\/super-news.info\\\/it\\\/#\\\/schema\\\/person\\\/2d4068cb2f39cd10008c2fce578a7356\"},\"breadcrumb\":{\"@id\":\"https:\\\/\\\/super-news.info\\\/it\\\/volkswagen-si-cambia-nuovo-logo-per-una-nuova-vita-a-zero-emissioni\\\/#breadcrumb\"},\"inLanguage\":\"it-IT\",\"potentialAction\":[{\"@type\":\"ReadAction\",\"target\":[\"https:\\\/\\\/super-news.info\\\/it\\\/volkswagen-si-cambia-nuovo-logo-per-una-nuova-vita-a-zero-emissioni\\\/\"]}]},{\"@type\":\"ImageObject\",\"inLanguage\":\"it-IT\",\"@id\":\"https:\\\/\\\/super-news.info\\\/it\\\/volkswagen-si-cambia-nuovo-logo-per-una-nuova-vita-a-zero-emissioni\\\/#primaryimage\",\"url\":\"https:\\\/\\\/super-news.info\\\/it\\\/wp-content\\\/uploads\\\/sites\\\/9\\\/2019\\\/09\\\/Volkswagen-si-cambia-nuovo-logo-per-una-nuova-vita-a.jpg\",\"contentUrl\":\"https:\\\/\\\/super-news.info\\\/it\\\/wp-content\\\/uploads\\\/sites\\\/9\\\/2019\\\/09\\\/Volkswagen-si-cambia-nuovo-logo-per-una-nuova-vita-a.jpg\",\"width\":1280,\"height\":720,\"caption\":\"Volkswagen, si cambia: nuovo logo per una nuova vita a zero emissioni\"},{\"@type\":\"BreadcrumbList\",\"@id\":\"https:\\\/\\\/super-news.info\\\/it\\\/volkswagen-si-cambia-nuovo-logo-per-una-nuova-vita-a-zero-emissioni\\\/#breadcrumb\",\"itemListElement\":[{\"@type\":\"ListItem\",\"position\":1,\"name\":\"Home\",\"item\":\"https:\\\/\\\/super-news.info\\\/it\\\/\"},{\"@type\":\"ListItem\",\"position\":2,\"name\":\"Volkswagen, si cambia: nuovo logo per una nuova vita a zero emissioni\"}]},{\"@type\":\"WebSite\",\"@id\":\"https:\\\/\\\/super-news.info\\\/it\\\/#website\",\"url\":\"https:\\\/\\\/super-news.info\\\/it\\\/\",\"name\":\"Super News\",\"description\":\"Super News from Italy\",\"potentialAction\":[{\"@type\":\"SearchAction\",\"target\":{\"@type\":\"EntryPoint\",\"urlTemplate\":\"https:\\\/\\\/super-news.info\\\/it\\\/?s={search_term_string}\"},\"query-input\":{\"@type\":\"PropertyValueSpecification\",\"valueRequired\":true,\"valueName\":\"search_term_string\"}}],\"inLanguage\":\"it-IT\"},{\"@type\":\"Person\",\"@id\":\"https:\\\/\\\/super-news.info\\\/it\\\/#\\\/schema\\\/person\\\/2d4068cb2f39cd10008c2fce578a7356\",\"name\":\"super-news\",\"image\":{\"@type\":\"ImageObject\",\"inLanguage\":\"it-IT\",\"@id\":\"https:\\\/\\\/secure.gravatar.com\\\/avatar\\\/64ebac40b93f26a154f8a9b5b6fdccfc46f442b26b3dd6756dbff3bf9dc76fd7?s=96&d=mm&r=g\",\"url\":\"https:\\\/\\\/secure.gravatar.com\\\/avatar\\\/64ebac40b93f26a154f8a9b5b6fdccfc46f442b26b3dd6756dbff3bf9dc76fd7?s=96&d=mm&r=g\",\"contentUrl\":\"https:\\\/\\\/secure.gravatar.com\\\/avatar\\\/64ebac40b93f26a154f8a9b5b6fdccfc46f442b26b3dd6756dbff3bf9dc76fd7?s=96&d=mm&r=g\",\"caption\":\"super-news\"},\"url\":\"https:\\\/\\\/super-news.info\\\/it\\\/author\\\/pt\\\/\"}]}<\/script>\n<!-- \/ Yoast SEO plugin. -->","yoast_head_json":{"title":"Volkswagen, si cambia: nuovo logo per una nuova vita a zero emissioni - Super News","robots":{"index":"index","follow":"follow","max-snippet":"max-snippet:-1","max-image-preview":"max-image-preview:large","max-video-preview":"max-video-preview:-1"},"canonical":"https:\/\/super-news.info\/it\/volkswagen-si-cambia-nuovo-logo-per-una-nuova-vita-a-zero-emissioni\/","og_locale":"it_IT","og_type":"article","og_title":"Volkswagen, si cambia: nuovo logo per una nuova vita a zero emissioni - Super News","og_description":"Quattro anni dopo lo scandalo emissioni Volkswagen \u00e8 ormai avviata con forza verso una nuova gamma di veicoli elettrici destinata a condurre il marchio verso la mobilit\u00e0 del futuro. La casa di Wolfsburg, cos\u00ec, \u00e8 pronta a scrollarsi di dosso anche il logo del passato: dal Salone di Francoforte, infatti, \u00e8 stato presentato un nuovo [&hellip;]","og_url":"https:\/\/super-news.info\/it\/volkswagen-si-cambia-nuovo-logo-per-una-nuova-vita-a-zero-emissioni\/","og_site_name":"Super News","article_published_time":"2019-09-13T00:52:08+00:00","article_modified_time":"2019-09-13T00:52:10+00:00","og_image":[{"width":1280,"height":720,"url":"https:\/\/super-news.info\/it\/wp-content\/uploads\/sites\/9\/2019\/09\/Volkswagen-si-cambia-nuovo-logo-per-una-nuova-vita-a.jpg","type":"image\/jpeg"}],"author":"super-news","twitter_card":"summary_large_image","twitter_misc":{"Scritto da":"super-news","Tempo di lettura stimato":"2 minuti"},"schema":{"@context":"https:\/\/schema.org","@graph":[{"@type":"Article","@id":"https:\/\/super-news.info\/it\/volkswagen-si-cambia-nuovo-logo-per-una-nuova-vita-a-zero-emissioni\/#article","isPartOf":{"@id":"https:\/\/super-news.info\/it\/volkswagen-si-cambia-nuovo-logo-per-una-nuova-vita-a-zero-emissioni\/"},"author":{"name":"super-news","@id":"https:\/\/super-news.info\/it\/#\/schema\/person\/2d4068cb2f39cd10008c2fce578a7356"},"headline":"Volkswagen, si cambia: nuovo logo per una nuova vita a zero emissioni","datePublished":"2019-09-13T00:52:08+00:00","dateModified":"2019-09-13T00:52:10+00:00","mainEntityOfPage":{"@id":"https:\/\/super-news.info\/it\/volkswagen-si-cambia-nuovo-logo-per-una-nuova-vita-a-zero-emissioni\/"},"wordCount":434,"commentCount":0,"image":{"@id":"https:\/\/super-news.info\/it\/volkswagen-si-cambia-nuovo-logo-per-una-nuova-vita-a-zero-emissioni\/#primaryimage"},"thumbnailUrl":"https:\/\/super-news.info\/it\/wp-content\/uploads\/sites\/9\/2019\/09\/Volkswagen-si-cambia-nuovo-logo-per-una-nuova-vita-a.jpg","articleSection":["NOTIZIE FINANZIARIE"],"inLanguage":"it-IT","potentialAction":[{"@type":"CommentAction","name":"Comment","target":["https:\/\/super-news.info\/it\/volkswagen-si-cambia-nuovo-logo-per-una-nuova-vita-a-zero-emissioni\/#respond"]}]},{"@type":"WebPage","@id":"https:\/\/super-news.info\/it\/volkswagen-si-cambia-nuovo-logo-per-una-nuova-vita-a-zero-emissioni\/","url":"https:\/\/super-news.info\/it\/volkswagen-si-cambia-nuovo-logo-per-una-nuova-vita-a-zero-emissioni\/","name":"Volkswagen, si cambia: nuovo logo per una nuova vita a zero emissioni - Super News","isPartOf":{"@id":"https:\/\/super-news.info\/it\/#website"},"primaryImageOfPage":{"@id":"https:\/\/super-news.info\/it\/volkswagen-si-cambia-nuovo-logo-per-una-nuova-vita-a-zero-emissioni\/#primaryimage"},"image":{"@id":"https:\/\/super-news.info\/it\/volkswagen-si-cambia-nuovo-logo-per-una-nuova-vita-a-zero-emissioni\/#primaryimage"},"thumbnailUrl":"https:\/\/super-news.info\/it\/wp-content\/uploads\/sites\/9\/2019\/09\/Volkswagen-si-cambia-nuovo-logo-per-una-nuova-vita-a.jpg","datePublished":"2019-09-13T00:52:08+00:00","dateModified":"2019-09-13T00:52:10+00:00","author":{"@id":"https:\/\/super-news.info\/it\/#\/schema\/person\/2d4068cb2f39cd10008c2fce578a7356"},"breadcrumb":{"@id":"https:\/\/super-news.info\/it\/volkswagen-si-cambia-nuovo-logo-per-una-nuova-vita-a-zero-emissioni\/#breadcrumb"},"inLanguage":"it-IT","potentialAction":[{"@type":"ReadAction","target":["https:\/\/super-news.info\/it\/volkswagen-si-cambia-nuovo-logo-per-una-nuova-vita-a-zero-emissioni\/"]}]},{"@type":"ImageObject","inLanguage":"it-IT","@id":"https:\/\/super-news.info\/it\/volkswagen-si-cambia-nuovo-logo-per-una-nuova-vita-a-zero-emissioni\/#primaryimage","url":"https:\/\/super-news.info\/it\/wp-content\/uploads\/sites\/9\/2019\/09\/Volkswagen-si-cambia-nuovo-logo-per-una-nuova-vita-a.jpg","contentUrl":"https:\/\/super-news.info\/it\/wp-content\/uploads\/sites\/9\/2019\/09\/Volkswagen-si-cambia-nuovo-logo-per-una-nuova-vita-a.jpg","width":1280,"height":720,"caption":"Volkswagen, si cambia: nuovo logo per una nuova vita a zero emissioni"},{"@type":"BreadcrumbList","@id":"https:\/\/super-news.info\/it\/volkswagen-si-cambia-nuovo-logo-per-una-nuova-vita-a-zero-emissioni\/#breadcrumb","itemListElement":[{"@type":"ListItem","position":1,"name":"Home","item":"https:\/\/super-news.info\/it\/"},{"@type":"ListItem","position":2,"name":"Volkswagen, si cambia: nuovo logo per una nuova vita a zero emissioni"}]},{"@type":"WebSite","@id":"https:\/\/super-news.info\/it\/#website","url":"https:\/\/super-news.info\/it\/","name":"Super News","description":"Super News from Italy","potentialAction":[{"@type":"SearchAction","target":{"@type":"EntryPoint","urlTemplate":"https:\/\/super-news.info\/it\/?s={search_term_string}"},"query-input":{"@type":"PropertyValueSpecification","valueRequired":true,"valueName":"search_term_string"}}],"inLanguage":"it-IT"},{"@type":"Person","@id":"https:\/\/super-news.info\/it\/#\/schema\/person\/2d4068cb2f39cd10008c2fce578a7356","name":"super-news","image":{"@type":"ImageObject","inLanguage":"it-IT","@id":"https:\/\/secure.gravatar.com\/avatar\/64ebac40b93f26a154f8a9b5b6fdccfc46f442b26b3dd6756dbff3bf9dc76fd7?s=96&d=mm&r=g","url":"https:\/\/secure.gravatar.com\/avatar\/64ebac40b93f26a154f8a9b5b6fdccfc46f442b26b3dd6756dbff3bf9dc76fd7?s=96&d=mm&r=g","contentUrl":"https:\/\/secure.gravatar.com\/avatar\/64ebac40b93f26a154f8a9b5b6fdccfc46f442b26b3dd6756dbff3bf9dc76fd7?s=96&d=mm&r=g","caption":"super-news"},"url":"https:\/\/super-news.info\/it\/author\/pt\/"}]}},"_links":{"self":[{"href":"https:\/\/super-news.info\/it\/wp-json\/wp\/v2\/posts\/990","targetHints":{"allow":["GET"]}}],"collection":[{"href":"https:\/\/super-news.info\/it\/wp-json\/wp\/v2\/posts"}],"about":[{"href":"https:\/\/super-news.info\/it\/wp-json\/wp\/v2\/types\/post"}],"author":[{"embeddable":true,"href":"https:\/\/super-news.info\/it\/wp-json\/wp\/v2\/users\/2"}],"replies":[{"embeddable":true,"href":"https:\/\/super-news.info\/it\/wp-json\/wp\/v2\/comments?post=990"}],"version-history":[{"count":1,"href":"https:\/\/super-news.info\/it\/wp-json\/wp\/v2\/posts\/990\/revisions"}],"predecessor-version":[{"id":992,"href":"https:\/\/super-news.info\/it\/wp-json\/wp\/v2\/posts\/990\/revisions\/992"}],"wp:featuredmedia":[{"embeddable":true,"href":"https:\/\/super-news.info\/it\/wp-json\/wp\/v2\/media\/991"}],"wp:attachment":[{"href":"https:\/\/super-news.info\/it\/wp-json\/wp\/v2\/media?parent=990"}],"wp:term":[{"taxonomy":"category","embeddable":true,"href":"https:\/\/super-news.info\/it\/wp-json\/wp\/v2\/categories?post=990"},{"taxonomy":"post_tag","embeddable":true,"href":"https:\/\/super-news.info\/it\/wp-json\/wp\/v2\/tags?post=990"}],"curies":[{"name":"wp","href":"https:\/\/api.w.org\/{rel}","templated":true}]}}