{"id":889,"date":"2019-09-10T13:11:07","date_gmt":"2019-09-10T13:11:07","guid":{"rendered":"https:\/\/super-news.info\/it\/riforma-pensioni-quota-100-verso-lo-stop-anticipato-di-un-anno\/"},"modified":"2019-09-10T13:11:08","modified_gmt":"2019-09-10T13:11:08","slug":"riforma-pensioni-quota-100-verso-lo-stop-anticipato-di-un-anno","status":"publish","type":"post","link":"https:\/\/super-news.info\/it\/riforma-pensioni-quota-100-verso-lo-stop-anticipato-di-un-anno\/","title":{"rendered":"Riforma pensioni: quota 100 verso lo stop anticipato di un anno"},"content":{"rendered":"<p>\t\t\t\t\t\t\t10 Settembre 2019, di Alessandra Caparello<\/p>\n<p>\t\t\t\t\t\t\u201cAbbiamo avuto circa 170mila domande di quota 100 per pensionamento anticipato e questo vuol dire circa la met\u00e0 rispetto a quanto previsto in sede di relazione tecnica, circa 290mila\u201d. Cos\u00ec il presidente dell\u2019Inps Pasquale Tridico come riporta l\u2019Ansa commentando gli ultimi dati sull\u2019anticipo pensionistico introdotto dal precedente governo giallo-verde.<br \/>\nSoddisfatti di Quota 100? S\u00ec, se vuol dire ad esempio che non \u00e8 esplosiva per conti pubblici (\u2026) Il risparmio avverr\u00e0 probabilmente anche per il prossimo anno: c\u2019\u00e8 un \u2018tiraggio\u2019 inferiore rispetto agli otto miliardi in previsione, se ne risparmieranno probabilmente quattro (\u2026) Quota 100 penso che nel triennio debba essere mantenuta perch\u00e9 sta dando una maggiore flessibilit\u00e0 in uscita a persone che erano state un po\u2019 intrappolate dalla precedente riforma.\u00c8 un\u2019opzione in pi\u00f9 data a persone che hanno avuto una carriera difficile e un percorso pi\u00f9 faticoso e decidono di andare in pensione a 62 anni con 38 anni di contributi oppure a 64 anni. In realt\u00e0 la media delle persone pensionate con Quota 100 non \u00e8 62 ma 64-65, cio\u00e8 38 anni si raggiungono con 64 anni di et\u00e0\u201d.<br \/>\nMentre il numero uno dell\u2019Inps sosteneva che quota 100 dovesse essere mantenuta per tutte e tre gli anni di sperimentazione prevista, nella maggioranza, in vista della manovra di ottobre, proseguono le valutazioni su un possibile restyling come riporta Il Sole 24 Ore.\u00a0Nel suo discorso per la fiducia alla Camera, il premier Giuseppe Conte ha confermato la continuit\u00e0 del reddito di cittadinanza non menzionando quota 100, mentre salgono le chance di uno\u00a0stop anticipato di un anno (a fine 2020) della sperimentazione triennale\u00a0prevista dalla legge di Bilancio gialloverde.<\/p>\n<p>      Ricevi aggiornamenti su Pensioni Lasciaci la tua e-mail:<\/p>\n<p>\n<!--noindex--><br \/>\n<a href=\"https:\/\/www.wallstreetitalia.com\/riforma-pensioni-quota-100-verso-lo-stop-anticipato-di-un-anno\/\" rel=\"nofollow\">Source link <\/a><br \/>\n<!--\/noindex--><\/p>\n","protected":false},"excerpt":{"rendered":"<p>10 Settembre 2019, di Alessandra Caparello \u201cAbbiamo avuto circa 170mila domande di quota 100 per pensionamento anticipato e questo vuol dire circa la met\u00e0 rispetto a quanto previsto in sede di relazione tecnica, circa 290mila\u201d. Cos\u00ec il presidente dell\u2019Inps Pasquale Tridico come riporta l\u2019Ansa commentando gli ultimi dati sull\u2019anticipo pensionistico introdotto dal precedente governo giallo-verde. [&hellip;]<\/p>\n","protected":false},"author":2,"featured_media":502,"comment_status":"open","ping_status":"open","sticky":false,"template":"","format":"standard","meta":{"footnotes":""},"categories":[1],"tags":[],"class_list":["post-889","post","type-post","status-publish","format-standard","has-post-thumbnail","hentry","category-notizie-finanziarie"],"yoast_head":"<!-- This site is optimized with the Yoast SEO plugin v27.4 - https:\/\/yoast.com\/product\/yoast-seo-wordpress\/ -->\n<title>Riforma pensioni: quota 100 verso lo stop anticipato di un anno - Super News<\/title>\n<meta name=\"robots\" content=\"index, follow, max-snippet:-1, max-image-preview:large, max-video-preview:-1\" \/>\n<link rel=\"canonical\" href=\"https:\/\/super-news.info\/it\/riforma-pensioni-quota-100-verso-lo-stop-anticipato-di-un-anno\/\" \/>\n<meta property=\"og:locale\" content=\"it_IT\" \/>\n<meta property=\"og:type\" content=\"article\" \/>\n<meta property=\"og:title\" content=\"Riforma pensioni: quota 100 verso lo stop anticipato di un anno - Super News\" \/>\n<meta property=\"og:description\" content=\"10 Settembre 2019, di Alessandra Caparello \u201cAbbiamo avuto circa 170mila domande di quota 100 per pensionamento anticipato e questo vuol dire circa la met\u00e0 rispetto a quanto previsto in sede di relazione tecnica, circa 290mila\u201d. Cos\u00ec il presidente dell\u2019Inps Pasquale Tridico come riporta l\u2019Ansa commentando gli ultimi dati sull\u2019anticipo pensionistico introdotto dal precedente governo giallo-verde. [&hellip;]\" \/>\n<meta property=\"og:url\" content=\"https:\/\/super-news.info\/it\/riforma-pensioni-quota-100-verso-lo-stop-anticipato-di-un-anno\/\" \/>\n<meta property=\"og:site_name\" content=\"Super News\" \/>\n<meta property=\"article:published_time\" content=\"2019-09-10T13:11:07+00:00\" \/>\n<meta property=\"article:modified_time\" content=\"2019-09-10T13:11:08+00:00\" \/>\n<meta property=\"og:image\" content=\"https:\/\/super-news.info\/it\/wp-content\/uploads\/sites\/9\/2019\/08\/Agcom-Inps-Eni-e-le-altre-la-crisi-di-governo.jpg\" \/>\n\t<meta property=\"og:image:width\" content=\"1024\" \/>\n\t<meta property=\"og:image:height\" content=\"683\" \/>\n\t<meta property=\"og:image:type\" content=\"image\/jpeg\" \/>\n<meta name=\"author\" content=\"super-news\" \/>\n<meta name=\"twitter:card\" content=\"summary_large_image\" \/>\n<meta name=\"twitter:label1\" content=\"Scritto da\" \/>\n\t<meta name=\"twitter:data1\" content=\"super-news\" \/>\n\t<meta name=\"twitter:label2\" content=\"Tempo di lettura stimato\" \/>\n\t<meta name=\"twitter:data2\" content=\"1 minuto\" \/>\n<script type=\"application\/ld+json\" class=\"yoast-schema-graph\">{\"@context\":\"https:\\\/\\\/schema.org\",\"@graph\":[{\"@type\":\"Article\",\"@id\":\"https:\\\/\\\/super-news.info\\\/it\\\/riforma-pensioni-quota-100-verso-lo-stop-anticipato-di-un-anno\\\/#article\",\"isPartOf\":{\"@id\":\"https:\\\/\\\/super-news.info\\\/it\\\/riforma-pensioni-quota-100-verso-lo-stop-anticipato-di-un-anno\\\/\"},\"author\":{\"name\":\"super-news\",\"@id\":\"https:\\\/\\\/super-news.info\\\/it\\\/#\\\/schema\\\/person\\\/2d4068cb2f39cd10008c2fce578a7356\"},\"headline\":\"Riforma pensioni: quota 100 verso lo stop anticipato di un anno\",\"datePublished\":\"2019-09-10T13:11:07+00:00\",\"dateModified\":\"2019-09-10T13:11:08+00:00\",\"mainEntityOfPage\":{\"@id\":\"https:\\\/\\\/super-news.info\\\/it\\\/riforma-pensioni-quota-100-verso-lo-stop-anticipato-di-un-anno\\\/\"},\"wordCount\":280,\"commentCount\":0,\"image\":{\"@id\":\"https:\\\/\\\/super-news.info\\\/it\\\/riforma-pensioni-quota-100-verso-lo-stop-anticipato-di-un-anno\\\/#primaryimage\"},\"thumbnailUrl\":\"https:\\\/\\\/super-news.info\\\/it\\\/wp-content\\\/uploads\\\/sites\\\/9\\\/2019\\\/08\\\/Agcom-Inps-Eni-e-le-altre-la-crisi-di-governo.jpg\",\"articleSection\":[\"NOTIZIE FINANZIARIE\"],\"inLanguage\":\"it-IT\",\"potentialAction\":[{\"@type\":\"CommentAction\",\"name\":\"Comment\",\"target\":[\"https:\\\/\\\/super-news.info\\\/it\\\/riforma-pensioni-quota-100-verso-lo-stop-anticipato-di-un-anno\\\/#respond\"]}]},{\"@type\":\"WebPage\",\"@id\":\"https:\\\/\\\/super-news.info\\\/it\\\/riforma-pensioni-quota-100-verso-lo-stop-anticipato-di-un-anno\\\/\",\"url\":\"https:\\\/\\\/super-news.info\\\/it\\\/riforma-pensioni-quota-100-verso-lo-stop-anticipato-di-un-anno\\\/\",\"name\":\"Riforma pensioni: quota 100 verso lo stop anticipato di un anno - Super News\",\"isPartOf\":{\"@id\":\"https:\\\/\\\/super-news.info\\\/it\\\/#website\"},\"primaryImageOfPage\":{\"@id\":\"https:\\\/\\\/super-news.info\\\/it\\\/riforma-pensioni-quota-100-verso-lo-stop-anticipato-di-un-anno\\\/#primaryimage\"},\"image\":{\"@id\":\"https:\\\/\\\/super-news.info\\\/it\\\/riforma-pensioni-quota-100-verso-lo-stop-anticipato-di-un-anno\\\/#primaryimage\"},\"thumbnailUrl\":\"https:\\\/\\\/super-news.info\\\/it\\\/wp-content\\\/uploads\\\/sites\\\/9\\\/2019\\\/08\\\/Agcom-Inps-Eni-e-le-altre-la-crisi-di-governo.jpg\",\"datePublished\":\"2019-09-10T13:11:07+00:00\",\"dateModified\":\"2019-09-10T13:11:08+00:00\",\"author\":{\"@id\":\"https:\\\/\\\/super-news.info\\\/it\\\/#\\\/schema\\\/person\\\/2d4068cb2f39cd10008c2fce578a7356\"},\"breadcrumb\":{\"@id\":\"https:\\\/\\\/super-news.info\\\/it\\\/riforma-pensioni-quota-100-verso-lo-stop-anticipato-di-un-anno\\\/#breadcrumb\"},\"inLanguage\":\"it-IT\",\"potentialAction\":[{\"@type\":\"ReadAction\",\"target\":[\"https:\\\/\\\/super-news.info\\\/it\\\/riforma-pensioni-quota-100-verso-lo-stop-anticipato-di-un-anno\\\/\"]}]},{\"@type\":\"ImageObject\",\"inLanguage\":\"it-IT\",\"@id\":\"https:\\\/\\\/super-news.info\\\/it\\\/riforma-pensioni-quota-100-verso-lo-stop-anticipato-di-un-anno\\\/#primaryimage\",\"url\":\"https:\\\/\\\/super-news.info\\\/it\\\/wp-content\\\/uploads\\\/sites\\\/9\\\/2019\\\/08\\\/Agcom-Inps-Eni-e-le-altre-la-crisi-di-governo.jpg\",\"contentUrl\":\"https:\\\/\\\/super-news.info\\\/it\\\/wp-content\\\/uploads\\\/sites\\\/9\\\/2019\\\/08\\\/Agcom-Inps-Eni-e-le-altre-la-crisi-di-governo.jpg\",\"width\":1024,\"height\":683,\"caption\":\"Agcom, Inps, Eni e le altre: la crisi di governo complica la partita sulle nomine pubbliche\"},{\"@type\":\"BreadcrumbList\",\"@id\":\"https:\\\/\\\/super-news.info\\\/it\\\/riforma-pensioni-quota-100-verso-lo-stop-anticipato-di-un-anno\\\/#breadcrumb\",\"itemListElement\":[{\"@type\":\"ListItem\",\"position\":1,\"name\":\"Home\",\"item\":\"https:\\\/\\\/super-news.info\\\/it\\\/\"},{\"@type\":\"ListItem\",\"position\":2,\"name\":\"Riforma pensioni: quota 100 verso lo stop anticipato di un anno\"}]},{\"@type\":\"WebSite\",\"@id\":\"https:\\\/\\\/super-news.info\\\/it\\\/#website\",\"url\":\"https:\\\/\\\/super-news.info\\\/it\\\/\",\"name\":\"Super News\",\"description\":\"Super News from Italy\",\"potentialAction\":[{\"@type\":\"SearchAction\",\"target\":{\"@type\":\"EntryPoint\",\"urlTemplate\":\"https:\\\/\\\/super-news.info\\\/it\\\/?s={search_term_string}\"},\"query-input\":{\"@type\":\"PropertyValueSpecification\",\"valueRequired\":true,\"valueName\":\"search_term_string\"}}],\"inLanguage\":\"it-IT\"},{\"@type\":\"Person\",\"@id\":\"https:\\\/\\\/super-news.info\\\/it\\\/#\\\/schema\\\/person\\\/2d4068cb2f39cd10008c2fce578a7356\",\"name\":\"super-news\",\"image\":{\"@type\":\"ImageObject\",\"inLanguage\":\"it-IT\",\"@id\":\"https:\\\/\\\/secure.gravatar.com\\\/avatar\\\/64ebac40b93f26a154f8a9b5b6fdccfc46f442b26b3dd6756dbff3bf9dc76fd7?s=96&d=mm&r=g\",\"url\":\"https:\\\/\\\/secure.gravatar.com\\\/avatar\\\/64ebac40b93f26a154f8a9b5b6fdccfc46f442b26b3dd6756dbff3bf9dc76fd7?s=96&d=mm&r=g\",\"contentUrl\":\"https:\\\/\\\/secure.gravatar.com\\\/avatar\\\/64ebac40b93f26a154f8a9b5b6fdccfc46f442b26b3dd6756dbff3bf9dc76fd7?s=96&d=mm&r=g\",\"caption\":\"super-news\"},\"url\":\"https:\\\/\\\/super-news.info\\\/it\\\/author\\\/pt\\\/\"}]}<\/script>\n<!-- \/ Yoast SEO plugin. -->","yoast_head_json":{"title":"Riforma pensioni: quota 100 verso lo stop anticipato di un anno - Super News","robots":{"index":"index","follow":"follow","max-snippet":"max-snippet:-1","max-image-preview":"max-image-preview:large","max-video-preview":"max-video-preview:-1"},"canonical":"https:\/\/super-news.info\/it\/riforma-pensioni-quota-100-verso-lo-stop-anticipato-di-un-anno\/","og_locale":"it_IT","og_type":"article","og_title":"Riforma pensioni: quota 100 verso lo stop anticipato di un anno - Super News","og_description":"10 Settembre 2019, di Alessandra Caparello \u201cAbbiamo avuto circa 170mila domande di quota 100 per pensionamento anticipato e questo vuol dire circa la met\u00e0 rispetto a quanto previsto in sede di relazione tecnica, circa 290mila\u201d. Cos\u00ec il presidente dell\u2019Inps Pasquale Tridico come riporta l\u2019Ansa commentando gli ultimi dati sull\u2019anticipo pensionistico introdotto dal precedente governo giallo-verde. [&hellip;]","og_url":"https:\/\/super-news.info\/it\/riforma-pensioni-quota-100-verso-lo-stop-anticipato-di-un-anno\/","og_site_name":"Super News","article_published_time":"2019-09-10T13:11:07+00:00","article_modified_time":"2019-09-10T13:11:08+00:00","og_image":[{"width":1024,"height":683,"url":"https:\/\/super-news.info\/it\/wp-content\/uploads\/sites\/9\/2019\/08\/Agcom-Inps-Eni-e-le-altre-la-crisi-di-governo.jpg","type":"image\/jpeg"}],"author":"super-news","twitter_card":"summary_large_image","twitter_misc":{"Scritto da":"super-news","Tempo di lettura stimato":"1 minuto"},"schema":{"@context":"https:\/\/schema.org","@graph":[{"@type":"Article","@id":"https:\/\/super-news.info\/it\/riforma-pensioni-quota-100-verso-lo-stop-anticipato-di-un-anno\/#article","isPartOf":{"@id":"https:\/\/super-news.info\/it\/riforma-pensioni-quota-100-verso-lo-stop-anticipato-di-un-anno\/"},"author":{"name":"super-news","@id":"https:\/\/super-news.info\/it\/#\/schema\/person\/2d4068cb2f39cd10008c2fce578a7356"},"headline":"Riforma pensioni: quota 100 verso lo stop anticipato di un anno","datePublished":"2019-09-10T13:11:07+00:00","dateModified":"2019-09-10T13:11:08+00:00","mainEntityOfPage":{"@id":"https:\/\/super-news.info\/it\/riforma-pensioni-quota-100-verso-lo-stop-anticipato-di-un-anno\/"},"wordCount":280,"commentCount":0,"image":{"@id":"https:\/\/super-news.info\/it\/riforma-pensioni-quota-100-verso-lo-stop-anticipato-di-un-anno\/#primaryimage"},"thumbnailUrl":"https:\/\/super-news.info\/it\/wp-content\/uploads\/sites\/9\/2019\/08\/Agcom-Inps-Eni-e-le-altre-la-crisi-di-governo.jpg","articleSection":["NOTIZIE FINANZIARIE"],"inLanguage":"it-IT","potentialAction":[{"@type":"CommentAction","name":"Comment","target":["https:\/\/super-news.info\/it\/riforma-pensioni-quota-100-verso-lo-stop-anticipato-di-un-anno\/#respond"]}]},{"@type":"WebPage","@id":"https:\/\/super-news.info\/it\/riforma-pensioni-quota-100-verso-lo-stop-anticipato-di-un-anno\/","url":"https:\/\/super-news.info\/it\/riforma-pensioni-quota-100-verso-lo-stop-anticipato-di-un-anno\/","name":"Riforma pensioni: quota 100 verso lo stop anticipato di un anno - Super News","isPartOf":{"@id":"https:\/\/super-news.info\/it\/#website"},"primaryImageOfPage":{"@id":"https:\/\/super-news.info\/it\/riforma-pensioni-quota-100-verso-lo-stop-anticipato-di-un-anno\/#primaryimage"},"image":{"@id":"https:\/\/super-news.info\/it\/riforma-pensioni-quota-100-verso-lo-stop-anticipato-di-un-anno\/#primaryimage"},"thumbnailUrl":"https:\/\/super-news.info\/it\/wp-content\/uploads\/sites\/9\/2019\/08\/Agcom-Inps-Eni-e-le-altre-la-crisi-di-governo.jpg","datePublished":"2019-09-10T13:11:07+00:00","dateModified":"2019-09-10T13:11:08+00:00","author":{"@id":"https:\/\/super-news.info\/it\/#\/schema\/person\/2d4068cb2f39cd10008c2fce578a7356"},"breadcrumb":{"@id":"https:\/\/super-news.info\/it\/riforma-pensioni-quota-100-verso-lo-stop-anticipato-di-un-anno\/#breadcrumb"},"inLanguage":"it-IT","potentialAction":[{"@type":"ReadAction","target":["https:\/\/super-news.info\/it\/riforma-pensioni-quota-100-verso-lo-stop-anticipato-di-un-anno\/"]}]},{"@type":"ImageObject","inLanguage":"it-IT","@id":"https:\/\/super-news.info\/it\/riforma-pensioni-quota-100-verso-lo-stop-anticipato-di-un-anno\/#primaryimage","url":"https:\/\/super-news.info\/it\/wp-content\/uploads\/sites\/9\/2019\/08\/Agcom-Inps-Eni-e-le-altre-la-crisi-di-governo.jpg","contentUrl":"https:\/\/super-news.info\/it\/wp-content\/uploads\/sites\/9\/2019\/08\/Agcom-Inps-Eni-e-le-altre-la-crisi-di-governo.jpg","width":1024,"height":683,"caption":"Agcom, Inps, Eni e le altre: la crisi di governo complica la partita sulle nomine pubbliche"},{"@type":"BreadcrumbList","@id":"https:\/\/super-news.info\/it\/riforma-pensioni-quota-100-verso-lo-stop-anticipato-di-un-anno\/#breadcrumb","itemListElement":[{"@type":"ListItem","position":1,"name":"Home","item":"https:\/\/super-news.info\/it\/"},{"@type":"ListItem","position":2,"name":"Riforma pensioni: quota 100 verso lo stop anticipato di un anno"}]},{"@type":"WebSite","@id":"https:\/\/super-news.info\/it\/#website","url":"https:\/\/super-news.info\/it\/","name":"Super News","description":"Super News from Italy","potentialAction":[{"@type":"SearchAction","target":{"@type":"EntryPoint","urlTemplate":"https:\/\/super-news.info\/it\/?s={search_term_string}"},"query-input":{"@type":"PropertyValueSpecification","valueRequired":true,"valueName":"search_term_string"}}],"inLanguage":"it-IT"},{"@type":"Person","@id":"https:\/\/super-news.info\/it\/#\/schema\/person\/2d4068cb2f39cd10008c2fce578a7356","name":"super-news","image":{"@type":"ImageObject","inLanguage":"it-IT","@id":"https:\/\/secure.gravatar.com\/avatar\/64ebac40b93f26a154f8a9b5b6fdccfc46f442b26b3dd6756dbff3bf9dc76fd7?s=96&d=mm&r=g","url":"https:\/\/secure.gravatar.com\/avatar\/64ebac40b93f26a154f8a9b5b6fdccfc46f442b26b3dd6756dbff3bf9dc76fd7?s=96&d=mm&r=g","contentUrl":"https:\/\/secure.gravatar.com\/avatar\/64ebac40b93f26a154f8a9b5b6fdccfc46f442b26b3dd6756dbff3bf9dc76fd7?s=96&d=mm&r=g","caption":"super-news"},"url":"https:\/\/super-news.info\/it\/author\/pt\/"}]}},"_links":{"self":[{"href":"https:\/\/super-news.info\/it\/wp-json\/wp\/v2\/posts\/889","targetHints":{"allow":["GET"]}}],"collection":[{"href":"https:\/\/super-news.info\/it\/wp-json\/wp\/v2\/posts"}],"about":[{"href":"https:\/\/super-news.info\/it\/wp-json\/wp\/v2\/types\/post"}],"author":[{"embeddable":true,"href":"https:\/\/super-news.info\/it\/wp-json\/wp\/v2\/users\/2"}],"replies":[{"embeddable":true,"href":"https:\/\/super-news.info\/it\/wp-json\/wp\/v2\/comments?post=889"}],"version-history":[{"count":1,"href":"https:\/\/super-news.info\/it\/wp-json\/wp\/v2\/posts\/889\/revisions"}],"predecessor-version":[{"id":890,"href":"https:\/\/super-news.info\/it\/wp-json\/wp\/v2\/posts\/889\/revisions\/890"}],"wp:featuredmedia":[{"embeddable":true,"href":"https:\/\/super-news.info\/it\/wp-json\/wp\/v2\/media\/502"}],"wp:attachment":[{"href":"https:\/\/super-news.info\/it\/wp-json\/wp\/v2\/media?parent=889"}],"wp:term":[{"taxonomy":"category","embeddable":true,"href":"https:\/\/super-news.info\/it\/wp-json\/wp\/v2\/categories?post=889"},{"taxonomy":"post_tag","embeddable":true,"href":"https:\/\/super-news.info\/it\/wp-json\/wp\/v2\/tags?post=889"}],"curies":[{"name":"wp","href":"https:\/\/api.w.org\/{rel}","templated":true}]}}