{"id":857,"date":"2019-09-09T17:50:08","date_gmt":"2019-09-09T17:50:08","guid":{"rendered":"https:\/\/super-news.info\/it\/attentati-11-settembre-2001-le-celebrazioni-2019\/"},"modified":"2019-09-09T17:50:10","modified_gmt":"2019-09-09T17:50:10","slug":"attentati-11-settembre-2001-le-celebrazioni-2019","status":"publish","type":"post","link":"https:\/\/super-news.info\/it\/attentati-11-settembre-2001-le-celebrazioni-2019\/","title":{"rendered":"Attentati 11 settembre 2001: le celebrazioni 2019"},"content":{"rendered":"<div>\n<p>L\u2019<strong>11 settembre 2001<\/strong> una serie di attacchi terroristici culminati con l\u2019abbattimento delle Torri Gemelle di New York, ha profondamente cambiato il corso degli eventi di inizio millennio e cancellato quasi 3mila vite nel giro di poche ore. A pochi giorni dal 18esimo anniversario dagli attentati \u00e8 pronto il calendario di celebrazioni che commemoreranno le vittime e lo sforzo dei soccorritori intervenuti per contenere le conseguenze della tragedia.<\/p>\n<p>Il pi\u00f9 importante degli appuntamenti si terr\u00e0, ovviamente, nel luogo simbolo della tragedia: al 9\/11 Memorial che oggi sorge l\u00e0 dove prima si ergevano le torri del World Trade Center. La cerimonia, che sar\u00e0 trasmessa in live streaming da varie emittenti americane (ad esempio, Cbs) prender\u00e0 il via alle 14 e 25 ora italiana, e si protrarr\u00e0 per circa tre ore.<\/p>\n<p>Fra protagonisti delle celebrazioni non mancheranno i famigliari delle vittime degli attacchi del 2001 e del 1993, ai quali sar\u00e0 affidata la lettura dei nomi dei loro cari scomparsi, come gi\u00e0 accaduto in passato.<\/p>\n<p><strong>La cerimonia si interromper\u00e0 in sei momenti<\/strong> che ricorderanno gli istanti precisi in cui, 18 anni prima, i due aerei hanno colpito le due torri, altre due volte per segnare il momento in cui ciascuna torre \u00e8 crollata e infine verranno ricordati i momenti degli attacchi al Pentagono e al volo 93 precipitato in Pennsylvania.<\/p>\n<p>Il primo momento di silenzio sar\u00e0 alle 8:46 locali, l\u2019ora in cui il primo aereo dirottato da Al Quaeda si schiant\u00f2 contro la torre Nord del Wtc: in quell\u2019istante \u00e8 stato richiesto alle chiese e alle altre case di culto di suonare le campane. Fra queste, non mancher\u00e0 la piccola <strong>St. Paul\u2019s Chapel<\/strong>, che si trova a pochi metri da quello che era il Wtc e che svolse un ruolo di rifugio importante per il personale attivo nel recupero delle persone sommerse dalle macerie delle due torri.<\/p>\n<p>In questa data particolare, il 9\/11 Memorial Museum, che raccoglie e trasmette il sapere dell\u201911 settembre, sar\u00e0 aperto esclusivamente ai membri delle famiglie delle vittime. Durante la sera, invece, si terr\u00e0 un altra cerimonia pubblica che vedr\u00e0 l\u2019attivazione dell\u2019opera d\u2019arte urbana <strong>Tribute in Light<\/strong>, che dai basamenti un tempo occupati dalle due torri proietta verso due intensi fasci di luce. (Nel video un precedente utilizzo dell\u2019opera)<\/p>\n<p><iframe loading=\"lazy\" src=\"https:\/\/www.youtube.com\/embed\/ivgTiP55psU\" width=\"560\" height=\"315\" frameborder=\"0\" allowfullscreen=\"allowfullscreen\"><\/iframe><\/p>\n<p>Un altro evento si terr\u00e0 in parallelo a pochi chilometri di distanza, presso il <strong>Lincoln Center for the performing Arts<\/strong>. Qui un evento di danza il \u201c9\/11 Table of Silence Project: A Movement for Peace\u201d prender\u00e0 il via dalle 14:15 (ora italiana) e si concluder\u00e0 esattamente nell\u2019ora in cui il primo aereo colp\u00ec la prima torre. Lo spettacolo, creato da jacqulyn Buglisi , \u00e8 stato definito come \u201cun rituale della pace e di cura che impiega oltre un centinaio di ballerini\u201d. La performance sar\u00e0 visibile in streaming (nel video in basso)<\/p>\n<p>\u00a0<\/p>\n<p><iframe loading=\"lazy\" src=\"https:\/\/www.youtube.com\/embed\/xGraSYW3s4o\" width=\"560\" height=\"315\" frameborder=\"0\" allowfullscreen=\"allowfullscreen\"><\/iframe><\/p>\n<p>Per ricordare il sacrificio degli oltre 300 pompieri che hanno perso la vita nel tentativo di soccorrere le vittime degli attentati uno speciale evento si terr\u00e0 presso la sede dei vigili del fuoco di New York presso il Rockefeller Center. Si terr\u00e0 una una mostra speciale sulla sicurezza antincendio per bambini, nonch\u00e9 presentazioni di simulazione di incendi; sar\u00e0 anche acquistare una speciale maglietta per il 18imo anniversario dall\u201911 settembre.<\/p>\n<\/p><\/div>\n<p>\n<!--noindex--><br \/>\n<a href=\"https:\/\/www.wallstreetitalia.com\/11-settembre-celebrazioni-2019\/\" rel=\"nofollow\">Source link <\/a><br \/>\n<!--\/noindex--><\/p>\n","protected":false},"excerpt":{"rendered":"<p>L\u201911 settembre 2001 una serie di attacchi terroristici culminati con l\u2019abbattimento delle Torri Gemelle di New York, ha profondamente cambiato il corso degli eventi di inizio millennio e cancellato quasi 3mila vite nel giro di poche ore. A pochi giorni dal 18esimo anniversario dagli attentati \u00e8 pronto il calendario di celebrazioni che commemoreranno le vittime [&hellip;]<\/p>\n","protected":false},"author":2,"featured_media":858,"comment_status":"open","ping_status":"open","sticky":false,"template":"","format":"standard","meta":{"footnotes":""},"categories":[1],"tags":[],"class_list":["post-857","post","type-post","status-publish","format-standard","has-post-thumbnail","hentry","category-notizie-finanziarie"],"yoast_head":"<!-- This site is optimized with the Yoast SEO plugin v27.4 - https:\/\/yoast.com\/product\/yoast-seo-wordpress\/ -->\n<title>Attentati 11 settembre 2001: le celebrazioni 2019 - Super News<\/title>\n<meta name=\"robots\" content=\"index, follow, max-snippet:-1, max-image-preview:large, max-video-preview:-1\" \/>\n<link rel=\"canonical\" href=\"https:\/\/super-news.info\/it\/attentati-11-settembre-2001-le-celebrazioni-2019\/\" \/>\n<meta property=\"og:locale\" content=\"it_IT\" \/>\n<meta property=\"og:type\" content=\"article\" \/>\n<meta property=\"og:title\" content=\"Attentati 11 settembre 2001: le celebrazioni 2019 - Super News\" \/>\n<meta property=\"og:description\" content=\"L\u201911 settembre 2001 una serie di attacchi terroristici culminati con l\u2019abbattimento delle Torri Gemelle di New York, ha profondamente cambiato il corso degli eventi di inizio millennio e cancellato quasi 3mila vite nel giro di poche ore. A pochi giorni dal 18esimo anniversario dagli attentati \u00e8 pronto il calendario di celebrazioni che commemoreranno le vittime [&hellip;]\" \/>\n<meta property=\"og:url\" content=\"https:\/\/super-news.info\/it\/attentati-11-settembre-2001-le-celebrazioni-2019\/\" \/>\n<meta property=\"og:site_name\" content=\"Super News\" \/>\n<meta property=\"article:published_time\" content=\"2019-09-09T17:50:08+00:00\" \/>\n<meta property=\"article:modified_time\" content=\"2019-09-09T17:50:10+00:00\" \/>\n<meta property=\"og:image\" content=\"https:\/\/super-news.info\/it\/wp-content\/uploads\/sites\/9\/2019\/09\/Attentati-11-settembre-2001-le-celebrazioni-2019.jpg\" \/>\n\t<meta property=\"og:image:width\" content=\"1024\" \/>\n\t<meta property=\"og:image:height\" content=\"683\" \/>\n\t<meta property=\"og:image:type\" content=\"image\/jpeg\" \/>\n<meta name=\"author\" content=\"super-news\" \/>\n<meta name=\"twitter:card\" content=\"summary_large_image\" \/>\n<meta name=\"twitter:label1\" content=\"Scritto da\" \/>\n\t<meta name=\"twitter:data1\" content=\"super-news\" \/>\n\t<meta name=\"twitter:label2\" content=\"Tempo di lettura stimato\" \/>\n\t<meta name=\"twitter:data2\" content=\"3 minuti\" \/>\n<script type=\"application\/ld+json\" class=\"yoast-schema-graph\">{\"@context\":\"https:\\\/\\\/schema.org\",\"@graph\":[{\"@type\":\"Article\",\"@id\":\"https:\\\/\\\/super-news.info\\\/it\\\/attentati-11-settembre-2001-le-celebrazioni-2019\\\/#article\",\"isPartOf\":{\"@id\":\"https:\\\/\\\/super-news.info\\\/it\\\/attentati-11-settembre-2001-le-celebrazioni-2019\\\/\"},\"author\":{\"name\":\"super-news\",\"@id\":\"https:\\\/\\\/super-news.info\\\/it\\\/#\\\/schema\\\/person\\\/2d4068cb2f39cd10008c2fce578a7356\"},\"headline\":\"Attentati 11 settembre 2001: le celebrazioni 2019\",\"datePublished\":\"2019-09-09T17:50:08+00:00\",\"dateModified\":\"2019-09-09T17:50:10+00:00\",\"mainEntityOfPage\":{\"@id\":\"https:\\\/\\\/super-news.info\\\/it\\\/attentati-11-settembre-2001-le-celebrazioni-2019\\\/\"},\"wordCount\":527,\"commentCount\":0,\"image\":{\"@id\":\"https:\\\/\\\/super-news.info\\\/it\\\/attentati-11-settembre-2001-le-celebrazioni-2019\\\/#primaryimage\"},\"thumbnailUrl\":\"https:\\\/\\\/super-news.info\\\/it\\\/wp-content\\\/uploads\\\/sites\\\/9\\\/2019\\\/09\\\/Attentati-11-settembre-2001-le-celebrazioni-2019.jpg\",\"articleSection\":[\"NOTIZIE FINANZIARIE\"],\"inLanguage\":\"it-IT\",\"potentialAction\":[{\"@type\":\"CommentAction\",\"name\":\"Comment\",\"target\":[\"https:\\\/\\\/super-news.info\\\/it\\\/attentati-11-settembre-2001-le-celebrazioni-2019\\\/#respond\"]}]},{\"@type\":\"WebPage\",\"@id\":\"https:\\\/\\\/super-news.info\\\/it\\\/attentati-11-settembre-2001-le-celebrazioni-2019\\\/\",\"url\":\"https:\\\/\\\/super-news.info\\\/it\\\/attentati-11-settembre-2001-le-celebrazioni-2019\\\/\",\"name\":\"Attentati 11 settembre 2001: le celebrazioni 2019 - Super News\",\"isPartOf\":{\"@id\":\"https:\\\/\\\/super-news.info\\\/it\\\/#website\"},\"primaryImageOfPage\":{\"@id\":\"https:\\\/\\\/super-news.info\\\/it\\\/attentati-11-settembre-2001-le-celebrazioni-2019\\\/#primaryimage\"},\"image\":{\"@id\":\"https:\\\/\\\/super-news.info\\\/it\\\/attentati-11-settembre-2001-le-celebrazioni-2019\\\/#primaryimage\"},\"thumbnailUrl\":\"https:\\\/\\\/super-news.info\\\/it\\\/wp-content\\\/uploads\\\/sites\\\/9\\\/2019\\\/09\\\/Attentati-11-settembre-2001-le-celebrazioni-2019.jpg\",\"datePublished\":\"2019-09-09T17:50:08+00:00\",\"dateModified\":\"2019-09-09T17:50:10+00:00\",\"author\":{\"@id\":\"https:\\\/\\\/super-news.info\\\/it\\\/#\\\/schema\\\/person\\\/2d4068cb2f39cd10008c2fce578a7356\"},\"breadcrumb\":{\"@id\":\"https:\\\/\\\/super-news.info\\\/it\\\/attentati-11-settembre-2001-le-celebrazioni-2019\\\/#breadcrumb\"},\"inLanguage\":\"it-IT\",\"potentialAction\":[{\"@type\":\"ReadAction\",\"target\":[\"https:\\\/\\\/super-news.info\\\/it\\\/attentati-11-settembre-2001-le-celebrazioni-2019\\\/\"]}]},{\"@type\":\"ImageObject\",\"inLanguage\":\"it-IT\",\"@id\":\"https:\\\/\\\/super-news.info\\\/it\\\/attentati-11-settembre-2001-le-celebrazioni-2019\\\/#primaryimage\",\"url\":\"https:\\\/\\\/super-news.info\\\/it\\\/wp-content\\\/uploads\\\/sites\\\/9\\\/2019\\\/09\\\/Attentati-11-settembre-2001-le-celebrazioni-2019.jpg\",\"contentUrl\":\"https:\\\/\\\/super-news.info\\\/it\\\/wp-content\\\/uploads\\\/sites\\\/9\\\/2019\\\/09\\\/Attentati-11-settembre-2001-le-celebrazioni-2019.jpg\",\"width\":1024,\"height\":683,\"caption\":\"Attentati 11 settembre 2001: le celebrazioni 2019\"},{\"@type\":\"BreadcrumbList\",\"@id\":\"https:\\\/\\\/super-news.info\\\/it\\\/attentati-11-settembre-2001-le-celebrazioni-2019\\\/#breadcrumb\",\"itemListElement\":[{\"@type\":\"ListItem\",\"position\":1,\"name\":\"Home\",\"item\":\"https:\\\/\\\/super-news.info\\\/it\\\/\"},{\"@type\":\"ListItem\",\"position\":2,\"name\":\"Attentati 11 settembre 2001: le celebrazioni 2019\"}]},{\"@type\":\"WebSite\",\"@id\":\"https:\\\/\\\/super-news.info\\\/it\\\/#website\",\"url\":\"https:\\\/\\\/super-news.info\\\/it\\\/\",\"name\":\"Super News\",\"description\":\"Super News from Italy\",\"potentialAction\":[{\"@type\":\"SearchAction\",\"target\":{\"@type\":\"EntryPoint\",\"urlTemplate\":\"https:\\\/\\\/super-news.info\\\/it\\\/?s={search_term_string}\"},\"query-input\":{\"@type\":\"PropertyValueSpecification\",\"valueRequired\":true,\"valueName\":\"search_term_string\"}}],\"inLanguage\":\"it-IT\"},{\"@type\":\"Person\",\"@id\":\"https:\\\/\\\/super-news.info\\\/it\\\/#\\\/schema\\\/person\\\/2d4068cb2f39cd10008c2fce578a7356\",\"name\":\"super-news\",\"image\":{\"@type\":\"ImageObject\",\"inLanguage\":\"it-IT\",\"@id\":\"https:\\\/\\\/secure.gravatar.com\\\/avatar\\\/64ebac40b93f26a154f8a9b5b6fdccfc46f442b26b3dd6756dbff3bf9dc76fd7?s=96&d=mm&r=g\",\"url\":\"https:\\\/\\\/secure.gravatar.com\\\/avatar\\\/64ebac40b93f26a154f8a9b5b6fdccfc46f442b26b3dd6756dbff3bf9dc76fd7?s=96&d=mm&r=g\",\"contentUrl\":\"https:\\\/\\\/secure.gravatar.com\\\/avatar\\\/64ebac40b93f26a154f8a9b5b6fdccfc46f442b26b3dd6756dbff3bf9dc76fd7?s=96&d=mm&r=g\",\"caption\":\"super-news\"},\"url\":\"https:\\\/\\\/super-news.info\\\/it\\\/author\\\/pt\\\/\"}]}<\/script>\n<!-- \/ Yoast SEO plugin. -->","yoast_head_json":{"title":"Attentati 11 settembre 2001: le celebrazioni 2019 - Super News","robots":{"index":"index","follow":"follow","max-snippet":"max-snippet:-1","max-image-preview":"max-image-preview:large","max-video-preview":"max-video-preview:-1"},"canonical":"https:\/\/super-news.info\/it\/attentati-11-settembre-2001-le-celebrazioni-2019\/","og_locale":"it_IT","og_type":"article","og_title":"Attentati 11 settembre 2001: le celebrazioni 2019 - Super News","og_description":"L\u201911 settembre 2001 una serie di attacchi terroristici culminati con l\u2019abbattimento delle Torri Gemelle di New York, ha profondamente cambiato il corso degli eventi di inizio millennio e cancellato quasi 3mila vite nel giro di poche ore. A pochi giorni dal 18esimo anniversario dagli attentati \u00e8 pronto il calendario di celebrazioni che commemoreranno le vittime [&hellip;]","og_url":"https:\/\/super-news.info\/it\/attentati-11-settembre-2001-le-celebrazioni-2019\/","og_site_name":"Super News","article_published_time":"2019-09-09T17:50:08+00:00","article_modified_time":"2019-09-09T17:50:10+00:00","og_image":[{"width":1024,"height":683,"url":"https:\/\/super-news.info\/it\/wp-content\/uploads\/sites\/9\/2019\/09\/Attentati-11-settembre-2001-le-celebrazioni-2019.jpg","type":"image\/jpeg"}],"author":"super-news","twitter_card":"summary_large_image","twitter_misc":{"Scritto da":"super-news","Tempo di lettura stimato":"3 minuti"},"schema":{"@context":"https:\/\/schema.org","@graph":[{"@type":"Article","@id":"https:\/\/super-news.info\/it\/attentati-11-settembre-2001-le-celebrazioni-2019\/#article","isPartOf":{"@id":"https:\/\/super-news.info\/it\/attentati-11-settembre-2001-le-celebrazioni-2019\/"},"author":{"name":"super-news","@id":"https:\/\/super-news.info\/it\/#\/schema\/person\/2d4068cb2f39cd10008c2fce578a7356"},"headline":"Attentati 11 settembre 2001: le celebrazioni 2019","datePublished":"2019-09-09T17:50:08+00:00","dateModified":"2019-09-09T17:50:10+00:00","mainEntityOfPage":{"@id":"https:\/\/super-news.info\/it\/attentati-11-settembre-2001-le-celebrazioni-2019\/"},"wordCount":527,"commentCount":0,"image":{"@id":"https:\/\/super-news.info\/it\/attentati-11-settembre-2001-le-celebrazioni-2019\/#primaryimage"},"thumbnailUrl":"https:\/\/super-news.info\/it\/wp-content\/uploads\/sites\/9\/2019\/09\/Attentati-11-settembre-2001-le-celebrazioni-2019.jpg","articleSection":["NOTIZIE FINANZIARIE"],"inLanguage":"it-IT","potentialAction":[{"@type":"CommentAction","name":"Comment","target":["https:\/\/super-news.info\/it\/attentati-11-settembre-2001-le-celebrazioni-2019\/#respond"]}]},{"@type":"WebPage","@id":"https:\/\/super-news.info\/it\/attentati-11-settembre-2001-le-celebrazioni-2019\/","url":"https:\/\/super-news.info\/it\/attentati-11-settembre-2001-le-celebrazioni-2019\/","name":"Attentati 11 settembre 2001: le celebrazioni 2019 - Super News","isPartOf":{"@id":"https:\/\/super-news.info\/it\/#website"},"primaryImageOfPage":{"@id":"https:\/\/super-news.info\/it\/attentati-11-settembre-2001-le-celebrazioni-2019\/#primaryimage"},"image":{"@id":"https:\/\/super-news.info\/it\/attentati-11-settembre-2001-le-celebrazioni-2019\/#primaryimage"},"thumbnailUrl":"https:\/\/super-news.info\/it\/wp-content\/uploads\/sites\/9\/2019\/09\/Attentati-11-settembre-2001-le-celebrazioni-2019.jpg","datePublished":"2019-09-09T17:50:08+00:00","dateModified":"2019-09-09T17:50:10+00:00","author":{"@id":"https:\/\/super-news.info\/it\/#\/schema\/person\/2d4068cb2f39cd10008c2fce578a7356"},"breadcrumb":{"@id":"https:\/\/super-news.info\/it\/attentati-11-settembre-2001-le-celebrazioni-2019\/#breadcrumb"},"inLanguage":"it-IT","potentialAction":[{"@type":"ReadAction","target":["https:\/\/super-news.info\/it\/attentati-11-settembre-2001-le-celebrazioni-2019\/"]}]},{"@type":"ImageObject","inLanguage":"it-IT","@id":"https:\/\/super-news.info\/it\/attentati-11-settembre-2001-le-celebrazioni-2019\/#primaryimage","url":"https:\/\/super-news.info\/it\/wp-content\/uploads\/sites\/9\/2019\/09\/Attentati-11-settembre-2001-le-celebrazioni-2019.jpg","contentUrl":"https:\/\/super-news.info\/it\/wp-content\/uploads\/sites\/9\/2019\/09\/Attentati-11-settembre-2001-le-celebrazioni-2019.jpg","width":1024,"height":683,"caption":"Attentati 11 settembre 2001: le celebrazioni 2019"},{"@type":"BreadcrumbList","@id":"https:\/\/super-news.info\/it\/attentati-11-settembre-2001-le-celebrazioni-2019\/#breadcrumb","itemListElement":[{"@type":"ListItem","position":1,"name":"Home","item":"https:\/\/super-news.info\/it\/"},{"@type":"ListItem","position":2,"name":"Attentati 11 settembre 2001: le celebrazioni 2019"}]},{"@type":"WebSite","@id":"https:\/\/super-news.info\/it\/#website","url":"https:\/\/super-news.info\/it\/","name":"Super News","description":"Super News from Italy","potentialAction":[{"@type":"SearchAction","target":{"@type":"EntryPoint","urlTemplate":"https:\/\/super-news.info\/it\/?s={search_term_string}"},"query-input":{"@type":"PropertyValueSpecification","valueRequired":true,"valueName":"search_term_string"}}],"inLanguage":"it-IT"},{"@type":"Person","@id":"https:\/\/super-news.info\/it\/#\/schema\/person\/2d4068cb2f39cd10008c2fce578a7356","name":"super-news","image":{"@type":"ImageObject","inLanguage":"it-IT","@id":"https:\/\/secure.gravatar.com\/avatar\/64ebac40b93f26a154f8a9b5b6fdccfc46f442b26b3dd6756dbff3bf9dc76fd7?s=96&d=mm&r=g","url":"https:\/\/secure.gravatar.com\/avatar\/64ebac40b93f26a154f8a9b5b6fdccfc46f442b26b3dd6756dbff3bf9dc76fd7?s=96&d=mm&r=g","contentUrl":"https:\/\/secure.gravatar.com\/avatar\/64ebac40b93f26a154f8a9b5b6fdccfc46f442b26b3dd6756dbff3bf9dc76fd7?s=96&d=mm&r=g","caption":"super-news"},"url":"https:\/\/super-news.info\/it\/author\/pt\/"}]}},"_links":{"self":[{"href":"https:\/\/super-news.info\/it\/wp-json\/wp\/v2\/posts\/857","targetHints":{"allow":["GET"]}}],"collection":[{"href":"https:\/\/super-news.info\/it\/wp-json\/wp\/v2\/posts"}],"about":[{"href":"https:\/\/super-news.info\/it\/wp-json\/wp\/v2\/types\/post"}],"author":[{"embeddable":true,"href":"https:\/\/super-news.info\/it\/wp-json\/wp\/v2\/users\/2"}],"replies":[{"embeddable":true,"href":"https:\/\/super-news.info\/it\/wp-json\/wp\/v2\/comments?post=857"}],"version-history":[{"count":1,"href":"https:\/\/super-news.info\/it\/wp-json\/wp\/v2\/posts\/857\/revisions"}],"predecessor-version":[{"id":859,"href":"https:\/\/super-news.info\/it\/wp-json\/wp\/v2\/posts\/857\/revisions\/859"}],"wp:featuredmedia":[{"embeddable":true,"href":"https:\/\/super-news.info\/it\/wp-json\/wp\/v2\/media\/858"}],"wp:attachment":[{"href":"https:\/\/super-news.info\/it\/wp-json\/wp\/v2\/media?parent=857"}],"wp:term":[{"taxonomy":"category","embeddable":true,"href":"https:\/\/super-news.info\/it\/wp-json\/wp\/v2\/categories?post=857"},{"taxonomy":"post_tag","embeddable":true,"href":"https:\/\/super-news.info\/it\/wp-json\/wp\/v2\/tags?post=857"}],"curies":[{"name":"wp","href":"https:\/\/api.w.org\/{rel}","templated":true}]}}