{"id":746,"date":"2019-09-04T18:11:03","date_gmt":"2019-09-04T18:11:03","guid":{"rendered":"https:\/\/super-news.info\/it\/chi-e-roberto-gualtieri-il-ministro-delleconomia-che-viene-da-bruxelles\/"},"modified":"2019-09-04T18:11:04","modified_gmt":"2019-09-04T18:11:04","slug":"chi-e-roberto-gualtieri-il-ministro-delleconomia-che-viene-da-bruxelles","status":"publish","type":"post","link":"https:\/\/super-news.info\/it\/chi-e-roberto-gualtieri-il-ministro-delleconomia-che-viene-da-bruxelles\/","title":{"rendered":"Chi \u00e8 Roberto Gualtieri, il ministro dell&#8217;Economia &#8220;che viene da Bruxelles&#8221;"},"content":{"rendered":"<div>\n<p>Alla fine, il nome che circolava da giorni si \u00e8 rivelato quello giusto: \u00e8 stata confermata la nomina a <strong>ministro dell\u2019Economia<\/strong> per il democratico <strong>Roberto Gualtieri<\/strong>, europarlamentare dal 2009 e attuale presidente della commissione sugli Affari economici e monetari dell\u2019Unione europea.<\/p>\n<p>Classe 1966, Gualtieri ha una formazione non di tipo economico. Si tratter\u00e0 quindi del ritorno di un \u201cnon tecnico\u201d al dicastero dell\u2019Economia. E\u2019 la prima volta che accade dal 2011 quando l\u2019incarico di Via XX Settembre fu affidato a Mario Monti.<\/p>\n<h3><strong>L\u2019esperienza a Bruxelles come uomo dei negoziati<\/strong><\/h3>\n<p>Professore di Storia contemporanea all\u2019universit\u00e0 La Sapienza di Roma, Gualtieri \u00e8 anche vicedirettore della Fondazione Istituto Gramsci, nonch\u00e9 membro della Direzione nazionale del Partito democratico. La sua esperienza economica deriva in primo luogo dal lavoro <strong>parlamentare svolto a Bruxelles<\/strong>, dove il neo ministro dell\u2019Economia ha avuto posizioni di prima linea, con il gruppo socialista, sui negoziati svolti in vista della formazione del Fondo salva-stati (Esm) e, nel 2011, nella discussione del Trattato sul Fiscal Compact. Nel corso della sua seconda legislatura, poi, Gualtieri \u00e8 stato membro del Brexit Steering Group presieduto da Guy Verhofstadt, la delegazione parlamentare incaricata di seguire i negoziati sulla Brexit.<\/p>\n<p><strong>In qualit\u00e0 di presidente della commissione Affari economici, Gualtieri si \u00e8 poi occupato in prima persona di un altro tema scottante che riguarda da vicino i risparmi degli italiani<\/strong>: il completamento dell\u2019Unione bancaria. Tre anni fa Gualtieri aveva espresso in modo chiaro le sue posizioni in materia, e aveva commentato il bail-in (guarda il video qui sotto).<\/p>\n<p><iframe loading=\"lazy\" src=\"https:\/\/www.youtube.com\/embed\/Y20BF-q5TKo\" width=\"560\" height=\"315\" frameborder=\"0\" allowfullscreen=\"allowfullscreen\"><\/iframe><\/p>\n<p>Se il background accademico, dunque, non \u00e8 propriamente quello dell\u2019economista, Gualtieri porter\u00e0 in dote a Via XX Settembre una fitta e consolidata rete di conoscenze a Bruxelles, oltre che un\u2019approfondita confidenza con i processi decisionali della macchina politica europea. <strong>Non \u00e8 un caso che la presidente designata della Banca centrale europea e attuale presidente uscente dell\u2019Fmi, Christine Lagarde abbia subito salutato con favore l\u2019incarico assegnato a Gualtieri: <\/strong><\/p>\n<blockquote>\n<p><strong>\u201cUn bene per l\u2019Italia e per l\u2019Europa\u201d<\/strong><strong>.<\/strong><\/p>\n<\/blockquote>\n<h3>Un ministro vicino all\u2019Europa<\/h3>\n<p>Con la nomina di Gualtieri all\u2019Economia, la distanza rispetto alle posizioni euroscettiche accarezzate dal governo gialloverde non potrebbe manifestarsi in modo pi\u00f9 ampio. Roberto Gualtieri ha infatti avuto modo di confrontarsi, duramente e in molteplici occasioni, con uno degli esponenti pi\u00f9 in vista della Lega, <strong>Claudio Borghi<\/strong>, che sarebbe poi stato eletto a capo della Commissione Bilancio della Camera (Nel video uno dei confronti sugli schermi di La7).\u00a0 Per questo, il via libera del M5s sulla sua figura non pu\u00f2 che testimoniare la metamorfosi \u201ceuropeista\u201d del Movimento di Beppe Grillo.<\/p>\n<p><iframe loading=\"lazy\" src=\"https:\/\/www.youtube.com\/embed\/MRQwbgtpc2w\" width=\"560\" height=\"315\" frameborder=\"0\" allowfullscreen=\"allowfullscreen\"><\/iframe><\/p>\n<p>\u00a0<\/p>\n<\/p><\/div>\n<p><a href=\"https:\/\/www.wallstreetitalia.com\/roberto-gualtieri-chi-e\/\">Source link <\/a><\/p>\n","protected":false},"excerpt":{"rendered":"<p>Alla fine, il nome che circolava da giorni si \u00e8 rivelato quello giusto: \u00e8 stata confermata la nomina a ministro dell\u2019Economia per il democratico Roberto Gualtieri, europarlamentare dal 2009 e attuale presidente della commissione sugli Affari economici e monetari dell\u2019Unione europea. Classe 1966, Gualtieri ha una formazione non di tipo economico. Si tratter\u00e0 quindi del [&hellip;]<\/p>\n","protected":false},"author":2,"featured_media":747,"comment_status":"open","ping_status":"open","sticky":false,"template":"","format":"standard","meta":{"footnotes":""},"categories":[1],"tags":[],"class_list":["post-746","post","type-post","status-publish","format-standard","has-post-thumbnail","hentry","category-notizie-finanziarie"],"yoast_head":"<!-- This site is optimized with the Yoast SEO plugin v27.4 - https:\/\/yoast.com\/product\/yoast-seo-wordpress\/ -->\n<title>Chi \u00e8 Roberto Gualtieri, il ministro dell&#039;Economia &quot;che viene da Bruxelles&quot; - Super News<\/title>\n<meta name=\"robots\" content=\"index, follow, max-snippet:-1, max-image-preview:large, max-video-preview:-1\" \/>\n<link rel=\"canonical\" href=\"https:\/\/super-news.info\/it\/chi-e-roberto-gualtieri-il-ministro-delleconomia-che-viene-da-bruxelles\/\" \/>\n<meta property=\"og:locale\" content=\"it_IT\" \/>\n<meta property=\"og:type\" content=\"article\" \/>\n<meta property=\"og:title\" content=\"Chi \u00e8 Roberto Gualtieri, il ministro dell&#039;Economia &quot;che viene da Bruxelles&quot; - Super News\" \/>\n<meta property=\"og:description\" content=\"Alla fine, il nome che circolava da giorni si \u00e8 rivelato quello giusto: \u00e8 stata confermata la nomina a ministro dell\u2019Economia per il democratico Roberto Gualtieri, europarlamentare dal 2009 e attuale presidente della commissione sugli Affari economici e monetari dell\u2019Unione europea. Classe 1966, Gualtieri ha una formazione non di tipo economico. Si tratter\u00e0 quindi del [&hellip;]\" \/>\n<meta property=\"og:url\" content=\"https:\/\/super-news.info\/it\/chi-e-roberto-gualtieri-il-ministro-delleconomia-che-viene-da-bruxelles\/\" \/>\n<meta property=\"og:site_name\" content=\"Super News\" \/>\n<meta property=\"article:published_time\" content=\"2019-09-04T18:11:03+00:00\" \/>\n<meta property=\"article:modified_time\" content=\"2019-09-04T18:11:04+00:00\" \/>\n<meta property=\"og:image\" content=\"https:\/\/super-news.info\/it\/wp-content\/uploads\/sites\/9\/2019\/09\/Chi-Roberto-Gualtieri-il-ministro-dellEconomia-che-viene-da.jpg\" \/>\n\t<meta property=\"og:image:width\" content=\"640\" \/>\n\t<meta property=\"og:image:height\" content=\"450\" \/>\n\t<meta property=\"og:image:type\" content=\"image\/jpeg\" \/>\n<meta name=\"author\" content=\"super-news\" \/>\n<meta name=\"twitter:card\" content=\"summary_large_image\" \/>\n<meta name=\"twitter:label1\" content=\"Scritto da\" \/>\n\t<meta name=\"twitter:data1\" content=\"super-news\" \/>\n\t<meta name=\"twitter:label2\" content=\"Tempo di lettura stimato\" \/>\n\t<meta name=\"twitter:data2\" content=\"2 minuti\" \/>\n<script type=\"application\/ld+json\" class=\"yoast-schema-graph\">{\"@context\":\"https:\\\/\\\/schema.org\",\"@graph\":[{\"@type\":\"Article\",\"@id\":\"https:\\\/\\\/super-news.info\\\/it\\\/chi-e-roberto-gualtieri-il-ministro-delleconomia-che-viene-da-bruxelles\\\/#article\",\"isPartOf\":{\"@id\":\"https:\\\/\\\/super-news.info\\\/it\\\/chi-e-roberto-gualtieri-il-ministro-delleconomia-che-viene-da-bruxelles\\\/\"},\"author\":{\"name\":\"super-news\",\"@id\":\"https:\\\/\\\/super-news.info\\\/it\\\/#\\\/schema\\\/person\\\/2d4068cb2f39cd10008c2fce578a7356\"},\"headline\":\"Chi \u00e8 Roberto Gualtieri, il ministro dell&#8217;Economia &#8220;che viene da Bruxelles&#8221;\",\"datePublished\":\"2019-09-04T18:11:03+00:00\",\"dateModified\":\"2019-09-04T18:11:04+00:00\",\"mainEntityOfPage\":{\"@id\":\"https:\\\/\\\/super-news.info\\\/it\\\/chi-e-roberto-gualtieri-il-ministro-delleconomia-che-viene-da-bruxelles\\\/\"},\"wordCount\":437,\"commentCount\":0,\"image\":{\"@id\":\"https:\\\/\\\/super-news.info\\\/it\\\/chi-e-roberto-gualtieri-il-ministro-delleconomia-che-viene-da-bruxelles\\\/#primaryimage\"},\"thumbnailUrl\":\"https:\\\/\\\/super-news.info\\\/it\\\/wp-content\\\/uploads\\\/sites\\\/9\\\/2019\\\/09\\\/Chi-Roberto-Gualtieri-il-ministro-dellEconomia-che-viene-da.jpg\",\"articleSection\":[\"NOTIZIE FINANZIARIE\"],\"inLanguage\":\"it-IT\",\"potentialAction\":[{\"@type\":\"CommentAction\",\"name\":\"Comment\",\"target\":[\"https:\\\/\\\/super-news.info\\\/it\\\/chi-e-roberto-gualtieri-il-ministro-delleconomia-che-viene-da-bruxelles\\\/#respond\"]}]},{\"@type\":\"WebPage\",\"@id\":\"https:\\\/\\\/super-news.info\\\/it\\\/chi-e-roberto-gualtieri-il-ministro-delleconomia-che-viene-da-bruxelles\\\/\",\"url\":\"https:\\\/\\\/super-news.info\\\/it\\\/chi-e-roberto-gualtieri-il-ministro-delleconomia-che-viene-da-bruxelles\\\/\",\"name\":\"Chi \u00e8 Roberto Gualtieri, il ministro dell'Economia \\\"che viene da Bruxelles\\\" - Super News\",\"isPartOf\":{\"@id\":\"https:\\\/\\\/super-news.info\\\/it\\\/#website\"},\"primaryImageOfPage\":{\"@id\":\"https:\\\/\\\/super-news.info\\\/it\\\/chi-e-roberto-gualtieri-il-ministro-delleconomia-che-viene-da-bruxelles\\\/#primaryimage\"},\"image\":{\"@id\":\"https:\\\/\\\/super-news.info\\\/it\\\/chi-e-roberto-gualtieri-il-ministro-delleconomia-che-viene-da-bruxelles\\\/#primaryimage\"},\"thumbnailUrl\":\"https:\\\/\\\/super-news.info\\\/it\\\/wp-content\\\/uploads\\\/sites\\\/9\\\/2019\\\/09\\\/Chi-Roberto-Gualtieri-il-ministro-dellEconomia-che-viene-da.jpg\",\"datePublished\":\"2019-09-04T18:11:03+00:00\",\"dateModified\":\"2019-09-04T18:11:04+00:00\",\"author\":{\"@id\":\"https:\\\/\\\/super-news.info\\\/it\\\/#\\\/schema\\\/person\\\/2d4068cb2f39cd10008c2fce578a7356\"},\"breadcrumb\":{\"@id\":\"https:\\\/\\\/super-news.info\\\/it\\\/chi-e-roberto-gualtieri-il-ministro-delleconomia-che-viene-da-bruxelles\\\/#breadcrumb\"},\"inLanguage\":\"it-IT\",\"potentialAction\":[{\"@type\":\"ReadAction\",\"target\":[\"https:\\\/\\\/super-news.info\\\/it\\\/chi-e-roberto-gualtieri-il-ministro-delleconomia-che-viene-da-bruxelles\\\/\"]}]},{\"@type\":\"ImageObject\",\"inLanguage\":\"it-IT\",\"@id\":\"https:\\\/\\\/super-news.info\\\/it\\\/chi-e-roberto-gualtieri-il-ministro-delleconomia-che-viene-da-bruxelles\\\/#primaryimage\",\"url\":\"https:\\\/\\\/super-news.info\\\/it\\\/wp-content\\\/uploads\\\/sites\\\/9\\\/2019\\\/09\\\/Chi-Roberto-Gualtieri-il-ministro-dellEconomia-che-viene-da.jpg\",\"contentUrl\":\"https:\\\/\\\/super-news.info\\\/it\\\/wp-content\\\/uploads\\\/sites\\\/9\\\/2019\\\/09\\\/Chi-Roberto-Gualtieri-il-ministro-dellEconomia-che-viene-da.jpg\",\"width\":640,\"height\":450,\"caption\":\"Chi \u00e8 Roberto Gualtieri, il ministro dell'Economia \\\"che viene da Bruxelles\\\"\"},{\"@type\":\"BreadcrumbList\",\"@id\":\"https:\\\/\\\/super-news.info\\\/it\\\/chi-e-roberto-gualtieri-il-ministro-delleconomia-che-viene-da-bruxelles\\\/#breadcrumb\",\"itemListElement\":[{\"@type\":\"ListItem\",\"position\":1,\"name\":\"Home\",\"item\":\"https:\\\/\\\/super-news.info\\\/it\\\/\"},{\"@type\":\"ListItem\",\"position\":2,\"name\":\"Chi \u00e8 Roberto Gualtieri, il ministro dell&#8217;Economia &#8220;che viene da Bruxelles&#8221;\"}]},{\"@type\":\"WebSite\",\"@id\":\"https:\\\/\\\/super-news.info\\\/it\\\/#website\",\"url\":\"https:\\\/\\\/super-news.info\\\/it\\\/\",\"name\":\"Super News\",\"description\":\"Super News from Italy\",\"potentialAction\":[{\"@type\":\"SearchAction\",\"target\":{\"@type\":\"EntryPoint\",\"urlTemplate\":\"https:\\\/\\\/super-news.info\\\/it\\\/?s={search_term_string}\"},\"query-input\":{\"@type\":\"PropertyValueSpecification\",\"valueRequired\":true,\"valueName\":\"search_term_string\"}}],\"inLanguage\":\"it-IT\"},{\"@type\":\"Person\",\"@id\":\"https:\\\/\\\/super-news.info\\\/it\\\/#\\\/schema\\\/person\\\/2d4068cb2f39cd10008c2fce578a7356\",\"name\":\"super-news\",\"image\":{\"@type\":\"ImageObject\",\"inLanguage\":\"it-IT\",\"@id\":\"https:\\\/\\\/secure.gravatar.com\\\/avatar\\\/64ebac40b93f26a154f8a9b5b6fdccfc46f442b26b3dd6756dbff3bf9dc76fd7?s=96&d=mm&r=g\",\"url\":\"https:\\\/\\\/secure.gravatar.com\\\/avatar\\\/64ebac40b93f26a154f8a9b5b6fdccfc46f442b26b3dd6756dbff3bf9dc76fd7?s=96&d=mm&r=g\",\"contentUrl\":\"https:\\\/\\\/secure.gravatar.com\\\/avatar\\\/64ebac40b93f26a154f8a9b5b6fdccfc46f442b26b3dd6756dbff3bf9dc76fd7?s=96&d=mm&r=g\",\"caption\":\"super-news\"},\"url\":\"https:\\\/\\\/super-news.info\\\/it\\\/author\\\/pt\\\/\"}]}<\/script>\n<!-- \/ Yoast SEO plugin. -->","yoast_head_json":{"title":"Chi \u00e8 Roberto Gualtieri, il ministro dell'Economia \"che viene da Bruxelles\" - Super News","robots":{"index":"index","follow":"follow","max-snippet":"max-snippet:-1","max-image-preview":"max-image-preview:large","max-video-preview":"max-video-preview:-1"},"canonical":"https:\/\/super-news.info\/it\/chi-e-roberto-gualtieri-il-ministro-delleconomia-che-viene-da-bruxelles\/","og_locale":"it_IT","og_type":"article","og_title":"Chi \u00e8 Roberto Gualtieri, il ministro dell'Economia \"che viene da Bruxelles\" - Super News","og_description":"Alla fine, il nome che circolava da giorni si \u00e8 rivelato quello giusto: \u00e8 stata confermata la nomina a ministro dell\u2019Economia per il democratico Roberto Gualtieri, europarlamentare dal 2009 e attuale presidente della commissione sugli Affari economici e monetari dell\u2019Unione europea. Classe 1966, Gualtieri ha una formazione non di tipo economico. Si tratter\u00e0 quindi del [&hellip;]","og_url":"https:\/\/super-news.info\/it\/chi-e-roberto-gualtieri-il-ministro-delleconomia-che-viene-da-bruxelles\/","og_site_name":"Super News","article_published_time":"2019-09-04T18:11:03+00:00","article_modified_time":"2019-09-04T18:11:04+00:00","og_image":[{"width":640,"height":450,"url":"https:\/\/super-news.info\/it\/wp-content\/uploads\/sites\/9\/2019\/09\/Chi-Roberto-Gualtieri-il-ministro-dellEconomia-che-viene-da.jpg","type":"image\/jpeg"}],"author":"super-news","twitter_card":"summary_large_image","twitter_misc":{"Scritto da":"super-news","Tempo di lettura stimato":"2 minuti"},"schema":{"@context":"https:\/\/schema.org","@graph":[{"@type":"Article","@id":"https:\/\/super-news.info\/it\/chi-e-roberto-gualtieri-il-ministro-delleconomia-che-viene-da-bruxelles\/#article","isPartOf":{"@id":"https:\/\/super-news.info\/it\/chi-e-roberto-gualtieri-il-ministro-delleconomia-che-viene-da-bruxelles\/"},"author":{"name":"super-news","@id":"https:\/\/super-news.info\/it\/#\/schema\/person\/2d4068cb2f39cd10008c2fce578a7356"},"headline":"Chi \u00e8 Roberto Gualtieri, il ministro dell&#8217;Economia &#8220;che viene da Bruxelles&#8221;","datePublished":"2019-09-04T18:11:03+00:00","dateModified":"2019-09-04T18:11:04+00:00","mainEntityOfPage":{"@id":"https:\/\/super-news.info\/it\/chi-e-roberto-gualtieri-il-ministro-delleconomia-che-viene-da-bruxelles\/"},"wordCount":437,"commentCount":0,"image":{"@id":"https:\/\/super-news.info\/it\/chi-e-roberto-gualtieri-il-ministro-delleconomia-che-viene-da-bruxelles\/#primaryimage"},"thumbnailUrl":"https:\/\/super-news.info\/it\/wp-content\/uploads\/sites\/9\/2019\/09\/Chi-Roberto-Gualtieri-il-ministro-dellEconomia-che-viene-da.jpg","articleSection":["NOTIZIE FINANZIARIE"],"inLanguage":"it-IT","potentialAction":[{"@type":"CommentAction","name":"Comment","target":["https:\/\/super-news.info\/it\/chi-e-roberto-gualtieri-il-ministro-delleconomia-che-viene-da-bruxelles\/#respond"]}]},{"@type":"WebPage","@id":"https:\/\/super-news.info\/it\/chi-e-roberto-gualtieri-il-ministro-delleconomia-che-viene-da-bruxelles\/","url":"https:\/\/super-news.info\/it\/chi-e-roberto-gualtieri-il-ministro-delleconomia-che-viene-da-bruxelles\/","name":"Chi \u00e8 Roberto Gualtieri, il ministro dell'Economia \"che viene da Bruxelles\" - Super News","isPartOf":{"@id":"https:\/\/super-news.info\/it\/#website"},"primaryImageOfPage":{"@id":"https:\/\/super-news.info\/it\/chi-e-roberto-gualtieri-il-ministro-delleconomia-che-viene-da-bruxelles\/#primaryimage"},"image":{"@id":"https:\/\/super-news.info\/it\/chi-e-roberto-gualtieri-il-ministro-delleconomia-che-viene-da-bruxelles\/#primaryimage"},"thumbnailUrl":"https:\/\/super-news.info\/it\/wp-content\/uploads\/sites\/9\/2019\/09\/Chi-Roberto-Gualtieri-il-ministro-dellEconomia-che-viene-da.jpg","datePublished":"2019-09-04T18:11:03+00:00","dateModified":"2019-09-04T18:11:04+00:00","author":{"@id":"https:\/\/super-news.info\/it\/#\/schema\/person\/2d4068cb2f39cd10008c2fce578a7356"},"breadcrumb":{"@id":"https:\/\/super-news.info\/it\/chi-e-roberto-gualtieri-il-ministro-delleconomia-che-viene-da-bruxelles\/#breadcrumb"},"inLanguage":"it-IT","potentialAction":[{"@type":"ReadAction","target":["https:\/\/super-news.info\/it\/chi-e-roberto-gualtieri-il-ministro-delleconomia-che-viene-da-bruxelles\/"]}]},{"@type":"ImageObject","inLanguage":"it-IT","@id":"https:\/\/super-news.info\/it\/chi-e-roberto-gualtieri-il-ministro-delleconomia-che-viene-da-bruxelles\/#primaryimage","url":"https:\/\/super-news.info\/it\/wp-content\/uploads\/sites\/9\/2019\/09\/Chi-Roberto-Gualtieri-il-ministro-dellEconomia-che-viene-da.jpg","contentUrl":"https:\/\/super-news.info\/it\/wp-content\/uploads\/sites\/9\/2019\/09\/Chi-Roberto-Gualtieri-il-ministro-dellEconomia-che-viene-da.jpg","width":640,"height":450,"caption":"Chi \u00e8 Roberto Gualtieri, il ministro dell'Economia \"che viene da Bruxelles\""},{"@type":"BreadcrumbList","@id":"https:\/\/super-news.info\/it\/chi-e-roberto-gualtieri-il-ministro-delleconomia-che-viene-da-bruxelles\/#breadcrumb","itemListElement":[{"@type":"ListItem","position":1,"name":"Home","item":"https:\/\/super-news.info\/it\/"},{"@type":"ListItem","position":2,"name":"Chi \u00e8 Roberto Gualtieri, il ministro dell&#8217;Economia &#8220;che viene da Bruxelles&#8221;"}]},{"@type":"WebSite","@id":"https:\/\/super-news.info\/it\/#website","url":"https:\/\/super-news.info\/it\/","name":"Super News","description":"Super News from Italy","potentialAction":[{"@type":"SearchAction","target":{"@type":"EntryPoint","urlTemplate":"https:\/\/super-news.info\/it\/?s={search_term_string}"},"query-input":{"@type":"PropertyValueSpecification","valueRequired":true,"valueName":"search_term_string"}}],"inLanguage":"it-IT"},{"@type":"Person","@id":"https:\/\/super-news.info\/it\/#\/schema\/person\/2d4068cb2f39cd10008c2fce578a7356","name":"super-news","image":{"@type":"ImageObject","inLanguage":"it-IT","@id":"https:\/\/secure.gravatar.com\/avatar\/64ebac40b93f26a154f8a9b5b6fdccfc46f442b26b3dd6756dbff3bf9dc76fd7?s=96&d=mm&r=g","url":"https:\/\/secure.gravatar.com\/avatar\/64ebac40b93f26a154f8a9b5b6fdccfc46f442b26b3dd6756dbff3bf9dc76fd7?s=96&d=mm&r=g","contentUrl":"https:\/\/secure.gravatar.com\/avatar\/64ebac40b93f26a154f8a9b5b6fdccfc46f442b26b3dd6756dbff3bf9dc76fd7?s=96&d=mm&r=g","caption":"super-news"},"url":"https:\/\/super-news.info\/it\/author\/pt\/"}]}},"_links":{"self":[{"href":"https:\/\/super-news.info\/it\/wp-json\/wp\/v2\/posts\/746","targetHints":{"allow":["GET"]}}],"collection":[{"href":"https:\/\/super-news.info\/it\/wp-json\/wp\/v2\/posts"}],"about":[{"href":"https:\/\/super-news.info\/it\/wp-json\/wp\/v2\/types\/post"}],"author":[{"embeddable":true,"href":"https:\/\/super-news.info\/it\/wp-json\/wp\/v2\/users\/2"}],"replies":[{"embeddable":true,"href":"https:\/\/super-news.info\/it\/wp-json\/wp\/v2\/comments?post=746"}],"version-history":[{"count":1,"href":"https:\/\/super-news.info\/it\/wp-json\/wp\/v2\/posts\/746\/revisions"}],"predecessor-version":[{"id":748,"href":"https:\/\/super-news.info\/it\/wp-json\/wp\/v2\/posts\/746\/revisions\/748"}],"wp:featuredmedia":[{"embeddable":true,"href":"https:\/\/super-news.info\/it\/wp-json\/wp\/v2\/media\/747"}],"wp:attachment":[{"href":"https:\/\/super-news.info\/it\/wp-json\/wp\/v2\/media?parent=746"}],"wp:term":[{"taxonomy":"category","embeddable":true,"href":"https:\/\/super-news.info\/it\/wp-json\/wp\/v2\/categories?post=746"},{"taxonomy":"post_tag","embeddable":true,"href":"https:\/\/super-news.info\/it\/wp-json\/wp\/v2\/tags?post=746"}],"curies":[{"name":"wp","href":"https:\/\/api.w.org\/{rel}","templated":true}]}}