{"id":732,"date":"2019-09-04T11:23:17","date_gmt":"2019-09-04T11:23:17","guid":{"rendered":"https:\/\/super-news.info\/it\/quota-100-le-novita-in-arrivo-con-il-governo-conte-bis\/"},"modified":"2019-09-04T11:23:18","modified_gmt":"2019-09-04T11:23:18","slug":"quota-100-le-novita-in-arrivo-con-il-governo-conte-bis","status":"publish","type":"post","link":"https:\/\/super-news.info\/it\/quota-100-le-novita-in-arrivo-con-il-governo-conte-bis\/","title":{"rendered":"Quota 100: le novit\u00e0 in arrivo con il Governo Conte bis"},"content":{"rendered":"<div id=\"article\">\n<div class=\"article__title\">\n<p>                        <span class=\"info\"><br \/>\n\t\t\t\t\t\t\t4 Settembre 2019, di Alessandra Caparello<br \/>\n          <\/span>\n                    <\/div>\n<div class=\"article__content\">\n<p><strong>Quota 100,<\/strong> la mini riforma previdenziale introdotta dal precedente governo, potrebbe subire alcune modifiche. Misura sperimentale introdotta per un triennio, dal 2019 al 2021, quota 100 \u00e8 la possibilit\u00e0 di andare in pensione anticipata se sussistono da una parte almeno 38 anni di anzianit\u00e0 contributiva e dall\u2019altra 62 anni di et\u00e0 anagrafica.<\/p>\n<p>La possibilit\u00e0 di andare in <strong>pensione anticipata<\/strong> con quota 100 non comporta penalizzazioni sull\u2019assegno che si percepisce dall\u2019Inps. Quale sar\u00e0 il destino della misura previdenziale nel nuovo governo Pd-M5S \u00e8 ancora presto da sapere. Come riporta <em>Il Sole 24 Ore<\/em>, nell\u2019agenda del nuovo esecutivo ribattezzato Conte bis c\u2019\u00e8 proprio la modifica della disciplina di quota 100.<\/p>\n<p>Le <strong>ipotesi di restyling<\/strong> che individua il quotidiano di Confindustria sono due essenzialmente. Da una parte rendere sempre vincolante l\u2019aggancio automatico all\u2019aspettativa di vita per le uscite anticipate (quota 100 \u00a0compresa), escludendo i lavori usuranti e gravosi nel caso dei quali la platea esentata verrebbe allargata, e di ritarare le finestre d\u2019uscita per ridurre i flussi annuali ma anche per prevedere una sorta di corsia agevolata per i lavoratori con carriere discontinue. La seconda ipotesi invece prevede un innalzamento della soglia anagrafica di quota 100 da 62 a 64 anni.\u00a0\u00a0Potrebbe anche decidersi di anticipare la fine della sperimentazione di un anno, fine 2020 quindi al fine di recuperare risorse.<\/p>\n<p>In tutti i casi, nelle ipotesi sul tavolo si contempla anche la possibilit\u00e0 di rafforzare e prorogare la cosiddetta\u00a0<strong>Ape social<\/strong>, ossia l\u2019uscita anticipata con tre anni di anticipo per determinate categorie di lavoratori che svolgono attivit\u00e0 faticose, introdotta dai governi di sinistra, Renzi e Gentiloni e confermata solo fino alla fine del 2019.<\/p>\n<\/p><\/div>\n<div id=\"newsletter_div\" class=\"newsletter newletter-item nav-txt\">\n<p>\n      Ricevi aggiornamenti su <b>Quota 100<\/b> Lasciaci la tua e-mail:\n    <\/p>\n<\/div><\/div>\n<p><a href=\"https:\/\/www.wallstreetitalia.com\/quota-100-possibili-modifiche-con-il-governo-conte-bis\/\">Source link <\/a><\/p>\n","protected":false},"excerpt":{"rendered":"<p>4 Settembre 2019, di Alessandra Caparello Quota 100, la mini riforma previdenziale introdotta dal precedente governo, potrebbe subire alcune modifiche. Misura sperimentale introdotta per un triennio, dal 2019 al 2021, quota 100 \u00e8 la possibilit\u00e0 di andare in pensione anticipata se sussistono da una parte almeno 38 anni di anzianit\u00e0 contributiva e dall\u2019altra 62 anni [&hellip;]<\/p>\n","protected":false},"author":2,"featured_media":733,"comment_status":"open","ping_status":"open","sticky":false,"template":"","format":"standard","meta":{"footnotes":""},"categories":[1],"tags":[],"class_list":["post-732","post","type-post","status-publish","format-standard","has-post-thumbnail","hentry","category-notizie-finanziarie"],"yoast_head":"<!-- This site is optimized with the Yoast SEO plugin v27.4 - https:\/\/yoast.com\/product\/yoast-seo-wordpress\/ -->\n<title>Quota 100: le novit\u00e0 in arrivo con il Governo Conte bis - Super News<\/title>\n<meta name=\"robots\" content=\"index, follow, max-snippet:-1, max-image-preview:large, max-video-preview:-1\" \/>\n<link rel=\"canonical\" href=\"https:\/\/super-news.info\/it\/quota-100-le-novita-in-arrivo-con-il-governo-conte-bis\/\" \/>\n<meta property=\"og:locale\" content=\"it_IT\" \/>\n<meta property=\"og:type\" content=\"article\" \/>\n<meta property=\"og:title\" content=\"Quota 100: le novit\u00e0 in arrivo con il Governo Conte bis - Super News\" \/>\n<meta property=\"og:description\" content=\"4 Settembre 2019, di Alessandra Caparello Quota 100, la mini riforma previdenziale introdotta dal precedente governo, potrebbe subire alcune modifiche. Misura sperimentale introdotta per un triennio, dal 2019 al 2021, quota 100 \u00e8 la possibilit\u00e0 di andare in pensione anticipata se sussistono da una parte almeno 38 anni di anzianit\u00e0 contributiva e dall\u2019altra 62 anni [&hellip;]\" \/>\n<meta property=\"og:url\" content=\"https:\/\/super-news.info\/it\/quota-100-le-novita-in-arrivo-con-il-governo-conte-bis\/\" \/>\n<meta property=\"og:site_name\" content=\"Super News\" \/>\n<meta property=\"article:published_time\" content=\"2019-09-04T11:23:17+00:00\" \/>\n<meta property=\"article:modified_time\" content=\"2019-09-04T11:23:18+00:00\" \/>\n<meta property=\"og:image\" content=\"https:\/\/super-news.info\/it\/wp-content\/uploads\/sites\/9\/2019\/09\/Quota-100-le-novit-in-arrivo-con-il-Governo-Conte.jpg\" \/>\n\t<meta property=\"og:image:width\" content=\"1024\" \/>\n\t<meta property=\"og:image:height\" content=\"684\" \/>\n\t<meta property=\"og:image:type\" content=\"image\/jpeg\" \/>\n<meta name=\"author\" content=\"super-news\" \/>\n<meta name=\"twitter:card\" content=\"summary_large_image\" \/>\n<meta name=\"twitter:label1\" content=\"Scritto da\" \/>\n\t<meta name=\"twitter:data1\" content=\"super-news\" \/>\n\t<meta name=\"twitter:label2\" content=\"Tempo di lettura stimato\" \/>\n\t<meta name=\"twitter:data2\" content=\"1 minuto\" \/>\n<script type=\"application\/ld+json\" class=\"yoast-schema-graph\">{\"@context\":\"https:\\\/\\\/schema.org\",\"@graph\":[{\"@type\":\"Article\",\"@id\":\"https:\\\/\\\/super-news.info\\\/it\\\/quota-100-le-novita-in-arrivo-con-il-governo-conte-bis\\\/#article\",\"isPartOf\":{\"@id\":\"https:\\\/\\\/super-news.info\\\/it\\\/quota-100-le-novita-in-arrivo-con-il-governo-conte-bis\\\/\"},\"author\":{\"name\":\"super-news\",\"@id\":\"https:\\\/\\\/super-news.info\\\/it\\\/#\\\/schema\\\/person\\\/2d4068cb2f39cd10008c2fce578a7356\"},\"headline\":\"Quota 100: le novit\u00e0 in arrivo con il Governo Conte bis\",\"datePublished\":\"2019-09-04T11:23:17+00:00\",\"dateModified\":\"2019-09-04T11:23:18+00:00\",\"mainEntityOfPage\":{\"@id\":\"https:\\\/\\\/super-news.info\\\/it\\\/quota-100-le-novita-in-arrivo-con-il-governo-conte-bis\\\/\"},\"wordCount\":288,\"commentCount\":0,\"image\":{\"@id\":\"https:\\\/\\\/super-news.info\\\/it\\\/quota-100-le-novita-in-arrivo-con-il-governo-conte-bis\\\/#primaryimage\"},\"thumbnailUrl\":\"https:\\\/\\\/super-news.info\\\/it\\\/wp-content\\\/uploads\\\/sites\\\/9\\\/2019\\\/09\\\/Quota-100-le-novit-in-arrivo-con-il-Governo-Conte.jpg\",\"articleSection\":[\"NOTIZIE FINANZIARIE\"],\"inLanguage\":\"it-IT\",\"potentialAction\":[{\"@type\":\"CommentAction\",\"name\":\"Comment\",\"target\":[\"https:\\\/\\\/super-news.info\\\/it\\\/quota-100-le-novita-in-arrivo-con-il-governo-conte-bis\\\/#respond\"]}]},{\"@type\":\"WebPage\",\"@id\":\"https:\\\/\\\/super-news.info\\\/it\\\/quota-100-le-novita-in-arrivo-con-il-governo-conte-bis\\\/\",\"url\":\"https:\\\/\\\/super-news.info\\\/it\\\/quota-100-le-novita-in-arrivo-con-il-governo-conte-bis\\\/\",\"name\":\"Quota 100: le novit\u00e0 in arrivo con il Governo Conte bis - Super News\",\"isPartOf\":{\"@id\":\"https:\\\/\\\/super-news.info\\\/it\\\/#website\"},\"primaryImageOfPage\":{\"@id\":\"https:\\\/\\\/super-news.info\\\/it\\\/quota-100-le-novita-in-arrivo-con-il-governo-conte-bis\\\/#primaryimage\"},\"image\":{\"@id\":\"https:\\\/\\\/super-news.info\\\/it\\\/quota-100-le-novita-in-arrivo-con-il-governo-conte-bis\\\/#primaryimage\"},\"thumbnailUrl\":\"https:\\\/\\\/super-news.info\\\/it\\\/wp-content\\\/uploads\\\/sites\\\/9\\\/2019\\\/09\\\/Quota-100-le-novit-in-arrivo-con-il-Governo-Conte.jpg\",\"datePublished\":\"2019-09-04T11:23:17+00:00\",\"dateModified\":\"2019-09-04T11:23:18+00:00\",\"author\":{\"@id\":\"https:\\\/\\\/super-news.info\\\/it\\\/#\\\/schema\\\/person\\\/2d4068cb2f39cd10008c2fce578a7356\"},\"breadcrumb\":{\"@id\":\"https:\\\/\\\/super-news.info\\\/it\\\/quota-100-le-novita-in-arrivo-con-il-governo-conte-bis\\\/#breadcrumb\"},\"inLanguage\":\"it-IT\",\"potentialAction\":[{\"@type\":\"ReadAction\",\"target\":[\"https:\\\/\\\/super-news.info\\\/it\\\/quota-100-le-novita-in-arrivo-con-il-governo-conte-bis\\\/\"]}]},{\"@type\":\"ImageObject\",\"inLanguage\":\"it-IT\",\"@id\":\"https:\\\/\\\/super-news.info\\\/it\\\/quota-100-le-novita-in-arrivo-con-il-governo-conte-bis\\\/#primaryimage\",\"url\":\"https:\\\/\\\/super-news.info\\\/it\\\/wp-content\\\/uploads\\\/sites\\\/9\\\/2019\\\/09\\\/Quota-100-le-novit-in-arrivo-con-il-Governo-Conte.jpg\",\"contentUrl\":\"https:\\\/\\\/super-news.info\\\/it\\\/wp-content\\\/uploads\\\/sites\\\/9\\\/2019\\\/09\\\/Quota-100-le-novit-in-arrivo-con-il-Governo-Conte.jpg\",\"width\":1024,\"height\":684,\"caption\":\"Quota 100: le novit\u00e0 in arrivo con il Governo Conte bis\"},{\"@type\":\"BreadcrumbList\",\"@id\":\"https:\\\/\\\/super-news.info\\\/it\\\/quota-100-le-novita-in-arrivo-con-il-governo-conte-bis\\\/#breadcrumb\",\"itemListElement\":[{\"@type\":\"ListItem\",\"position\":1,\"name\":\"Home\",\"item\":\"https:\\\/\\\/super-news.info\\\/it\\\/\"},{\"@type\":\"ListItem\",\"position\":2,\"name\":\"Quota 100: le novit\u00e0 in arrivo con il Governo Conte bis\"}]},{\"@type\":\"WebSite\",\"@id\":\"https:\\\/\\\/super-news.info\\\/it\\\/#website\",\"url\":\"https:\\\/\\\/super-news.info\\\/it\\\/\",\"name\":\"Super News\",\"description\":\"Super News from Italy\",\"potentialAction\":[{\"@type\":\"SearchAction\",\"target\":{\"@type\":\"EntryPoint\",\"urlTemplate\":\"https:\\\/\\\/super-news.info\\\/it\\\/?s={search_term_string}\"},\"query-input\":{\"@type\":\"PropertyValueSpecification\",\"valueRequired\":true,\"valueName\":\"search_term_string\"}}],\"inLanguage\":\"it-IT\"},{\"@type\":\"Person\",\"@id\":\"https:\\\/\\\/super-news.info\\\/it\\\/#\\\/schema\\\/person\\\/2d4068cb2f39cd10008c2fce578a7356\",\"name\":\"super-news\",\"image\":{\"@type\":\"ImageObject\",\"inLanguage\":\"it-IT\",\"@id\":\"https:\\\/\\\/secure.gravatar.com\\\/avatar\\\/64ebac40b93f26a154f8a9b5b6fdccfc46f442b26b3dd6756dbff3bf9dc76fd7?s=96&d=mm&r=g\",\"url\":\"https:\\\/\\\/secure.gravatar.com\\\/avatar\\\/64ebac40b93f26a154f8a9b5b6fdccfc46f442b26b3dd6756dbff3bf9dc76fd7?s=96&d=mm&r=g\",\"contentUrl\":\"https:\\\/\\\/secure.gravatar.com\\\/avatar\\\/64ebac40b93f26a154f8a9b5b6fdccfc46f442b26b3dd6756dbff3bf9dc76fd7?s=96&d=mm&r=g\",\"caption\":\"super-news\"},\"url\":\"https:\\\/\\\/super-news.info\\\/it\\\/author\\\/pt\\\/\"}]}<\/script>\n<!-- \/ Yoast SEO plugin. -->","yoast_head_json":{"title":"Quota 100: le novit\u00e0 in arrivo con il Governo Conte bis - Super News","robots":{"index":"index","follow":"follow","max-snippet":"max-snippet:-1","max-image-preview":"max-image-preview:large","max-video-preview":"max-video-preview:-1"},"canonical":"https:\/\/super-news.info\/it\/quota-100-le-novita-in-arrivo-con-il-governo-conte-bis\/","og_locale":"it_IT","og_type":"article","og_title":"Quota 100: le novit\u00e0 in arrivo con il Governo Conte bis - Super News","og_description":"4 Settembre 2019, di Alessandra Caparello Quota 100, la mini riforma previdenziale introdotta dal precedente governo, potrebbe subire alcune modifiche. Misura sperimentale introdotta per un triennio, dal 2019 al 2021, quota 100 \u00e8 la possibilit\u00e0 di andare in pensione anticipata se sussistono da una parte almeno 38 anni di anzianit\u00e0 contributiva e dall\u2019altra 62 anni [&hellip;]","og_url":"https:\/\/super-news.info\/it\/quota-100-le-novita-in-arrivo-con-il-governo-conte-bis\/","og_site_name":"Super News","article_published_time":"2019-09-04T11:23:17+00:00","article_modified_time":"2019-09-04T11:23:18+00:00","og_image":[{"width":1024,"height":684,"url":"https:\/\/super-news.info\/it\/wp-content\/uploads\/sites\/9\/2019\/09\/Quota-100-le-novit-in-arrivo-con-il-Governo-Conte.jpg","type":"image\/jpeg"}],"author":"super-news","twitter_card":"summary_large_image","twitter_misc":{"Scritto da":"super-news","Tempo di lettura stimato":"1 minuto"},"schema":{"@context":"https:\/\/schema.org","@graph":[{"@type":"Article","@id":"https:\/\/super-news.info\/it\/quota-100-le-novita-in-arrivo-con-il-governo-conte-bis\/#article","isPartOf":{"@id":"https:\/\/super-news.info\/it\/quota-100-le-novita-in-arrivo-con-il-governo-conte-bis\/"},"author":{"name":"super-news","@id":"https:\/\/super-news.info\/it\/#\/schema\/person\/2d4068cb2f39cd10008c2fce578a7356"},"headline":"Quota 100: le novit\u00e0 in arrivo con il Governo Conte bis","datePublished":"2019-09-04T11:23:17+00:00","dateModified":"2019-09-04T11:23:18+00:00","mainEntityOfPage":{"@id":"https:\/\/super-news.info\/it\/quota-100-le-novita-in-arrivo-con-il-governo-conte-bis\/"},"wordCount":288,"commentCount":0,"image":{"@id":"https:\/\/super-news.info\/it\/quota-100-le-novita-in-arrivo-con-il-governo-conte-bis\/#primaryimage"},"thumbnailUrl":"https:\/\/super-news.info\/it\/wp-content\/uploads\/sites\/9\/2019\/09\/Quota-100-le-novit-in-arrivo-con-il-Governo-Conte.jpg","articleSection":["NOTIZIE FINANZIARIE"],"inLanguage":"it-IT","potentialAction":[{"@type":"CommentAction","name":"Comment","target":["https:\/\/super-news.info\/it\/quota-100-le-novita-in-arrivo-con-il-governo-conte-bis\/#respond"]}]},{"@type":"WebPage","@id":"https:\/\/super-news.info\/it\/quota-100-le-novita-in-arrivo-con-il-governo-conte-bis\/","url":"https:\/\/super-news.info\/it\/quota-100-le-novita-in-arrivo-con-il-governo-conte-bis\/","name":"Quota 100: le novit\u00e0 in arrivo con il Governo Conte bis - Super News","isPartOf":{"@id":"https:\/\/super-news.info\/it\/#website"},"primaryImageOfPage":{"@id":"https:\/\/super-news.info\/it\/quota-100-le-novita-in-arrivo-con-il-governo-conte-bis\/#primaryimage"},"image":{"@id":"https:\/\/super-news.info\/it\/quota-100-le-novita-in-arrivo-con-il-governo-conte-bis\/#primaryimage"},"thumbnailUrl":"https:\/\/super-news.info\/it\/wp-content\/uploads\/sites\/9\/2019\/09\/Quota-100-le-novit-in-arrivo-con-il-Governo-Conte.jpg","datePublished":"2019-09-04T11:23:17+00:00","dateModified":"2019-09-04T11:23:18+00:00","author":{"@id":"https:\/\/super-news.info\/it\/#\/schema\/person\/2d4068cb2f39cd10008c2fce578a7356"},"breadcrumb":{"@id":"https:\/\/super-news.info\/it\/quota-100-le-novita-in-arrivo-con-il-governo-conte-bis\/#breadcrumb"},"inLanguage":"it-IT","potentialAction":[{"@type":"ReadAction","target":["https:\/\/super-news.info\/it\/quota-100-le-novita-in-arrivo-con-il-governo-conte-bis\/"]}]},{"@type":"ImageObject","inLanguage":"it-IT","@id":"https:\/\/super-news.info\/it\/quota-100-le-novita-in-arrivo-con-il-governo-conte-bis\/#primaryimage","url":"https:\/\/super-news.info\/it\/wp-content\/uploads\/sites\/9\/2019\/09\/Quota-100-le-novit-in-arrivo-con-il-Governo-Conte.jpg","contentUrl":"https:\/\/super-news.info\/it\/wp-content\/uploads\/sites\/9\/2019\/09\/Quota-100-le-novit-in-arrivo-con-il-Governo-Conte.jpg","width":1024,"height":684,"caption":"Quota 100: le novit\u00e0 in arrivo con il Governo Conte bis"},{"@type":"BreadcrumbList","@id":"https:\/\/super-news.info\/it\/quota-100-le-novita-in-arrivo-con-il-governo-conte-bis\/#breadcrumb","itemListElement":[{"@type":"ListItem","position":1,"name":"Home","item":"https:\/\/super-news.info\/it\/"},{"@type":"ListItem","position":2,"name":"Quota 100: le novit\u00e0 in arrivo con il Governo Conte bis"}]},{"@type":"WebSite","@id":"https:\/\/super-news.info\/it\/#website","url":"https:\/\/super-news.info\/it\/","name":"Super News","description":"Super News from Italy","potentialAction":[{"@type":"SearchAction","target":{"@type":"EntryPoint","urlTemplate":"https:\/\/super-news.info\/it\/?s={search_term_string}"},"query-input":{"@type":"PropertyValueSpecification","valueRequired":true,"valueName":"search_term_string"}}],"inLanguage":"it-IT"},{"@type":"Person","@id":"https:\/\/super-news.info\/it\/#\/schema\/person\/2d4068cb2f39cd10008c2fce578a7356","name":"super-news","image":{"@type":"ImageObject","inLanguage":"it-IT","@id":"https:\/\/secure.gravatar.com\/avatar\/64ebac40b93f26a154f8a9b5b6fdccfc46f442b26b3dd6756dbff3bf9dc76fd7?s=96&d=mm&r=g","url":"https:\/\/secure.gravatar.com\/avatar\/64ebac40b93f26a154f8a9b5b6fdccfc46f442b26b3dd6756dbff3bf9dc76fd7?s=96&d=mm&r=g","contentUrl":"https:\/\/secure.gravatar.com\/avatar\/64ebac40b93f26a154f8a9b5b6fdccfc46f442b26b3dd6756dbff3bf9dc76fd7?s=96&d=mm&r=g","caption":"super-news"},"url":"https:\/\/super-news.info\/it\/author\/pt\/"}]}},"_links":{"self":[{"href":"https:\/\/super-news.info\/it\/wp-json\/wp\/v2\/posts\/732","targetHints":{"allow":["GET"]}}],"collection":[{"href":"https:\/\/super-news.info\/it\/wp-json\/wp\/v2\/posts"}],"about":[{"href":"https:\/\/super-news.info\/it\/wp-json\/wp\/v2\/types\/post"}],"author":[{"embeddable":true,"href":"https:\/\/super-news.info\/it\/wp-json\/wp\/v2\/users\/2"}],"replies":[{"embeddable":true,"href":"https:\/\/super-news.info\/it\/wp-json\/wp\/v2\/comments?post=732"}],"version-history":[{"count":1,"href":"https:\/\/super-news.info\/it\/wp-json\/wp\/v2\/posts\/732\/revisions"}],"predecessor-version":[{"id":734,"href":"https:\/\/super-news.info\/it\/wp-json\/wp\/v2\/posts\/732\/revisions\/734"}],"wp:featuredmedia":[{"embeddable":true,"href":"https:\/\/super-news.info\/it\/wp-json\/wp\/v2\/media\/733"}],"wp:attachment":[{"href":"https:\/\/super-news.info\/it\/wp-json\/wp\/v2\/media?parent=732"}],"wp:term":[{"taxonomy":"category","embeddable":true,"href":"https:\/\/super-news.info\/it\/wp-json\/wp\/v2\/categories?post=732"},{"taxonomy":"post_tag","embeddable":true,"href":"https:\/\/super-news.info\/it\/wp-json\/wp\/v2\/tags?post=732"}],"curies":[{"name":"wp","href":"https:\/\/api.w.org\/{rel}","templated":true}]}}