{"id":714,"date":"2019-09-03T23:49:25","date_gmt":"2019-09-03T23:49:25","guid":{"rendered":"https:\/\/super-news.info\/it\/piattaforma-rousseau-chi-era-jean-jacques-il-filosofo\/"},"modified":"2019-09-03T23:49:26","modified_gmt":"2019-09-03T23:49:26","slug":"piattaforma-rousseau-chi-era-jean-jacques-il-filosofo","status":"publish","type":"post","link":"https:\/\/super-news.info\/it\/piattaforma-rousseau-chi-era-jean-jacques-il-filosofo\/","title":{"rendered":"Piattaforma Rousseau: chi era Jean-Jacques, il filosofo"},"content":{"rendered":"<div>\n<p>Il filosofo svizzero J<strong>ean-Jacques Rousseau<\/strong> non visse abbastanza da poter vedere l\u2019influenza del suo pensiero sulle menti che guidarono, 11 anni dopo la sua morte, la <strong>rivoluzione francese<\/strong>. E di certo non pot\u00e9 nemmeno lontanamente immaginare che la sua impronta sul concetto stesso di democrazia, gli sarebbe valsa una dedica esplicita nell\u2019agor\u00e0 tecnologica di un partito nato oltre 230 anni dopo la sua scomparsa, il <strong>Movimento 5 stelle<\/strong>.<\/p>\n<p>Rousseau nacque a Ginevra nel 1712, e rientra tradizionalmente nel gruppo di filosofi illuministi che culminer\u00e0, vari anni pi\u00f9 tardi, nella figura di Emanuele Kant. Nato da una famiglia di umili origini, il giovane Jean-Jacques non pot\u00e9 contare su un\u2019istruzione regolare. Le vicende biografiche degli anni giovanili sono caratterizzate da eventi burrascosi, che poco hanno a che vedere con la tradizionale figura\u00a0 del letterato; lo stesso Rousseu le riterr\u00e0 le sue vicende personali interessanti al punto da dedicarvi un\u2019autobiografia apertamente ispirata a Sant\u2019Agostino, \u201cLe Confessioni\u201d.<br \/>A 29 anni Rousseau aveva sviluppato il suo <strong>talento in ambito prevalentemente musicale<\/strong> (viene ricordata, fra le sue composizioni, \u201cL\u2019indovino del villaggio\u201d, una piccola opera buffa). Approdato a Parigi, entr\u00f2 in contatto con il gruppo di <em>philosophes<\/em> al lavoro sul grande progetto dell\u2019Enciclopedia: Diderot, Voltaire, Condillac. Da questi fu invitato a contribuire all\u2019opera redigendo alcune voci legate proprio alla scienza musicale. Solo a 42 anni Rousseau scriver\u00e0 la prima grande opera di carattere politico, destinata ad avere un\u2019immensa influenza sugli eventi rivoluzionari francesi e non solo: <em>Discours sur l\u2019origine et les fondements de l\u2019in\u00e9galit\u00e9 parmi les hommes<\/em> (1754). In questo lavoro, il filosofo indaga sulle origini della propriet\u00e0 privata, mostrando forti convinzioni egualitariste:<\/p>\n<blockquote>\n<p>\u201cIl primo uomo che, avendo recinto un terreno, ebbe l\u2019idea di proclamare questo \u00e8 mio, e trov\u00f2 altri cos\u00ec ingenui da credergli, costui \u00e8 stato il vero fondatore della societ\u00e0 civile\u201d, scriveva Rousseau nel suo primo capolavoro, \u201cquanti delitti, quante guerre, quanti assassinii, quante miserie, quanti orrori avrebbe risparmiato al genere umano colui che, strappando i pali o colmando il fosso, avesse gridato ai suoi simili: \u2018Guardatevi dall\u2019ascoltare questo impostore; se dimenticherete che i frutti sono di tutti e che la terra non \u00e8 di nessuno, sarete perduti!\u2019\u201d.<\/p>\n<\/blockquote>\n<p>Nel 1762, Rousseau scrisse altri due lavori di forte influenza. Il primo, l\u2019<em>Emilio<\/em>, \u00e8 un romanzo pedagogico sull\u2019educazione dei giovani imperniato sull\u2019idea che la formazione, lungi dall\u2019essere la mera trasmissione di regole e convenzioni sociali, dovrebbe essere basata sull\u2019esperienza libera della natura. La seconda, e forse maggiore fra le opere del filosofo, \u00e8 il <em>Contratto Sociale<\/em>. Approfondendo l\u2019esperienza del <em>Discours<\/em>, Rousseau si interrog\u00f2 sull\u2019organizzazione sociale in grado di \u201cresettare\u201d le ingiustizie degli uomini che progressivamente li avevano allontanati da uno stato di natura privo di disuguaglianze. Il Contratto sociale \u00e8, in sintesi, un accordo fra gli individui che si sottomettono liberamente alla <em>volont\u00e0 generale.<\/em> E\u2019 dunque un\u2019organizzazione mediata non pi\u00f9 a livello dei singoli uomini, bens\u00ec fra gli individui e le leggi che sono, a loro volta, l\u2019espressione della volont\u00e0 generale.<\/p>\n<p>Si inizia cos\u00ec a comprendere perch\u00e9, in un\u2019epoca ancora segnata dall\u2019assolutismo del sovrano, le opere di Rousseau fossero reputate socialmente pericolose. Nessuno, infatti, poteva essere escluso dal suo ruolo nella formazione della volont\u00e0 generale: in questo senso il pensiero del filosofo rientra fra i modelli ispiratori della democrazia moderna, in contrasto con l\u2019idea di monarchia \u201cdivina\u201d. Il filosofo, in quest\u2019opera, delinea in modo embrionale anche un principio di laicit\u00e0 definendo come <em>fede civile<\/em> quella nella \u201csantit\u00e0 delle leggi\u201d. A questo aspetto, per\u00f2, veniva considerata fede civile anche l\u2019esistenza di Dio e di una vita futura che prevedesse premi e castighi (Rousseau, fu prima calvinista e poi deista come Voltaire).<\/p>\n<p>Fra i molti aspetti della filosofia di Rousseau che hanno affascinato <strong>Gianroberto Casaleggio<\/strong> e il pensiero del Movimento 5 stelle, ne emergono almeno due. Nel terzo libro del <em>Contratto Sociale<\/em>, infatti, viene stabilito con forza che lo Stato e il Governo sono subordinati al potere sovrano del popolo e della volont\u00e0 generale da quest\u2019ultimo espressa. Ben conoscendo la tendenza dei governanti ad agire per fini particolari e non di interesse generale, Rousseau esclude che il contratto possa dirsi rispettato se il governo non rispetta il mandato conferitogli. Da qui, la centralit\u00e0 della cittadinanza e della politica \u201cal servizio dei cittadini\u201d da sempre invocata da Beppe Grillo e da Casaleggio. Ma non \u00e8 tutto. Sempre nel terzo libro, si intravede con chiarezza quel sogno di <strong>democrazia diretta<\/strong>, immaginata come segue da Roussaeu e resa possibile, secondo il M5s, dal progresso tecnologico moderno:<\/p>\n<blockquote>\n<p>\u201cLa sovranit\u00e0 non pu\u00f2 rappresentarsi per la stessa ragione onde non pu\u00f2 essere alienata: essa consiste essenzialmente nella volont\u00e0 generale, e <strong>la volont\u00e0 non si rappresenta<\/strong>: od \u00e8 la stessa, od \u00e8 un\u2019altra, non vi ha punto di mezzo\u201d, scrive il filosofo nel XV capitolo della sua opera maggiore. \u201c<strong>I deputati del popolo non sono dunque, n\u00e9 possono essere suoi rappresentanti, sono soltanto suoi commissari<\/strong>, e non ponno conchiuder nulla definitivamente\u201d, pertanto la ratifica del popolo \u00e8 un obbligo per ogni atto legislativo. Scriveva Rousseau: \u201cQualsiasi legge che non sia stata ratificata dal popolo in persona, \u00e8 nulla, non \u00e8 una legge. Il popolo inglese pensa d\u2019esser libero; ei s\u2019inganna a partito; e <strong>non \u00e8 libero se non durante l\u2019elezione dei membri del parlamento<\/strong>: non appena li ha eletti, che torna schiavo e non \u00e8 pi\u00f9 niente. Nei brevi istanti di sua libert\u00e0, per l\u2019uso che ne fa, merita di perderla\u201d.<\/p>\n<\/blockquote><\/div>\n<p><a href=\"https:\/\/www.wallstreetitalia.com\/piattaforma-rousseau-chi-era-jean-jacques-filosofo\/\">Source link <\/a><\/p>\n","protected":false},"excerpt":{"rendered":"<p>Il filosofo svizzero Jean-Jacques Rousseau non visse abbastanza da poter vedere l\u2019influenza del suo pensiero sulle menti che guidarono, 11 anni dopo la sua morte, la rivoluzione francese. E di certo non pot\u00e9 nemmeno lontanamente immaginare che la sua impronta sul concetto stesso di democrazia, gli sarebbe valsa una dedica esplicita nell\u2019agor\u00e0 tecnologica di un [&hellip;]<\/p>\n","protected":false},"author":2,"featured_media":715,"comment_status":"open","ping_status":"open","sticky":false,"template":"","format":"standard","meta":{"footnotes":""},"categories":[1],"tags":[],"class_list":["post-714","post","type-post","status-publish","format-standard","has-post-thumbnail","hentry","category-notizie-finanziarie"],"yoast_head":"<!-- This site is optimized with the Yoast SEO plugin v27.4 - https:\/\/yoast.com\/product\/yoast-seo-wordpress\/ -->\n<title>Piattaforma Rousseau: chi era Jean-Jacques, il filosofo - Super News<\/title>\n<meta name=\"robots\" content=\"index, follow, max-snippet:-1, max-image-preview:large, max-video-preview:-1\" \/>\n<link rel=\"canonical\" href=\"https:\/\/super-news.info\/it\/piattaforma-rousseau-chi-era-jean-jacques-il-filosofo\/\" \/>\n<meta property=\"og:locale\" content=\"it_IT\" \/>\n<meta property=\"og:type\" content=\"article\" \/>\n<meta property=\"og:title\" content=\"Piattaforma Rousseau: chi era Jean-Jacques, il filosofo - Super News\" \/>\n<meta property=\"og:description\" content=\"Il filosofo svizzero Jean-Jacques Rousseau non visse abbastanza da poter vedere l\u2019influenza del suo pensiero sulle menti che guidarono, 11 anni dopo la sua morte, la rivoluzione francese. E di certo non pot\u00e9 nemmeno lontanamente immaginare che la sua impronta sul concetto stesso di democrazia, gli sarebbe valsa una dedica esplicita nell\u2019agor\u00e0 tecnologica di un [&hellip;]\" \/>\n<meta property=\"og:url\" content=\"https:\/\/super-news.info\/it\/piattaforma-rousseau-chi-era-jean-jacques-il-filosofo\/\" \/>\n<meta property=\"og:site_name\" content=\"Super News\" \/>\n<meta property=\"article:published_time\" content=\"2019-09-03T23:49:25+00:00\" \/>\n<meta property=\"article:modified_time\" content=\"2019-09-03T23:49:26+00:00\" \/>\n<meta property=\"og:image\" content=\"https:\/\/super-news.info\/it\/wp-content\/uploads\/sites\/9\/2019\/09\/Piattaforma-Rousseau-chi-era-Jean-Jacques-il-filosofo.jpg\" \/>\n\t<meta property=\"og:image:width\" content=\"840\" \/>\n\t<meta property=\"og:image:height\" content=\"1024\" \/>\n\t<meta property=\"og:image:type\" content=\"image\/jpeg\" \/>\n<meta name=\"author\" content=\"super-news\" \/>\n<meta name=\"twitter:card\" content=\"summary_large_image\" \/>\n<meta name=\"twitter:label1\" content=\"Scritto da\" \/>\n\t<meta name=\"twitter:data1\" content=\"super-news\" \/>\n\t<meta name=\"twitter:label2\" content=\"Tempo di lettura stimato\" \/>\n\t<meta name=\"twitter:data2\" content=\"5 minuti\" \/>\n<script type=\"application\/ld+json\" class=\"yoast-schema-graph\">{\"@context\":\"https:\\\/\\\/schema.org\",\"@graph\":[{\"@type\":\"Article\",\"@id\":\"https:\\\/\\\/super-news.info\\\/it\\\/piattaforma-rousseau-chi-era-jean-jacques-il-filosofo\\\/#article\",\"isPartOf\":{\"@id\":\"https:\\\/\\\/super-news.info\\\/it\\\/piattaforma-rousseau-chi-era-jean-jacques-il-filosofo\\\/\"},\"author\":{\"name\":\"super-news\",\"@id\":\"https:\\\/\\\/super-news.info\\\/it\\\/#\\\/schema\\\/person\\\/2d4068cb2f39cd10008c2fce578a7356\"},\"headline\":\"Piattaforma Rousseau: chi era Jean-Jacques, il filosofo\",\"datePublished\":\"2019-09-03T23:49:25+00:00\",\"dateModified\":\"2019-09-03T23:49:26+00:00\",\"mainEntityOfPage\":{\"@id\":\"https:\\\/\\\/super-news.info\\\/it\\\/piattaforma-rousseau-chi-era-jean-jacques-il-filosofo\\\/\"},\"wordCount\":907,\"commentCount\":0,\"image\":{\"@id\":\"https:\\\/\\\/super-news.info\\\/it\\\/piattaforma-rousseau-chi-era-jean-jacques-il-filosofo\\\/#primaryimage\"},\"thumbnailUrl\":\"https:\\\/\\\/super-news.info\\\/it\\\/wp-content\\\/uploads\\\/sites\\\/9\\\/2019\\\/09\\\/Piattaforma-Rousseau-chi-era-Jean-Jacques-il-filosofo.jpg\",\"articleSection\":[\"NOTIZIE FINANZIARIE\"],\"inLanguage\":\"it-IT\",\"potentialAction\":[{\"@type\":\"CommentAction\",\"name\":\"Comment\",\"target\":[\"https:\\\/\\\/super-news.info\\\/it\\\/piattaforma-rousseau-chi-era-jean-jacques-il-filosofo\\\/#respond\"]}]},{\"@type\":\"WebPage\",\"@id\":\"https:\\\/\\\/super-news.info\\\/it\\\/piattaforma-rousseau-chi-era-jean-jacques-il-filosofo\\\/\",\"url\":\"https:\\\/\\\/super-news.info\\\/it\\\/piattaforma-rousseau-chi-era-jean-jacques-il-filosofo\\\/\",\"name\":\"Piattaforma Rousseau: chi era Jean-Jacques, il filosofo - Super News\",\"isPartOf\":{\"@id\":\"https:\\\/\\\/super-news.info\\\/it\\\/#website\"},\"primaryImageOfPage\":{\"@id\":\"https:\\\/\\\/super-news.info\\\/it\\\/piattaforma-rousseau-chi-era-jean-jacques-il-filosofo\\\/#primaryimage\"},\"image\":{\"@id\":\"https:\\\/\\\/super-news.info\\\/it\\\/piattaforma-rousseau-chi-era-jean-jacques-il-filosofo\\\/#primaryimage\"},\"thumbnailUrl\":\"https:\\\/\\\/super-news.info\\\/it\\\/wp-content\\\/uploads\\\/sites\\\/9\\\/2019\\\/09\\\/Piattaforma-Rousseau-chi-era-Jean-Jacques-il-filosofo.jpg\",\"datePublished\":\"2019-09-03T23:49:25+00:00\",\"dateModified\":\"2019-09-03T23:49:26+00:00\",\"author\":{\"@id\":\"https:\\\/\\\/super-news.info\\\/it\\\/#\\\/schema\\\/person\\\/2d4068cb2f39cd10008c2fce578a7356\"},\"breadcrumb\":{\"@id\":\"https:\\\/\\\/super-news.info\\\/it\\\/piattaforma-rousseau-chi-era-jean-jacques-il-filosofo\\\/#breadcrumb\"},\"inLanguage\":\"it-IT\",\"potentialAction\":[{\"@type\":\"ReadAction\",\"target\":[\"https:\\\/\\\/super-news.info\\\/it\\\/piattaforma-rousseau-chi-era-jean-jacques-il-filosofo\\\/\"]}]},{\"@type\":\"ImageObject\",\"inLanguage\":\"it-IT\",\"@id\":\"https:\\\/\\\/super-news.info\\\/it\\\/piattaforma-rousseau-chi-era-jean-jacques-il-filosofo\\\/#primaryimage\",\"url\":\"https:\\\/\\\/super-news.info\\\/it\\\/wp-content\\\/uploads\\\/sites\\\/9\\\/2019\\\/09\\\/Piattaforma-Rousseau-chi-era-Jean-Jacques-il-filosofo.jpg\",\"contentUrl\":\"https:\\\/\\\/super-news.info\\\/it\\\/wp-content\\\/uploads\\\/sites\\\/9\\\/2019\\\/09\\\/Piattaforma-Rousseau-chi-era-Jean-Jacques-il-filosofo.jpg\",\"width\":840,\"height\":1024,\"caption\":\"Piattaforma Rousseau: chi era Jean-Jacques, il filosofo\"},{\"@type\":\"BreadcrumbList\",\"@id\":\"https:\\\/\\\/super-news.info\\\/it\\\/piattaforma-rousseau-chi-era-jean-jacques-il-filosofo\\\/#breadcrumb\",\"itemListElement\":[{\"@type\":\"ListItem\",\"position\":1,\"name\":\"Home\",\"item\":\"https:\\\/\\\/super-news.info\\\/it\\\/\"},{\"@type\":\"ListItem\",\"position\":2,\"name\":\"Piattaforma Rousseau: chi era Jean-Jacques, il filosofo\"}]},{\"@type\":\"WebSite\",\"@id\":\"https:\\\/\\\/super-news.info\\\/it\\\/#website\",\"url\":\"https:\\\/\\\/super-news.info\\\/it\\\/\",\"name\":\"Super News\",\"description\":\"Super News from Italy\",\"potentialAction\":[{\"@type\":\"SearchAction\",\"target\":{\"@type\":\"EntryPoint\",\"urlTemplate\":\"https:\\\/\\\/super-news.info\\\/it\\\/?s={search_term_string}\"},\"query-input\":{\"@type\":\"PropertyValueSpecification\",\"valueRequired\":true,\"valueName\":\"search_term_string\"}}],\"inLanguage\":\"it-IT\"},{\"@type\":\"Person\",\"@id\":\"https:\\\/\\\/super-news.info\\\/it\\\/#\\\/schema\\\/person\\\/2d4068cb2f39cd10008c2fce578a7356\",\"name\":\"super-news\",\"image\":{\"@type\":\"ImageObject\",\"inLanguage\":\"it-IT\",\"@id\":\"https:\\\/\\\/secure.gravatar.com\\\/avatar\\\/64ebac40b93f26a154f8a9b5b6fdccfc46f442b26b3dd6756dbff3bf9dc76fd7?s=96&d=mm&r=g\",\"url\":\"https:\\\/\\\/secure.gravatar.com\\\/avatar\\\/64ebac40b93f26a154f8a9b5b6fdccfc46f442b26b3dd6756dbff3bf9dc76fd7?s=96&d=mm&r=g\",\"contentUrl\":\"https:\\\/\\\/secure.gravatar.com\\\/avatar\\\/64ebac40b93f26a154f8a9b5b6fdccfc46f442b26b3dd6756dbff3bf9dc76fd7?s=96&d=mm&r=g\",\"caption\":\"super-news\"},\"url\":\"https:\\\/\\\/super-news.info\\\/it\\\/author\\\/pt\\\/\"}]}<\/script>\n<!-- \/ Yoast SEO plugin. -->","yoast_head_json":{"title":"Piattaforma Rousseau: chi era Jean-Jacques, il filosofo - Super News","robots":{"index":"index","follow":"follow","max-snippet":"max-snippet:-1","max-image-preview":"max-image-preview:large","max-video-preview":"max-video-preview:-1"},"canonical":"https:\/\/super-news.info\/it\/piattaforma-rousseau-chi-era-jean-jacques-il-filosofo\/","og_locale":"it_IT","og_type":"article","og_title":"Piattaforma Rousseau: chi era Jean-Jacques, il filosofo - Super News","og_description":"Il filosofo svizzero Jean-Jacques Rousseau non visse abbastanza da poter vedere l\u2019influenza del suo pensiero sulle menti che guidarono, 11 anni dopo la sua morte, la rivoluzione francese. E di certo non pot\u00e9 nemmeno lontanamente immaginare che la sua impronta sul concetto stesso di democrazia, gli sarebbe valsa una dedica esplicita nell\u2019agor\u00e0 tecnologica di un [&hellip;]","og_url":"https:\/\/super-news.info\/it\/piattaforma-rousseau-chi-era-jean-jacques-il-filosofo\/","og_site_name":"Super News","article_published_time":"2019-09-03T23:49:25+00:00","article_modified_time":"2019-09-03T23:49:26+00:00","og_image":[{"width":840,"height":1024,"url":"https:\/\/super-news.info\/it\/wp-content\/uploads\/sites\/9\/2019\/09\/Piattaforma-Rousseau-chi-era-Jean-Jacques-il-filosofo.jpg","type":"image\/jpeg"}],"author":"super-news","twitter_card":"summary_large_image","twitter_misc":{"Scritto da":"super-news","Tempo di lettura stimato":"5 minuti"},"schema":{"@context":"https:\/\/schema.org","@graph":[{"@type":"Article","@id":"https:\/\/super-news.info\/it\/piattaforma-rousseau-chi-era-jean-jacques-il-filosofo\/#article","isPartOf":{"@id":"https:\/\/super-news.info\/it\/piattaforma-rousseau-chi-era-jean-jacques-il-filosofo\/"},"author":{"name":"super-news","@id":"https:\/\/super-news.info\/it\/#\/schema\/person\/2d4068cb2f39cd10008c2fce578a7356"},"headline":"Piattaforma Rousseau: chi era Jean-Jacques, il filosofo","datePublished":"2019-09-03T23:49:25+00:00","dateModified":"2019-09-03T23:49:26+00:00","mainEntityOfPage":{"@id":"https:\/\/super-news.info\/it\/piattaforma-rousseau-chi-era-jean-jacques-il-filosofo\/"},"wordCount":907,"commentCount":0,"image":{"@id":"https:\/\/super-news.info\/it\/piattaforma-rousseau-chi-era-jean-jacques-il-filosofo\/#primaryimage"},"thumbnailUrl":"https:\/\/super-news.info\/it\/wp-content\/uploads\/sites\/9\/2019\/09\/Piattaforma-Rousseau-chi-era-Jean-Jacques-il-filosofo.jpg","articleSection":["NOTIZIE FINANZIARIE"],"inLanguage":"it-IT","potentialAction":[{"@type":"CommentAction","name":"Comment","target":["https:\/\/super-news.info\/it\/piattaforma-rousseau-chi-era-jean-jacques-il-filosofo\/#respond"]}]},{"@type":"WebPage","@id":"https:\/\/super-news.info\/it\/piattaforma-rousseau-chi-era-jean-jacques-il-filosofo\/","url":"https:\/\/super-news.info\/it\/piattaforma-rousseau-chi-era-jean-jacques-il-filosofo\/","name":"Piattaforma Rousseau: chi era Jean-Jacques, il filosofo - Super News","isPartOf":{"@id":"https:\/\/super-news.info\/it\/#website"},"primaryImageOfPage":{"@id":"https:\/\/super-news.info\/it\/piattaforma-rousseau-chi-era-jean-jacques-il-filosofo\/#primaryimage"},"image":{"@id":"https:\/\/super-news.info\/it\/piattaforma-rousseau-chi-era-jean-jacques-il-filosofo\/#primaryimage"},"thumbnailUrl":"https:\/\/super-news.info\/it\/wp-content\/uploads\/sites\/9\/2019\/09\/Piattaforma-Rousseau-chi-era-Jean-Jacques-il-filosofo.jpg","datePublished":"2019-09-03T23:49:25+00:00","dateModified":"2019-09-03T23:49:26+00:00","author":{"@id":"https:\/\/super-news.info\/it\/#\/schema\/person\/2d4068cb2f39cd10008c2fce578a7356"},"breadcrumb":{"@id":"https:\/\/super-news.info\/it\/piattaforma-rousseau-chi-era-jean-jacques-il-filosofo\/#breadcrumb"},"inLanguage":"it-IT","potentialAction":[{"@type":"ReadAction","target":["https:\/\/super-news.info\/it\/piattaforma-rousseau-chi-era-jean-jacques-il-filosofo\/"]}]},{"@type":"ImageObject","inLanguage":"it-IT","@id":"https:\/\/super-news.info\/it\/piattaforma-rousseau-chi-era-jean-jacques-il-filosofo\/#primaryimage","url":"https:\/\/super-news.info\/it\/wp-content\/uploads\/sites\/9\/2019\/09\/Piattaforma-Rousseau-chi-era-Jean-Jacques-il-filosofo.jpg","contentUrl":"https:\/\/super-news.info\/it\/wp-content\/uploads\/sites\/9\/2019\/09\/Piattaforma-Rousseau-chi-era-Jean-Jacques-il-filosofo.jpg","width":840,"height":1024,"caption":"Piattaforma Rousseau: chi era Jean-Jacques, il filosofo"},{"@type":"BreadcrumbList","@id":"https:\/\/super-news.info\/it\/piattaforma-rousseau-chi-era-jean-jacques-il-filosofo\/#breadcrumb","itemListElement":[{"@type":"ListItem","position":1,"name":"Home","item":"https:\/\/super-news.info\/it\/"},{"@type":"ListItem","position":2,"name":"Piattaforma Rousseau: chi era Jean-Jacques, il filosofo"}]},{"@type":"WebSite","@id":"https:\/\/super-news.info\/it\/#website","url":"https:\/\/super-news.info\/it\/","name":"Super News","description":"Super News from Italy","potentialAction":[{"@type":"SearchAction","target":{"@type":"EntryPoint","urlTemplate":"https:\/\/super-news.info\/it\/?s={search_term_string}"},"query-input":{"@type":"PropertyValueSpecification","valueRequired":true,"valueName":"search_term_string"}}],"inLanguage":"it-IT"},{"@type":"Person","@id":"https:\/\/super-news.info\/it\/#\/schema\/person\/2d4068cb2f39cd10008c2fce578a7356","name":"super-news","image":{"@type":"ImageObject","inLanguage":"it-IT","@id":"https:\/\/secure.gravatar.com\/avatar\/64ebac40b93f26a154f8a9b5b6fdccfc46f442b26b3dd6756dbff3bf9dc76fd7?s=96&d=mm&r=g","url":"https:\/\/secure.gravatar.com\/avatar\/64ebac40b93f26a154f8a9b5b6fdccfc46f442b26b3dd6756dbff3bf9dc76fd7?s=96&d=mm&r=g","contentUrl":"https:\/\/secure.gravatar.com\/avatar\/64ebac40b93f26a154f8a9b5b6fdccfc46f442b26b3dd6756dbff3bf9dc76fd7?s=96&d=mm&r=g","caption":"super-news"},"url":"https:\/\/super-news.info\/it\/author\/pt\/"}]}},"_links":{"self":[{"href":"https:\/\/super-news.info\/it\/wp-json\/wp\/v2\/posts\/714","targetHints":{"allow":["GET"]}}],"collection":[{"href":"https:\/\/super-news.info\/it\/wp-json\/wp\/v2\/posts"}],"about":[{"href":"https:\/\/super-news.info\/it\/wp-json\/wp\/v2\/types\/post"}],"author":[{"embeddable":true,"href":"https:\/\/super-news.info\/it\/wp-json\/wp\/v2\/users\/2"}],"replies":[{"embeddable":true,"href":"https:\/\/super-news.info\/it\/wp-json\/wp\/v2\/comments?post=714"}],"version-history":[{"count":1,"href":"https:\/\/super-news.info\/it\/wp-json\/wp\/v2\/posts\/714\/revisions"}],"predecessor-version":[{"id":716,"href":"https:\/\/super-news.info\/it\/wp-json\/wp\/v2\/posts\/714\/revisions\/716"}],"wp:featuredmedia":[{"embeddable":true,"href":"https:\/\/super-news.info\/it\/wp-json\/wp\/v2\/media\/715"}],"wp:attachment":[{"href":"https:\/\/super-news.info\/it\/wp-json\/wp\/v2\/media?parent=714"}],"wp:term":[{"taxonomy":"category","embeddable":true,"href":"https:\/\/super-news.info\/it\/wp-json\/wp\/v2\/categories?post=714"},{"taxonomy":"post_tag","embeddable":true,"href":"https:\/\/super-news.info\/it\/wp-json\/wp\/v2\/tags?post=714"}],"curies":[{"name":"wp","href":"https:\/\/api.w.org\/{rel}","templated":true}]}}