{"id":708,"date":"2019-09-03T21:06:27","date_gmt":"2019-09-03T21:06:27","guid":{"rendered":"https:\/\/super-news.info\/it\/voto-rousseau-via-libera-al-governo-fra-pd-e-m5s\/"},"modified":"2019-09-03T21:06:28","modified_gmt":"2019-09-03T21:06:28","slug":"voto-rousseau-via-libera-al-governo-fra-pd-e-m5s","status":"publish","type":"post","link":"https:\/\/super-news.info\/it\/voto-rousseau-via-libera-al-governo-fra-pd-e-m5s\/","title":{"rendered":"Voto Rousseau, via libera al governo fra Pd e M5s"},"content":{"rendered":"<div id=\"article\">\n<div class=\"article__title\">\n<p>                        <span class=\"info\"><br \/>\n\t\t\t\t\t\t\t3 Settembre 2019, di Alberto Battaglia<br \/>\n          <\/span>\n                    <\/div>\n<div class=\"article__content\">\n<p>Il voto sulla piattaforma Rousseau ha confermato l\u2019avvio dell\u2019alleanza fra Pd e M5s. Il voto ha dato un risultato plebiscitario, con i \u201cs\u00ec\u201d vicini all\u201980%; una consultazione rafforzata dalla partecipazione pi\u00f9 ampia mai vista sulla piattaforma. Lo ha comunicato il leader del M5s, Luigi Di Maio, in una conferenza stampa tenuta alla Camera.<\/p>\n<p>Gi\u00e0 dalle prime ore di votazione era emerso con chiarezza che quella di oggi sarebbe stata la consultazione pi\u00f9 partecipata fra quelle finora organizzate sulla piattaforma del M5s (alle 16 i votanti erano oltre 73mila, non \u00e8 ancora chiaro il dato finale). E\u2019 stato superato di gran lunga il precedente record di circa 56mila voti, espressi in occasione della riconferma di Luigi Di Maio come leader del M5s. <strong>Davide Casaleggio<\/strong>, presidente dell\u2019Associazione Rousseau che gestisce la piattaforma ha commentato con soddisfazione il risultato parziale: \u201cE\u2019 un record mondiale\u201d.<\/p>\n<p>Il totoministri, poi, prosegue con insistenti indiscrezioni che vedrebbero il leader del M5s fuori dai suoi precedenti ministeri del Lavoro e dello Sviluppo economico, per approdare agli Esteri. Al Pd, verrebbero concessi gli importanti dicasteri dell\u2019Economia e delle Infrastrutture<\/p>\n<\/p><\/div>\n<div id=\"newsletter_div\" class=\"newsletter newletter-item nav-txt\">\n<p>\n      Ricevi aggiornamenti su <b>Crisi di Governo<\/b> Lasciaci la tua e-mail:\n    <\/p>\n<\/div><\/div>\n<p><a href=\"https:\/\/www.wallstreetitalia.com\/voto-record-su-rousseau-si-sono-gia-espressi-in-73mila\/\">Source link <\/a><\/p>\n","protected":false},"excerpt":{"rendered":"<p>3 Settembre 2019, di Alberto Battaglia Il voto sulla piattaforma Rousseau ha confermato l\u2019avvio dell\u2019alleanza fra Pd e M5s. Il voto ha dato un risultato plebiscitario, con i \u201cs\u00ec\u201d vicini all\u201980%; una consultazione rafforzata dalla partecipazione pi\u00f9 ampia mai vista sulla piattaforma. Lo ha comunicato il leader del M5s, Luigi Di Maio, in una conferenza [&hellip;]<\/p>\n","protected":false},"author":2,"featured_media":709,"comment_status":"open","ping_status":"open","sticky":false,"template":"","format":"standard","meta":{"footnotes":""},"categories":[1],"tags":[],"class_list":["post-708","post","type-post","status-publish","format-standard","has-post-thumbnail","hentry","category-notizie-finanziarie"],"yoast_head":"<!-- This site is optimized with the Yoast SEO plugin v27.4 - https:\/\/yoast.com\/product\/yoast-seo-wordpress\/ -->\n<title>Voto Rousseau, via libera al governo fra Pd e M5s - Super News<\/title>\n<meta name=\"robots\" content=\"index, follow, max-snippet:-1, max-image-preview:large, max-video-preview:-1\" \/>\n<link rel=\"canonical\" href=\"https:\/\/super-news.info\/it\/voto-rousseau-via-libera-al-governo-fra-pd-e-m5s\/\" \/>\n<meta property=\"og:locale\" content=\"it_IT\" \/>\n<meta property=\"og:type\" content=\"article\" \/>\n<meta property=\"og:title\" content=\"Voto Rousseau, via libera al governo fra Pd e M5s - Super News\" \/>\n<meta property=\"og:description\" content=\"3 Settembre 2019, di Alberto Battaglia Il voto sulla piattaforma Rousseau ha confermato l\u2019avvio dell\u2019alleanza fra Pd e M5s. Il voto ha dato un risultato plebiscitario, con i \u201cs\u00ec\u201d vicini all\u201980%; una consultazione rafforzata dalla partecipazione pi\u00f9 ampia mai vista sulla piattaforma. Lo ha comunicato il leader del M5s, Luigi Di Maio, in una conferenza [&hellip;]\" \/>\n<meta property=\"og:url\" content=\"https:\/\/super-news.info\/it\/voto-rousseau-via-libera-al-governo-fra-pd-e-m5s\/\" \/>\n<meta property=\"og:site_name\" content=\"Super News\" \/>\n<meta property=\"article:published_time\" content=\"2019-09-03T21:06:27+00:00\" \/>\n<meta property=\"article:modified_time\" content=\"2019-09-03T21:06:28+00:00\" \/>\n<meta property=\"og:image\" content=\"https:\/\/super-news.info\/it\/wp-content\/uploads\/sites\/9\/2019\/09\/Voto-Rousseau-via-libera-al-governo-fra-Pd-e-M5s.jpg\" \/>\n\t<meta property=\"og:image:width\" content=\"1024\" \/>\n\t<meta property=\"og:image:height\" content=\"682\" \/>\n\t<meta property=\"og:image:type\" content=\"image\/jpeg\" \/>\n<meta name=\"author\" content=\"super-news\" \/>\n<meta name=\"twitter:card\" content=\"summary_large_image\" \/>\n<meta name=\"twitter:label1\" content=\"Scritto da\" \/>\n\t<meta name=\"twitter:data1\" content=\"super-news\" \/>\n\t<meta name=\"twitter:label2\" content=\"Tempo di lettura stimato\" \/>\n\t<meta name=\"twitter:data2\" content=\"1 minuto\" \/>\n<script type=\"application\/ld+json\" class=\"yoast-schema-graph\">{\"@context\":\"https:\\\/\\\/schema.org\",\"@graph\":[{\"@type\":\"Article\",\"@id\":\"https:\\\/\\\/super-news.info\\\/it\\\/voto-rousseau-via-libera-al-governo-fra-pd-e-m5s\\\/#article\",\"isPartOf\":{\"@id\":\"https:\\\/\\\/super-news.info\\\/it\\\/voto-rousseau-via-libera-al-governo-fra-pd-e-m5s\\\/\"},\"author\":{\"name\":\"super-news\",\"@id\":\"https:\\\/\\\/super-news.info\\\/it\\\/#\\\/schema\\\/person\\\/2d4068cb2f39cd10008c2fce578a7356\"},\"headline\":\"Voto Rousseau, via libera al governo fra Pd e M5s\",\"datePublished\":\"2019-09-03T21:06:27+00:00\",\"dateModified\":\"2019-09-03T21:06:28+00:00\",\"mainEntityOfPage\":{\"@id\":\"https:\\\/\\\/super-news.info\\\/it\\\/voto-rousseau-via-libera-al-governo-fra-pd-e-m5s\\\/\"},\"wordCount\":214,\"commentCount\":0,\"image\":{\"@id\":\"https:\\\/\\\/super-news.info\\\/it\\\/voto-rousseau-via-libera-al-governo-fra-pd-e-m5s\\\/#primaryimage\"},\"thumbnailUrl\":\"https:\\\/\\\/super-news.info\\\/it\\\/wp-content\\\/uploads\\\/sites\\\/9\\\/2019\\\/09\\\/Voto-Rousseau-via-libera-al-governo-fra-Pd-e-M5s.jpg\",\"articleSection\":[\"NOTIZIE FINANZIARIE\"],\"inLanguage\":\"it-IT\",\"potentialAction\":[{\"@type\":\"CommentAction\",\"name\":\"Comment\",\"target\":[\"https:\\\/\\\/super-news.info\\\/it\\\/voto-rousseau-via-libera-al-governo-fra-pd-e-m5s\\\/#respond\"]}]},{\"@type\":\"WebPage\",\"@id\":\"https:\\\/\\\/super-news.info\\\/it\\\/voto-rousseau-via-libera-al-governo-fra-pd-e-m5s\\\/\",\"url\":\"https:\\\/\\\/super-news.info\\\/it\\\/voto-rousseau-via-libera-al-governo-fra-pd-e-m5s\\\/\",\"name\":\"Voto Rousseau, via libera al governo fra Pd e M5s - Super News\",\"isPartOf\":{\"@id\":\"https:\\\/\\\/super-news.info\\\/it\\\/#website\"},\"primaryImageOfPage\":{\"@id\":\"https:\\\/\\\/super-news.info\\\/it\\\/voto-rousseau-via-libera-al-governo-fra-pd-e-m5s\\\/#primaryimage\"},\"image\":{\"@id\":\"https:\\\/\\\/super-news.info\\\/it\\\/voto-rousseau-via-libera-al-governo-fra-pd-e-m5s\\\/#primaryimage\"},\"thumbnailUrl\":\"https:\\\/\\\/super-news.info\\\/it\\\/wp-content\\\/uploads\\\/sites\\\/9\\\/2019\\\/09\\\/Voto-Rousseau-via-libera-al-governo-fra-Pd-e-M5s.jpg\",\"datePublished\":\"2019-09-03T21:06:27+00:00\",\"dateModified\":\"2019-09-03T21:06:28+00:00\",\"author\":{\"@id\":\"https:\\\/\\\/super-news.info\\\/it\\\/#\\\/schema\\\/person\\\/2d4068cb2f39cd10008c2fce578a7356\"},\"breadcrumb\":{\"@id\":\"https:\\\/\\\/super-news.info\\\/it\\\/voto-rousseau-via-libera-al-governo-fra-pd-e-m5s\\\/#breadcrumb\"},\"inLanguage\":\"it-IT\",\"potentialAction\":[{\"@type\":\"ReadAction\",\"target\":[\"https:\\\/\\\/super-news.info\\\/it\\\/voto-rousseau-via-libera-al-governo-fra-pd-e-m5s\\\/\"]}]},{\"@type\":\"ImageObject\",\"inLanguage\":\"it-IT\",\"@id\":\"https:\\\/\\\/super-news.info\\\/it\\\/voto-rousseau-via-libera-al-governo-fra-pd-e-m5s\\\/#primaryimage\",\"url\":\"https:\\\/\\\/super-news.info\\\/it\\\/wp-content\\\/uploads\\\/sites\\\/9\\\/2019\\\/09\\\/Voto-Rousseau-via-libera-al-governo-fra-Pd-e-M5s.jpg\",\"contentUrl\":\"https:\\\/\\\/super-news.info\\\/it\\\/wp-content\\\/uploads\\\/sites\\\/9\\\/2019\\\/09\\\/Voto-Rousseau-via-libera-al-governo-fra-Pd-e-M5s.jpg\",\"width\":1024,\"height\":682,\"caption\":\"Voto Rousseau, via libera al governo fra Pd e M5s\"},{\"@type\":\"BreadcrumbList\",\"@id\":\"https:\\\/\\\/super-news.info\\\/it\\\/voto-rousseau-via-libera-al-governo-fra-pd-e-m5s\\\/#breadcrumb\",\"itemListElement\":[{\"@type\":\"ListItem\",\"position\":1,\"name\":\"Home\",\"item\":\"https:\\\/\\\/super-news.info\\\/it\\\/\"},{\"@type\":\"ListItem\",\"position\":2,\"name\":\"Voto Rousseau, via libera al governo fra Pd e M5s\"}]},{\"@type\":\"WebSite\",\"@id\":\"https:\\\/\\\/super-news.info\\\/it\\\/#website\",\"url\":\"https:\\\/\\\/super-news.info\\\/it\\\/\",\"name\":\"Super News\",\"description\":\"Super News from Italy\",\"potentialAction\":[{\"@type\":\"SearchAction\",\"target\":{\"@type\":\"EntryPoint\",\"urlTemplate\":\"https:\\\/\\\/super-news.info\\\/it\\\/?s={search_term_string}\"},\"query-input\":{\"@type\":\"PropertyValueSpecification\",\"valueRequired\":true,\"valueName\":\"search_term_string\"}}],\"inLanguage\":\"it-IT\"},{\"@type\":\"Person\",\"@id\":\"https:\\\/\\\/super-news.info\\\/it\\\/#\\\/schema\\\/person\\\/2d4068cb2f39cd10008c2fce578a7356\",\"name\":\"super-news\",\"image\":{\"@type\":\"ImageObject\",\"inLanguage\":\"it-IT\",\"@id\":\"https:\\\/\\\/secure.gravatar.com\\\/avatar\\\/64ebac40b93f26a154f8a9b5b6fdccfc46f442b26b3dd6756dbff3bf9dc76fd7?s=96&d=mm&r=g\",\"url\":\"https:\\\/\\\/secure.gravatar.com\\\/avatar\\\/64ebac40b93f26a154f8a9b5b6fdccfc46f442b26b3dd6756dbff3bf9dc76fd7?s=96&d=mm&r=g\",\"contentUrl\":\"https:\\\/\\\/secure.gravatar.com\\\/avatar\\\/64ebac40b93f26a154f8a9b5b6fdccfc46f442b26b3dd6756dbff3bf9dc76fd7?s=96&d=mm&r=g\",\"caption\":\"super-news\"},\"url\":\"https:\\\/\\\/super-news.info\\\/it\\\/author\\\/pt\\\/\"}]}<\/script>\n<!-- \/ Yoast SEO plugin. -->","yoast_head_json":{"title":"Voto Rousseau, via libera al governo fra Pd e M5s - Super News","robots":{"index":"index","follow":"follow","max-snippet":"max-snippet:-1","max-image-preview":"max-image-preview:large","max-video-preview":"max-video-preview:-1"},"canonical":"https:\/\/super-news.info\/it\/voto-rousseau-via-libera-al-governo-fra-pd-e-m5s\/","og_locale":"it_IT","og_type":"article","og_title":"Voto Rousseau, via libera al governo fra Pd e M5s - Super News","og_description":"3 Settembre 2019, di Alberto Battaglia Il voto sulla piattaforma Rousseau ha confermato l\u2019avvio dell\u2019alleanza fra Pd e M5s. Il voto ha dato un risultato plebiscitario, con i \u201cs\u00ec\u201d vicini all\u201980%; una consultazione rafforzata dalla partecipazione pi\u00f9 ampia mai vista sulla piattaforma. Lo ha comunicato il leader del M5s, Luigi Di Maio, in una conferenza [&hellip;]","og_url":"https:\/\/super-news.info\/it\/voto-rousseau-via-libera-al-governo-fra-pd-e-m5s\/","og_site_name":"Super News","article_published_time":"2019-09-03T21:06:27+00:00","article_modified_time":"2019-09-03T21:06:28+00:00","og_image":[{"width":1024,"height":682,"url":"https:\/\/super-news.info\/it\/wp-content\/uploads\/sites\/9\/2019\/09\/Voto-Rousseau-via-libera-al-governo-fra-Pd-e-M5s.jpg","type":"image\/jpeg"}],"author":"super-news","twitter_card":"summary_large_image","twitter_misc":{"Scritto da":"super-news","Tempo di lettura stimato":"1 minuto"},"schema":{"@context":"https:\/\/schema.org","@graph":[{"@type":"Article","@id":"https:\/\/super-news.info\/it\/voto-rousseau-via-libera-al-governo-fra-pd-e-m5s\/#article","isPartOf":{"@id":"https:\/\/super-news.info\/it\/voto-rousseau-via-libera-al-governo-fra-pd-e-m5s\/"},"author":{"name":"super-news","@id":"https:\/\/super-news.info\/it\/#\/schema\/person\/2d4068cb2f39cd10008c2fce578a7356"},"headline":"Voto Rousseau, via libera al governo fra Pd e M5s","datePublished":"2019-09-03T21:06:27+00:00","dateModified":"2019-09-03T21:06:28+00:00","mainEntityOfPage":{"@id":"https:\/\/super-news.info\/it\/voto-rousseau-via-libera-al-governo-fra-pd-e-m5s\/"},"wordCount":214,"commentCount":0,"image":{"@id":"https:\/\/super-news.info\/it\/voto-rousseau-via-libera-al-governo-fra-pd-e-m5s\/#primaryimage"},"thumbnailUrl":"https:\/\/super-news.info\/it\/wp-content\/uploads\/sites\/9\/2019\/09\/Voto-Rousseau-via-libera-al-governo-fra-Pd-e-M5s.jpg","articleSection":["NOTIZIE FINANZIARIE"],"inLanguage":"it-IT","potentialAction":[{"@type":"CommentAction","name":"Comment","target":["https:\/\/super-news.info\/it\/voto-rousseau-via-libera-al-governo-fra-pd-e-m5s\/#respond"]}]},{"@type":"WebPage","@id":"https:\/\/super-news.info\/it\/voto-rousseau-via-libera-al-governo-fra-pd-e-m5s\/","url":"https:\/\/super-news.info\/it\/voto-rousseau-via-libera-al-governo-fra-pd-e-m5s\/","name":"Voto Rousseau, via libera al governo fra Pd e M5s - Super News","isPartOf":{"@id":"https:\/\/super-news.info\/it\/#website"},"primaryImageOfPage":{"@id":"https:\/\/super-news.info\/it\/voto-rousseau-via-libera-al-governo-fra-pd-e-m5s\/#primaryimage"},"image":{"@id":"https:\/\/super-news.info\/it\/voto-rousseau-via-libera-al-governo-fra-pd-e-m5s\/#primaryimage"},"thumbnailUrl":"https:\/\/super-news.info\/it\/wp-content\/uploads\/sites\/9\/2019\/09\/Voto-Rousseau-via-libera-al-governo-fra-Pd-e-M5s.jpg","datePublished":"2019-09-03T21:06:27+00:00","dateModified":"2019-09-03T21:06:28+00:00","author":{"@id":"https:\/\/super-news.info\/it\/#\/schema\/person\/2d4068cb2f39cd10008c2fce578a7356"},"breadcrumb":{"@id":"https:\/\/super-news.info\/it\/voto-rousseau-via-libera-al-governo-fra-pd-e-m5s\/#breadcrumb"},"inLanguage":"it-IT","potentialAction":[{"@type":"ReadAction","target":["https:\/\/super-news.info\/it\/voto-rousseau-via-libera-al-governo-fra-pd-e-m5s\/"]}]},{"@type":"ImageObject","inLanguage":"it-IT","@id":"https:\/\/super-news.info\/it\/voto-rousseau-via-libera-al-governo-fra-pd-e-m5s\/#primaryimage","url":"https:\/\/super-news.info\/it\/wp-content\/uploads\/sites\/9\/2019\/09\/Voto-Rousseau-via-libera-al-governo-fra-Pd-e-M5s.jpg","contentUrl":"https:\/\/super-news.info\/it\/wp-content\/uploads\/sites\/9\/2019\/09\/Voto-Rousseau-via-libera-al-governo-fra-Pd-e-M5s.jpg","width":1024,"height":682,"caption":"Voto Rousseau, via libera al governo fra Pd e M5s"},{"@type":"BreadcrumbList","@id":"https:\/\/super-news.info\/it\/voto-rousseau-via-libera-al-governo-fra-pd-e-m5s\/#breadcrumb","itemListElement":[{"@type":"ListItem","position":1,"name":"Home","item":"https:\/\/super-news.info\/it\/"},{"@type":"ListItem","position":2,"name":"Voto Rousseau, via libera al governo fra Pd e M5s"}]},{"@type":"WebSite","@id":"https:\/\/super-news.info\/it\/#website","url":"https:\/\/super-news.info\/it\/","name":"Super News","description":"Super News from Italy","potentialAction":[{"@type":"SearchAction","target":{"@type":"EntryPoint","urlTemplate":"https:\/\/super-news.info\/it\/?s={search_term_string}"},"query-input":{"@type":"PropertyValueSpecification","valueRequired":true,"valueName":"search_term_string"}}],"inLanguage":"it-IT"},{"@type":"Person","@id":"https:\/\/super-news.info\/it\/#\/schema\/person\/2d4068cb2f39cd10008c2fce578a7356","name":"super-news","image":{"@type":"ImageObject","inLanguage":"it-IT","@id":"https:\/\/secure.gravatar.com\/avatar\/64ebac40b93f26a154f8a9b5b6fdccfc46f442b26b3dd6756dbff3bf9dc76fd7?s=96&d=mm&r=g","url":"https:\/\/secure.gravatar.com\/avatar\/64ebac40b93f26a154f8a9b5b6fdccfc46f442b26b3dd6756dbff3bf9dc76fd7?s=96&d=mm&r=g","contentUrl":"https:\/\/secure.gravatar.com\/avatar\/64ebac40b93f26a154f8a9b5b6fdccfc46f442b26b3dd6756dbff3bf9dc76fd7?s=96&d=mm&r=g","caption":"super-news"},"url":"https:\/\/super-news.info\/it\/author\/pt\/"}]}},"_links":{"self":[{"href":"https:\/\/super-news.info\/it\/wp-json\/wp\/v2\/posts\/708","targetHints":{"allow":["GET"]}}],"collection":[{"href":"https:\/\/super-news.info\/it\/wp-json\/wp\/v2\/posts"}],"about":[{"href":"https:\/\/super-news.info\/it\/wp-json\/wp\/v2\/types\/post"}],"author":[{"embeddable":true,"href":"https:\/\/super-news.info\/it\/wp-json\/wp\/v2\/users\/2"}],"replies":[{"embeddable":true,"href":"https:\/\/super-news.info\/it\/wp-json\/wp\/v2\/comments?post=708"}],"version-history":[{"count":1,"href":"https:\/\/super-news.info\/it\/wp-json\/wp\/v2\/posts\/708\/revisions"}],"predecessor-version":[{"id":710,"href":"https:\/\/super-news.info\/it\/wp-json\/wp\/v2\/posts\/708\/revisions\/710"}],"wp:featuredmedia":[{"embeddable":true,"href":"https:\/\/super-news.info\/it\/wp-json\/wp\/v2\/media\/709"}],"wp:attachment":[{"href":"https:\/\/super-news.info\/it\/wp-json\/wp\/v2\/media?parent=708"}],"wp:term":[{"taxonomy":"category","embeddable":true,"href":"https:\/\/super-news.info\/it\/wp-json\/wp\/v2\/categories?post=708"},{"taxonomy":"post_tag","embeddable":true,"href":"https:\/\/super-news.info\/it\/wp-json\/wp\/v2\/tags?post=708"}],"curies":[{"name":"wp","href":"https:\/\/api.w.org\/{rel}","templated":true}]}}