{"id":702,"date":"2019-09-03T16:36:38","date_gmt":"2019-09-03T16:36:38","guid":{"rendered":"https:\/\/super-news.info\/it\/brexit-johnson-non-ha-piu-maggioranza-alla-camera\/"},"modified":"2019-09-03T16:36:40","modified_gmt":"2019-09-03T16:36:40","slug":"brexit-johnson-non-ha-piu-maggioranza-alla-camera","status":"publish","type":"post","link":"https:\/\/super-news.info\/it\/brexit-johnson-non-ha-piu-maggioranza-alla-camera\/","title":{"rendered":"Brexit, Johnson non ha pi\u00f9 maggioranza alla Camera"},"content":{"rendered":"<div>\n<p>Vacilla il governo britannico presieduto da <strong>Boris Johnson<\/strong> che, con il passaggio dell\u2019ex sottosegretario <strong>Philip Lee<\/strong> al gruppo liberaldemocratico, non pu\u00f2 pi\u00f9 contare sulla maggioranza alla Camera dei Comuni. La \u201cmaggioranza\u201d passa ora a 319 voti, contro i 320 in mano all\u2019opposizione. L\u2019esecutivo, comunque, potr\u00e0 rimanere in carica finch\u00e9 non incasser\u00e0 un voto di sfiducia in parlamento. Lee, membro fino ad oggi del partito conservatore che assieme agli unionisti sostiene il governo Johnson, ha motivato la sua defezione accusando l\u2019esecutivo di \u201crincorrere senza scrupoli una Brexit dannosa\u201d.<\/p>\n<p>Negli ultimi, intensi giorni, di vita politica britannica il premier aveva annunciato che la Brexit avrebbe avuto luogo nei tempi previsti, il 31 ottobre, per poi confermare che nessuna estensione del periodo cuscinetto sarebbe stata richiesta all\u2019Europa. Successivamente, Johnson ha richiesto la sospensione del parlamento britannico fino al 14 ottobre, riducendo la finestra temporale che consentirebbe al governo di impedire un\u2019uscita del Regno Unito senza accordo con l\u2019Ue. La mossa, avallata dalla regina Elisabetta II, ha innescato furiose proteste nel Paese e di fronte a Westminster.<\/p>\n<p>Intervenuto oggi in Aula, il primo ministro ha affermato che bloccare il percorso d\u2019uscita per il 31 ottobre annullerebbe ogni possibilit\u00e0 di \u201cnegoziare un nuovo accordo\u201d con l\u2019Ue. Se i ribelli del partito conservatore riuscissero a prevalere, facendo passare una legge anti No-deal, Johnson si vedrebbe costretto \u201ca pregare per un ulteriore ritardo senza scopo\u201d dei termini di esecuzione della Brexit. Una preghiera che il premier, ha affermato, non \u00e8 disposto a recitare: \u201cVorrebbe dire issar bandiera bianca\u201d.<\/p>\n<p>Se il parlamento riuscisse a bloccare la Brexit per il prossimo 31 ottobre, ha confermato un portavoce del premier, \u201csi sarebbe costretti alle elezioni\u201d in quanto il primo ministro avrebbe perso la sua posizione negoziale, \u201ctali elezioni avrebbero luogo prima del Consiglio europeo di ottobre\u201d del prossimo 17 ottobre.<\/p>\n<\/p><\/div>\n<p><a href=\"https:\/\/www.wallstreetitalia.com\/brexit-johnson-maggioranza\/\">Source link <\/a><\/p>\n","protected":false},"excerpt":{"rendered":"<p>Vacilla il governo britannico presieduto da Boris Johnson che, con il passaggio dell\u2019ex sottosegretario Philip Lee al gruppo liberaldemocratico, non pu\u00f2 pi\u00f9 contare sulla maggioranza alla Camera dei Comuni. La \u201cmaggioranza\u201d passa ora a 319 voti, contro i 320 in mano all\u2019opposizione. L\u2019esecutivo, comunque, potr\u00e0 rimanere in carica finch\u00e9 non incasser\u00e0 un voto di sfiducia [&hellip;]<\/p>\n","protected":false},"author":2,"featured_media":703,"comment_status":"open","ping_status":"open","sticky":false,"template":"","format":"standard","meta":{"footnotes":""},"categories":[1],"tags":[],"class_list":["post-702","post","type-post","status-publish","format-standard","has-post-thumbnail","hentry","category-notizie-finanziarie"],"yoast_head":"<!-- This site is optimized with the Yoast SEO plugin v27.4 - https:\/\/yoast.com\/product\/yoast-seo-wordpress\/ -->\n<title>Brexit, Johnson non ha pi\u00f9 maggioranza alla Camera - Super News<\/title>\n<meta name=\"robots\" content=\"index, follow, max-snippet:-1, max-image-preview:large, max-video-preview:-1\" \/>\n<link rel=\"canonical\" href=\"https:\/\/super-news.info\/it\/brexit-johnson-non-ha-piu-maggioranza-alla-camera\/\" \/>\n<meta property=\"og:locale\" content=\"it_IT\" \/>\n<meta property=\"og:type\" content=\"article\" \/>\n<meta property=\"og:title\" content=\"Brexit, Johnson non ha pi\u00f9 maggioranza alla Camera - Super News\" \/>\n<meta property=\"og:description\" content=\"Vacilla il governo britannico presieduto da Boris Johnson che, con il passaggio dell\u2019ex sottosegretario Philip Lee al gruppo liberaldemocratico, non pu\u00f2 pi\u00f9 contare sulla maggioranza alla Camera dei Comuni. La \u201cmaggioranza\u201d passa ora a 319 voti, contro i 320 in mano all\u2019opposizione. L\u2019esecutivo, comunque, potr\u00e0 rimanere in carica finch\u00e9 non incasser\u00e0 un voto di sfiducia [&hellip;]\" \/>\n<meta property=\"og:url\" content=\"https:\/\/super-news.info\/it\/brexit-johnson-non-ha-piu-maggioranza-alla-camera\/\" \/>\n<meta property=\"og:site_name\" content=\"Super News\" \/>\n<meta property=\"article:published_time\" content=\"2019-09-03T16:36:38+00:00\" \/>\n<meta property=\"article:modified_time\" content=\"2019-09-03T16:36:40+00:00\" \/>\n<meta property=\"og:image\" content=\"https:\/\/super-news.info\/it\/wp-content\/uploads\/sites\/9\/2019\/09\/Brexit-Johnson-non-ha-pi-maggioranza-alla-Camera.jpg\" \/>\n\t<meta property=\"og:image:width\" content=\"1024\" \/>\n\t<meta property=\"og:image:height\" content=\"683\" \/>\n\t<meta property=\"og:image:type\" content=\"image\/jpeg\" \/>\n<meta name=\"author\" content=\"super-news\" \/>\n<meta name=\"twitter:card\" content=\"summary_large_image\" \/>\n<meta name=\"twitter:label1\" content=\"Scritto da\" \/>\n\t<meta name=\"twitter:data1\" content=\"super-news\" \/>\n\t<meta name=\"twitter:label2\" content=\"Tempo di lettura stimato\" \/>\n\t<meta name=\"twitter:data2\" content=\"2 minuti\" \/>\n<script type=\"application\/ld+json\" class=\"yoast-schema-graph\">{\"@context\":\"https:\\\/\\\/schema.org\",\"@graph\":[{\"@type\":\"Article\",\"@id\":\"https:\\\/\\\/super-news.info\\\/it\\\/brexit-johnson-non-ha-piu-maggioranza-alla-camera\\\/#article\",\"isPartOf\":{\"@id\":\"https:\\\/\\\/super-news.info\\\/it\\\/brexit-johnson-non-ha-piu-maggioranza-alla-camera\\\/\"},\"author\":{\"name\":\"super-news\",\"@id\":\"https:\\\/\\\/super-news.info\\\/it\\\/#\\\/schema\\\/person\\\/2d4068cb2f39cd10008c2fce578a7356\"},\"headline\":\"Brexit, Johnson non ha pi\u00f9 maggioranza alla Camera\",\"datePublished\":\"2019-09-03T16:36:38+00:00\",\"dateModified\":\"2019-09-03T16:36:40+00:00\",\"mainEntityOfPage\":{\"@id\":\"https:\\\/\\\/super-news.info\\\/it\\\/brexit-johnson-non-ha-piu-maggioranza-alla-camera\\\/\"},\"wordCount\":311,\"commentCount\":0,\"image\":{\"@id\":\"https:\\\/\\\/super-news.info\\\/it\\\/brexit-johnson-non-ha-piu-maggioranza-alla-camera\\\/#primaryimage\"},\"thumbnailUrl\":\"https:\\\/\\\/super-news.info\\\/it\\\/wp-content\\\/uploads\\\/sites\\\/9\\\/2019\\\/09\\\/Brexit-Johnson-non-ha-pi-maggioranza-alla-Camera.jpg\",\"articleSection\":[\"NOTIZIE FINANZIARIE\"],\"inLanguage\":\"it-IT\",\"potentialAction\":[{\"@type\":\"CommentAction\",\"name\":\"Comment\",\"target\":[\"https:\\\/\\\/super-news.info\\\/it\\\/brexit-johnson-non-ha-piu-maggioranza-alla-camera\\\/#respond\"]}]},{\"@type\":\"WebPage\",\"@id\":\"https:\\\/\\\/super-news.info\\\/it\\\/brexit-johnson-non-ha-piu-maggioranza-alla-camera\\\/\",\"url\":\"https:\\\/\\\/super-news.info\\\/it\\\/brexit-johnson-non-ha-piu-maggioranza-alla-camera\\\/\",\"name\":\"Brexit, Johnson non ha pi\u00f9 maggioranza alla Camera - Super News\",\"isPartOf\":{\"@id\":\"https:\\\/\\\/super-news.info\\\/it\\\/#website\"},\"primaryImageOfPage\":{\"@id\":\"https:\\\/\\\/super-news.info\\\/it\\\/brexit-johnson-non-ha-piu-maggioranza-alla-camera\\\/#primaryimage\"},\"image\":{\"@id\":\"https:\\\/\\\/super-news.info\\\/it\\\/brexit-johnson-non-ha-piu-maggioranza-alla-camera\\\/#primaryimage\"},\"thumbnailUrl\":\"https:\\\/\\\/super-news.info\\\/it\\\/wp-content\\\/uploads\\\/sites\\\/9\\\/2019\\\/09\\\/Brexit-Johnson-non-ha-pi-maggioranza-alla-Camera.jpg\",\"datePublished\":\"2019-09-03T16:36:38+00:00\",\"dateModified\":\"2019-09-03T16:36:40+00:00\",\"author\":{\"@id\":\"https:\\\/\\\/super-news.info\\\/it\\\/#\\\/schema\\\/person\\\/2d4068cb2f39cd10008c2fce578a7356\"},\"breadcrumb\":{\"@id\":\"https:\\\/\\\/super-news.info\\\/it\\\/brexit-johnson-non-ha-piu-maggioranza-alla-camera\\\/#breadcrumb\"},\"inLanguage\":\"it-IT\",\"potentialAction\":[{\"@type\":\"ReadAction\",\"target\":[\"https:\\\/\\\/super-news.info\\\/it\\\/brexit-johnson-non-ha-piu-maggioranza-alla-camera\\\/\"]}]},{\"@type\":\"ImageObject\",\"inLanguage\":\"it-IT\",\"@id\":\"https:\\\/\\\/super-news.info\\\/it\\\/brexit-johnson-non-ha-piu-maggioranza-alla-camera\\\/#primaryimage\",\"url\":\"https:\\\/\\\/super-news.info\\\/it\\\/wp-content\\\/uploads\\\/sites\\\/9\\\/2019\\\/09\\\/Brexit-Johnson-non-ha-pi-maggioranza-alla-Camera.jpg\",\"contentUrl\":\"https:\\\/\\\/super-news.info\\\/it\\\/wp-content\\\/uploads\\\/sites\\\/9\\\/2019\\\/09\\\/Brexit-Johnson-non-ha-pi-maggioranza-alla-Camera.jpg\",\"width\":1024,\"height\":683,\"caption\":\"Brexit, Johnson non ha pi\u00f9 maggioranza alla Camera\"},{\"@type\":\"BreadcrumbList\",\"@id\":\"https:\\\/\\\/super-news.info\\\/it\\\/brexit-johnson-non-ha-piu-maggioranza-alla-camera\\\/#breadcrumb\",\"itemListElement\":[{\"@type\":\"ListItem\",\"position\":1,\"name\":\"Home\",\"item\":\"https:\\\/\\\/super-news.info\\\/it\\\/\"},{\"@type\":\"ListItem\",\"position\":2,\"name\":\"Brexit, Johnson non ha pi\u00f9 maggioranza alla Camera\"}]},{\"@type\":\"WebSite\",\"@id\":\"https:\\\/\\\/super-news.info\\\/it\\\/#website\",\"url\":\"https:\\\/\\\/super-news.info\\\/it\\\/\",\"name\":\"Super News\",\"description\":\"Super News from Italy\",\"potentialAction\":[{\"@type\":\"SearchAction\",\"target\":{\"@type\":\"EntryPoint\",\"urlTemplate\":\"https:\\\/\\\/super-news.info\\\/it\\\/?s={search_term_string}\"},\"query-input\":{\"@type\":\"PropertyValueSpecification\",\"valueRequired\":true,\"valueName\":\"search_term_string\"}}],\"inLanguage\":\"it-IT\"},{\"@type\":\"Person\",\"@id\":\"https:\\\/\\\/super-news.info\\\/it\\\/#\\\/schema\\\/person\\\/2d4068cb2f39cd10008c2fce578a7356\",\"name\":\"super-news\",\"image\":{\"@type\":\"ImageObject\",\"inLanguage\":\"it-IT\",\"@id\":\"https:\\\/\\\/secure.gravatar.com\\\/avatar\\\/64ebac40b93f26a154f8a9b5b6fdccfc46f442b26b3dd6756dbff3bf9dc76fd7?s=96&d=mm&r=g\",\"url\":\"https:\\\/\\\/secure.gravatar.com\\\/avatar\\\/64ebac40b93f26a154f8a9b5b6fdccfc46f442b26b3dd6756dbff3bf9dc76fd7?s=96&d=mm&r=g\",\"contentUrl\":\"https:\\\/\\\/secure.gravatar.com\\\/avatar\\\/64ebac40b93f26a154f8a9b5b6fdccfc46f442b26b3dd6756dbff3bf9dc76fd7?s=96&d=mm&r=g\",\"caption\":\"super-news\"},\"url\":\"https:\\\/\\\/super-news.info\\\/it\\\/author\\\/pt\\\/\"}]}<\/script>\n<!-- \/ Yoast SEO plugin. -->","yoast_head_json":{"title":"Brexit, Johnson non ha pi\u00f9 maggioranza alla Camera - Super News","robots":{"index":"index","follow":"follow","max-snippet":"max-snippet:-1","max-image-preview":"max-image-preview:large","max-video-preview":"max-video-preview:-1"},"canonical":"https:\/\/super-news.info\/it\/brexit-johnson-non-ha-piu-maggioranza-alla-camera\/","og_locale":"it_IT","og_type":"article","og_title":"Brexit, Johnson non ha pi\u00f9 maggioranza alla Camera - Super News","og_description":"Vacilla il governo britannico presieduto da Boris Johnson che, con il passaggio dell\u2019ex sottosegretario Philip Lee al gruppo liberaldemocratico, non pu\u00f2 pi\u00f9 contare sulla maggioranza alla Camera dei Comuni. La \u201cmaggioranza\u201d passa ora a 319 voti, contro i 320 in mano all\u2019opposizione. L\u2019esecutivo, comunque, potr\u00e0 rimanere in carica finch\u00e9 non incasser\u00e0 un voto di sfiducia [&hellip;]","og_url":"https:\/\/super-news.info\/it\/brexit-johnson-non-ha-piu-maggioranza-alla-camera\/","og_site_name":"Super News","article_published_time":"2019-09-03T16:36:38+00:00","article_modified_time":"2019-09-03T16:36:40+00:00","og_image":[{"width":1024,"height":683,"url":"https:\/\/super-news.info\/it\/wp-content\/uploads\/sites\/9\/2019\/09\/Brexit-Johnson-non-ha-pi-maggioranza-alla-Camera.jpg","type":"image\/jpeg"}],"author":"super-news","twitter_card":"summary_large_image","twitter_misc":{"Scritto da":"super-news","Tempo di lettura stimato":"2 minuti"},"schema":{"@context":"https:\/\/schema.org","@graph":[{"@type":"Article","@id":"https:\/\/super-news.info\/it\/brexit-johnson-non-ha-piu-maggioranza-alla-camera\/#article","isPartOf":{"@id":"https:\/\/super-news.info\/it\/brexit-johnson-non-ha-piu-maggioranza-alla-camera\/"},"author":{"name":"super-news","@id":"https:\/\/super-news.info\/it\/#\/schema\/person\/2d4068cb2f39cd10008c2fce578a7356"},"headline":"Brexit, Johnson non ha pi\u00f9 maggioranza alla Camera","datePublished":"2019-09-03T16:36:38+00:00","dateModified":"2019-09-03T16:36:40+00:00","mainEntityOfPage":{"@id":"https:\/\/super-news.info\/it\/brexit-johnson-non-ha-piu-maggioranza-alla-camera\/"},"wordCount":311,"commentCount":0,"image":{"@id":"https:\/\/super-news.info\/it\/brexit-johnson-non-ha-piu-maggioranza-alla-camera\/#primaryimage"},"thumbnailUrl":"https:\/\/super-news.info\/it\/wp-content\/uploads\/sites\/9\/2019\/09\/Brexit-Johnson-non-ha-pi-maggioranza-alla-Camera.jpg","articleSection":["NOTIZIE FINANZIARIE"],"inLanguage":"it-IT","potentialAction":[{"@type":"CommentAction","name":"Comment","target":["https:\/\/super-news.info\/it\/brexit-johnson-non-ha-piu-maggioranza-alla-camera\/#respond"]}]},{"@type":"WebPage","@id":"https:\/\/super-news.info\/it\/brexit-johnson-non-ha-piu-maggioranza-alla-camera\/","url":"https:\/\/super-news.info\/it\/brexit-johnson-non-ha-piu-maggioranza-alla-camera\/","name":"Brexit, Johnson non ha pi\u00f9 maggioranza alla Camera - Super News","isPartOf":{"@id":"https:\/\/super-news.info\/it\/#website"},"primaryImageOfPage":{"@id":"https:\/\/super-news.info\/it\/brexit-johnson-non-ha-piu-maggioranza-alla-camera\/#primaryimage"},"image":{"@id":"https:\/\/super-news.info\/it\/brexit-johnson-non-ha-piu-maggioranza-alla-camera\/#primaryimage"},"thumbnailUrl":"https:\/\/super-news.info\/it\/wp-content\/uploads\/sites\/9\/2019\/09\/Brexit-Johnson-non-ha-pi-maggioranza-alla-Camera.jpg","datePublished":"2019-09-03T16:36:38+00:00","dateModified":"2019-09-03T16:36:40+00:00","author":{"@id":"https:\/\/super-news.info\/it\/#\/schema\/person\/2d4068cb2f39cd10008c2fce578a7356"},"breadcrumb":{"@id":"https:\/\/super-news.info\/it\/brexit-johnson-non-ha-piu-maggioranza-alla-camera\/#breadcrumb"},"inLanguage":"it-IT","potentialAction":[{"@type":"ReadAction","target":["https:\/\/super-news.info\/it\/brexit-johnson-non-ha-piu-maggioranza-alla-camera\/"]}]},{"@type":"ImageObject","inLanguage":"it-IT","@id":"https:\/\/super-news.info\/it\/brexit-johnson-non-ha-piu-maggioranza-alla-camera\/#primaryimage","url":"https:\/\/super-news.info\/it\/wp-content\/uploads\/sites\/9\/2019\/09\/Brexit-Johnson-non-ha-pi-maggioranza-alla-Camera.jpg","contentUrl":"https:\/\/super-news.info\/it\/wp-content\/uploads\/sites\/9\/2019\/09\/Brexit-Johnson-non-ha-pi-maggioranza-alla-Camera.jpg","width":1024,"height":683,"caption":"Brexit, Johnson non ha pi\u00f9 maggioranza alla Camera"},{"@type":"BreadcrumbList","@id":"https:\/\/super-news.info\/it\/brexit-johnson-non-ha-piu-maggioranza-alla-camera\/#breadcrumb","itemListElement":[{"@type":"ListItem","position":1,"name":"Home","item":"https:\/\/super-news.info\/it\/"},{"@type":"ListItem","position":2,"name":"Brexit, Johnson non ha pi\u00f9 maggioranza alla Camera"}]},{"@type":"WebSite","@id":"https:\/\/super-news.info\/it\/#website","url":"https:\/\/super-news.info\/it\/","name":"Super News","description":"Super News from Italy","potentialAction":[{"@type":"SearchAction","target":{"@type":"EntryPoint","urlTemplate":"https:\/\/super-news.info\/it\/?s={search_term_string}"},"query-input":{"@type":"PropertyValueSpecification","valueRequired":true,"valueName":"search_term_string"}}],"inLanguage":"it-IT"},{"@type":"Person","@id":"https:\/\/super-news.info\/it\/#\/schema\/person\/2d4068cb2f39cd10008c2fce578a7356","name":"super-news","image":{"@type":"ImageObject","inLanguage":"it-IT","@id":"https:\/\/secure.gravatar.com\/avatar\/64ebac40b93f26a154f8a9b5b6fdccfc46f442b26b3dd6756dbff3bf9dc76fd7?s=96&d=mm&r=g","url":"https:\/\/secure.gravatar.com\/avatar\/64ebac40b93f26a154f8a9b5b6fdccfc46f442b26b3dd6756dbff3bf9dc76fd7?s=96&d=mm&r=g","contentUrl":"https:\/\/secure.gravatar.com\/avatar\/64ebac40b93f26a154f8a9b5b6fdccfc46f442b26b3dd6756dbff3bf9dc76fd7?s=96&d=mm&r=g","caption":"super-news"},"url":"https:\/\/super-news.info\/it\/author\/pt\/"}]}},"_links":{"self":[{"href":"https:\/\/super-news.info\/it\/wp-json\/wp\/v2\/posts\/702","targetHints":{"allow":["GET"]}}],"collection":[{"href":"https:\/\/super-news.info\/it\/wp-json\/wp\/v2\/posts"}],"about":[{"href":"https:\/\/super-news.info\/it\/wp-json\/wp\/v2\/types\/post"}],"author":[{"embeddable":true,"href":"https:\/\/super-news.info\/it\/wp-json\/wp\/v2\/users\/2"}],"replies":[{"embeddable":true,"href":"https:\/\/super-news.info\/it\/wp-json\/wp\/v2\/comments?post=702"}],"version-history":[{"count":1,"href":"https:\/\/super-news.info\/it\/wp-json\/wp\/v2\/posts\/702\/revisions"}],"predecessor-version":[{"id":704,"href":"https:\/\/super-news.info\/it\/wp-json\/wp\/v2\/posts\/702\/revisions\/704"}],"wp:featuredmedia":[{"embeddable":true,"href":"https:\/\/super-news.info\/it\/wp-json\/wp\/v2\/media\/703"}],"wp:attachment":[{"href":"https:\/\/super-news.info\/it\/wp-json\/wp\/v2\/media?parent=702"}],"wp:term":[{"taxonomy":"category","embeddable":true,"href":"https:\/\/super-news.info\/it\/wp-json\/wp\/v2\/categories?post=702"},{"taxonomy":"post_tag","embeddable":true,"href":"https:\/\/super-news.info\/it\/wp-json\/wp\/v2\/tags?post=702"}],"curies":[{"name":"wp","href":"https:\/\/api.w.org\/{rel}","templated":true}]}}