{"id":666,"date":"2019-09-02T20:04:51","date_gmt":"2019-09-02T20:04:51","guid":{"rendered":"https:\/\/super-news.info\/it\/kairos-julius-baer-non-vende-piu-e-rilancia-aperti-a-nuove-acquisizioni\/"},"modified":"2019-09-02T20:04:52","modified_gmt":"2019-09-02T20:04:52","slug":"kairos-julius-baer-non-vende-piu-e-rilancia-aperti-a-nuove-acquisizioni","status":"publish","type":"post","link":"https:\/\/super-news.info\/it\/kairos-julius-baer-non-vende-piu-e-rilancia-aperti-a-nuove-acquisizioni\/","title":{"rendered":"Kairos, Julius Baer non vende pi\u00f9 e rilancia: &#8220;Aperti a nuove acquisizioni&#8221;"},"content":{"rendered":"<div>\n<p><strong>Julius Baer<\/strong> fa un passo indietro e decide di non vedere pi\u00f9 la controllata italiana <strong>Kairos<\/strong>. Saltata la trattativa con Mediobanca, Kairos verr\u00e0 quindi nei prossimi mesi rilanciata, aprir\u00e0 il capitale ai dipendenti e cercher\u00e0 di recultare nuovi professionisti nel wealth management.<\/p>\n<blockquote>\n<p>\u201c<em>Abbiamo svolto tutte le analisi che erano necessarie dopo l\u2019acquisizione di Kairos iniziata nel 2013 e ultimata lo scorso anno\u201d<\/em>, ha spiegato durante una conferenza stampa <strong>Yves Robert-Charrue<\/strong>, presidente di Kairos Investment Management e responsabile Europa di Banca Julius Baer. \u201c<em>Il processo \u00e8 terminato, avevamo tante opzioni strategiche sul tavolo, inclusa la possibile vendita, ma alla fine abbiamo deciso diversamente e Kairos manterr\u00e0 il nome e rester\u00e0 indipendente. Abbiamo vagliato le offerte giunte in questi mesi, ma alla fine abbiamo reputato che la migliore soluzione sia una maggiore integrazione con Julius Baer e che Julius Baer sia il miglior azionista per Kairos. Questo \u00e8 un nuovo inizio per le relazioni tra i due gruppi, vogliamo dare il via a un nuovo livello di cooperazione: Kairos, che \u00e8 una societ\u00e0 con competenze molto specializzate, sar\u00e0 un laboratorio d\u2019innovazione con cui lavoreremo gomito a gomito condividendo i nostri strumenti e le tecnologie con le loro professionalit\u00e0<\/em>\u201c.<\/p>\n<\/blockquote>\n<p>Tra i punti pi\u00f9 interessanti il fatto che la societ\u00e0 milanese torni ad aprire il capitale ai dipendenti, secondo il modello che aveva contraddistinto la boutique fin dalla sua fondazione, prima del takeover degli svizzeri. \u201c<em>Avranno una quota di minoranza significativa, stiamo lavorando in queste settimane sui numeri<\/em>\u201c, ha affermato Robert-Charrue, che non escluso operazioni di M&amp;A \u201c<em>in caso si presentino opportunit\u00e0<\/em>\u201d e che a stretto giro rafforzer\u00e0 i propri organici per aggiungere altri 50 professionisti agli attuali 150.<\/p>\n<p>Infine, il cda ha sancito l\u2019uscita dell\u2019attuale ad della holding e della sgr, <strong>Fabio Bariletti<\/strong>, le cui deleghe ad interim passano al presidente<strong> Fabrizio Rindi <\/strong>(nella foto), che ricopre anche la carica di presidente di Kairos Partners sgr. \u201c<em>Il Consiglio di Amministrazione \u2013 <\/em>si legge nel comunicato <em>\u2013 di Kairos Investment Management SpA (Kairos) comunica la decisione di Fabio Bariletti di dimettersi dai suoi attuali ruoli all\u2019interno del gruppo, tra cui quello di Amministratore Delegato presso le due societ\u00e0 operative Kairos Partners SGR e Kairos Investment Management Ltd. <\/em><em>Fabio Bariletti sar\u00e0 sostituito ad interim da\u00a0<strong>Fabrizio Rindi<\/strong>, attuale Presidente di Kairos Partners SGR.<br \/><\/em><em>Sar\u00e0 supportato dal top management e dal team di investimento di Kairos, ben consolidati, a Milano e Londra. Insieme a Julius Baer, il Consiglio di Amministrazione di Kairos deliberer\u00e0 su un adeguato piano di successione a lungo termine per la gestione esecutiva della societ\u00e0\u201d.<\/em><\/p>\n<\/p><\/div>\n<p><a href=\"https:\/\/www.wallstreetitalia.com\/kairos-julius-baer-non-la-vende-piu-e-rilancia-aperti-a-nuove-acquisizioni\/\">Source link <\/a><\/p>\n","protected":false},"excerpt":{"rendered":"<p>Julius Baer fa un passo indietro e decide di non vedere pi\u00f9 la controllata italiana Kairos. Saltata la trattativa con Mediobanca, Kairos verr\u00e0 quindi nei prossimi mesi rilanciata, aprir\u00e0 il capitale ai dipendenti e cercher\u00e0 di recultare nuovi professionisti nel wealth management. \u201cAbbiamo svolto tutte le analisi che erano necessarie dopo l\u2019acquisizione di Kairos iniziata [&hellip;]<\/p>\n","protected":false},"author":2,"featured_media":667,"comment_status":"open","ping_status":"open","sticky":false,"template":"","format":"standard","meta":{"footnotes":""},"categories":[1],"tags":[],"class_list":["post-666","post","type-post","status-publish","format-standard","has-post-thumbnail","hentry","category-notizie-finanziarie"],"yoast_head":"<!-- This site is optimized with the Yoast SEO plugin v27.4 - https:\/\/yoast.com\/product\/yoast-seo-wordpress\/ -->\n<title>Kairos, Julius Baer non vende pi\u00f9 e rilancia: &quot;Aperti a nuove acquisizioni&quot; - Super News<\/title>\n<meta name=\"robots\" content=\"index, follow, max-snippet:-1, max-image-preview:large, max-video-preview:-1\" \/>\n<link rel=\"canonical\" href=\"https:\/\/super-news.info\/it\/kairos-julius-baer-non-vende-piu-e-rilancia-aperti-a-nuove-acquisizioni\/\" \/>\n<meta property=\"og:locale\" content=\"it_IT\" \/>\n<meta property=\"og:type\" content=\"article\" \/>\n<meta property=\"og:title\" content=\"Kairos, Julius Baer non vende pi\u00f9 e rilancia: &quot;Aperti a nuove acquisizioni&quot; - Super News\" \/>\n<meta property=\"og:description\" content=\"Julius Baer fa un passo indietro e decide di non vedere pi\u00f9 la controllata italiana Kairos. Saltata la trattativa con Mediobanca, Kairos verr\u00e0 quindi nei prossimi mesi rilanciata, aprir\u00e0 il capitale ai dipendenti e cercher\u00e0 di recultare nuovi professionisti nel wealth management. \u201cAbbiamo svolto tutte le analisi che erano necessarie dopo l\u2019acquisizione di Kairos iniziata [&hellip;]\" \/>\n<meta property=\"og:url\" content=\"https:\/\/super-news.info\/it\/kairos-julius-baer-non-vende-piu-e-rilancia-aperti-a-nuove-acquisizioni\/\" \/>\n<meta property=\"og:site_name\" content=\"Super News\" \/>\n<meta property=\"article:published_time\" content=\"2019-09-02T20:04:51+00:00\" \/>\n<meta property=\"article:modified_time\" content=\"2019-09-02T20:04:52+00:00\" \/>\n<meta property=\"og:image\" content=\"https:\/\/super-news.info\/it\/wp-content\/uploads\/sites\/9\/2019\/09\/Kairos-Julius-Baer-non-vende-pi-e-rilancia-Aperti-a.jpg\" \/>\n\t<meta property=\"og:image:width\" content=\"640\" \/>\n\t<meta property=\"og:image:height\" content=\"450\" \/>\n\t<meta property=\"og:image:type\" content=\"image\/jpeg\" \/>\n<meta name=\"author\" content=\"super-news\" \/>\n<meta name=\"twitter:card\" content=\"summary_large_image\" \/>\n<meta name=\"twitter:label1\" content=\"Scritto da\" \/>\n\t<meta name=\"twitter:data1\" content=\"super-news\" \/>\n\t<meta name=\"twitter:label2\" content=\"Tempo di lettura stimato\" \/>\n\t<meta name=\"twitter:data2\" content=\"2 minuti\" \/>\n<script type=\"application\/ld+json\" class=\"yoast-schema-graph\">{\"@context\":\"https:\\\/\\\/schema.org\",\"@graph\":[{\"@type\":\"Article\",\"@id\":\"https:\\\/\\\/super-news.info\\\/it\\\/kairos-julius-baer-non-vende-piu-e-rilancia-aperti-a-nuove-acquisizioni\\\/#article\",\"isPartOf\":{\"@id\":\"https:\\\/\\\/super-news.info\\\/it\\\/kairos-julius-baer-non-vende-piu-e-rilancia-aperti-a-nuove-acquisizioni\\\/\"},\"author\":{\"name\":\"super-news\",\"@id\":\"https:\\\/\\\/super-news.info\\\/it\\\/#\\\/schema\\\/person\\\/2d4068cb2f39cd10008c2fce578a7356\"},\"headline\":\"Kairos, Julius Baer non vende pi\u00f9 e rilancia: &#8220;Aperti a nuove acquisizioni&#8221;\",\"datePublished\":\"2019-09-02T20:04:51+00:00\",\"dateModified\":\"2019-09-02T20:04:52+00:00\",\"mainEntityOfPage\":{\"@id\":\"https:\\\/\\\/super-news.info\\\/it\\\/kairos-julius-baer-non-vende-piu-e-rilancia-aperti-a-nuove-acquisizioni\\\/\"},\"wordCount\":435,\"commentCount\":0,\"image\":{\"@id\":\"https:\\\/\\\/super-news.info\\\/it\\\/kairos-julius-baer-non-vende-piu-e-rilancia-aperti-a-nuove-acquisizioni\\\/#primaryimage\"},\"thumbnailUrl\":\"https:\\\/\\\/super-news.info\\\/it\\\/wp-content\\\/uploads\\\/sites\\\/9\\\/2019\\\/09\\\/Kairos-Julius-Baer-non-vende-pi-e-rilancia-Aperti-a.jpg\",\"articleSection\":[\"NOTIZIE FINANZIARIE\"],\"inLanguage\":\"it-IT\",\"potentialAction\":[{\"@type\":\"CommentAction\",\"name\":\"Comment\",\"target\":[\"https:\\\/\\\/super-news.info\\\/it\\\/kairos-julius-baer-non-vende-piu-e-rilancia-aperti-a-nuove-acquisizioni\\\/#respond\"]}]},{\"@type\":\"WebPage\",\"@id\":\"https:\\\/\\\/super-news.info\\\/it\\\/kairos-julius-baer-non-vende-piu-e-rilancia-aperti-a-nuove-acquisizioni\\\/\",\"url\":\"https:\\\/\\\/super-news.info\\\/it\\\/kairos-julius-baer-non-vende-piu-e-rilancia-aperti-a-nuove-acquisizioni\\\/\",\"name\":\"Kairos, Julius Baer non vende pi\u00f9 e rilancia: \\\"Aperti a nuove acquisizioni\\\" - Super News\",\"isPartOf\":{\"@id\":\"https:\\\/\\\/super-news.info\\\/it\\\/#website\"},\"primaryImageOfPage\":{\"@id\":\"https:\\\/\\\/super-news.info\\\/it\\\/kairos-julius-baer-non-vende-piu-e-rilancia-aperti-a-nuove-acquisizioni\\\/#primaryimage\"},\"image\":{\"@id\":\"https:\\\/\\\/super-news.info\\\/it\\\/kairos-julius-baer-non-vende-piu-e-rilancia-aperti-a-nuove-acquisizioni\\\/#primaryimage\"},\"thumbnailUrl\":\"https:\\\/\\\/super-news.info\\\/it\\\/wp-content\\\/uploads\\\/sites\\\/9\\\/2019\\\/09\\\/Kairos-Julius-Baer-non-vende-pi-e-rilancia-Aperti-a.jpg\",\"datePublished\":\"2019-09-02T20:04:51+00:00\",\"dateModified\":\"2019-09-02T20:04:52+00:00\",\"author\":{\"@id\":\"https:\\\/\\\/super-news.info\\\/it\\\/#\\\/schema\\\/person\\\/2d4068cb2f39cd10008c2fce578a7356\"},\"breadcrumb\":{\"@id\":\"https:\\\/\\\/super-news.info\\\/it\\\/kairos-julius-baer-non-vende-piu-e-rilancia-aperti-a-nuove-acquisizioni\\\/#breadcrumb\"},\"inLanguage\":\"it-IT\",\"potentialAction\":[{\"@type\":\"ReadAction\",\"target\":[\"https:\\\/\\\/super-news.info\\\/it\\\/kairos-julius-baer-non-vende-piu-e-rilancia-aperti-a-nuove-acquisizioni\\\/\"]}]},{\"@type\":\"ImageObject\",\"inLanguage\":\"it-IT\",\"@id\":\"https:\\\/\\\/super-news.info\\\/it\\\/kairos-julius-baer-non-vende-piu-e-rilancia-aperti-a-nuove-acquisizioni\\\/#primaryimage\",\"url\":\"https:\\\/\\\/super-news.info\\\/it\\\/wp-content\\\/uploads\\\/sites\\\/9\\\/2019\\\/09\\\/Kairos-Julius-Baer-non-vende-pi-e-rilancia-Aperti-a.jpg\",\"contentUrl\":\"https:\\\/\\\/super-news.info\\\/it\\\/wp-content\\\/uploads\\\/sites\\\/9\\\/2019\\\/09\\\/Kairos-Julius-Baer-non-vende-pi-e-rilancia-Aperti-a.jpg\",\"width\":640,\"height\":450,\"caption\":\"Kairos, Julius Baer non vende pi\u00f9 e rilancia: \\\"Aperti a nuove acquisizioni\\\"\"},{\"@type\":\"BreadcrumbList\",\"@id\":\"https:\\\/\\\/super-news.info\\\/it\\\/kairos-julius-baer-non-vende-piu-e-rilancia-aperti-a-nuove-acquisizioni\\\/#breadcrumb\",\"itemListElement\":[{\"@type\":\"ListItem\",\"position\":1,\"name\":\"Home\",\"item\":\"https:\\\/\\\/super-news.info\\\/it\\\/\"},{\"@type\":\"ListItem\",\"position\":2,\"name\":\"Kairos, Julius Baer non vende pi\u00f9 e rilancia: &#8220;Aperti a nuove acquisizioni&#8221;\"}]},{\"@type\":\"WebSite\",\"@id\":\"https:\\\/\\\/super-news.info\\\/it\\\/#website\",\"url\":\"https:\\\/\\\/super-news.info\\\/it\\\/\",\"name\":\"Super News\",\"description\":\"Super News from Italy\",\"potentialAction\":[{\"@type\":\"SearchAction\",\"target\":{\"@type\":\"EntryPoint\",\"urlTemplate\":\"https:\\\/\\\/super-news.info\\\/it\\\/?s={search_term_string}\"},\"query-input\":{\"@type\":\"PropertyValueSpecification\",\"valueRequired\":true,\"valueName\":\"search_term_string\"}}],\"inLanguage\":\"it-IT\"},{\"@type\":\"Person\",\"@id\":\"https:\\\/\\\/super-news.info\\\/it\\\/#\\\/schema\\\/person\\\/2d4068cb2f39cd10008c2fce578a7356\",\"name\":\"super-news\",\"image\":{\"@type\":\"ImageObject\",\"inLanguage\":\"it-IT\",\"@id\":\"https:\\\/\\\/secure.gravatar.com\\\/avatar\\\/64ebac40b93f26a154f8a9b5b6fdccfc46f442b26b3dd6756dbff3bf9dc76fd7?s=96&d=mm&r=g\",\"url\":\"https:\\\/\\\/secure.gravatar.com\\\/avatar\\\/64ebac40b93f26a154f8a9b5b6fdccfc46f442b26b3dd6756dbff3bf9dc76fd7?s=96&d=mm&r=g\",\"contentUrl\":\"https:\\\/\\\/secure.gravatar.com\\\/avatar\\\/64ebac40b93f26a154f8a9b5b6fdccfc46f442b26b3dd6756dbff3bf9dc76fd7?s=96&d=mm&r=g\",\"caption\":\"super-news\"},\"url\":\"https:\\\/\\\/super-news.info\\\/it\\\/author\\\/pt\\\/\"}]}<\/script>\n<!-- \/ Yoast SEO plugin. -->","yoast_head_json":{"title":"Kairos, Julius Baer non vende pi\u00f9 e rilancia: \"Aperti a nuove acquisizioni\" - Super News","robots":{"index":"index","follow":"follow","max-snippet":"max-snippet:-1","max-image-preview":"max-image-preview:large","max-video-preview":"max-video-preview:-1"},"canonical":"https:\/\/super-news.info\/it\/kairos-julius-baer-non-vende-piu-e-rilancia-aperti-a-nuove-acquisizioni\/","og_locale":"it_IT","og_type":"article","og_title":"Kairos, Julius Baer non vende pi\u00f9 e rilancia: \"Aperti a nuove acquisizioni\" - Super News","og_description":"Julius Baer fa un passo indietro e decide di non vedere pi\u00f9 la controllata italiana Kairos. Saltata la trattativa con Mediobanca, Kairos verr\u00e0 quindi nei prossimi mesi rilanciata, aprir\u00e0 il capitale ai dipendenti e cercher\u00e0 di recultare nuovi professionisti nel wealth management. \u201cAbbiamo svolto tutte le analisi che erano necessarie dopo l\u2019acquisizione di Kairos iniziata [&hellip;]","og_url":"https:\/\/super-news.info\/it\/kairos-julius-baer-non-vende-piu-e-rilancia-aperti-a-nuove-acquisizioni\/","og_site_name":"Super News","article_published_time":"2019-09-02T20:04:51+00:00","article_modified_time":"2019-09-02T20:04:52+00:00","og_image":[{"width":640,"height":450,"url":"https:\/\/super-news.info\/it\/wp-content\/uploads\/sites\/9\/2019\/09\/Kairos-Julius-Baer-non-vende-pi-e-rilancia-Aperti-a.jpg","type":"image\/jpeg"}],"author":"super-news","twitter_card":"summary_large_image","twitter_misc":{"Scritto da":"super-news","Tempo di lettura stimato":"2 minuti"},"schema":{"@context":"https:\/\/schema.org","@graph":[{"@type":"Article","@id":"https:\/\/super-news.info\/it\/kairos-julius-baer-non-vende-piu-e-rilancia-aperti-a-nuove-acquisizioni\/#article","isPartOf":{"@id":"https:\/\/super-news.info\/it\/kairos-julius-baer-non-vende-piu-e-rilancia-aperti-a-nuove-acquisizioni\/"},"author":{"name":"super-news","@id":"https:\/\/super-news.info\/it\/#\/schema\/person\/2d4068cb2f39cd10008c2fce578a7356"},"headline":"Kairos, Julius Baer non vende pi\u00f9 e rilancia: &#8220;Aperti a nuove acquisizioni&#8221;","datePublished":"2019-09-02T20:04:51+00:00","dateModified":"2019-09-02T20:04:52+00:00","mainEntityOfPage":{"@id":"https:\/\/super-news.info\/it\/kairos-julius-baer-non-vende-piu-e-rilancia-aperti-a-nuove-acquisizioni\/"},"wordCount":435,"commentCount":0,"image":{"@id":"https:\/\/super-news.info\/it\/kairos-julius-baer-non-vende-piu-e-rilancia-aperti-a-nuove-acquisizioni\/#primaryimage"},"thumbnailUrl":"https:\/\/super-news.info\/it\/wp-content\/uploads\/sites\/9\/2019\/09\/Kairos-Julius-Baer-non-vende-pi-e-rilancia-Aperti-a.jpg","articleSection":["NOTIZIE FINANZIARIE"],"inLanguage":"it-IT","potentialAction":[{"@type":"CommentAction","name":"Comment","target":["https:\/\/super-news.info\/it\/kairos-julius-baer-non-vende-piu-e-rilancia-aperti-a-nuove-acquisizioni\/#respond"]}]},{"@type":"WebPage","@id":"https:\/\/super-news.info\/it\/kairos-julius-baer-non-vende-piu-e-rilancia-aperti-a-nuove-acquisizioni\/","url":"https:\/\/super-news.info\/it\/kairos-julius-baer-non-vende-piu-e-rilancia-aperti-a-nuove-acquisizioni\/","name":"Kairos, Julius Baer non vende pi\u00f9 e rilancia: \"Aperti a nuove acquisizioni\" - Super News","isPartOf":{"@id":"https:\/\/super-news.info\/it\/#website"},"primaryImageOfPage":{"@id":"https:\/\/super-news.info\/it\/kairos-julius-baer-non-vende-piu-e-rilancia-aperti-a-nuove-acquisizioni\/#primaryimage"},"image":{"@id":"https:\/\/super-news.info\/it\/kairos-julius-baer-non-vende-piu-e-rilancia-aperti-a-nuove-acquisizioni\/#primaryimage"},"thumbnailUrl":"https:\/\/super-news.info\/it\/wp-content\/uploads\/sites\/9\/2019\/09\/Kairos-Julius-Baer-non-vende-pi-e-rilancia-Aperti-a.jpg","datePublished":"2019-09-02T20:04:51+00:00","dateModified":"2019-09-02T20:04:52+00:00","author":{"@id":"https:\/\/super-news.info\/it\/#\/schema\/person\/2d4068cb2f39cd10008c2fce578a7356"},"breadcrumb":{"@id":"https:\/\/super-news.info\/it\/kairos-julius-baer-non-vende-piu-e-rilancia-aperti-a-nuove-acquisizioni\/#breadcrumb"},"inLanguage":"it-IT","potentialAction":[{"@type":"ReadAction","target":["https:\/\/super-news.info\/it\/kairos-julius-baer-non-vende-piu-e-rilancia-aperti-a-nuove-acquisizioni\/"]}]},{"@type":"ImageObject","inLanguage":"it-IT","@id":"https:\/\/super-news.info\/it\/kairos-julius-baer-non-vende-piu-e-rilancia-aperti-a-nuove-acquisizioni\/#primaryimage","url":"https:\/\/super-news.info\/it\/wp-content\/uploads\/sites\/9\/2019\/09\/Kairos-Julius-Baer-non-vende-pi-e-rilancia-Aperti-a.jpg","contentUrl":"https:\/\/super-news.info\/it\/wp-content\/uploads\/sites\/9\/2019\/09\/Kairos-Julius-Baer-non-vende-pi-e-rilancia-Aperti-a.jpg","width":640,"height":450,"caption":"Kairos, Julius Baer non vende pi\u00f9 e rilancia: \"Aperti a nuove acquisizioni\""},{"@type":"BreadcrumbList","@id":"https:\/\/super-news.info\/it\/kairos-julius-baer-non-vende-piu-e-rilancia-aperti-a-nuove-acquisizioni\/#breadcrumb","itemListElement":[{"@type":"ListItem","position":1,"name":"Home","item":"https:\/\/super-news.info\/it\/"},{"@type":"ListItem","position":2,"name":"Kairos, Julius Baer non vende pi\u00f9 e rilancia: &#8220;Aperti a nuove acquisizioni&#8221;"}]},{"@type":"WebSite","@id":"https:\/\/super-news.info\/it\/#website","url":"https:\/\/super-news.info\/it\/","name":"Super News","description":"Super News from Italy","potentialAction":[{"@type":"SearchAction","target":{"@type":"EntryPoint","urlTemplate":"https:\/\/super-news.info\/it\/?s={search_term_string}"},"query-input":{"@type":"PropertyValueSpecification","valueRequired":true,"valueName":"search_term_string"}}],"inLanguage":"it-IT"},{"@type":"Person","@id":"https:\/\/super-news.info\/it\/#\/schema\/person\/2d4068cb2f39cd10008c2fce578a7356","name":"super-news","image":{"@type":"ImageObject","inLanguage":"it-IT","@id":"https:\/\/secure.gravatar.com\/avatar\/64ebac40b93f26a154f8a9b5b6fdccfc46f442b26b3dd6756dbff3bf9dc76fd7?s=96&d=mm&r=g","url":"https:\/\/secure.gravatar.com\/avatar\/64ebac40b93f26a154f8a9b5b6fdccfc46f442b26b3dd6756dbff3bf9dc76fd7?s=96&d=mm&r=g","contentUrl":"https:\/\/secure.gravatar.com\/avatar\/64ebac40b93f26a154f8a9b5b6fdccfc46f442b26b3dd6756dbff3bf9dc76fd7?s=96&d=mm&r=g","caption":"super-news"},"url":"https:\/\/super-news.info\/it\/author\/pt\/"}]}},"_links":{"self":[{"href":"https:\/\/super-news.info\/it\/wp-json\/wp\/v2\/posts\/666","targetHints":{"allow":["GET"]}}],"collection":[{"href":"https:\/\/super-news.info\/it\/wp-json\/wp\/v2\/posts"}],"about":[{"href":"https:\/\/super-news.info\/it\/wp-json\/wp\/v2\/types\/post"}],"author":[{"embeddable":true,"href":"https:\/\/super-news.info\/it\/wp-json\/wp\/v2\/users\/2"}],"replies":[{"embeddable":true,"href":"https:\/\/super-news.info\/it\/wp-json\/wp\/v2\/comments?post=666"}],"version-history":[{"count":1,"href":"https:\/\/super-news.info\/it\/wp-json\/wp\/v2\/posts\/666\/revisions"}],"predecessor-version":[{"id":668,"href":"https:\/\/super-news.info\/it\/wp-json\/wp\/v2\/posts\/666\/revisions\/668"}],"wp:featuredmedia":[{"embeddable":true,"href":"https:\/\/super-news.info\/it\/wp-json\/wp\/v2\/media\/667"}],"wp:attachment":[{"href":"https:\/\/super-news.info\/it\/wp-json\/wp\/v2\/media?parent=666"}],"wp:term":[{"taxonomy":"category","embeddable":true,"href":"https:\/\/super-news.info\/it\/wp-json\/wp\/v2\/categories?post=666"},{"taxonomy":"post_tag","embeddable":true,"href":"https:\/\/super-news.info\/it\/wp-json\/wp\/v2\/tags?post=666"}],"curies":[{"name":"wp","href":"https:\/\/api.w.org\/{rel}","templated":true}]}}