{"id":633,"date":"2019-08-30T23:14:05","date_gmt":"2019-08-30T23:14:05","guid":{"rendered":"https:\/\/super-news.info\/it\/tassi-negativi-per-i-tedeschi-sono-repressione-finanziaria\/"},"modified":"2019-08-30T23:14:06","modified_gmt":"2019-08-30T23:14:06","slug":"tassi-negativi-per-i-tedeschi-sono-repressione-finanziaria","status":"publish","type":"post","link":"https:\/\/super-news.info\/it\/tassi-negativi-per-i-tedeschi-sono-repressione-finanziaria\/","title":{"rendered":"Tassi negativi: per i tedeschi sono repressione finanziaria"},"content":{"rendered":"<div>\n<p>La notizia che Allianz non acquister\u00e0 pi\u00f9 titoli di stato tedeschi \u00e8 solo l\u2019ultima di una lunga serie. La presa di posizione di Allianz e del suo Ceo Oliver B\u00e4te, suona come un violento moto di protesta nei confronti della politica della BCE che ha portato i tassi in territorio negativo ormai da anni.<strong> In Germania l\u2019intera curva dei titoli di stato (fino ai 30 anni)<\/strong> presenta rendimenti negativi, una situazione che sembra stia diventando insostenibile per l\u2019intero Paese, sia dal punto di vista dei risparmiatori ma, soprattutto, per le banche.<\/p>\n<p>E non \u00e8 solo la Germania che si trova in questa condizione. L\u2019intero Nord-Europa \u00e8 in preda ad una sorta di violenta fibrillazione finanziaria che vive proprio attorno alla situazione anomala dei tassi d\u2019interesse. Proteste arrivano dalla <strong>Danimarca <\/strong>dove molti istituti di credito sono costretti a retrocedere ai clienti sottoscrittori di mutui la quota interessi della rata il cui tasso \u00e8 finito in territorio negativo.<\/p>\n<p>Arrivano proteste anche dall\u2019Austria e dalla Svezia, dove \u201cil tesoro\u201d locale sta provando a generare rendimenti grazie all\u2019emissione di titoli di stato della durata di un secolo; 100 anni sono davvero un\u2019eternit\u00e0, altro che passaggio generazionale.<\/p>\n<p>Il principale quotidiano di Zurigo, in Svizzera il <strong><em>\u201cNeue Zurcher Zeitung\u201d<\/em><\/strong> \u00e8 uscito nei giorni scorsi con un titolone che parla addirittura di <strong><em>\u201cREPRESSIONE FINANZIARIA TEDESCA\u201d. <\/em><\/strong><\/p>\n<p>Il <strong><em>\u201cNeue\u201d<\/em><\/strong> sottolinea che a causa dei bassi tassi di interesse sui depositi e sui conti bancari non c\u2019\u00e8 crescita per i risparmi tedeschi. Poi affonda il colpo con una frase che definire forte \u00e8 un eufemismo:\u00a0 <strong><em>\u201cAumento della repressione finanziaria a causa della fredda espropriazione in Germania\u201d<\/em><\/strong>.<\/p>\n<p>L\u2019articolo continua spiegando come l\u2019abolizione dell\u2019effetto dell\u2019interesse composto rappresenti una vera e propria <strong><em>espropriazione segreta <\/em><\/strong>dei cittadini ed in particolare dei risparmiatori tedeschi. Nel pezzo si spiega poi come il rendimento reale dell\u2019investimento in titoli di stato quinquennali sia in territorio negativo ormai da otto anni.<\/p>\n<blockquote>\n<p>\u201cPer questo non c\u2019\u00e8 pi\u00f9 la possibilit\u00e0 di maturare interessi in nessun modo se non\u201d \u2013 conclude il giornale- \u201corientando le scelte d\u2019investimento verso classi d\u2019investimento rischiose, quelle che i tedeschi non amano.<\/p>\n<\/blockquote>\n<p>Visto che non amano rischiare e neanche investire, i tedeschi stanno\u00a0 accantonando le loro fortune sui conti correnti dove, tra risparmio privato e la quota relative alle imprese, si<strong> sfiorano i 3000 miliardi<\/strong> di euro.<\/p>\n<p>Finch\u00e9 la crescita della Germania era forte, la polemica non era ancora esplosa cos\u00ec violentemente, ma ora che la recessione sembra essere prossima ad essere conclamata, ecco che i carboni che prima ardevano sotto la cenere adesso cominciano a bruciare.<\/p>\n<p>Come detto in apertura di articolo, la protesta di Allianz \u00e8 solo la punta dell\u2019iceberg. <strong>Molte banche stanno gi\u00e0 applicando una sorta di patrimoniale sui depositi in liquidit\u00e0 <\/strong>che superano la soglia dei 100mila euro inasprendo ancora di pi\u00f9 lo stato d\u2019animo dei risparmiatori tedeschi gi\u00e0 vessati dalla tassazione negativa.<\/p>\n<p>Le banche, dal canto loro, si difendono sostenendo che la tassa sui depositi \u00e8 una scelta obbligata, una scelta di sopravvivenza e che la colpa \u00e8 tutta delle politiche della BCE.<\/p>\n<p>Insomma, Draghi rischia di lasciare alla Lagarde una bella gatta da pelare, soprattutto dopo aver annunciato un\u2019ulteriore operazione di immissione di liquidit\u00e0 che potrebbe portare i tassi d\u2019interesse ancora pi\u00f9 in basso.<\/p>\n<p>I numeri parlano chiaro: le banche dell\u2019area dell\u2019euro pagano pi\u00f9 di 7 miliardi di euro all\u2019anno per depositare i fondi presso la loro banca centrale, mentre allo stesso tempo il loro reddito da prestiti viene eroso sempre di pi\u00f9. Ci\u00f2 ha contribuito, secondo i tedeschi a rendere ancor meno positivi i bilanci delle banche stesse che hanno finito per soffrire tremendamente in borsa.<\/p>\n<p>Mittelbrandenburgische Sparkasse ha dichiarato di aver speso 3,65 milioni di euro l\u2019anno scorso solo per parcheggiare fondi presso la banca centrale. Allo stesso tempo il margine della raccolta \u00e8 stato praticamente nullo.<\/p>\n<p>In tutto questo caos il ministro delle finanze <strong>Olaf Scholz<\/strong> ha affermato che cercher\u00e0 di impedire alle banche tedesche di generare addebiti sui depositi dei clienti.<\/p>\n<p>E sulla vicenda \u00e8 intervenuto anche il premier bavarese <strong>Markus Soeder<\/strong> che ha chiesto di<strong> vietare i tassi negativi sui depositi fino a 100.000 euro.<\/strong><\/p>\n<p>Insomma la situazione pare davvero complicata e la presa di posizione di un colosso dell\u2019importanza di Allianz rischia di determinare una condizione di conflitto tra tutte le parti in causa e tra queste, tutte assieme, e la BCE.<\/p>\n<p>Che si stia aprendo un nuovo fronte di crisi non sembra esserci pi\u00f9 alcun dubbio.<\/p>\n<p>Un fronte pericoloso.<\/p>\n<p>Del resto si parla tanto delle capacit\u00e0 di risparmio degli italiani ma non si considera che il tasso di risparmio in Germania \u00e8 stato, secondo Deutsche Bank AG di circa il 12% nel 2018, quasi il doppio della media dell\u2019area euro. In media, i tedeschi detengono oltre il 40% delle loro attivit\u00e0 finanziarie sotto forma di depositi bancari.<\/p>\n<p>Cos\u00ec molti risparmiatori ed anche addetti ai lavori stanno prendendo decisioni anche molto forti pur di remunerare il risparmio.<\/p>\n<blockquote>\n<p>\u201c Con i tassi negativi i depositi diminuiscono nel tempo anzich\u00e9 aumentare e sono dannosi per tutti i risparmiatori \u2013 ha dichiarato Juergen Dengel, un funzionario di 40 anni di Bonn- conviene addirittura ritirare tutto e magari utilizzarli per acquistare immobili\u201d.<\/p>\n<\/blockquote>\n<p>Poi c\u2019\u00e8 chi come Fabian Rodenbach, un insegnante quarantenne di Colonia,ha seguito altre strade. \u201cPer anni, ho messo i miei soldi in conti di risparmio in altri paesi europei\u201d.<\/p>\n<p>\u201cQuesta politica monetaria \u00e8 un assurdo\u201d, ha spiegato <strong>Klaus Fleischer<\/strong> professore specializzato in finanza presso l\u2019Universit\u00e0 di Scienze Applicate di Monaco. \u201cQuando le persone perdono i riferimenti, vorrebbe sentirsi protetti, vorrebbero qualcuno che li difenda, soprattutto quando i loro risparmi si stanno <strong><em>sciogliendo<\/em><\/strong>\u201c.<\/p>\n<p>Insomma la guerra dei tassi negativi \u00e8 appena cominciata.<\/p>\n<p>Stiamo a vedere dove ci porter\u00e0.<\/p>\n<p>\u00a0<\/p>\n<\/p><\/div>\n<p><a href=\"https:\/\/www.wallstreetitalia.com\/tassi-negativi-per-i-tedeschi-sono-repressione-finanziaria\/\">Source link <\/a><\/p>\n","protected":false},"excerpt":{"rendered":"<p>La notizia che Allianz non acquister\u00e0 pi\u00f9 titoli di stato tedeschi \u00e8 solo l\u2019ultima di una lunga serie. La presa di posizione di Allianz e del suo Ceo Oliver B\u00e4te, suona come un violento moto di protesta nei confronti della politica della BCE che ha portato i tassi in territorio negativo ormai da anni. In [&hellip;]<\/p>\n","protected":false},"author":2,"featured_media":634,"comment_status":"open","ping_status":"open","sticky":false,"template":"","format":"standard","meta":{"footnotes":""},"categories":[1],"tags":[],"class_list":["post-633","post","type-post","status-publish","format-standard","has-post-thumbnail","hentry","category-notizie-finanziarie"],"yoast_head":"<!-- This site is optimized with the Yoast SEO plugin v27.4 - https:\/\/yoast.com\/product\/yoast-seo-wordpress\/ -->\n<title>Tassi negativi: per i tedeschi sono repressione finanziaria - Super News<\/title>\n<meta name=\"robots\" content=\"index, follow, max-snippet:-1, max-image-preview:large, max-video-preview:-1\" \/>\n<link rel=\"canonical\" href=\"https:\/\/super-news.info\/it\/tassi-negativi-per-i-tedeschi-sono-repressione-finanziaria\/\" \/>\n<meta property=\"og:locale\" content=\"it_IT\" \/>\n<meta property=\"og:type\" content=\"article\" \/>\n<meta property=\"og:title\" content=\"Tassi negativi: per i tedeschi sono repressione finanziaria - Super News\" \/>\n<meta property=\"og:description\" content=\"La notizia che Allianz non acquister\u00e0 pi\u00f9 titoli di stato tedeschi \u00e8 solo l\u2019ultima di una lunga serie. La presa di posizione di Allianz e del suo Ceo Oliver B\u00e4te, suona come un violento moto di protesta nei confronti della politica della BCE che ha portato i tassi in territorio negativo ormai da anni. In [&hellip;]\" \/>\n<meta property=\"og:url\" content=\"https:\/\/super-news.info\/it\/tassi-negativi-per-i-tedeschi-sono-repressione-finanziaria\/\" \/>\n<meta property=\"og:site_name\" content=\"Super News\" \/>\n<meta property=\"article:published_time\" content=\"2019-08-30T23:14:05+00:00\" \/>\n<meta property=\"article:modified_time\" content=\"2019-08-30T23:14:06+00:00\" \/>\n<meta property=\"og:image\" content=\"https:\/\/super-news.info\/it\/wp-content\/uploads\/sites\/9\/2019\/08\/Tassi-negativi-per-i-tedeschi-sono-repressione-finanziaria.jpg\" \/>\n\t<meta property=\"og:image:width\" content=\"640\" \/>\n\t<meta property=\"og:image:height\" content=\"450\" \/>\n\t<meta property=\"og:image:type\" content=\"image\/jpeg\" \/>\n<meta name=\"author\" content=\"super-news\" \/>\n<meta name=\"twitter:card\" content=\"summary_large_image\" \/>\n<meta name=\"twitter:label1\" content=\"Scritto da\" \/>\n\t<meta name=\"twitter:data1\" content=\"super-news\" \/>\n\t<meta name=\"twitter:label2\" content=\"Tempo di lettura stimato\" \/>\n\t<meta name=\"twitter:data2\" content=\"5 minuti\" \/>\n<script type=\"application\/ld+json\" class=\"yoast-schema-graph\">{\"@context\":\"https:\\\/\\\/schema.org\",\"@graph\":[{\"@type\":\"Article\",\"@id\":\"https:\\\/\\\/super-news.info\\\/it\\\/tassi-negativi-per-i-tedeschi-sono-repressione-finanziaria\\\/#article\",\"isPartOf\":{\"@id\":\"https:\\\/\\\/super-news.info\\\/it\\\/tassi-negativi-per-i-tedeschi-sono-repressione-finanziaria\\\/\"},\"author\":{\"name\":\"super-news\",\"@id\":\"https:\\\/\\\/super-news.info\\\/it\\\/#\\\/schema\\\/person\\\/2d4068cb2f39cd10008c2fce578a7356\"},\"headline\":\"Tassi negativi: per i tedeschi sono repressione finanziaria\",\"datePublished\":\"2019-08-30T23:14:05+00:00\",\"dateModified\":\"2019-08-30T23:14:06+00:00\",\"mainEntityOfPage\":{\"@id\":\"https:\\\/\\\/super-news.info\\\/it\\\/tassi-negativi-per-i-tedeschi-sono-repressione-finanziaria\\\/\"},\"wordCount\":951,\"commentCount\":0,\"image\":{\"@id\":\"https:\\\/\\\/super-news.info\\\/it\\\/tassi-negativi-per-i-tedeschi-sono-repressione-finanziaria\\\/#primaryimage\"},\"thumbnailUrl\":\"https:\\\/\\\/super-news.info\\\/it\\\/wp-content\\\/uploads\\\/sites\\\/9\\\/2019\\\/08\\\/Tassi-negativi-per-i-tedeschi-sono-repressione-finanziaria.jpg\",\"articleSection\":[\"NOTIZIE FINANZIARIE\"],\"inLanguage\":\"it-IT\",\"potentialAction\":[{\"@type\":\"CommentAction\",\"name\":\"Comment\",\"target\":[\"https:\\\/\\\/super-news.info\\\/it\\\/tassi-negativi-per-i-tedeschi-sono-repressione-finanziaria\\\/#respond\"]}]},{\"@type\":\"WebPage\",\"@id\":\"https:\\\/\\\/super-news.info\\\/it\\\/tassi-negativi-per-i-tedeschi-sono-repressione-finanziaria\\\/\",\"url\":\"https:\\\/\\\/super-news.info\\\/it\\\/tassi-negativi-per-i-tedeschi-sono-repressione-finanziaria\\\/\",\"name\":\"Tassi negativi: per i tedeschi sono repressione finanziaria - Super News\",\"isPartOf\":{\"@id\":\"https:\\\/\\\/super-news.info\\\/it\\\/#website\"},\"primaryImageOfPage\":{\"@id\":\"https:\\\/\\\/super-news.info\\\/it\\\/tassi-negativi-per-i-tedeschi-sono-repressione-finanziaria\\\/#primaryimage\"},\"image\":{\"@id\":\"https:\\\/\\\/super-news.info\\\/it\\\/tassi-negativi-per-i-tedeschi-sono-repressione-finanziaria\\\/#primaryimage\"},\"thumbnailUrl\":\"https:\\\/\\\/super-news.info\\\/it\\\/wp-content\\\/uploads\\\/sites\\\/9\\\/2019\\\/08\\\/Tassi-negativi-per-i-tedeschi-sono-repressione-finanziaria.jpg\",\"datePublished\":\"2019-08-30T23:14:05+00:00\",\"dateModified\":\"2019-08-30T23:14:06+00:00\",\"author\":{\"@id\":\"https:\\\/\\\/super-news.info\\\/it\\\/#\\\/schema\\\/person\\\/2d4068cb2f39cd10008c2fce578a7356\"},\"breadcrumb\":{\"@id\":\"https:\\\/\\\/super-news.info\\\/it\\\/tassi-negativi-per-i-tedeschi-sono-repressione-finanziaria\\\/#breadcrumb\"},\"inLanguage\":\"it-IT\",\"potentialAction\":[{\"@type\":\"ReadAction\",\"target\":[\"https:\\\/\\\/super-news.info\\\/it\\\/tassi-negativi-per-i-tedeschi-sono-repressione-finanziaria\\\/\"]}]},{\"@type\":\"ImageObject\",\"inLanguage\":\"it-IT\",\"@id\":\"https:\\\/\\\/super-news.info\\\/it\\\/tassi-negativi-per-i-tedeschi-sono-repressione-finanziaria\\\/#primaryimage\",\"url\":\"https:\\\/\\\/super-news.info\\\/it\\\/wp-content\\\/uploads\\\/sites\\\/9\\\/2019\\\/08\\\/Tassi-negativi-per-i-tedeschi-sono-repressione-finanziaria.jpg\",\"contentUrl\":\"https:\\\/\\\/super-news.info\\\/it\\\/wp-content\\\/uploads\\\/sites\\\/9\\\/2019\\\/08\\\/Tassi-negativi-per-i-tedeschi-sono-repressione-finanziaria.jpg\",\"width\":640,\"height\":450,\"caption\":\"Tassi negativi: per i tedeschi sono repressione finanziaria\"},{\"@type\":\"BreadcrumbList\",\"@id\":\"https:\\\/\\\/super-news.info\\\/it\\\/tassi-negativi-per-i-tedeschi-sono-repressione-finanziaria\\\/#breadcrumb\",\"itemListElement\":[{\"@type\":\"ListItem\",\"position\":1,\"name\":\"Home\",\"item\":\"https:\\\/\\\/super-news.info\\\/it\\\/\"},{\"@type\":\"ListItem\",\"position\":2,\"name\":\"Tassi negativi: per i tedeschi sono repressione finanziaria\"}]},{\"@type\":\"WebSite\",\"@id\":\"https:\\\/\\\/super-news.info\\\/it\\\/#website\",\"url\":\"https:\\\/\\\/super-news.info\\\/it\\\/\",\"name\":\"Super News\",\"description\":\"Super News from Italy\",\"potentialAction\":[{\"@type\":\"SearchAction\",\"target\":{\"@type\":\"EntryPoint\",\"urlTemplate\":\"https:\\\/\\\/super-news.info\\\/it\\\/?s={search_term_string}\"},\"query-input\":{\"@type\":\"PropertyValueSpecification\",\"valueRequired\":true,\"valueName\":\"search_term_string\"}}],\"inLanguage\":\"it-IT\"},{\"@type\":\"Person\",\"@id\":\"https:\\\/\\\/super-news.info\\\/it\\\/#\\\/schema\\\/person\\\/2d4068cb2f39cd10008c2fce578a7356\",\"name\":\"super-news\",\"image\":{\"@type\":\"ImageObject\",\"inLanguage\":\"it-IT\",\"@id\":\"https:\\\/\\\/secure.gravatar.com\\\/avatar\\\/64ebac40b93f26a154f8a9b5b6fdccfc46f442b26b3dd6756dbff3bf9dc76fd7?s=96&d=mm&r=g\",\"url\":\"https:\\\/\\\/secure.gravatar.com\\\/avatar\\\/64ebac40b93f26a154f8a9b5b6fdccfc46f442b26b3dd6756dbff3bf9dc76fd7?s=96&d=mm&r=g\",\"contentUrl\":\"https:\\\/\\\/secure.gravatar.com\\\/avatar\\\/64ebac40b93f26a154f8a9b5b6fdccfc46f442b26b3dd6756dbff3bf9dc76fd7?s=96&d=mm&r=g\",\"caption\":\"super-news\"},\"url\":\"https:\\\/\\\/super-news.info\\\/it\\\/author\\\/pt\\\/\"}]}<\/script>\n<!-- \/ Yoast SEO plugin. -->","yoast_head_json":{"title":"Tassi negativi: per i tedeschi sono repressione finanziaria - Super News","robots":{"index":"index","follow":"follow","max-snippet":"max-snippet:-1","max-image-preview":"max-image-preview:large","max-video-preview":"max-video-preview:-1"},"canonical":"https:\/\/super-news.info\/it\/tassi-negativi-per-i-tedeschi-sono-repressione-finanziaria\/","og_locale":"it_IT","og_type":"article","og_title":"Tassi negativi: per i tedeschi sono repressione finanziaria - Super News","og_description":"La notizia che Allianz non acquister\u00e0 pi\u00f9 titoli di stato tedeschi \u00e8 solo l\u2019ultima di una lunga serie. La presa di posizione di Allianz e del suo Ceo Oliver B\u00e4te, suona come un violento moto di protesta nei confronti della politica della BCE che ha portato i tassi in territorio negativo ormai da anni. In [&hellip;]","og_url":"https:\/\/super-news.info\/it\/tassi-negativi-per-i-tedeschi-sono-repressione-finanziaria\/","og_site_name":"Super News","article_published_time":"2019-08-30T23:14:05+00:00","article_modified_time":"2019-08-30T23:14:06+00:00","og_image":[{"width":640,"height":450,"url":"https:\/\/super-news.info\/it\/wp-content\/uploads\/sites\/9\/2019\/08\/Tassi-negativi-per-i-tedeschi-sono-repressione-finanziaria.jpg","type":"image\/jpeg"}],"author":"super-news","twitter_card":"summary_large_image","twitter_misc":{"Scritto da":"super-news","Tempo di lettura stimato":"5 minuti"},"schema":{"@context":"https:\/\/schema.org","@graph":[{"@type":"Article","@id":"https:\/\/super-news.info\/it\/tassi-negativi-per-i-tedeschi-sono-repressione-finanziaria\/#article","isPartOf":{"@id":"https:\/\/super-news.info\/it\/tassi-negativi-per-i-tedeschi-sono-repressione-finanziaria\/"},"author":{"name":"super-news","@id":"https:\/\/super-news.info\/it\/#\/schema\/person\/2d4068cb2f39cd10008c2fce578a7356"},"headline":"Tassi negativi: per i tedeschi sono repressione finanziaria","datePublished":"2019-08-30T23:14:05+00:00","dateModified":"2019-08-30T23:14:06+00:00","mainEntityOfPage":{"@id":"https:\/\/super-news.info\/it\/tassi-negativi-per-i-tedeschi-sono-repressione-finanziaria\/"},"wordCount":951,"commentCount":0,"image":{"@id":"https:\/\/super-news.info\/it\/tassi-negativi-per-i-tedeschi-sono-repressione-finanziaria\/#primaryimage"},"thumbnailUrl":"https:\/\/super-news.info\/it\/wp-content\/uploads\/sites\/9\/2019\/08\/Tassi-negativi-per-i-tedeschi-sono-repressione-finanziaria.jpg","articleSection":["NOTIZIE FINANZIARIE"],"inLanguage":"it-IT","potentialAction":[{"@type":"CommentAction","name":"Comment","target":["https:\/\/super-news.info\/it\/tassi-negativi-per-i-tedeschi-sono-repressione-finanziaria\/#respond"]}]},{"@type":"WebPage","@id":"https:\/\/super-news.info\/it\/tassi-negativi-per-i-tedeschi-sono-repressione-finanziaria\/","url":"https:\/\/super-news.info\/it\/tassi-negativi-per-i-tedeschi-sono-repressione-finanziaria\/","name":"Tassi negativi: per i tedeschi sono repressione finanziaria - Super News","isPartOf":{"@id":"https:\/\/super-news.info\/it\/#website"},"primaryImageOfPage":{"@id":"https:\/\/super-news.info\/it\/tassi-negativi-per-i-tedeschi-sono-repressione-finanziaria\/#primaryimage"},"image":{"@id":"https:\/\/super-news.info\/it\/tassi-negativi-per-i-tedeschi-sono-repressione-finanziaria\/#primaryimage"},"thumbnailUrl":"https:\/\/super-news.info\/it\/wp-content\/uploads\/sites\/9\/2019\/08\/Tassi-negativi-per-i-tedeschi-sono-repressione-finanziaria.jpg","datePublished":"2019-08-30T23:14:05+00:00","dateModified":"2019-08-30T23:14:06+00:00","author":{"@id":"https:\/\/super-news.info\/it\/#\/schema\/person\/2d4068cb2f39cd10008c2fce578a7356"},"breadcrumb":{"@id":"https:\/\/super-news.info\/it\/tassi-negativi-per-i-tedeschi-sono-repressione-finanziaria\/#breadcrumb"},"inLanguage":"it-IT","potentialAction":[{"@type":"ReadAction","target":["https:\/\/super-news.info\/it\/tassi-negativi-per-i-tedeschi-sono-repressione-finanziaria\/"]}]},{"@type":"ImageObject","inLanguage":"it-IT","@id":"https:\/\/super-news.info\/it\/tassi-negativi-per-i-tedeschi-sono-repressione-finanziaria\/#primaryimage","url":"https:\/\/super-news.info\/it\/wp-content\/uploads\/sites\/9\/2019\/08\/Tassi-negativi-per-i-tedeschi-sono-repressione-finanziaria.jpg","contentUrl":"https:\/\/super-news.info\/it\/wp-content\/uploads\/sites\/9\/2019\/08\/Tassi-negativi-per-i-tedeschi-sono-repressione-finanziaria.jpg","width":640,"height":450,"caption":"Tassi negativi: per i tedeschi sono repressione finanziaria"},{"@type":"BreadcrumbList","@id":"https:\/\/super-news.info\/it\/tassi-negativi-per-i-tedeschi-sono-repressione-finanziaria\/#breadcrumb","itemListElement":[{"@type":"ListItem","position":1,"name":"Home","item":"https:\/\/super-news.info\/it\/"},{"@type":"ListItem","position":2,"name":"Tassi negativi: per i tedeschi sono repressione finanziaria"}]},{"@type":"WebSite","@id":"https:\/\/super-news.info\/it\/#website","url":"https:\/\/super-news.info\/it\/","name":"Super News","description":"Super News from Italy","potentialAction":[{"@type":"SearchAction","target":{"@type":"EntryPoint","urlTemplate":"https:\/\/super-news.info\/it\/?s={search_term_string}"},"query-input":{"@type":"PropertyValueSpecification","valueRequired":true,"valueName":"search_term_string"}}],"inLanguage":"it-IT"},{"@type":"Person","@id":"https:\/\/super-news.info\/it\/#\/schema\/person\/2d4068cb2f39cd10008c2fce578a7356","name":"super-news","image":{"@type":"ImageObject","inLanguage":"it-IT","@id":"https:\/\/secure.gravatar.com\/avatar\/64ebac40b93f26a154f8a9b5b6fdccfc46f442b26b3dd6756dbff3bf9dc76fd7?s=96&d=mm&r=g","url":"https:\/\/secure.gravatar.com\/avatar\/64ebac40b93f26a154f8a9b5b6fdccfc46f442b26b3dd6756dbff3bf9dc76fd7?s=96&d=mm&r=g","contentUrl":"https:\/\/secure.gravatar.com\/avatar\/64ebac40b93f26a154f8a9b5b6fdccfc46f442b26b3dd6756dbff3bf9dc76fd7?s=96&d=mm&r=g","caption":"super-news"},"url":"https:\/\/super-news.info\/it\/author\/pt\/"}]}},"_links":{"self":[{"href":"https:\/\/super-news.info\/it\/wp-json\/wp\/v2\/posts\/633","targetHints":{"allow":["GET"]}}],"collection":[{"href":"https:\/\/super-news.info\/it\/wp-json\/wp\/v2\/posts"}],"about":[{"href":"https:\/\/super-news.info\/it\/wp-json\/wp\/v2\/types\/post"}],"author":[{"embeddable":true,"href":"https:\/\/super-news.info\/it\/wp-json\/wp\/v2\/users\/2"}],"replies":[{"embeddable":true,"href":"https:\/\/super-news.info\/it\/wp-json\/wp\/v2\/comments?post=633"}],"version-history":[{"count":1,"href":"https:\/\/super-news.info\/it\/wp-json\/wp\/v2\/posts\/633\/revisions"}],"predecessor-version":[{"id":635,"href":"https:\/\/super-news.info\/it\/wp-json\/wp\/v2\/posts\/633\/revisions\/635"}],"wp:featuredmedia":[{"embeddable":true,"href":"https:\/\/super-news.info\/it\/wp-json\/wp\/v2\/media\/634"}],"wp:attachment":[{"href":"https:\/\/super-news.info\/it\/wp-json\/wp\/v2\/media?parent=633"}],"wp:term":[{"taxonomy":"category","embeddable":true,"href":"https:\/\/super-news.info\/it\/wp-json\/wp\/v2\/categories?post=633"},{"taxonomy":"post_tag","embeddable":true,"href":"https:\/\/super-news.info\/it\/wp-json\/wp\/v2\/tags?post=633"}],"curies":[{"name":"wp","href":"https:\/\/api.w.org\/{rel}","templated":true}]}}