{"id":578,"date":"2019-08-28T23:50:55","date_gmt":"2019-08-28T23:50:55","guid":{"rendered":"https:\/\/super-news.info\/it\/riassunto-crisi-di-governo-2019-inizio-e-cose-accaduto\/"},"modified":"2019-08-28T23:50:56","modified_gmt":"2019-08-28T23:50:56","slug":"riassunto-crisi-di-governo-2019-inizio-e-cose-accaduto","status":"publish","type":"post","link":"https:\/\/super-news.info\/it\/riassunto-crisi-di-governo-2019-inizio-e-cose-accaduto\/","title":{"rendered":"Riassunto Crisi di Governo 2019: inizio e cos&#8217;\u00e8 accaduto"},"content":{"rendered":"<div>\n<p>Dopo quattordici mesi il<strong> governo giallo-verde<\/strong> \u00e8 arrivato alla fine. Il divorzio tra M5s e Lega \u00e8 giunto quanto il leader del Carroccio, Matteo Salvini ha ufficialmente aperto la crisi di governo. Tanti nel corso dei mesi i temi motivo di scontro tra i due alleati ma la goccia che ha fatto traboccare il vaso \u00e8 arrivata con la Tav.<\/p>\n<h2>Crisi di governo: le tappe<\/h2>\n<p>E\u2019 il 7 agosto quando il Senato boccia la mozione con cui il M5s chiede al Parlamento di fermare la realizzazione delle <strong>Torino-Lione.<\/strong> M5s e la Lega si spaccano e quest\u2019ultima vota con il Pd e la mozione dei Cinque Stelle viene bocciata. La situazione precipita il giorno dopo con il vicepremier e ministro dell\u2019Interno Matteo Salvini che l\u20198 agosto ufficializza la volont\u00e0 della Lega di tornare alle urne, staccando la spina, dopo 14 mesi, al governo giallo-verde.<\/p>\n<blockquote>\n<p>\u201c<strong>Andiamo subito in Parlamento<\/strong> per prendere atto che non c\u2019\u00e8 pi\u00f9 una maggioranza, come evidente dal voto sulla Tav, e restituiamo velocemente la parola agli elettori\u201d.<\/p>\n<\/blockquote>\n<p>Cos\u00ec Salvini che il giorno successivo, il 9 agosto fa il primo atto formale della crisi di governo, presentando una mozione di sfiducia in Senato al premier <strong>Giuseppe Conte.<\/strong><\/p>\n<h2>Il duro attacco di Conte in Senato contro Salvini<\/h2>\n<p>Passano giorni concitati e frenetici fino ad arrivare al 20 agosto con il premier Giuseppe Conte che si presenta in Aula al Senato presentando le dimissioni e ponendo fine al governo gialloverde con un duro atto d\u2019accusa verso <strong>Matteo Salvini.<\/strong><\/p>\n<blockquote>\n<p>La decisione di innescare la crisi \u00e8 irresponsabile. Il ministro dell\u2019Interno ha mostrato interessi personali. L\u2019<strong>azione di Governo si arresta qui<\/strong> (\u2026) Il ministro Salvini ha aperto la crisi e chiesto elezioni anticipate:\u2009\u00e8 una decisione grave, perch\u00e9 ha seguito interessi personali e di partito. Decisione grave perch\u00e9 interrompe prematuramente un\u2019esperienza di governo che aveva prodotto molti risultati;\u2009perch\u00e9 i cittadini avevano chiesto un cambio di passo espresso dal nostro governo;\u2009perch\u00e9 v\u00ecola il solenne impegno assunto dal leader della Lega con il contratto di governo; perch\u00e9 i tempi della decisione espongono il nostro Paese a gravi rischi, tra cui quello di ritrovarsi in esercizio provvisorio di bilancio (\u2026) Se c\u2019\u00e8 mancanza di coraggio, non vi preoccupate me lo assumo io di fronte al Paese che ci guarda e vado dal presidente Mattarella.<\/p>\n<\/blockquote>\n<p>Il premier <strong>Giuseppe Conte<\/strong> ha poi ufficializzato le sue dimissioni nel corso di un faccia a faccia con il capo dello Stato al Quirinale e comunicate ufficialmente nella serata del 20 agosto anche al Presidente della Camera Roberto Fico. Nella stessa giornata, nel tardo pomeriggio, la Lega ha deciso a sorpresa di ritirare la mozione di sfiducia a Conte presentata in Senato ma mai calendarizzata.<\/p>\n<h2>Primo giro di consultazioni<\/h2>\n<p>Una nota del Colle ha confermato poi le dimissioni del premier nel corso di un incontro con il capo dello Stato <strong>Sergio Mattarella<\/strong> al Palazzo del Quirinale.\u00a0 Il Presidente della Repubblica ha preso atto delle dimissioni e ha invitato il Governo a curare il disbrigo degli affari correnti. Le consultazioni avranno inizio domani, mercoled\u00ec 21 agosto, alle ore 16.00.\u00a0Il presidente Sergio Mattarella invita i partiti a trovare una<strong> maggioranza politica alternativa<\/strong> altrimenti si dovr\u00e0 tornare al voto. Il primo giro di consultazioni non \u00e8 andato a buon fine e il capo dello stato ne ha indetto un secondo iniziato ieri 27 agosto e che terminer\u00e0 oggi mercoled\u00ec 28.<\/p>\n<h2>Possibile governo M5S-Pd<\/h2>\n<p>In fase di trattative sono il Movimento Cinque Stelle e il Partito democratico con i primi che spingono per un Conte bis e i secondi che chiedono discontinuit\u00e0 rispetto alla precedente esperienza di governo.<\/p>\n<\/p><\/div>\n<p><a href=\"https:\/\/www.wallstreetitalia.com\/riassunto-crisi-di-governo-2019-inizio-e-cose-accaduto\/\">Source link <\/a><\/p>\n","protected":false},"excerpt":{"rendered":"<p>Dopo quattordici mesi il governo giallo-verde \u00e8 arrivato alla fine. Il divorzio tra M5s e Lega \u00e8 giunto quanto il leader del Carroccio, Matteo Salvini ha ufficialmente aperto la crisi di governo. Tanti nel corso dei mesi i temi motivo di scontro tra i due alleati ma la goccia che ha fatto traboccare il vaso [&hellip;]<\/p>\n","protected":false},"author":2,"featured_media":298,"comment_status":"open","ping_status":"open","sticky":false,"template":"","format":"standard","meta":{"footnotes":""},"categories":[1],"tags":[],"class_list":["post-578","post","type-post","status-publish","format-standard","has-post-thumbnail","hentry","category-notizie-finanziarie"],"yoast_head":"<!-- This site is optimized with the Yoast SEO plugin v27.4 - https:\/\/yoast.com\/product\/yoast-seo-wordpress\/ -->\n<title>Riassunto Crisi di Governo 2019: inizio e cos&#039;\u00e8 accaduto - Super News<\/title>\n<meta name=\"robots\" content=\"index, follow, max-snippet:-1, max-image-preview:large, max-video-preview:-1\" \/>\n<link rel=\"canonical\" href=\"https:\/\/super-news.info\/it\/riassunto-crisi-di-governo-2019-inizio-e-cose-accaduto\/\" \/>\n<meta property=\"og:locale\" content=\"it_IT\" \/>\n<meta property=\"og:type\" content=\"article\" \/>\n<meta property=\"og:title\" content=\"Riassunto Crisi di Governo 2019: inizio e cos&#039;\u00e8 accaduto - Super News\" \/>\n<meta property=\"og:description\" content=\"Dopo quattordici mesi il governo giallo-verde \u00e8 arrivato alla fine. Il divorzio tra M5s e Lega \u00e8 giunto quanto il leader del Carroccio, Matteo Salvini ha ufficialmente aperto la crisi di governo. Tanti nel corso dei mesi i temi motivo di scontro tra i due alleati ma la goccia che ha fatto traboccare il vaso [&hellip;]\" \/>\n<meta property=\"og:url\" content=\"https:\/\/super-news.info\/it\/riassunto-crisi-di-governo-2019-inizio-e-cose-accaduto\/\" \/>\n<meta property=\"og:site_name\" content=\"Super News\" \/>\n<meta property=\"article:published_time\" content=\"2019-08-28T23:50:55+00:00\" \/>\n<meta property=\"article:modified_time\" content=\"2019-08-28T23:50:56+00:00\" \/>\n<meta property=\"og:image\" content=\"https:\/\/super-news.info\/it\/wp-content\/uploads\/sites\/9\/2019\/08\/Tutto-in-nome-dellItalia-e-degli-italiani.jpg\" \/>\n\t<meta property=\"og:image:width\" content=\"980\" \/>\n\t<meta property=\"og:image:height\" content=\"653\" \/>\n\t<meta property=\"og:image:type\" content=\"image\/jpeg\" \/>\n<meta name=\"author\" content=\"super-news\" \/>\n<meta name=\"twitter:card\" content=\"summary_large_image\" \/>\n<meta name=\"twitter:label1\" content=\"Scritto da\" \/>\n\t<meta name=\"twitter:data1\" content=\"super-news\" \/>\n\t<meta name=\"twitter:label2\" content=\"Tempo di lettura stimato\" \/>\n\t<meta name=\"twitter:data2\" content=\"3 minuti\" \/>\n<script type=\"application\/ld+json\" class=\"yoast-schema-graph\">{\"@context\":\"https:\\\/\\\/schema.org\",\"@graph\":[{\"@type\":\"Article\",\"@id\":\"https:\\\/\\\/super-news.info\\\/it\\\/riassunto-crisi-di-governo-2019-inizio-e-cose-accaduto\\\/#article\",\"isPartOf\":{\"@id\":\"https:\\\/\\\/super-news.info\\\/it\\\/riassunto-crisi-di-governo-2019-inizio-e-cose-accaduto\\\/\"},\"author\":{\"name\":\"super-news\",\"@id\":\"https:\\\/\\\/super-news.info\\\/it\\\/#\\\/schema\\\/person\\\/2d4068cb2f39cd10008c2fce578a7356\"},\"headline\":\"Riassunto Crisi di Governo 2019: inizio e cos&#8217;\u00e8 accaduto\",\"datePublished\":\"2019-08-28T23:50:55+00:00\",\"dateModified\":\"2019-08-28T23:50:56+00:00\",\"mainEntityOfPage\":{\"@id\":\"https:\\\/\\\/super-news.info\\\/it\\\/riassunto-crisi-di-governo-2019-inizio-e-cose-accaduto\\\/\"},\"wordCount\":599,\"commentCount\":0,\"image\":{\"@id\":\"https:\\\/\\\/super-news.info\\\/it\\\/riassunto-crisi-di-governo-2019-inizio-e-cose-accaduto\\\/#primaryimage\"},\"thumbnailUrl\":\"https:\\\/\\\/super-news.info\\\/it\\\/wp-content\\\/uploads\\\/sites\\\/9\\\/2019\\\/08\\\/Tutto-in-nome-dellItalia-e-degli-italiani.jpg\",\"articleSection\":[\"NOTIZIE FINANZIARIE\"],\"inLanguage\":\"it-IT\",\"potentialAction\":[{\"@type\":\"CommentAction\",\"name\":\"Comment\",\"target\":[\"https:\\\/\\\/super-news.info\\\/it\\\/riassunto-crisi-di-governo-2019-inizio-e-cose-accaduto\\\/#respond\"]}]},{\"@type\":\"WebPage\",\"@id\":\"https:\\\/\\\/super-news.info\\\/it\\\/riassunto-crisi-di-governo-2019-inizio-e-cose-accaduto\\\/\",\"url\":\"https:\\\/\\\/super-news.info\\\/it\\\/riassunto-crisi-di-governo-2019-inizio-e-cose-accaduto\\\/\",\"name\":\"Riassunto Crisi di Governo 2019: inizio e cos'\u00e8 accaduto - Super News\",\"isPartOf\":{\"@id\":\"https:\\\/\\\/super-news.info\\\/it\\\/#website\"},\"primaryImageOfPage\":{\"@id\":\"https:\\\/\\\/super-news.info\\\/it\\\/riassunto-crisi-di-governo-2019-inizio-e-cose-accaduto\\\/#primaryimage\"},\"image\":{\"@id\":\"https:\\\/\\\/super-news.info\\\/it\\\/riassunto-crisi-di-governo-2019-inizio-e-cose-accaduto\\\/#primaryimage\"},\"thumbnailUrl\":\"https:\\\/\\\/super-news.info\\\/it\\\/wp-content\\\/uploads\\\/sites\\\/9\\\/2019\\\/08\\\/Tutto-in-nome-dellItalia-e-degli-italiani.jpg\",\"datePublished\":\"2019-08-28T23:50:55+00:00\",\"dateModified\":\"2019-08-28T23:50:56+00:00\",\"author\":{\"@id\":\"https:\\\/\\\/super-news.info\\\/it\\\/#\\\/schema\\\/person\\\/2d4068cb2f39cd10008c2fce578a7356\"},\"breadcrumb\":{\"@id\":\"https:\\\/\\\/super-news.info\\\/it\\\/riassunto-crisi-di-governo-2019-inizio-e-cose-accaduto\\\/#breadcrumb\"},\"inLanguage\":\"it-IT\",\"potentialAction\":[{\"@type\":\"ReadAction\",\"target\":[\"https:\\\/\\\/super-news.info\\\/it\\\/riassunto-crisi-di-governo-2019-inizio-e-cose-accaduto\\\/\"]}]},{\"@type\":\"ImageObject\",\"inLanguage\":\"it-IT\",\"@id\":\"https:\\\/\\\/super-news.info\\\/it\\\/riassunto-crisi-di-governo-2019-inizio-e-cose-accaduto\\\/#primaryimage\",\"url\":\"https:\\\/\\\/super-news.info\\\/it\\\/wp-content\\\/uploads\\\/sites\\\/9\\\/2019\\\/08\\\/Tutto-in-nome-dellItalia-e-degli-italiani.jpg\",\"contentUrl\":\"https:\\\/\\\/super-news.info\\\/it\\\/wp-content\\\/uploads\\\/sites\\\/9\\\/2019\\\/08\\\/Tutto-in-nome-dellItalia-e-degli-italiani.jpg\",\"width\":980,\"height\":653,\"caption\":\"Tutto in nome dell'Italia e degli italiani?\"},{\"@type\":\"BreadcrumbList\",\"@id\":\"https:\\\/\\\/super-news.info\\\/it\\\/riassunto-crisi-di-governo-2019-inizio-e-cose-accaduto\\\/#breadcrumb\",\"itemListElement\":[{\"@type\":\"ListItem\",\"position\":1,\"name\":\"Home\",\"item\":\"https:\\\/\\\/super-news.info\\\/it\\\/\"},{\"@type\":\"ListItem\",\"position\":2,\"name\":\"Riassunto Crisi di Governo 2019: inizio e cos&#8217;\u00e8 accaduto\"}]},{\"@type\":\"WebSite\",\"@id\":\"https:\\\/\\\/super-news.info\\\/it\\\/#website\",\"url\":\"https:\\\/\\\/super-news.info\\\/it\\\/\",\"name\":\"Super News\",\"description\":\"Super News from Italy\",\"potentialAction\":[{\"@type\":\"SearchAction\",\"target\":{\"@type\":\"EntryPoint\",\"urlTemplate\":\"https:\\\/\\\/super-news.info\\\/it\\\/?s={search_term_string}\"},\"query-input\":{\"@type\":\"PropertyValueSpecification\",\"valueRequired\":true,\"valueName\":\"search_term_string\"}}],\"inLanguage\":\"it-IT\"},{\"@type\":\"Person\",\"@id\":\"https:\\\/\\\/super-news.info\\\/it\\\/#\\\/schema\\\/person\\\/2d4068cb2f39cd10008c2fce578a7356\",\"name\":\"super-news\",\"image\":{\"@type\":\"ImageObject\",\"inLanguage\":\"it-IT\",\"@id\":\"https:\\\/\\\/secure.gravatar.com\\\/avatar\\\/64ebac40b93f26a154f8a9b5b6fdccfc46f442b26b3dd6756dbff3bf9dc76fd7?s=96&d=mm&r=g\",\"url\":\"https:\\\/\\\/secure.gravatar.com\\\/avatar\\\/64ebac40b93f26a154f8a9b5b6fdccfc46f442b26b3dd6756dbff3bf9dc76fd7?s=96&d=mm&r=g\",\"contentUrl\":\"https:\\\/\\\/secure.gravatar.com\\\/avatar\\\/64ebac40b93f26a154f8a9b5b6fdccfc46f442b26b3dd6756dbff3bf9dc76fd7?s=96&d=mm&r=g\",\"caption\":\"super-news\"},\"url\":\"https:\\\/\\\/super-news.info\\\/it\\\/author\\\/pt\\\/\"}]}<\/script>\n<!-- \/ Yoast SEO plugin. -->","yoast_head_json":{"title":"Riassunto Crisi di Governo 2019: inizio e cos'\u00e8 accaduto - Super News","robots":{"index":"index","follow":"follow","max-snippet":"max-snippet:-1","max-image-preview":"max-image-preview:large","max-video-preview":"max-video-preview:-1"},"canonical":"https:\/\/super-news.info\/it\/riassunto-crisi-di-governo-2019-inizio-e-cose-accaduto\/","og_locale":"it_IT","og_type":"article","og_title":"Riassunto Crisi di Governo 2019: inizio e cos'\u00e8 accaduto - Super News","og_description":"Dopo quattordici mesi il governo giallo-verde \u00e8 arrivato alla fine. Il divorzio tra M5s e Lega \u00e8 giunto quanto il leader del Carroccio, Matteo Salvini ha ufficialmente aperto la crisi di governo. Tanti nel corso dei mesi i temi motivo di scontro tra i due alleati ma la goccia che ha fatto traboccare il vaso [&hellip;]","og_url":"https:\/\/super-news.info\/it\/riassunto-crisi-di-governo-2019-inizio-e-cose-accaduto\/","og_site_name":"Super News","article_published_time":"2019-08-28T23:50:55+00:00","article_modified_time":"2019-08-28T23:50:56+00:00","og_image":[{"width":980,"height":653,"url":"https:\/\/super-news.info\/it\/wp-content\/uploads\/sites\/9\/2019\/08\/Tutto-in-nome-dellItalia-e-degli-italiani.jpg","type":"image\/jpeg"}],"author":"super-news","twitter_card":"summary_large_image","twitter_misc":{"Scritto da":"super-news","Tempo di lettura stimato":"3 minuti"},"schema":{"@context":"https:\/\/schema.org","@graph":[{"@type":"Article","@id":"https:\/\/super-news.info\/it\/riassunto-crisi-di-governo-2019-inizio-e-cose-accaduto\/#article","isPartOf":{"@id":"https:\/\/super-news.info\/it\/riassunto-crisi-di-governo-2019-inizio-e-cose-accaduto\/"},"author":{"name":"super-news","@id":"https:\/\/super-news.info\/it\/#\/schema\/person\/2d4068cb2f39cd10008c2fce578a7356"},"headline":"Riassunto Crisi di Governo 2019: inizio e cos&#8217;\u00e8 accaduto","datePublished":"2019-08-28T23:50:55+00:00","dateModified":"2019-08-28T23:50:56+00:00","mainEntityOfPage":{"@id":"https:\/\/super-news.info\/it\/riassunto-crisi-di-governo-2019-inizio-e-cose-accaduto\/"},"wordCount":599,"commentCount":0,"image":{"@id":"https:\/\/super-news.info\/it\/riassunto-crisi-di-governo-2019-inizio-e-cose-accaduto\/#primaryimage"},"thumbnailUrl":"https:\/\/super-news.info\/it\/wp-content\/uploads\/sites\/9\/2019\/08\/Tutto-in-nome-dellItalia-e-degli-italiani.jpg","articleSection":["NOTIZIE FINANZIARIE"],"inLanguage":"it-IT","potentialAction":[{"@type":"CommentAction","name":"Comment","target":["https:\/\/super-news.info\/it\/riassunto-crisi-di-governo-2019-inizio-e-cose-accaduto\/#respond"]}]},{"@type":"WebPage","@id":"https:\/\/super-news.info\/it\/riassunto-crisi-di-governo-2019-inizio-e-cose-accaduto\/","url":"https:\/\/super-news.info\/it\/riassunto-crisi-di-governo-2019-inizio-e-cose-accaduto\/","name":"Riassunto Crisi di Governo 2019: inizio e cos'\u00e8 accaduto - Super News","isPartOf":{"@id":"https:\/\/super-news.info\/it\/#website"},"primaryImageOfPage":{"@id":"https:\/\/super-news.info\/it\/riassunto-crisi-di-governo-2019-inizio-e-cose-accaduto\/#primaryimage"},"image":{"@id":"https:\/\/super-news.info\/it\/riassunto-crisi-di-governo-2019-inizio-e-cose-accaduto\/#primaryimage"},"thumbnailUrl":"https:\/\/super-news.info\/it\/wp-content\/uploads\/sites\/9\/2019\/08\/Tutto-in-nome-dellItalia-e-degli-italiani.jpg","datePublished":"2019-08-28T23:50:55+00:00","dateModified":"2019-08-28T23:50:56+00:00","author":{"@id":"https:\/\/super-news.info\/it\/#\/schema\/person\/2d4068cb2f39cd10008c2fce578a7356"},"breadcrumb":{"@id":"https:\/\/super-news.info\/it\/riassunto-crisi-di-governo-2019-inizio-e-cose-accaduto\/#breadcrumb"},"inLanguage":"it-IT","potentialAction":[{"@type":"ReadAction","target":["https:\/\/super-news.info\/it\/riassunto-crisi-di-governo-2019-inizio-e-cose-accaduto\/"]}]},{"@type":"ImageObject","inLanguage":"it-IT","@id":"https:\/\/super-news.info\/it\/riassunto-crisi-di-governo-2019-inizio-e-cose-accaduto\/#primaryimage","url":"https:\/\/super-news.info\/it\/wp-content\/uploads\/sites\/9\/2019\/08\/Tutto-in-nome-dellItalia-e-degli-italiani.jpg","contentUrl":"https:\/\/super-news.info\/it\/wp-content\/uploads\/sites\/9\/2019\/08\/Tutto-in-nome-dellItalia-e-degli-italiani.jpg","width":980,"height":653,"caption":"Tutto in nome dell'Italia e degli italiani?"},{"@type":"BreadcrumbList","@id":"https:\/\/super-news.info\/it\/riassunto-crisi-di-governo-2019-inizio-e-cose-accaduto\/#breadcrumb","itemListElement":[{"@type":"ListItem","position":1,"name":"Home","item":"https:\/\/super-news.info\/it\/"},{"@type":"ListItem","position":2,"name":"Riassunto Crisi di Governo 2019: inizio e cos&#8217;\u00e8 accaduto"}]},{"@type":"WebSite","@id":"https:\/\/super-news.info\/it\/#website","url":"https:\/\/super-news.info\/it\/","name":"Super News","description":"Super News from Italy","potentialAction":[{"@type":"SearchAction","target":{"@type":"EntryPoint","urlTemplate":"https:\/\/super-news.info\/it\/?s={search_term_string}"},"query-input":{"@type":"PropertyValueSpecification","valueRequired":true,"valueName":"search_term_string"}}],"inLanguage":"it-IT"},{"@type":"Person","@id":"https:\/\/super-news.info\/it\/#\/schema\/person\/2d4068cb2f39cd10008c2fce578a7356","name":"super-news","image":{"@type":"ImageObject","inLanguage":"it-IT","@id":"https:\/\/secure.gravatar.com\/avatar\/64ebac40b93f26a154f8a9b5b6fdccfc46f442b26b3dd6756dbff3bf9dc76fd7?s=96&d=mm&r=g","url":"https:\/\/secure.gravatar.com\/avatar\/64ebac40b93f26a154f8a9b5b6fdccfc46f442b26b3dd6756dbff3bf9dc76fd7?s=96&d=mm&r=g","contentUrl":"https:\/\/secure.gravatar.com\/avatar\/64ebac40b93f26a154f8a9b5b6fdccfc46f442b26b3dd6756dbff3bf9dc76fd7?s=96&d=mm&r=g","caption":"super-news"},"url":"https:\/\/super-news.info\/it\/author\/pt\/"}]}},"_links":{"self":[{"href":"https:\/\/super-news.info\/it\/wp-json\/wp\/v2\/posts\/578","targetHints":{"allow":["GET"]}}],"collection":[{"href":"https:\/\/super-news.info\/it\/wp-json\/wp\/v2\/posts"}],"about":[{"href":"https:\/\/super-news.info\/it\/wp-json\/wp\/v2\/types\/post"}],"author":[{"embeddable":true,"href":"https:\/\/super-news.info\/it\/wp-json\/wp\/v2\/users\/2"}],"replies":[{"embeddable":true,"href":"https:\/\/super-news.info\/it\/wp-json\/wp\/v2\/comments?post=578"}],"version-history":[{"count":1,"href":"https:\/\/super-news.info\/it\/wp-json\/wp\/v2\/posts\/578\/revisions"}],"predecessor-version":[{"id":579,"href":"https:\/\/super-news.info\/it\/wp-json\/wp\/v2\/posts\/578\/revisions\/579"}],"wp:featuredmedia":[{"embeddable":true,"href":"https:\/\/super-news.info\/it\/wp-json\/wp\/v2\/media\/298"}],"wp:attachment":[{"href":"https:\/\/super-news.info\/it\/wp-json\/wp\/v2\/media?parent=578"}],"wp:term":[{"taxonomy":"category","embeddable":true,"href":"https:\/\/super-news.info\/it\/wp-json\/wp\/v2\/categories?post=578"},{"taxonomy":"post_tag","embeddable":true,"href":"https:\/\/super-news.info\/it\/wp-json\/wp\/v2\/tags?post=578"}],"curies":[{"name":"wp","href":"https:\/\/api.w.org\/{rel}","templated":true}]}}