{"id":572,"date":"2019-08-28T20:35:40","date_gmt":"2019-08-28T20:35:40","guid":{"rendered":"https:\/\/super-news.info\/it\/zingaretti-pronto-allaccordo-con-il-m5s-via-libera-a-conte-bis\/"},"modified":"2019-08-28T20:35:42","modified_gmt":"2019-08-28T20:35:42","slug":"zingaretti-pronto-allaccordo-con-il-m5s-via-libera-a-conte-bis","status":"publish","type":"post","link":"https:\/\/super-news.info\/it\/zingaretti-pronto-allaccordo-con-il-m5s-via-libera-a-conte-bis\/","title":{"rendered":"Zingaretti pronto all&#8217;accordo con il M5s: via libera a Conte bis"},"content":{"rendered":"<div>\n<p>L\u2019alleanza fra Movimento 5 stelle e Partito democratico \u00e8 sempre pi\u00f9 vicina: a sciogliere la pi\u00f9 importante delle riserve \u00e8 stato il segretario dem, <strong>Nicola Zingaretti<\/strong>, che ha aperto ufficialmente \u201cal candidato indicato dal M5s\u201d, alla luce degli equilibri parlamentari favorevoli al movimento guidato da Luigi Di Maio. Appare ormai certa, dunque, l\u2019indicazione di <strong>Giuseppe Conte<\/strong> come presidente del Consiglio designato.<\/p>\n<p>Il segretario Zingaretti, che ha preso la parola di fronte ai cronisti al termine delle consultazioni al Quirinale, ha sottolineato l\u2019esigenza di un \u201cgoverno di svolta\u201d, precisando che \u201c<strong>non ci sono testimoni da raccogliere<\/strong>\u201d rispetto alla precedente esperienza gialloverde. Un messaggio che si scontra, se non altro a livello d\u2019immagine, con la continuit\u00e0 della incarnata dal presidente Conte, per quanto sostenuto da una maggioranza radicalmente diversa.<\/p>\n<blockquote>\n<p>\u201cAbbiamo riferito al presidente di aver accettato la proposta del M5s di indicare in quanto partito di maggioranza relativa il nome del presidente del Consiglio dei ministri. Questo nome ci \u00e8 stato indicato dal M5s nei giorni scorsi\u201d, ha detto Zingaretti, \u201cAbbiamo altres\u00ec confermato risolutamente l\u2019esigenza ora di costruire un governo di svolta e discontinuit\u00e0\u2026 Sia chiaro che non c\u2019\u00e8 alcuna staffetta da proseguire e non c\u2019\u00e8 alcun testimone da raccogliere, semmai una nuova sfida da cominciare\u201d.<\/p>\n<\/blockquote>\n<p>\u00a0<\/p>\n<p><iframe loading=\"lazy\" src=\"https:\/\/www.youtube.com\/embed\/zFBmTwhACQ4\" width=\"560\" height=\"315\" frameborder=\"0\" allowfullscreen=\"allowfullscreen\"><\/iframe><\/p>\n<p>Dalle parole pronunciate da Zingaretti alla direzione del partito, l\u2019accordo sul nome di Giuseppe Conte sembra prevedere, come contropartita, la <strong>designazione di un singolo vicepremier di provenienza democratica<\/strong>. Nessuno spazio, dunque, per una nuova dialettica fra vicepremier opposti.<\/p>\n<p>\u201cIl M5S, ed \u00e8 legittimo, rivendica la presidenza del governo. Ha rifiutato altre ipotesi. E in questa scelta \u00e8 inciso il superamento di un modello sul quale si fondava il vecchio governo. Una figura condivisa e due vice espressione dei due partiti della coalizione. Questo modello non c\u2019\u00e8 pi\u00f9\u201d, aveva detto Zingaretti in mattinata incassando un consenso pressoch\u00e9 unanime.<\/p>\n<p>Manca, tuttavia, una conferma da parte dei pentastellati sul fatto che Di Maio possa effettivamente rinunciare alla carica finora ricoperta a Palazzo Chigi. Questo, oltre alla gi\u00e0 annunciata consultazione con la base pentastellata sulla piattaforma Rousseau, \u00e8 il principale nodo ancora da sciogliere prima che il governo giallorosso possa dirsi definitivamente pronto a partire.<\/p>\n<\/p><\/div>\n<p><a href=\"https:\/\/www.wallstreetitalia.com\/zingaretti-m5s-giuseppe-conte\/\">Source link <\/a><\/p>\n","protected":false},"excerpt":{"rendered":"<p>L\u2019alleanza fra Movimento 5 stelle e Partito democratico \u00e8 sempre pi\u00f9 vicina: a sciogliere la pi\u00f9 importante delle riserve \u00e8 stato il segretario dem, Nicola Zingaretti, che ha aperto ufficialmente \u201cal candidato indicato dal M5s\u201d, alla luce degli equilibri parlamentari favorevoli al movimento guidato da Luigi Di Maio. Appare ormai certa, dunque, l\u2019indicazione di Giuseppe [&hellip;]<\/p>\n","protected":false},"author":2,"featured_media":573,"comment_status":"open","ping_status":"open","sticky":false,"template":"","format":"standard","meta":{"footnotes":""},"categories":[1],"tags":[],"class_list":["post-572","post","type-post","status-publish","format-standard","has-post-thumbnail","hentry","category-notizie-finanziarie"],"yoast_head":"<!-- This site is optimized with the Yoast SEO plugin v27.4 - https:\/\/yoast.com\/product\/yoast-seo-wordpress\/ -->\n<title>Zingaretti pronto all&#039;accordo con il M5s: via libera a Conte bis - Super News<\/title>\n<meta name=\"robots\" content=\"index, follow, max-snippet:-1, max-image-preview:large, max-video-preview:-1\" \/>\n<link rel=\"canonical\" href=\"https:\/\/super-news.info\/it\/zingaretti-pronto-allaccordo-con-il-m5s-via-libera-a-conte-bis\/\" \/>\n<meta property=\"og:locale\" content=\"it_IT\" \/>\n<meta property=\"og:type\" content=\"article\" \/>\n<meta property=\"og:title\" content=\"Zingaretti pronto all&#039;accordo con il M5s: via libera a Conte bis - Super News\" \/>\n<meta property=\"og:description\" content=\"L\u2019alleanza fra Movimento 5 stelle e Partito democratico \u00e8 sempre pi\u00f9 vicina: a sciogliere la pi\u00f9 importante delle riserve \u00e8 stato il segretario dem, Nicola Zingaretti, che ha aperto ufficialmente \u201cal candidato indicato dal M5s\u201d, alla luce degli equilibri parlamentari favorevoli al movimento guidato da Luigi Di Maio. Appare ormai certa, dunque, l\u2019indicazione di Giuseppe [&hellip;]\" \/>\n<meta property=\"og:url\" content=\"https:\/\/super-news.info\/it\/zingaretti-pronto-allaccordo-con-il-m5s-via-libera-a-conte-bis\/\" \/>\n<meta property=\"og:site_name\" content=\"Super News\" \/>\n<meta property=\"article:published_time\" content=\"2019-08-28T20:35:40+00:00\" \/>\n<meta property=\"article:modified_time\" content=\"2019-08-28T20:35:42+00:00\" \/>\n<meta property=\"og:image\" content=\"https:\/\/super-news.info\/it\/wp-content\/uploads\/sites\/9\/2019\/08\/Zingaretti-pronto-allaccordo-con-il-M5s-via-libera-a-Conte.jpg\" \/>\n\t<meta property=\"og:image:width\" content=\"1024\" \/>\n\t<meta property=\"og:image:height\" content=\"683\" \/>\n\t<meta property=\"og:image:type\" content=\"image\/jpeg\" \/>\n<meta name=\"author\" content=\"super-news\" \/>\n<meta name=\"twitter:card\" content=\"summary_large_image\" \/>\n<meta name=\"twitter:label1\" content=\"Scritto da\" \/>\n\t<meta name=\"twitter:data1\" content=\"super-news\" \/>\n\t<meta name=\"twitter:label2\" content=\"Tempo di lettura stimato\" \/>\n\t<meta name=\"twitter:data2\" content=\"2 minuti\" \/>\n<script type=\"application\/ld+json\" class=\"yoast-schema-graph\">{\"@context\":\"https:\\\/\\\/schema.org\",\"@graph\":[{\"@type\":\"Article\",\"@id\":\"https:\\\/\\\/super-news.info\\\/it\\\/zingaretti-pronto-allaccordo-con-il-m5s-via-libera-a-conte-bis\\\/#article\",\"isPartOf\":{\"@id\":\"https:\\\/\\\/super-news.info\\\/it\\\/zingaretti-pronto-allaccordo-con-il-m5s-via-libera-a-conte-bis\\\/\"},\"author\":{\"name\":\"super-news\",\"@id\":\"https:\\\/\\\/super-news.info\\\/it\\\/#\\\/schema\\\/person\\\/2d4068cb2f39cd10008c2fce578a7356\"},\"headline\":\"Zingaretti pronto all&#8217;accordo con il M5s: via libera a Conte bis\",\"datePublished\":\"2019-08-28T20:35:40+00:00\",\"dateModified\":\"2019-08-28T20:35:42+00:00\",\"mainEntityOfPage\":{\"@id\":\"https:\\\/\\\/super-news.info\\\/it\\\/zingaretti-pronto-allaccordo-con-il-m5s-via-libera-a-conte-bis\\\/\"},\"wordCount\":373,\"commentCount\":0,\"image\":{\"@id\":\"https:\\\/\\\/super-news.info\\\/it\\\/zingaretti-pronto-allaccordo-con-il-m5s-via-libera-a-conte-bis\\\/#primaryimage\"},\"thumbnailUrl\":\"https:\\\/\\\/super-news.info\\\/it\\\/wp-content\\\/uploads\\\/sites\\\/9\\\/2019\\\/08\\\/Zingaretti-pronto-allaccordo-con-il-M5s-via-libera-a-Conte.jpg\",\"articleSection\":[\"NOTIZIE FINANZIARIE\"],\"inLanguage\":\"it-IT\",\"potentialAction\":[{\"@type\":\"CommentAction\",\"name\":\"Comment\",\"target\":[\"https:\\\/\\\/super-news.info\\\/it\\\/zingaretti-pronto-allaccordo-con-il-m5s-via-libera-a-conte-bis\\\/#respond\"]}]},{\"@type\":\"WebPage\",\"@id\":\"https:\\\/\\\/super-news.info\\\/it\\\/zingaretti-pronto-allaccordo-con-il-m5s-via-libera-a-conte-bis\\\/\",\"url\":\"https:\\\/\\\/super-news.info\\\/it\\\/zingaretti-pronto-allaccordo-con-il-m5s-via-libera-a-conte-bis\\\/\",\"name\":\"Zingaretti pronto all'accordo con il M5s: via libera a Conte bis - Super News\",\"isPartOf\":{\"@id\":\"https:\\\/\\\/super-news.info\\\/it\\\/#website\"},\"primaryImageOfPage\":{\"@id\":\"https:\\\/\\\/super-news.info\\\/it\\\/zingaretti-pronto-allaccordo-con-il-m5s-via-libera-a-conte-bis\\\/#primaryimage\"},\"image\":{\"@id\":\"https:\\\/\\\/super-news.info\\\/it\\\/zingaretti-pronto-allaccordo-con-il-m5s-via-libera-a-conte-bis\\\/#primaryimage\"},\"thumbnailUrl\":\"https:\\\/\\\/super-news.info\\\/it\\\/wp-content\\\/uploads\\\/sites\\\/9\\\/2019\\\/08\\\/Zingaretti-pronto-allaccordo-con-il-M5s-via-libera-a-Conte.jpg\",\"datePublished\":\"2019-08-28T20:35:40+00:00\",\"dateModified\":\"2019-08-28T20:35:42+00:00\",\"author\":{\"@id\":\"https:\\\/\\\/super-news.info\\\/it\\\/#\\\/schema\\\/person\\\/2d4068cb2f39cd10008c2fce578a7356\"},\"breadcrumb\":{\"@id\":\"https:\\\/\\\/super-news.info\\\/it\\\/zingaretti-pronto-allaccordo-con-il-m5s-via-libera-a-conte-bis\\\/#breadcrumb\"},\"inLanguage\":\"it-IT\",\"potentialAction\":[{\"@type\":\"ReadAction\",\"target\":[\"https:\\\/\\\/super-news.info\\\/it\\\/zingaretti-pronto-allaccordo-con-il-m5s-via-libera-a-conte-bis\\\/\"]}]},{\"@type\":\"ImageObject\",\"inLanguage\":\"it-IT\",\"@id\":\"https:\\\/\\\/super-news.info\\\/it\\\/zingaretti-pronto-allaccordo-con-il-m5s-via-libera-a-conte-bis\\\/#primaryimage\",\"url\":\"https:\\\/\\\/super-news.info\\\/it\\\/wp-content\\\/uploads\\\/sites\\\/9\\\/2019\\\/08\\\/Zingaretti-pronto-allaccordo-con-il-M5s-via-libera-a-Conte.jpg\",\"contentUrl\":\"https:\\\/\\\/super-news.info\\\/it\\\/wp-content\\\/uploads\\\/sites\\\/9\\\/2019\\\/08\\\/Zingaretti-pronto-allaccordo-con-il-M5s-via-libera-a-Conte.jpg\",\"width\":1024,\"height\":683,\"caption\":\"Zingaretti pronto all'accordo con il M5s: via libera a Conte bis\"},{\"@type\":\"BreadcrumbList\",\"@id\":\"https:\\\/\\\/super-news.info\\\/it\\\/zingaretti-pronto-allaccordo-con-il-m5s-via-libera-a-conte-bis\\\/#breadcrumb\",\"itemListElement\":[{\"@type\":\"ListItem\",\"position\":1,\"name\":\"Home\",\"item\":\"https:\\\/\\\/super-news.info\\\/it\\\/\"},{\"@type\":\"ListItem\",\"position\":2,\"name\":\"Zingaretti pronto all&#8217;accordo con il M5s: via libera a Conte bis\"}]},{\"@type\":\"WebSite\",\"@id\":\"https:\\\/\\\/super-news.info\\\/it\\\/#website\",\"url\":\"https:\\\/\\\/super-news.info\\\/it\\\/\",\"name\":\"Super News\",\"description\":\"Super News from Italy\",\"potentialAction\":[{\"@type\":\"SearchAction\",\"target\":{\"@type\":\"EntryPoint\",\"urlTemplate\":\"https:\\\/\\\/super-news.info\\\/it\\\/?s={search_term_string}\"},\"query-input\":{\"@type\":\"PropertyValueSpecification\",\"valueRequired\":true,\"valueName\":\"search_term_string\"}}],\"inLanguage\":\"it-IT\"},{\"@type\":\"Person\",\"@id\":\"https:\\\/\\\/super-news.info\\\/it\\\/#\\\/schema\\\/person\\\/2d4068cb2f39cd10008c2fce578a7356\",\"name\":\"super-news\",\"image\":{\"@type\":\"ImageObject\",\"inLanguage\":\"it-IT\",\"@id\":\"https:\\\/\\\/secure.gravatar.com\\\/avatar\\\/64ebac40b93f26a154f8a9b5b6fdccfc46f442b26b3dd6756dbff3bf9dc76fd7?s=96&d=mm&r=g\",\"url\":\"https:\\\/\\\/secure.gravatar.com\\\/avatar\\\/64ebac40b93f26a154f8a9b5b6fdccfc46f442b26b3dd6756dbff3bf9dc76fd7?s=96&d=mm&r=g\",\"contentUrl\":\"https:\\\/\\\/secure.gravatar.com\\\/avatar\\\/64ebac40b93f26a154f8a9b5b6fdccfc46f442b26b3dd6756dbff3bf9dc76fd7?s=96&d=mm&r=g\",\"caption\":\"super-news\"},\"url\":\"https:\\\/\\\/super-news.info\\\/it\\\/author\\\/pt\\\/\"}]}<\/script>\n<!-- \/ Yoast SEO plugin. -->","yoast_head_json":{"title":"Zingaretti pronto all'accordo con il M5s: via libera a Conte bis - Super News","robots":{"index":"index","follow":"follow","max-snippet":"max-snippet:-1","max-image-preview":"max-image-preview:large","max-video-preview":"max-video-preview:-1"},"canonical":"https:\/\/super-news.info\/it\/zingaretti-pronto-allaccordo-con-il-m5s-via-libera-a-conte-bis\/","og_locale":"it_IT","og_type":"article","og_title":"Zingaretti pronto all'accordo con il M5s: via libera a Conte bis - Super News","og_description":"L\u2019alleanza fra Movimento 5 stelle e Partito democratico \u00e8 sempre pi\u00f9 vicina: a sciogliere la pi\u00f9 importante delle riserve \u00e8 stato il segretario dem, Nicola Zingaretti, che ha aperto ufficialmente \u201cal candidato indicato dal M5s\u201d, alla luce degli equilibri parlamentari favorevoli al movimento guidato da Luigi Di Maio. Appare ormai certa, dunque, l\u2019indicazione di Giuseppe [&hellip;]","og_url":"https:\/\/super-news.info\/it\/zingaretti-pronto-allaccordo-con-il-m5s-via-libera-a-conte-bis\/","og_site_name":"Super News","article_published_time":"2019-08-28T20:35:40+00:00","article_modified_time":"2019-08-28T20:35:42+00:00","og_image":[{"width":1024,"height":683,"url":"https:\/\/super-news.info\/it\/wp-content\/uploads\/sites\/9\/2019\/08\/Zingaretti-pronto-allaccordo-con-il-M5s-via-libera-a-Conte.jpg","type":"image\/jpeg"}],"author":"super-news","twitter_card":"summary_large_image","twitter_misc":{"Scritto da":"super-news","Tempo di lettura stimato":"2 minuti"},"schema":{"@context":"https:\/\/schema.org","@graph":[{"@type":"Article","@id":"https:\/\/super-news.info\/it\/zingaretti-pronto-allaccordo-con-il-m5s-via-libera-a-conte-bis\/#article","isPartOf":{"@id":"https:\/\/super-news.info\/it\/zingaretti-pronto-allaccordo-con-il-m5s-via-libera-a-conte-bis\/"},"author":{"name":"super-news","@id":"https:\/\/super-news.info\/it\/#\/schema\/person\/2d4068cb2f39cd10008c2fce578a7356"},"headline":"Zingaretti pronto all&#8217;accordo con il M5s: via libera a Conte bis","datePublished":"2019-08-28T20:35:40+00:00","dateModified":"2019-08-28T20:35:42+00:00","mainEntityOfPage":{"@id":"https:\/\/super-news.info\/it\/zingaretti-pronto-allaccordo-con-il-m5s-via-libera-a-conte-bis\/"},"wordCount":373,"commentCount":0,"image":{"@id":"https:\/\/super-news.info\/it\/zingaretti-pronto-allaccordo-con-il-m5s-via-libera-a-conte-bis\/#primaryimage"},"thumbnailUrl":"https:\/\/super-news.info\/it\/wp-content\/uploads\/sites\/9\/2019\/08\/Zingaretti-pronto-allaccordo-con-il-M5s-via-libera-a-Conte.jpg","articleSection":["NOTIZIE FINANZIARIE"],"inLanguage":"it-IT","potentialAction":[{"@type":"CommentAction","name":"Comment","target":["https:\/\/super-news.info\/it\/zingaretti-pronto-allaccordo-con-il-m5s-via-libera-a-conte-bis\/#respond"]}]},{"@type":"WebPage","@id":"https:\/\/super-news.info\/it\/zingaretti-pronto-allaccordo-con-il-m5s-via-libera-a-conte-bis\/","url":"https:\/\/super-news.info\/it\/zingaretti-pronto-allaccordo-con-il-m5s-via-libera-a-conte-bis\/","name":"Zingaretti pronto all'accordo con il M5s: via libera a Conte bis - Super News","isPartOf":{"@id":"https:\/\/super-news.info\/it\/#website"},"primaryImageOfPage":{"@id":"https:\/\/super-news.info\/it\/zingaretti-pronto-allaccordo-con-il-m5s-via-libera-a-conte-bis\/#primaryimage"},"image":{"@id":"https:\/\/super-news.info\/it\/zingaretti-pronto-allaccordo-con-il-m5s-via-libera-a-conte-bis\/#primaryimage"},"thumbnailUrl":"https:\/\/super-news.info\/it\/wp-content\/uploads\/sites\/9\/2019\/08\/Zingaretti-pronto-allaccordo-con-il-M5s-via-libera-a-Conte.jpg","datePublished":"2019-08-28T20:35:40+00:00","dateModified":"2019-08-28T20:35:42+00:00","author":{"@id":"https:\/\/super-news.info\/it\/#\/schema\/person\/2d4068cb2f39cd10008c2fce578a7356"},"breadcrumb":{"@id":"https:\/\/super-news.info\/it\/zingaretti-pronto-allaccordo-con-il-m5s-via-libera-a-conte-bis\/#breadcrumb"},"inLanguage":"it-IT","potentialAction":[{"@type":"ReadAction","target":["https:\/\/super-news.info\/it\/zingaretti-pronto-allaccordo-con-il-m5s-via-libera-a-conte-bis\/"]}]},{"@type":"ImageObject","inLanguage":"it-IT","@id":"https:\/\/super-news.info\/it\/zingaretti-pronto-allaccordo-con-il-m5s-via-libera-a-conte-bis\/#primaryimage","url":"https:\/\/super-news.info\/it\/wp-content\/uploads\/sites\/9\/2019\/08\/Zingaretti-pronto-allaccordo-con-il-M5s-via-libera-a-Conte.jpg","contentUrl":"https:\/\/super-news.info\/it\/wp-content\/uploads\/sites\/9\/2019\/08\/Zingaretti-pronto-allaccordo-con-il-M5s-via-libera-a-Conte.jpg","width":1024,"height":683,"caption":"Zingaretti pronto all'accordo con il M5s: via libera a Conte bis"},{"@type":"BreadcrumbList","@id":"https:\/\/super-news.info\/it\/zingaretti-pronto-allaccordo-con-il-m5s-via-libera-a-conte-bis\/#breadcrumb","itemListElement":[{"@type":"ListItem","position":1,"name":"Home","item":"https:\/\/super-news.info\/it\/"},{"@type":"ListItem","position":2,"name":"Zingaretti pronto all&#8217;accordo con il M5s: via libera a Conte bis"}]},{"@type":"WebSite","@id":"https:\/\/super-news.info\/it\/#website","url":"https:\/\/super-news.info\/it\/","name":"Super News","description":"Super News from Italy","potentialAction":[{"@type":"SearchAction","target":{"@type":"EntryPoint","urlTemplate":"https:\/\/super-news.info\/it\/?s={search_term_string}"},"query-input":{"@type":"PropertyValueSpecification","valueRequired":true,"valueName":"search_term_string"}}],"inLanguage":"it-IT"},{"@type":"Person","@id":"https:\/\/super-news.info\/it\/#\/schema\/person\/2d4068cb2f39cd10008c2fce578a7356","name":"super-news","image":{"@type":"ImageObject","inLanguage":"it-IT","@id":"https:\/\/secure.gravatar.com\/avatar\/64ebac40b93f26a154f8a9b5b6fdccfc46f442b26b3dd6756dbff3bf9dc76fd7?s=96&d=mm&r=g","url":"https:\/\/secure.gravatar.com\/avatar\/64ebac40b93f26a154f8a9b5b6fdccfc46f442b26b3dd6756dbff3bf9dc76fd7?s=96&d=mm&r=g","contentUrl":"https:\/\/secure.gravatar.com\/avatar\/64ebac40b93f26a154f8a9b5b6fdccfc46f442b26b3dd6756dbff3bf9dc76fd7?s=96&d=mm&r=g","caption":"super-news"},"url":"https:\/\/super-news.info\/it\/author\/pt\/"}]}},"_links":{"self":[{"href":"https:\/\/super-news.info\/it\/wp-json\/wp\/v2\/posts\/572","targetHints":{"allow":["GET"]}}],"collection":[{"href":"https:\/\/super-news.info\/it\/wp-json\/wp\/v2\/posts"}],"about":[{"href":"https:\/\/super-news.info\/it\/wp-json\/wp\/v2\/types\/post"}],"author":[{"embeddable":true,"href":"https:\/\/super-news.info\/it\/wp-json\/wp\/v2\/users\/2"}],"replies":[{"embeddable":true,"href":"https:\/\/super-news.info\/it\/wp-json\/wp\/v2\/comments?post=572"}],"version-history":[{"count":1,"href":"https:\/\/super-news.info\/it\/wp-json\/wp\/v2\/posts\/572\/revisions"}],"predecessor-version":[{"id":574,"href":"https:\/\/super-news.info\/it\/wp-json\/wp\/v2\/posts\/572\/revisions\/574"}],"wp:featuredmedia":[{"embeddable":true,"href":"https:\/\/super-news.info\/it\/wp-json\/wp\/v2\/media\/573"}],"wp:attachment":[{"href":"https:\/\/super-news.info\/it\/wp-json\/wp\/v2\/media?parent=572"}],"wp:term":[{"taxonomy":"category","embeddable":true,"href":"https:\/\/super-news.info\/it\/wp-json\/wp\/v2\/categories?post=572"},{"taxonomy":"post_tag","embeddable":true,"href":"https:\/\/super-news.info\/it\/wp-json\/wp\/v2\/tags?post=572"}],"curies":[{"name":"wp","href":"https:\/\/api.w.org\/{rel}","templated":true}]}}