{"id":555,"date":"2019-08-28T12:35:35","date_gmt":"2019-08-28T12:35:35","guid":{"rendered":"https:\/\/super-news.info\/it\/quota-100-e-non-solo-con-la-crisi-di-governo-in-bilico-la-mini-riforma-previdenziale\/"},"modified":"2019-08-28T12:35:36","modified_gmt":"2019-08-28T12:35:36","slug":"quota-100-e-non-solo-con-la-crisi-di-governo-in-bilico-la-mini-riforma-previdenziale","status":"publish","type":"post","link":"https:\/\/super-news.info\/it\/quota-100-e-non-solo-con-la-crisi-di-governo-in-bilico-la-mini-riforma-previdenziale\/","title":{"rendered":"Quota 100 e non solo: con la crisi di governo in bilico la mini riforma previdenziale"},"content":{"rendered":"<div id=\"article\">\n<div class=\"article__title\">\n<p>                        <span class=\"info\"><br \/>\n\t\t\t\t\t\t\t28 Agosto 2019, di Alessandra Caparello<br \/>\n          <\/span>\n                    <\/div>\n<div class=\"article__content\">\n<p>Con la<strong> crisi di governo<\/strong> in atto molti capitoli che hanno tenuto banco nell\u2019agenda politica dei mesi scorsi appaiano in bilico, tra questi il tema previdenziale. Una delle principali novit\u00e0 introdotte dal precedente governo giallo-verde \u00e8 quota 100, ossia la possibilit\u00e0 di andare in pensione a fronte di almeno 38 anni di contributi e 62 anni di et\u00e0, che garantisce uno sconto fino a 5 anni rispetto alla pensione di vecchiaia e quasi altrettanti rispetto alla pensione anticipata.<\/p>\n<p>Quota 100 che ha messo mano alla<strong> legge Fornero<\/strong> \u00e8 una misura sperimentale prevista per un triennio e, nelle previsioni soprattutto della Lega, dovrebbe essere poi sostituita dalla pensione anticipata ottenibile con 41 anni di contributi a prescindere dall\u2019et\u00e0. Secondo quanto riporta <em>Il Sole 24 Ore,<\/em> in base ai dati iniziali le adesioni sono state inferiore alle attese e il 2019 si dovrebbe concludere con circa 200mila pensionamenti. Le previsioni avevano parlato di circa 290mila lavoratori quest\u2019anno, 327mila l\u2019anno prossimo e 356 mila nel 2021, ultimo anno di sperimentazione, che avrebbero dovuto sfruttare quota 100.<\/p>\n<p>Fino al 2026 invece \u00e8 previsto il congelamento dell\u2019adeguamento alla variazione della speranza di vita per quanto riguarda la<strong> pensione anticipata.<\/strong> Fino al 2026 gli uomini la potranno ottenere con 42 anni e 10 mesi di contributi, mentre alle donne saranno sufficienti 41 anni e 10 mesi. Poi c\u2019\u00e8 anche <strong>Opzione donna o<\/strong>ssia la possibilit\u00e0 per le lavoratrici di andare in pensione a 57 o 58 anni di et\u00e0, ma con l\u2019assegno determinato tramite il sistema di calcolo contributivo, che nella maggior parte dei casi comporta una riduzione consistente dell\u2019importo. Anche questa misura \u00e8 in forse. In scadenza quest\u2019anno l\u2019<strong>Ape sociale,<\/strong> quello volontario e quello aziendale, quindi sar\u00e0 al governo a dicembre con la legge di bilancio a decidere se prorogarli o concludere la sperimentazione.<\/p>\n<p>Tutte le misure introdotte in ambito previdenziale, \u00e8 bene ricordarlo, hanno suscitato forte preoccupazione da parte delle istituzioni finanziarie, cos\u00ec la Commissione Ue ha puntato il dito contro l\u2019aumento della <strong>spesa pensionistica<\/strong> nei prossimi anni e anche l\u2019Ocse, secondo cui la mini riforma avr\u00e0 un impatto negativo sul Pil.<\/p>\n<\/p><\/div>\n<div id=\"newsletter_div\" class=\"newsletter newletter-item nav-txt\">\n<p>\n      Ricevi aggiornamenti su <b>Crisi di Governo<\/b> Lasciaci la tua e-mail:\n    <\/p>\n<\/div><\/div>\n<p><a href=\"https:\/\/www.wallstreetitalia.com\/quota-100-e-non-solo-con-la-crisi-di-governo-in-bilico-la-mini-riforma-previdenziale\/\">Source link <\/a><\/p>\n","protected":false},"excerpt":{"rendered":"<p>28 Agosto 2019, di Alessandra Caparello Con la crisi di governo in atto molti capitoli che hanno tenuto banco nell\u2019agenda politica dei mesi scorsi appaiano in bilico, tra questi il tema previdenziale. Una delle principali novit\u00e0 introdotte dal precedente governo giallo-verde \u00e8 quota 100, ossia la possibilit\u00e0 di andare in pensione a fronte di almeno [&hellip;]<\/p>\n","protected":false},"author":2,"featured_media":556,"comment_status":"open","ping_status":"open","sticky":false,"template":"","format":"standard","meta":{"footnotes":""},"categories":[1],"tags":[],"class_list":["post-555","post","type-post","status-publish","format-standard","has-post-thumbnail","hentry","category-notizie-finanziarie"],"yoast_head":"<!-- This site is optimized with the Yoast SEO plugin v27.4 - https:\/\/yoast.com\/product\/yoast-seo-wordpress\/ -->\n<title>Quota 100 e non solo: con la crisi di governo in bilico la mini riforma previdenziale - Super News<\/title>\n<meta name=\"robots\" content=\"index, follow, max-snippet:-1, max-image-preview:large, max-video-preview:-1\" \/>\n<link rel=\"canonical\" href=\"https:\/\/super-news.info\/it\/quota-100-e-non-solo-con-la-crisi-di-governo-in-bilico-la-mini-riforma-previdenziale\/\" \/>\n<meta property=\"og:locale\" content=\"it_IT\" \/>\n<meta property=\"og:type\" content=\"article\" \/>\n<meta property=\"og:title\" content=\"Quota 100 e non solo: con la crisi di governo in bilico la mini riforma previdenziale - Super News\" \/>\n<meta property=\"og:description\" content=\"28 Agosto 2019, di Alessandra Caparello Con la crisi di governo in atto molti capitoli che hanno tenuto banco nell\u2019agenda politica dei mesi scorsi appaiano in bilico, tra questi il tema previdenziale. Una delle principali novit\u00e0 introdotte dal precedente governo giallo-verde \u00e8 quota 100, ossia la possibilit\u00e0 di andare in pensione a fronte di almeno [&hellip;]\" \/>\n<meta property=\"og:url\" content=\"https:\/\/super-news.info\/it\/quota-100-e-non-solo-con-la-crisi-di-governo-in-bilico-la-mini-riforma-previdenziale\/\" \/>\n<meta property=\"og:site_name\" content=\"Super News\" \/>\n<meta property=\"article:published_time\" content=\"2019-08-28T12:35:35+00:00\" \/>\n<meta property=\"article:modified_time\" content=\"2019-08-28T12:35:36+00:00\" \/>\n<meta property=\"og:image\" content=\"https:\/\/super-news.info\/it\/wp-content\/uploads\/sites\/9\/2019\/08\/Quota-100-e-non-solo-con-la-crisi-di-governo.jpg\" \/>\n\t<meta property=\"og:image:width\" content=\"640\" \/>\n\t<meta property=\"og:image:height\" content=\"450\" \/>\n\t<meta property=\"og:image:type\" content=\"image\/jpeg\" \/>\n<meta name=\"author\" content=\"super-news\" \/>\n<meta name=\"twitter:card\" content=\"summary_large_image\" \/>\n<meta name=\"twitter:label1\" content=\"Scritto da\" \/>\n\t<meta name=\"twitter:data1\" content=\"super-news\" \/>\n\t<meta name=\"twitter:label2\" content=\"Tempo di lettura stimato\" \/>\n\t<meta name=\"twitter:data2\" content=\"2 minuti\" \/>\n<script type=\"application\/ld+json\" class=\"yoast-schema-graph\">{\"@context\":\"https:\\\/\\\/schema.org\",\"@graph\":[{\"@type\":\"Article\",\"@id\":\"https:\\\/\\\/super-news.info\\\/it\\\/quota-100-e-non-solo-con-la-crisi-di-governo-in-bilico-la-mini-riforma-previdenziale\\\/#article\",\"isPartOf\":{\"@id\":\"https:\\\/\\\/super-news.info\\\/it\\\/quota-100-e-non-solo-con-la-crisi-di-governo-in-bilico-la-mini-riforma-previdenziale\\\/\"},\"author\":{\"name\":\"super-news\",\"@id\":\"https:\\\/\\\/super-news.info\\\/it\\\/#\\\/schema\\\/person\\\/2d4068cb2f39cd10008c2fce578a7356\"},\"headline\":\"Quota 100 e non solo: con la crisi di governo in bilico la mini riforma previdenziale\",\"datePublished\":\"2019-08-28T12:35:35+00:00\",\"dateModified\":\"2019-08-28T12:35:36+00:00\",\"mainEntityOfPage\":{\"@id\":\"https:\\\/\\\/super-news.info\\\/it\\\/quota-100-e-non-solo-con-la-crisi-di-governo-in-bilico-la-mini-riforma-previdenziale\\\/\"},\"wordCount\":365,\"commentCount\":0,\"image\":{\"@id\":\"https:\\\/\\\/super-news.info\\\/it\\\/quota-100-e-non-solo-con-la-crisi-di-governo-in-bilico-la-mini-riforma-previdenziale\\\/#primaryimage\"},\"thumbnailUrl\":\"https:\\\/\\\/super-news.info\\\/it\\\/wp-content\\\/uploads\\\/sites\\\/9\\\/2019\\\/08\\\/Quota-100-e-non-solo-con-la-crisi-di-governo.jpg\",\"articleSection\":[\"NOTIZIE FINANZIARIE\"],\"inLanguage\":\"it-IT\",\"potentialAction\":[{\"@type\":\"CommentAction\",\"name\":\"Comment\",\"target\":[\"https:\\\/\\\/super-news.info\\\/it\\\/quota-100-e-non-solo-con-la-crisi-di-governo-in-bilico-la-mini-riforma-previdenziale\\\/#respond\"]}]},{\"@type\":\"WebPage\",\"@id\":\"https:\\\/\\\/super-news.info\\\/it\\\/quota-100-e-non-solo-con-la-crisi-di-governo-in-bilico-la-mini-riforma-previdenziale\\\/\",\"url\":\"https:\\\/\\\/super-news.info\\\/it\\\/quota-100-e-non-solo-con-la-crisi-di-governo-in-bilico-la-mini-riforma-previdenziale\\\/\",\"name\":\"Quota 100 e non solo: con la crisi di governo in bilico la mini riforma previdenziale - Super News\",\"isPartOf\":{\"@id\":\"https:\\\/\\\/super-news.info\\\/it\\\/#website\"},\"primaryImageOfPage\":{\"@id\":\"https:\\\/\\\/super-news.info\\\/it\\\/quota-100-e-non-solo-con-la-crisi-di-governo-in-bilico-la-mini-riforma-previdenziale\\\/#primaryimage\"},\"image\":{\"@id\":\"https:\\\/\\\/super-news.info\\\/it\\\/quota-100-e-non-solo-con-la-crisi-di-governo-in-bilico-la-mini-riforma-previdenziale\\\/#primaryimage\"},\"thumbnailUrl\":\"https:\\\/\\\/super-news.info\\\/it\\\/wp-content\\\/uploads\\\/sites\\\/9\\\/2019\\\/08\\\/Quota-100-e-non-solo-con-la-crisi-di-governo.jpg\",\"datePublished\":\"2019-08-28T12:35:35+00:00\",\"dateModified\":\"2019-08-28T12:35:36+00:00\",\"author\":{\"@id\":\"https:\\\/\\\/super-news.info\\\/it\\\/#\\\/schema\\\/person\\\/2d4068cb2f39cd10008c2fce578a7356\"},\"breadcrumb\":{\"@id\":\"https:\\\/\\\/super-news.info\\\/it\\\/quota-100-e-non-solo-con-la-crisi-di-governo-in-bilico-la-mini-riforma-previdenziale\\\/#breadcrumb\"},\"inLanguage\":\"it-IT\",\"potentialAction\":[{\"@type\":\"ReadAction\",\"target\":[\"https:\\\/\\\/super-news.info\\\/it\\\/quota-100-e-non-solo-con-la-crisi-di-governo-in-bilico-la-mini-riforma-previdenziale\\\/\"]}]},{\"@type\":\"ImageObject\",\"inLanguage\":\"it-IT\",\"@id\":\"https:\\\/\\\/super-news.info\\\/it\\\/quota-100-e-non-solo-con-la-crisi-di-governo-in-bilico-la-mini-riforma-previdenziale\\\/#primaryimage\",\"url\":\"https:\\\/\\\/super-news.info\\\/it\\\/wp-content\\\/uploads\\\/sites\\\/9\\\/2019\\\/08\\\/Quota-100-e-non-solo-con-la-crisi-di-governo.jpg\",\"contentUrl\":\"https:\\\/\\\/super-news.info\\\/it\\\/wp-content\\\/uploads\\\/sites\\\/9\\\/2019\\\/08\\\/Quota-100-e-non-solo-con-la-crisi-di-governo.jpg\",\"width\":640,\"height\":450,\"caption\":\"Quota 100 e non solo: con la crisi di governo in bilico la mini riforma previdenziale\"},{\"@type\":\"BreadcrumbList\",\"@id\":\"https:\\\/\\\/super-news.info\\\/it\\\/quota-100-e-non-solo-con-la-crisi-di-governo-in-bilico-la-mini-riforma-previdenziale\\\/#breadcrumb\",\"itemListElement\":[{\"@type\":\"ListItem\",\"position\":1,\"name\":\"Home\",\"item\":\"https:\\\/\\\/super-news.info\\\/it\\\/\"},{\"@type\":\"ListItem\",\"position\":2,\"name\":\"Quota 100 e non solo: con la crisi di governo in bilico la mini riforma previdenziale\"}]},{\"@type\":\"WebSite\",\"@id\":\"https:\\\/\\\/super-news.info\\\/it\\\/#website\",\"url\":\"https:\\\/\\\/super-news.info\\\/it\\\/\",\"name\":\"Super News\",\"description\":\"Super News from Italy\",\"potentialAction\":[{\"@type\":\"SearchAction\",\"target\":{\"@type\":\"EntryPoint\",\"urlTemplate\":\"https:\\\/\\\/super-news.info\\\/it\\\/?s={search_term_string}\"},\"query-input\":{\"@type\":\"PropertyValueSpecification\",\"valueRequired\":true,\"valueName\":\"search_term_string\"}}],\"inLanguage\":\"it-IT\"},{\"@type\":\"Person\",\"@id\":\"https:\\\/\\\/super-news.info\\\/it\\\/#\\\/schema\\\/person\\\/2d4068cb2f39cd10008c2fce578a7356\",\"name\":\"super-news\",\"image\":{\"@type\":\"ImageObject\",\"inLanguage\":\"it-IT\",\"@id\":\"https:\\\/\\\/secure.gravatar.com\\\/avatar\\\/64ebac40b93f26a154f8a9b5b6fdccfc46f442b26b3dd6756dbff3bf9dc76fd7?s=96&d=mm&r=g\",\"url\":\"https:\\\/\\\/secure.gravatar.com\\\/avatar\\\/64ebac40b93f26a154f8a9b5b6fdccfc46f442b26b3dd6756dbff3bf9dc76fd7?s=96&d=mm&r=g\",\"contentUrl\":\"https:\\\/\\\/secure.gravatar.com\\\/avatar\\\/64ebac40b93f26a154f8a9b5b6fdccfc46f442b26b3dd6756dbff3bf9dc76fd7?s=96&d=mm&r=g\",\"caption\":\"super-news\"},\"url\":\"https:\\\/\\\/super-news.info\\\/it\\\/author\\\/pt\\\/\"}]}<\/script>\n<!-- \/ Yoast SEO plugin. -->","yoast_head_json":{"title":"Quota 100 e non solo: con la crisi di governo in bilico la mini riforma previdenziale - Super News","robots":{"index":"index","follow":"follow","max-snippet":"max-snippet:-1","max-image-preview":"max-image-preview:large","max-video-preview":"max-video-preview:-1"},"canonical":"https:\/\/super-news.info\/it\/quota-100-e-non-solo-con-la-crisi-di-governo-in-bilico-la-mini-riforma-previdenziale\/","og_locale":"it_IT","og_type":"article","og_title":"Quota 100 e non solo: con la crisi di governo in bilico la mini riforma previdenziale - Super News","og_description":"28 Agosto 2019, di Alessandra Caparello Con la crisi di governo in atto molti capitoli che hanno tenuto banco nell\u2019agenda politica dei mesi scorsi appaiano in bilico, tra questi il tema previdenziale. Una delle principali novit\u00e0 introdotte dal precedente governo giallo-verde \u00e8 quota 100, ossia la possibilit\u00e0 di andare in pensione a fronte di almeno [&hellip;]","og_url":"https:\/\/super-news.info\/it\/quota-100-e-non-solo-con-la-crisi-di-governo-in-bilico-la-mini-riforma-previdenziale\/","og_site_name":"Super News","article_published_time":"2019-08-28T12:35:35+00:00","article_modified_time":"2019-08-28T12:35:36+00:00","og_image":[{"width":640,"height":450,"url":"https:\/\/super-news.info\/it\/wp-content\/uploads\/sites\/9\/2019\/08\/Quota-100-e-non-solo-con-la-crisi-di-governo.jpg","type":"image\/jpeg"}],"author":"super-news","twitter_card":"summary_large_image","twitter_misc":{"Scritto da":"super-news","Tempo di lettura stimato":"2 minuti"},"schema":{"@context":"https:\/\/schema.org","@graph":[{"@type":"Article","@id":"https:\/\/super-news.info\/it\/quota-100-e-non-solo-con-la-crisi-di-governo-in-bilico-la-mini-riforma-previdenziale\/#article","isPartOf":{"@id":"https:\/\/super-news.info\/it\/quota-100-e-non-solo-con-la-crisi-di-governo-in-bilico-la-mini-riforma-previdenziale\/"},"author":{"name":"super-news","@id":"https:\/\/super-news.info\/it\/#\/schema\/person\/2d4068cb2f39cd10008c2fce578a7356"},"headline":"Quota 100 e non solo: con la crisi di governo in bilico la mini riforma previdenziale","datePublished":"2019-08-28T12:35:35+00:00","dateModified":"2019-08-28T12:35:36+00:00","mainEntityOfPage":{"@id":"https:\/\/super-news.info\/it\/quota-100-e-non-solo-con-la-crisi-di-governo-in-bilico-la-mini-riforma-previdenziale\/"},"wordCount":365,"commentCount":0,"image":{"@id":"https:\/\/super-news.info\/it\/quota-100-e-non-solo-con-la-crisi-di-governo-in-bilico-la-mini-riforma-previdenziale\/#primaryimage"},"thumbnailUrl":"https:\/\/super-news.info\/it\/wp-content\/uploads\/sites\/9\/2019\/08\/Quota-100-e-non-solo-con-la-crisi-di-governo.jpg","articleSection":["NOTIZIE FINANZIARIE"],"inLanguage":"it-IT","potentialAction":[{"@type":"CommentAction","name":"Comment","target":["https:\/\/super-news.info\/it\/quota-100-e-non-solo-con-la-crisi-di-governo-in-bilico-la-mini-riforma-previdenziale\/#respond"]}]},{"@type":"WebPage","@id":"https:\/\/super-news.info\/it\/quota-100-e-non-solo-con-la-crisi-di-governo-in-bilico-la-mini-riforma-previdenziale\/","url":"https:\/\/super-news.info\/it\/quota-100-e-non-solo-con-la-crisi-di-governo-in-bilico-la-mini-riforma-previdenziale\/","name":"Quota 100 e non solo: con la crisi di governo in bilico la mini riforma previdenziale - Super News","isPartOf":{"@id":"https:\/\/super-news.info\/it\/#website"},"primaryImageOfPage":{"@id":"https:\/\/super-news.info\/it\/quota-100-e-non-solo-con-la-crisi-di-governo-in-bilico-la-mini-riforma-previdenziale\/#primaryimage"},"image":{"@id":"https:\/\/super-news.info\/it\/quota-100-e-non-solo-con-la-crisi-di-governo-in-bilico-la-mini-riforma-previdenziale\/#primaryimage"},"thumbnailUrl":"https:\/\/super-news.info\/it\/wp-content\/uploads\/sites\/9\/2019\/08\/Quota-100-e-non-solo-con-la-crisi-di-governo.jpg","datePublished":"2019-08-28T12:35:35+00:00","dateModified":"2019-08-28T12:35:36+00:00","author":{"@id":"https:\/\/super-news.info\/it\/#\/schema\/person\/2d4068cb2f39cd10008c2fce578a7356"},"breadcrumb":{"@id":"https:\/\/super-news.info\/it\/quota-100-e-non-solo-con-la-crisi-di-governo-in-bilico-la-mini-riforma-previdenziale\/#breadcrumb"},"inLanguage":"it-IT","potentialAction":[{"@type":"ReadAction","target":["https:\/\/super-news.info\/it\/quota-100-e-non-solo-con-la-crisi-di-governo-in-bilico-la-mini-riforma-previdenziale\/"]}]},{"@type":"ImageObject","inLanguage":"it-IT","@id":"https:\/\/super-news.info\/it\/quota-100-e-non-solo-con-la-crisi-di-governo-in-bilico-la-mini-riforma-previdenziale\/#primaryimage","url":"https:\/\/super-news.info\/it\/wp-content\/uploads\/sites\/9\/2019\/08\/Quota-100-e-non-solo-con-la-crisi-di-governo.jpg","contentUrl":"https:\/\/super-news.info\/it\/wp-content\/uploads\/sites\/9\/2019\/08\/Quota-100-e-non-solo-con-la-crisi-di-governo.jpg","width":640,"height":450,"caption":"Quota 100 e non solo: con la crisi di governo in bilico la mini riforma previdenziale"},{"@type":"BreadcrumbList","@id":"https:\/\/super-news.info\/it\/quota-100-e-non-solo-con-la-crisi-di-governo-in-bilico-la-mini-riforma-previdenziale\/#breadcrumb","itemListElement":[{"@type":"ListItem","position":1,"name":"Home","item":"https:\/\/super-news.info\/it\/"},{"@type":"ListItem","position":2,"name":"Quota 100 e non solo: con la crisi di governo in bilico la mini riforma previdenziale"}]},{"@type":"WebSite","@id":"https:\/\/super-news.info\/it\/#website","url":"https:\/\/super-news.info\/it\/","name":"Super News","description":"Super News from Italy","potentialAction":[{"@type":"SearchAction","target":{"@type":"EntryPoint","urlTemplate":"https:\/\/super-news.info\/it\/?s={search_term_string}"},"query-input":{"@type":"PropertyValueSpecification","valueRequired":true,"valueName":"search_term_string"}}],"inLanguage":"it-IT"},{"@type":"Person","@id":"https:\/\/super-news.info\/it\/#\/schema\/person\/2d4068cb2f39cd10008c2fce578a7356","name":"super-news","image":{"@type":"ImageObject","inLanguage":"it-IT","@id":"https:\/\/secure.gravatar.com\/avatar\/64ebac40b93f26a154f8a9b5b6fdccfc46f442b26b3dd6756dbff3bf9dc76fd7?s=96&d=mm&r=g","url":"https:\/\/secure.gravatar.com\/avatar\/64ebac40b93f26a154f8a9b5b6fdccfc46f442b26b3dd6756dbff3bf9dc76fd7?s=96&d=mm&r=g","contentUrl":"https:\/\/secure.gravatar.com\/avatar\/64ebac40b93f26a154f8a9b5b6fdccfc46f442b26b3dd6756dbff3bf9dc76fd7?s=96&d=mm&r=g","caption":"super-news"},"url":"https:\/\/super-news.info\/it\/author\/pt\/"}]}},"_links":{"self":[{"href":"https:\/\/super-news.info\/it\/wp-json\/wp\/v2\/posts\/555","targetHints":{"allow":["GET"]}}],"collection":[{"href":"https:\/\/super-news.info\/it\/wp-json\/wp\/v2\/posts"}],"about":[{"href":"https:\/\/super-news.info\/it\/wp-json\/wp\/v2\/types\/post"}],"author":[{"embeddable":true,"href":"https:\/\/super-news.info\/it\/wp-json\/wp\/v2\/users\/2"}],"replies":[{"embeddable":true,"href":"https:\/\/super-news.info\/it\/wp-json\/wp\/v2\/comments?post=555"}],"version-history":[{"count":1,"href":"https:\/\/super-news.info\/it\/wp-json\/wp\/v2\/posts\/555\/revisions"}],"predecessor-version":[{"id":557,"href":"https:\/\/super-news.info\/it\/wp-json\/wp\/v2\/posts\/555\/revisions\/557"}],"wp:featuredmedia":[{"embeddable":true,"href":"https:\/\/super-news.info\/it\/wp-json\/wp\/v2\/media\/556"}],"wp:attachment":[{"href":"https:\/\/super-news.info\/it\/wp-json\/wp\/v2\/media?parent=555"}],"wp:term":[{"taxonomy":"category","embeddable":true,"href":"https:\/\/super-news.info\/it\/wp-json\/wp\/v2\/categories?post=555"},{"taxonomy":"post_tag","embeddable":true,"href":"https:\/\/super-news.info\/it\/wp-json\/wp\/v2\/tags?post=555"}],"curies":[{"name":"wp","href":"https:\/\/api.w.org\/{rel}","templated":true}]}}