{"id":3312,"date":"2021-07-21T16:56:42","date_gmt":"2021-07-21T16:56:42","guid":{"rendered":"https:\/\/super-news.info\/it\/twitter-chiude-fleets-i-motivi-della-decisione\/"},"modified":"2021-07-21T16:56:43","modified_gmt":"2021-07-21T16:56:43","slug":"twitter-chiude-fleets-i-motivi-della-decisione","status":"publish","type":"post","link":"https:\/\/super-news.info\/it\/twitter-chiude-fleets-i-motivi-della-decisione\/","title":{"rendered":"Twitter chiude Fleets: i motivi della decisione"},"content":{"rendered":"<p>L\u2019annuncio \u00e8 arrivato il 14 luglio 2021 con un tweet pubblicato sul profilo ufficiale del social network. Twitter chiuder\u00e0 Fleets: Il formato di contenuti effimeri che spariscono dopo 24 ore scomparir\u00e0 definitivamente dalla piattaforma dei cinguettii a partire dal 5 agosto 2021.<\/p>\n<p>we\u2019re removing Fleets on August 3, working on some new stuff<br \/>\nwe\u2019re sorry or you\u2019re welcome<br \/>\n\u2014 Twitter (@Twitter) <a rel=\"nofollow noopener noreferrer\" target=\"_blank\" data-device=\"desk\" data-pos=\"ext-link\" href=\"https:\/\/twitter.com\/Twitter\/status\/1415362679095635970?ref_src=twsrc%5Etfw\">July 14, 2021<\/a><br \/>\nPerch\u00e9 Twitter chiude Fleets?<br \/>\nIntrodotti globalmente a novembre 2020 dopo una breve fase di test in Italia e Brasile, i Fleet sono stati progettati come un\u2019alternativa alle Storie di Instagram, Facebook e altri social network. L\u2019obiettivo era quello di spingere gli utenti a iniziare conversazioni in modo pi\u00f9 diretto e spontaneo, meno esposto alla valutazione sociale e alle infinite discussioni che accompagnano i classici tweet.<br \/>\nTuttavia, nonostante si trattasse di un formato conosciuto dagli utenti dei social network, i <a rel=\"nofollow noopener noreferrer\" target=\"_blank\" data-device=\"desk\" data-pos=\"ext-link\" href=\"https:\/\/blog.twitter.com\/en_us\/topics\/product\/2021\/goodbye-fleets\">Fleet non hanno avuto il successo sperato<\/a>, tanto da costringere la piattaforma a eliminarli per sempre. Come ha dichiarato Ilya Brown, VP product di Twitter, in un  blog  post ufficiale: \u00abAbbiamo creato Fleet come un modo effimero e a bassa pressione per le persone per condividere i loro pensieri fugaci. Speravamo che i Fleet avrebbero spinto pi\u00f9 persone a sentirsi a proprio agio nell\u2019iniziare conversazioni su Twitter. Da quando lo abbiamo presentato, per\u00f2, non abbiamo notato un aumento del numero di persone che prendono parte alle conversazioni con i Fleet\u00bb.<br \/>\nDal social fanno sapere comunque che l\u2019esperienza maturata con Fleet non sar\u00e0 sprecata. I dati raccolti studiando l\u2019uso che gli utenti hanno fatto dei Fleet saranno infatti utilizzati per migliorare gli strumenti disponibili sulla piattaforma e creare nuove funzionalit\u00e0 sempre pi\u00f9 vicine alle reali necessit\u00e0 degli utenti.<br \/>\nQuanto allo spazio lasciato libero nella barra superiore dell\u2019app mobile, questo verr\u00e0 occupato da Spaces, le chat vocali lanciate a marzo 2021 da Dorsey sull\u2019onda del successo di Clubhouse.<\/p>\n<p>\t\t\t\t\t<script async src=\"https:\/\/platform.twitter.com\/widgets.js\" charset=\"utf-8\"><\/script><br \/>\n<br \/>\n<!--noindex--><br \/>\n<a href=\"https:\/\/www.insidemarketing.it\/twitter-chiude-fleets\/\" rel=\"nofollow\">Source link <\/a><br \/>\n<!--\/noindex--><\/p>\n","protected":false},"excerpt":{"rendered":"<p>L\u2019annuncio \u00e8 arrivato il 14 luglio 2021 con un tweet pubblicato sul profilo ufficiale del social network. Twitter chiuder\u00e0 Fleets: Il formato di contenuti effimeri che spariscono dopo 24 ore scomparir\u00e0 definitivamente dalla piattaforma dei cinguettii a partire dal 5 agosto 2021. we\u2019re removing Fleets on August 3, working on some new stuff we\u2019re sorry [&hellip;]<\/p>\n","protected":false},"author":2,"featured_media":3313,"comment_status":"open","ping_status":"open","sticky":false,"template":"","format":"standard","meta":{"footnotes":""},"categories":[2],"tags":[],"class_list":["post-3312","post","type-post","status-publish","format-standard","has-post-thumbnail","hentry","category-novita-di-marketing-digitale"],"yoast_head":"<!-- This site is optimized with the Yoast SEO plugin v27.4 - https:\/\/yoast.com\/product\/yoast-seo-wordpress\/ -->\n<title>Twitter chiude Fleets: i motivi della decisione - Super News<\/title>\n<meta name=\"robots\" content=\"index, follow, max-snippet:-1, max-image-preview:large, max-video-preview:-1\" \/>\n<link rel=\"canonical\" href=\"https:\/\/super-news.info\/it\/twitter-chiude-fleets-i-motivi-della-decisione\/\" \/>\n<meta property=\"og:locale\" content=\"it_IT\" \/>\n<meta property=\"og:type\" content=\"article\" \/>\n<meta property=\"og:title\" content=\"Twitter chiude Fleets: i motivi della decisione - Super News\" \/>\n<meta property=\"og:description\" content=\"L\u2019annuncio \u00e8 arrivato il 14 luglio 2021 con un tweet pubblicato sul profilo ufficiale del social network. Twitter chiuder\u00e0 Fleets: Il formato di contenuti effimeri che spariscono dopo 24 ore scomparir\u00e0 definitivamente dalla piattaforma dei cinguettii a partire dal 5 agosto 2021. we\u2019re removing Fleets on August 3, working on some new stuff we\u2019re sorry [&hellip;]\" \/>\n<meta property=\"og:url\" content=\"https:\/\/super-news.info\/it\/twitter-chiude-fleets-i-motivi-della-decisione\/\" \/>\n<meta property=\"og:site_name\" content=\"Super News\" \/>\n<meta property=\"article:published_time\" content=\"2021-07-21T16:56:42+00:00\" \/>\n<meta property=\"article:modified_time\" content=\"2021-07-21T16:56:43+00:00\" \/>\n<meta property=\"og:image\" content=\"https:\/\/super-news.info\/it\/wp-content\/uploads\/sites\/9\/2021\/07\/Twitter-chiude-Fleets-i-motivi-della-decisione.jpeg\" \/>\n\t<meta property=\"og:image:width\" content=\"1217\" \/>\n\t<meta property=\"og:image:height\" content=\"694\" \/>\n\t<meta property=\"og:image:type\" content=\"image\/jpeg\" \/>\n<meta name=\"author\" content=\"super-news\" \/>\n<meta name=\"twitter:card\" content=\"summary_large_image\" \/>\n<meta name=\"twitter:label1\" content=\"Scritto da\" \/>\n\t<meta name=\"twitter:data1\" content=\"super-news\" \/>\n\t<meta name=\"twitter:label2\" content=\"Tempo di lettura stimato\" \/>\n\t<meta name=\"twitter:data2\" content=\"2 minuti\" \/>\n<script type=\"application\/ld+json\" class=\"yoast-schema-graph\">{\"@context\":\"https:\\\/\\\/schema.org\",\"@graph\":[{\"@type\":\"Article\",\"@id\":\"https:\\\/\\\/super-news.info\\\/it\\\/twitter-chiude-fleets-i-motivi-della-decisione\\\/#article\",\"isPartOf\":{\"@id\":\"https:\\\/\\\/super-news.info\\\/it\\\/twitter-chiude-fleets-i-motivi-della-decisione\\\/\"},\"author\":{\"name\":\"super-news\",\"@id\":\"https:\\\/\\\/super-news.info\\\/it\\\/#\\\/schema\\\/person\\\/2d4068cb2f39cd10008c2fce578a7356\"},\"headline\":\"Twitter chiude Fleets: i motivi della decisione\",\"datePublished\":\"2021-07-21T16:56:42+00:00\",\"dateModified\":\"2021-07-21T16:56:43+00:00\",\"mainEntityOfPage\":{\"@id\":\"https:\\\/\\\/super-news.info\\\/it\\\/twitter-chiude-fleets-i-motivi-della-decisione\\\/\"},\"wordCount\":317,\"commentCount\":0,\"image\":{\"@id\":\"https:\\\/\\\/super-news.info\\\/it\\\/twitter-chiude-fleets-i-motivi-della-decisione\\\/#primaryimage\"},\"thumbnailUrl\":\"https:\\\/\\\/super-news.info\\\/it\\\/wp-content\\\/uploads\\\/sites\\\/9\\\/2021\\\/07\\\/Twitter-chiude-Fleets-i-motivi-della-decisione.jpeg\",\"articleSection\":[\"NOVIT\u00c0 DI MARKETING DIGITALE\"],\"inLanguage\":\"it-IT\",\"potentialAction\":[{\"@type\":\"CommentAction\",\"name\":\"Comment\",\"target\":[\"https:\\\/\\\/super-news.info\\\/it\\\/twitter-chiude-fleets-i-motivi-della-decisione\\\/#respond\"]}]},{\"@type\":\"WebPage\",\"@id\":\"https:\\\/\\\/super-news.info\\\/it\\\/twitter-chiude-fleets-i-motivi-della-decisione\\\/\",\"url\":\"https:\\\/\\\/super-news.info\\\/it\\\/twitter-chiude-fleets-i-motivi-della-decisione\\\/\",\"name\":\"Twitter chiude Fleets: i motivi della decisione - Super News\",\"isPartOf\":{\"@id\":\"https:\\\/\\\/super-news.info\\\/it\\\/#website\"},\"primaryImageOfPage\":{\"@id\":\"https:\\\/\\\/super-news.info\\\/it\\\/twitter-chiude-fleets-i-motivi-della-decisione\\\/#primaryimage\"},\"image\":{\"@id\":\"https:\\\/\\\/super-news.info\\\/it\\\/twitter-chiude-fleets-i-motivi-della-decisione\\\/#primaryimage\"},\"thumbnailUrl\":\"https:\\\/\\\/super-news.info\\\/it\\\/wp-content\\\/uploads\\\/sites\\\/9\\\/2021\\\/07\\\/Twitter-chiude-Fleets-i-motivi-della-decisione.jpeg\",\"datePublished\":\"2021-07-21T16:56:42+00:00\",\"dateModified\":\"2021-07-21T16:56:43+00:00\",\"author\":{\"@id\":\"https:\\\/\\\/super-news.info\\\/it\\\/#\\\/schema\\\/person\\\/2d4068cb2f39cd10008c2fce578a7356\"},\"breadcrumb\":{\"@id\":\"https:\\\/\\\/super-news.info\\\/it\\\/twitter-chiude-fleets-i-motivi-della-decisione\\\/#breadcrumb\"},\"inLanguage\":\"it-IT\",\"potentialAction\":[{\"@type\":\"ReadAction\",\"target\":[\"https:\\\/\\\/super-news.info\\\/it\\\/twitter-chiude-fleets-i-motivi-della-decisione\\\/\"]}]},{\"@type\":\"ImageObject\",\"inLanguage\":\"it-IT\",\"@id\":\"https:\\\/\\\/super-news.info\\\/it\\\/twitter-chiude-fleets-i-motivi-della-decisione\\\/#primaryimage\",\"url\":\"https:\\\/\\\/super-news.info\\\/it\\\/wp-content\\\/uploads\\\/sites\\\/9\\\/2021\\\/07\\\/Twitter-chiude-Fleets-i-motivi-della-decisione.jpeg\",\"contentUrl\":\"https:\\\/\\\/super-news.info\\\/it\\\/wp-content\\\/uploads\\\/sites\\\/9\\\/2021\\\/07\\\/Twitter-chiude-Fleets-i-motivi-della-decisione.jpeg\",\"width\":1217,\"height\":694,\"caption\":\"Twitter chiude Fleets: i motivi della decisione\"},{\"@type\":\"BreadcrumbList\",\"@id\":\"https:\\\/\\\/super-news.info\\\/it\\\/twitter-chiude-fleets-i-motivi-della-decisione\\\/#breadcrumb\",\"itemListElement\":[{\"@type\":\"ListItem\",\"position\":1,\"name\":\"Home\",\"item\":\"https:\\\/\\\/super-news.info\\\/it\\\/\"},{\"@type\":\"ListItem\",\"position\":2,\"name\":\"Twitter chiude Fleets: i motivi della decisione\"}]},{\"@type\":\"WebSite\",\"@id\":\"https:\\\/\\\/super-news.info\\\/it\\\/#website\",\"url\":\"https:\\\/\\\/super-news.info\\\/it\\\/\",\"name\":\"Super News\",\"description\":\"Super News from Italy\",\"potentialAction\":[{\"@type\":\"SearchAction\",\"target\":{\"@type\":\"EntryPoint\",\"urlTemplate\":\"https:\\\/\\\/super-news.info\\\/it\\\/?s={search_term_string}\"},\"query-input\":{\"@type\":\"PropertyValueSpecification\",\"valueRequired\":true,\"valueName\":\"search_term_string\"}}],\"inLanguage\":\"it-IT\"},{\"@type\":\"Person\",\"@id\":\"https:\\\/\\\/super-news.info\\\/it\\\/#\\\/schema\\\/person\\\/2d4068cb2f39cd10008c2fce578a7356\",\"name\":\"super-news\",\"image\":{\"@type\":\"ImageObject\",\"inLanguage\":\"it-IT\",\"@id\":\"https:\\\/\\\/secure.gravatar.com\\\/avatar\\\/64ebac40b93f26a154f8a9b5b6fdccfc46f442b26b3dd6756dbff3bf9dc76fd7?s=96&d=mm&r=g\",\"url\":\"https:\\\/\\\/secure.gravatar.com\\\/avatar\\\/64ebac40b93f26a154f8a9b5b6fdccfc46f442b26b3dd6756dbff3bf9dc76fd7?s=96&d=mm&r=g\",\"contentUrl\":\"https:\\\/\\\/secure.gravatar.com\\\/avatar\\\/64ebac40b93f26a154f8a9b5b6fdccfc46f442b26b3dd6756dbff3bf9dc76fd7?s=96&d=mm&r=g\",\"caption\":\"super-news\"},\"url\":\"https:\\\/\\\/super-news.info\\\/it\\\/author\\\/pt\\\/\"}]}<\/script>\n<!-- \/ Yoast SEO plugin. -->","yoast_head_json":{"title":"Twitter chiude Fleets: i motivi della decisione - Super News","robots":{"index":"index","follow":"follow","max-snippet":"max-snippet:-1","max-image-preview":"max-image-preview:large","max-video-preview":"max-video-preview:-1"},"canonical":"https:\/\/super-news.info\/it\/twitter-chiude-fleets-i-motivi-della-decisione\/","og_locale":"it_IT","og_type":"article","og_title":"Twitter chiude Fleets: i motivi della decisione - Super News","og_description":"L\u2019annuncio \u00e8 arrivato il 14 luglio 2021 con un tweet pubblicato sul profilo ufficiale del social network. Twitter chiuder\u00e0 Fleets: Il formato di contenuti effimeri che spariscono dopo 24 ore scomparir\u00e0 definitivamente dalla piattaforma dei cinguettii a partire dal 5 agosto 2021. we\u2019re removing Fleets on August 3, working on some new stuff we\u2019re sorry [&hellip;]","og_url":"https:\/\/super-news.info\/it\/twitter-chiude-fleets-i-motivi-della-decisione\/","og_site_name":"Super News","article_published_time":"2021-07-21T16:56:42+00:00","article_modified_time":"2021-07-21T16:56:43+00:00","og_image":[{"width":1217,"height":694,"url":"https:\/\/super-news.info\/it\/wp-content\/uploads\/sites\/9\/2021\/07\/Twitter-chiude-Fleets-i-motivi-della-decisione.jpeg","type":"image\/jpeg"}],"author":"super-news","twitter_card":"summary_large_image","twitter_misc":{"Scritto da":"super-news","Tempo di lettura stimato":"2 minuti"},"schema":{"@context":"https:\/\/schema.org","@graph":[{"@type":"Article","@id":"https:\/\/super-news.info\/it\/twitter-chiude-fleets-i-motivi-della-decisione\/#article","isPartOf":{"@id":"https:\/\/super-news.info\/it\/twitter-chiude-fleets-i-motivi-della-decisione\/"},"author":{"name":"super-news","@id":"https:\/\/super-news.info\/it\/#\/schema\/person\/2d4068cb2f39cd10008c2fce578a7356"},"headline":"Twitter chiude Fleets: i motivi della decisione","datePublished":"2021-07-21T16:56:42+00:00","dateModified":"2021-07-21T16:56:43+00:00","mainEntityOfPage":{"@id":"https:\/\/super-news.info\/it\/twitter-chiude-fleets-i-motivi-della-decisione\/"},"wordCount":317,"commentCount":0,"image":{"@id":"https:\/\/super-news.info\/it\/twitter-chiude-fleets-i-motivi-della-decisione\/#primaryimage"},"thumbnailUrl":"https:\/\/super-news.info\/it\/wp-content\/uploads\/sites\/9\/2021\/07\/Twitter-chiude-Fleets-i-motivi-della-decisione.jpeg","articleSection":["NOVIT\u00c0 DI MARKETING DIGITALE"],"inLanguage":"it-IT","potentialAction":[{"@type":"CommentAction","name":"Comment","target":["https:\/\/super-news.info\/it\/twitter-chiude-fleets-i-motivi-della-decisione\/#respond"]}]},{"@type":"WebPage","@id":"https:\/\/super-news.info\/it\/twitter-chiude-fleets-i-motivi-della-decisione\/","url":"https:\/\/super-news.info\/it\/twitter-chiude-fleets-i-motivi-della-decisione\/","name":"Twitter chiude Fleets: i motivi della decisione - Super News","isPartOf":{"@id":"https:\/\/super-news.info\/it\/#website"},"primaryImageOfPage":{"@id":"https:\/\/super-news.info\/it\/twitter-chiude-fleets-i-motivi-della-decisione\/#primaryimage"},"image":{"@id":"https:\/\/super-news.info\/it\/twitter-chiude-fleets-i-motivi-della-decisione\/#primaryimage"},"thumbnailUrl":"https:\/\/super-news.info\/it\/wp-content\/uploads\/sites\/9\/2021\/07\/Twitter-chiude-Fleets-i-motivi-della-decisione.jpeg","datePublished":"2021-07-21T16:56:42+00:00","dateModified":"2021-07-21T16:56:43+00:00","author":{"@id":"https:\/\/super-news.info\/it\/#\/schema\/person\/2d4068cb2f39cd10008c2fce578a7356"},"breadcrumb":{"@id":"https:\/\/super-news.info\/it\/twitter-chiude-fleets-i-motivi-della-decisione\/#breadcrumb"},"inLanguage":"it-IT","potentialAction":[{"@type":"ReadAction","target":["https:\/\/super-news.info\/it\/twitter-chiude-fleets-i-motivi-della-decisione\/"]}]},{"@type":"ImageObject","inLanguage":"it-IT","@id":"https:\/\/super-news.info\/it\/twitter-chiude-fleets-i-motivi-della-decisione\/#primaryimage","url":"https:\/\/super-news.info\/it\/wp-content\/uploads\/sites\/9\/2021\/07\/Twitter-chiude-Fleets-i-motivi-della-decisione.jpeg","contentUrl":"https:\/\/super-news.info\/it\/wp-content\/uploads\/sites\/9\/2021\/07\/Twitter-chiude-Fleets-i-motivi-della-decisione.jpeg","width":1217,"height":694,"caption":"Twitter chiude Fleets: i motivi della decisione"},{"@type":"BreadcrumbList","@id":"https:\/\/super-news.info\/it\/twitter-chiude-fleets-i-motivi-della-decisione\/#breadcrumb","itemListElement":[{"@type":"ListItem","position":1,"name":"Home","item":"https:\/\/super-news.info\/it\/"},{"@type":"ListItem","position":2,"name":"Twitter chiude Fleets: i motivi della decisione"}]},{"@type":"WebSite","@id":"https:\/\/super-news.info\/it\/#website","url":"https:\/\/super-news.info\/it\/","name":"Super News","description":"Super News from Italy","potentialAction":[{"@type":"SearchAction","target":{"@type":"EntryPoint","urlTemplate":"https:\/\/super-news.info\/it\/?s={search_term_string}"},"query-input":{"@type":"PropertyValueSpecification","valueRequired":true,"valueName":"search_term_string"}}],"inLanguage":"it-IT"},{"@type":"Person","@id":"https:\/\/super-news.info\/it\/#\/schema\/person\/2d4068cb2f39cd10008c2fce578a7356","name":"super-news","image":{"@type":"ImageObject","inLanguage":"it-IT","@id":"https:\/\/secure.gravatar.com\/avatar\/64ebac40b93f26a154f8a9b5b6fdccfc46f442b26b3dd6756dbff3bf9dc76fd7?s=96&d=mm&r=g","url":"https:\/\/secure.gravatar.com\/avatar\/64ebac40b93f26a154f8a9b5b6fdccfc46f442b26b3dd6756dbff3bf9dc76fd7?s=96&d=mm&r=g","contentUrl":"https:\/\/secure.gravatar.com\/avatar\/64ebac40b93f26a154f8a9b5b6fdccfc46f442b26b3dd6756dbff3bf9dc76fd7?s=96&d=mm&r=g","caption":"super-news"},"url":"https:\/\/super-news.info\/it\/author\/pt\/"}]}},"_links":{"self":[{"href":"https:\/\/super-news.info\/it\/wp-json\/wp\/v2\/posts\/3312","targetHints":{"allow":["GET"]}}],"collection":[{"href":"https:\/\/super-news.info\/it\/wp-json\/wp\/v2\/posts"}],"about":[{"href":"https:\/\/super-news.info\/it\/wp-json\/wp\/v2\/types\/post"}],"author":[{"embeddable":true,"href":"https:\/\/super-news.info\/it\/wp-json\/wp\/v2\/users\/2"}],"replies":[{"embeddable":true,"href":"https:\/\/super-news.info\/it\/wp-json\/wp\/v2\/comments?post=3312"}],"version-history":[{"count":1,"href":"https:\/\/super-news.info\/it\/wp-json\/wp\/v2\/posts\/3312\/revisions"}],"predecessor-version":[{"id":3314,"href":"https:\/\/super-news.info\/it\/wp-json\/wp\/v2\/posts\/3312\/revisions\/3314"}],"wp:featuredmedia":[{"embeddable":true,"href":"https:\/\/super-news.info\/it\/wp-json\/wp\/v2\/media\/3313"}],"wp:attachment":[{"href":"https:\/\/super-news.info\/it\/wp-json\/wp\/v2\/media?parent=3312"}],"wp:term":[{"taxonomy":"category","embeddable":true,"href":"https:\/\/super-news.info\/it\/wp-json\/wp\/v2\/categories?post=3312"},{"taxonomy":"post_tag","embeddable":true,"href":"https:\/\/super-news.info\/it\/wp-json\/wp\/v2\/tags?post=3312"}],"curies":[{"name":"wp","href":"https:\/\/api.w.org\/{rel}","templated":true}]}}