{"id":3306,"date":"2021-07-20T16:54:42","date_gmt":"2021-07-20T16:54:42","guid":{"rendered":"https:\/\/super-news.info\/it\/fedez-con-coca-cola-per-il-nuovo-design-della-zero-zuccheri\/"},"modified":"2021-07-20T16:54:43","modified_gmt":"2021-07-20T16:54:43","slug":"fedez-con-coca-cola-per-il-nuovo-design-della-zero-zuccheri","status":"publish","type":"post","link":"https:\/\/super-news.info\/it\/fedez-con-coca-cola-per-il-nuovo-design-della-zero-zuccheri\/","title":{"rendered":"Fedez con Coca-Cola per il nuovo design della Zero Zuccheri"},"content":{"rendered":"<p>Era partita con un semplice  product placement  \u2013 della bottiglia appena ridisegnata di Coca-Cola Zero Zuccheri \u2013 nel video di \u201cMille\u201d, hit estiva per cui il rapper ha chiamato a raccolta Orietta Berti e Achille Lauro, e con un ritornello (\u00ablabbra rosso Coca-Cola\u00bb, che allude a come nel tempo il rosso sia diventato il colore per eccellenza del  brand ) destinato a diventare un vero e proprio tormentone, prima che costasse al rapper un esposto del Codancons all\u2019Antitrust per \u00abpubblicit\u00e0 camuffata\u00bb. Ora la collaborazione di Fedez con Coca-Cola diventa il cuore della campagna estiva del brand.<br \/>\nSi tratta di una campagna multicanale, gi\u00e0 on air dall\u201911 luglio 2021 sulle principali emittenti televisive, per cui sono previsti diversi lanci digitali e che coinvolger\u00e0 sui social numerosi  influencer . Inoltre, non rinuncer\u00e0 a uno speciale tour di experiential sampling in 27 citt\u00e0 italiane e sar\u00e0 incentrata sulla nuova strategia \u201cOne Brand\u201d di Coca-Cola.<br \/>\nCon \u201cOne Brand\u201d Coca-Cola punta a rendere pi\u00f9 riconoscibili le proprie varianti gi\u00e0 da packaging e labelling<br \/>\nDopo aver annunciato le prime bottiglie Coca-Cola realizzate al 100% in plastica riciclata, il gruppo ha confermato di star lavorando a un\u2019operazione di \u201credesign\u201d mirato a unificare i tre marchi\u00a0Coca-Cola, Coca-Cola Zero Zuccheri e Coca-Cola Light Taste sotto a un packaging e a un labelling nuovi, pi\u00f9 intuitivi e tali per cui sar\u00e0 pi\u00f9 semplice identificare a primo sguardo le diverse varianti. Se il  logo  Coca-Cola e il colore rosso \u2013 ormai universalmente riconosciuto come quello di Coca-Cola, come canta appunto Orietta Berti nel ritornello di \u201cMille\u201d \u2013 rimarranno protagonisti, saranno gli abbinamenti di colore a distinguere un \u201cgusto\u201d di Coca-Cola dall\u2019altro: rosso e bianco, il pi\u00f9 tradizionale, sar\u00e0 infatti quello di Coca-Cola Original Taste, rosso e nero quello di Coca-Cola Zero Zuccheri, mentre sfondo argento e logo roso rappresenteranno la \u201cveste\u201d di Coca-Cola Light Taste.<br \/>\nIl nuovo design, con logo nero su sfondo rosso, di Coca-Cola Zero Zuccheri \u00e8 stato il primo a essere lanciato sul mercato, con una piccola anticipazione solo nel video di \u201cMille\u201d, il brano di Fedez, Orietta Berti e Achille Lauro. Fonte: Coca-Cola Italia<br \/>\nLa collaborazione di Fedez con Coca-Cola sulle note di \u201cMille\u201d, il tormentone dell\u2019estate<br \/>\nIl nuovo design di Coca-Cola Zero Zuccheri \u00e8 stato il primo a essere lanciato sul mercato, a inizio luglio 2021. I fan del rapper (e non solo) hanno avuto, per\u00f2, un piccolo spoiler\u00a0prima ancora che fosse resa pubblica la collaborazione di Fedez con Coca-Cola: a bordo piscina, infatti, le comparse del videoclip di \u201cMille\u201d sorseggiano Coca-Cola Light dalla nuova bottiglia con etichetta rossa e nera.<br \/>\nOccorre considerare che il brano \u00e8 gi\u00e0 diventato disco di platino in sole due settimane dal lancio e, al 20 luglio 2021, su YouTube conta oltre 36 milioni di visualizzazioni (molte forse anche da parte di semplici curiosi rispetto a una collaborazione tra artisti cos\u00ec diversi e cos\u00ec sui generis per il mercato musicale italiano).<br \/>\nFedez, Achille Lauro, Orietta Berti &#8211; MILLE (Official Video)<br \/>\nIl successo travolgente del brano, come ha spiegato il rapper nel comunicato stampa che ufficializza la collaborazione di Fedez con Coca-Cola, \u00e8 stato pensato innanzitutto come \u00abun brano fresco, che strizza l\u2019occhio alle atmosfere anni \u201960, classico com\u2019\u00e8 Coca-Cola\u00bb e\u00a0ha convinto il gruppo a utilizzarlo come colonna sonora della campagna estiva. \u00c8\u00a0\u00abla chiusura perfetta di un cerchio, che \u00e8 partito dall\u2019estro creativo di Fedez\u00bb ha commentato nella stessa occasione il direttore marketing di Coca-Cola Italia.<br \/>\nL\u2019hype nel frattempo generato attorno alla hit musicale di Fedez, Orietta Berti e Achille Lauro sembra la riprova comunque dell\u2019efficacia dell\u2019investimento pubblicitario in  branded content , di qualsiasi natura essi siano e per quanto \u201cfortuita\u201d possa sembrare la loro genesi.<\/p>\n<p>\n<!--noindex--><br \/>\n<a href=\"https:\/\/www.insidemarketing.it\/fedez-con-coca-cola-campagna-zero-zuccheri\/\" rel=\"nofollow\">Source link <\/a><br \/>\n<!--\/noindex--><\/p>\n","protected":false},"excerpt":{"rendered":"<p>Era partita con un semplice product placement \u2013 della bottiglia appena ridisegnata di Coca-Cola Zero Zuccheri \u2013 nel video di \u201cMille\u201d, hit estiva per cui il rapper ha chiamato a raccolta Orietta Berti e Achille Lauro, e con un ritornello (\u00ablabbra rosso Coca-Cola\u00bb, che allude a come nel tempo il rosso sia diventato il colore [&hellip;]<\/p>\n","protected":false},"author":2,"featured_media":3307,"comment_status":"open","ping_status":"open","sticky":false,"template":"","format":"standard","meta":{"footnotes":""},"categories":[2],"tags":[],"class_list":["post-3306","post","type-post","status-publish","format-standard","has-post-thumbnail","hentry","category-novita-di-marketing-digitale"],"yoast_head":"<!-- This site is optimized with the Yoast SEO plugin v27.4 - https:\/\/yoast.com\/product\/yoast-seo-wordpress\/ -->\n<title>Fedez con Coca-Cola per il nuovo design della Zero Zuccheri - Super News<\/title>\n<meta name=\"robots\" content=\"index, follow, max-snippet:-1, max-image-preview:large, max-video-preview:-1\" \/>\n<link rel=\"canonical\" href=\"https:\/\/super-news.info\/it\/fedez-con-coca-cola-per-il-nuovo-design-della-zero-zuccheri\/\" \/>\n<meta property=\"og:locale\" content=\"it_IT\" \/>\n<meta property=\"og:type\" content=\"article\" \/>\n<meta property=\"og:title\" content=\"Fedez con Coca-Cola per il nuovo design della Zero Zuccheri - Super News\" \/>\n<meta property=\"og:description\" content=\"Era partita con un semplice product placement \u2013 della bottiglia appena ridisegnata di Coca-Cola Zero Zuccheri \u2013 nel video di \u201cMille\u201d, hit estiva per cui il rapper ha chiamato a raccolta Orietta Berti e Achille Lauro, e con un ritornello (\u00ablabbra rosso Coca-Cola\u00bb, che allude a come nel tempo il rosso sia diventato il colore [&hellip;]\" \/>\n<meta property=\"og:url\" content=\"https:\/\/super-news.info\/it\/fedez-con-coca-cola-per-il-nuovo-design-della-zero-zuccheri\/\" \/>\n<meta property=\"og:site_name\" content=\"Super News\" \/>\n<meta property=\"article:published_time\" content=\"2021-07-20T16:54:42+00:00\" \/>\n<meta property=\"article:modified_time\" content=\"2021-07-20T16:54:43+00:00\" \/>\n<meta property=\"og:image\" content=\"https:\/\/super-news.info\/it\/wp-content\/uploads\/sites\/9\/2021\/07\/Fedez-con-Coca-Cola-per-il-nuovo-design-della-Zero-Zuccheri.jpg\" \/>\n\t<meta property=\"og:image:width\" content=\"960\" \/>\n\t<meta property=\"og:image:height\" content=\"540\" \/>\n\t<meta property=\"og:image:type\" content=\"image\/jpeg\" \/>\n<meta name=\"author\" content=\"super-news\" \/>\n<meta name=\"twitter:card\" content=\"summary_large_image\" \/>\n<meta name=\"twitter:label1\" content=\"Scritto da\" \/>\n\t<meta name=\"twitter:data1\" content=\"super-news\" \/>\n\t<meta name=\"twitter:label2\" content=\"Tempo di lettura stimato\" \/>\n\t<meta name=\"twitter:data2\" content=\"3 minuti\" \/>\n<script type=\"application\/ld+json\" class=\"yoast-schema-graph\">{\"@context\":\"https:\\\/\\\/schema.org\",\"@graph\":[{\"@type\":\"Article\",\"@id\":\"https:\\\/\\\/super-news.info\\\/it\\\/fedez-con-coca-cola-per-il-nuovo-design-della-zero-zuccheri\\\/#article\",\"isPartOf\":{\"@id\":\"https:\\\/\\\/super-news.info\\\/it\\\/fedez-con-coca-cola-per-il-nuovo-design-della-zero-zuccheri\\\/\"},\"author\":{\"name\":\"super-news\",\"@id\":\"https:\\\/\\\/super-news.info\\\/it\\\/#\\\/schema\\\/person\\\/2d4068cb2f39cd10008c2fce578a7356\"},\"headline\":\"Fedez con Coca-Cola per il nuovo design della Zero Zuccheri\",\"datePublished\":\"2021-07-20T16:54:42+00:00\",\"dateModified\":\"2021-07-20T16:54:43+00:00\",\"mainEntityOfPage\":{\"@id\":\"https:\\\/\\\/super-news.info\\\/it\\\/fedez-con-coca-cola-per-il-nuovo-design-della-zero-zuccheri\\\/\"},\"wordCount\":608,\"commentCount\":0,\"image\":{\"@id\":\"https:\\\/\\\/super-news.info\\\/it\\\/fedez-con-coca-cola-per-il-nuovo-design-della-zero-zuccheri\\\/#primaryimage\"},\"thumbnailUrl\":\"https:\\\/\\\/super-news.info\\\/it\\\/wp-content\\\/uploads\\\/sites\\\/9\\\/2021\\\/07\\\/Fedez-con-Coca-Cola-per-il-nuovo-design-della-Zero-Zuccheri.jpg\",\"articleSection\":[\"NOVIT\u00c0 DI MARKETING DIGITALE\"],\"inLanguage\":\"it-IT\",\"potentialAction\":[{\"@type\":\"CommentAction\",\"name\":\"Comment\",\"target\":[\"https:\\\/\\\/super-news.info\\\/it\\\/fedez-con-coca-cola-per-il-nuovo-design-della-zero-zuccheri\\\/#respond\"]}]},{\"@type\":\"WebPage\",\"@id\":\"https:\\\/\\\/super-news.info\\\/it\\\/fedez-con-coca-cola-per-il-nuovo-design-della-zero-zuccheri\\\/\",\"url\":\"https:\\\/\\\/super-news.info\\\/it\\\/fedez-con-coca-cola-per-il-nuovo-design-della-zero-zuccheri\\\/\",\"name\":\"Fedez con Coca-Cola per il nuovo design della Zero Zuccheri - Super News\",\"isPartOf\":{\"@id\":\"https:\\\/\\\/super-news.info\\\/it\\\/#website\"},\"primaryImageOfPage\":{\"@id\":\"https:\\\/\\\/super-news.info\\\/it\\\/fedez-con-coca-cola-per-il-nuovo-design-della-zero-zuccheri\\\/#primaryimage\"},\"image\":{\"@id\":\"https:\\\/\\\/super-news.info\\\/it\\\/fedez-con-coca-cola-per-il-nuovo-design-della-zero-zuccheri\\\/#primaryimage\"},\"thumbnailUrl\":\"https:\\\/\\\/super-news.info\\\/it\\\/wp-content\\\/uploads\\\/sites\\\/9\\\/2021\\\/07\\\/Fedez-con-Coca-Cola-per-il-nuovo-design-della-Zero-Zuccheri.jpg\",\"datePublished\":\"2021-07-20T16:54:42+00:00\",\"dateModified\":\"2021-07-20T16:54:43+00:00\",\"author\":{\"@id\":\"https:\\\/\\\/super-news.info\\\/it\\\/#\\\/schema\\\/person\\\/2d4068cb2f39cd10008c2fce578a7356\"},\"breadcrumb\":{\"@id\":\"https:\\\/\\\/super-news.info\\\/it\\\/fedez-con-coca-cola-per-il-nuovo-design-della-zero-zuccheri\\\/#breadcrumb\"},\"inLanguage\":\"it-IT\",\"potentialAction\":[{\"@type\":\"ReadAction\",\"target\":[\"https:\\\/\\\/super-news.info\\\/it\\\/fedez-con-coca-cola-per-il-nuovo-design-della-zero-zuccheri\\\/\"]}]},{\"@type\":\"ImageObject\",\"inLanguage\":\"it-IT\",\"@id\":\"https:\\\/\\\/super-news.info\\\/it\\\/fedez-con-coca-cola-per-il-nuovo-design-della-zero-zuccheri\\\/#primaryimage\",\"url\":\"https:\\\/\\\/super-news.info\\\/it\\\/wp-content\\\/uploads\\\/sites\\\/9\\\/2021\\\/07\\\/Fedez-con-Coca-Cola-per-il-nuovo-design-della-Zero-Zuccheri.jpg\",\"contentUrl\":\"https:\\\/\\\/super-news.info\\\/it\\\/wp-content\\\/uploads\\\/sites\\\/9\\\/2021\\\/07\\\/Fedez-con-Coca-Cola-per-il-nuovo-design-della-Zero-Zuccheri.jpg\",\"width\":960,\"height\":540,\"caption\":\"Fedez con Coca-Cola per il nuovo design della Zero Zuccheri\"},{\"@type\":\"BreadcrumbList\",\"@id\":\"https:\\\/\\\/super-news.info\\\/it\\\/fedez-con-coca-cola-per-il-nuovo-design-della-zero-zuccheri\\\/#breadcrumb\",\"itemListElement\":[{\"@type\":\"ListItem\",\"position\":1,\"name\":\"Home\",\"item\":\"https:\\\/\\\/super-news.info\\\/it\\\/\"},{\"@type\":\"ListItem\",\"position\":2,\"name\":\"Fedez con Coca-Cola per il nuovo design della Zero Zuccheri\"}]},{\"@type\":\"WebSite\",\"@id\":\"https:\\\/\\\/super-news.info\\\/it\\\/#website\",\"url\":\"https:\\\/\\\/super-news.info\\\/it\\\/\",\"name\":\"Super News\",\"description\":\"Super News from Italy\",\"potentialAction\":[{\"@type\":\"SearchAction\",\"target\":{\"@type\":\"EntryPoint\",\"urlTemplate\":\"https:\\\/\\\/super-news.info\\\/it\\\/?s={search_term_string}\"},\"query-input\":{\"@type\":\"PropertyValueSpecification\",\"valueRequired\":true,\"valueName\":\"search_term_string\"}}],\"inLanguage\":\"it-IT\"},{\"@type\":\"Person\",\"@id\":\"https:\\\/\\\/super-news.info\\\/it\\\/#\\\/schema\\\/person\\\/2d4068cb2f39cd10008c2fce578a7356\",\"name\":\"super-news\",\"image\":{\"@type\":\"ImageObject\",\"inLanguage\":\"it-IT\",\"@id\":\"https:\\\/\\\/secure.gravatar.com\\\/avatar\\\/64ebac40b93f26a154f8a9b5b6fdccfc46f442b26b3dd6756dbff3bf9dc76fd7?s=96&d=mm&r=g\",\"url\":\"https:\\\/\\\/secure.gravatar.com\\\/avatar\\\/64ebac40b93f26a154f8a9b5b6fdccfc46f442b26b3dd6756dbff3bf9dc76fd7?s=96&d=mm&r=g\",\"contentUrl\":\"https:\\\/\\\/secure.gravatar.com\\\/avatar\\\/64ebac40b93f26a154f8a9b5b6fdccfc46f442b26b3dd6756dbff3bf9dc76fd7?s=96&d=mm&r=g\",\"caption\":\"super-news\"},\"url\":\"https:\\\/\\\/super-news.info\\\/it\\\/author\\\/pt\\\/\"}]}<\/script>\n<!-- \/ Yoast SEO plugin. -->","yoast_head_json":{"title":"Fedez con Coca-Cola per il nuovo design della Zero Zuccheri - Super News","robots":{"index":"index","follow":"follow","max-snippet":"max-snippet:-1","max-image-preview":"max-image-preview:large","max-video-preview":"max-video-preview:-1"},"canonical":"https:\/\/super-news.info\/it\/fedez-con-coca-cola-per-il-nuovo-design-della-zero-zuccheri\/","og_locale":"it_IT","og_type":"article","og_title":"Fedez con Coca-Cola per il nuovo design della Zero Zuccheri - Super News","og_description":"Era partita con un semplice product placement \u2013 della bottiglia appena ridisegnata di Coca-Cola Zero Zuccheri \u2013 nel video di \u201cMille\u201d, hit estiva per cui il rapper ha chiamato a raccolta Orietta Berti e Achille Lauro, e con un ritornello (\u00ablabbra rosso Coca-Cola\u00bb, che allude a come nel tempo il rosso sia diventato il colore [&hellip;]","og_url":"https:\/\/super-news.info\/it\/fedez-con-coca-cola-per-il-nuovo-design-della-zero-zuccheri\/","og_site_name":"Super News","article_published_time":"2021-07-20T16:54:42+00:00","article_modified_time":"2021-07-20T16:54:43+00:00","og_image":[{"width":960,"height":540,"url":"https:\/\/super-news.info\/it\/wp-content\/uploads\/sites\/9\/2021\/07\/Fedez-con-Coca-Cola-per-il-nuovo-design-della-Zero-Zuccheri.jpg","type":"image\/jpeg"}],"author":"super-news","twitter_card":"summary_large_image","twitter_misc":{"Scritto da":"super-news","Tempo di lettura stimato":"3 minuti"},"schema":{"@context":"https:\/\/schema.org","@graph":[{"@type":"Article","@id":"https:\/\/super-news.info\/it\/fedez-con-coca-cola-per-il-nuovo-design-della-zero-zuccheri\/#article","isPartOf":{"@id":"https:\/\/super-news.info\/it\/fedez-con-coca-cola-per-il-nuovo-design-della-zero-zuccheri\/"},"author":{"name":"super-news","@id":"https:\/\/super-news.info\/it\/#\/schema\/person\/2d4068cb2f39cd10008c2fce578a7356"},"headline":"Fedez con Coca-Cola per il nuovo design della Zero Zuccheri","datePublished":"2021-07-20T16:54:42+00:00","dateModified":"2021-07-20T16:54:43+00:00","mainEntityOfPage":{"@id":"https:\/\/super-news.info\/it\/fedez-con-coca-cola-per-il-nuovo-design-della-zero-zuccheri\/"},"wordCount":608,"commentCount":0,"image":{"@id":"https:\/\/super-news.info\/it\/fedez-con-coca-cola-per-il-nuovo-design-della-zero-zuccheri\/#primaryimage"},"thumbnailUrl":"https:\/\/super-news.info\/it\/wp-content\/uploads\/sites\/9\/2021\/07\/Fedez-con-Coca-Cola-per-il-nuovo-design-della-Zero-Zuccheri.jpg","articleSection":["NOVIT\u00c0 DI MARKETING DIGITALE"],"inLanguage":"it-IT","potentialAction":[{"@type":"CommentAction","name":"Comment","target":["https:\/\/super-news.info\/it\/fedez-con-coca-cola-per-il-nuovo-design-della-zero-zuccheri\/#respond"]}]},{"@type":"WebPage","@id":"https:\/\/super-news.info\/it\/fedez-con-coca-cola-per-il-nuovo-design-della-zero-zuccheri\/","url":"https:\/\/super-news.info\/it\/fedez-con-coca-cola-per-il-nuovo-design-della-zero-zuccheri\/","name":"Fedez con Coca-Cola per il nuovo design della Zero Zuccheri - Super News","isPartOf":{"@id":"https:\/\/super-news.info\/it\/#website"},"primaryImageOfPage":{"@id":"https:\/\/super-news.info\/it\/fedez-con-coca-cola-per-il-nuovo-design-della-zero-zuccheri\/#primaryimage"},"image":{"@id":"https:\/\/super-news.info\/it\/fedez-con-coca-cola-per-il-nuovo-design-della-zero-zuccheri\/#primaryimage"},"thumbnailUrl":"https:\/\/super-news.info\/it\/wp-content\/uploads\/sites\/9\/2021\/07\/Fedez-con-Coca-Cola-per-il-nuovo-design-della-Zero-Zuccheri.jpg","datePublished":"2021-07-20T16:54:42+00:00","dateModified":"2021-07-20T16:54:43+00:00","author":{"@id":"https:\/\/super-news.info\/it\/#\/schema\/person\/2d4068cb2f39cd10008c2fce578a7356"},"breadcrumb":{"@id":"https:\/\/super-news.info\/it\/fedez-con-coca-cola-per-il-nuovo-design-della-zero-zuccheri\/#breadcrumb"},"inLanguage":"it-IT","potentialAction":[{"@type":"ReadAction","target":["https:\/\/super-news.info\/it\/fedez-con-coca-cola-per-il-nuovo-design-della-zero-zuccheri\/"]}]},{"@type":"ImageObject","inLanguage":"it-IT","@id":"https:\/\/super-news.info\/it\/fedez-con-coca-cola-per-il-nuovo-design-della-zero-zuccheri\/#primaryimage","url":"https:\/\/super-news.info\/it\/wp-content\/uploads\/sites\/9\/2021\/07\/Fedez-con-Coca-Cola-per-il-nuovo-design-della-Zero-Zuccheri.jpg","contentUrl":"https:\/\/super-news.info\/it\/wp-content\/uploads\/sites\/9\/2021\/07\/Fedez-con-Coca-Cola-per-il-nuovo-design-della-Zero-Zuccheri.jpg","width":960,"height":540,"caption":"Fedez con Coca-Cola per il nuovo design della Zero Zuccheri"},{"@type":"BreadcrumbList","@id":"https:\/\/super-news.info\/it\/fedez-con-coca-cola-per-il-nuovo-design-della-zero-zuccheri\/#breadcrumb","itemListElement":[{"@type":"ListItem","position":1,"name":"Home","item":"https:\/\/super-news.info\/it\/"},{"@type":"ListItem","position":2,"name":"Fedez con Coca-Cola per il nuovo design della Zero Zuccheri"}]},{"@type":"WebSite","@id":"https:\/\/super-news.info\/it\/#website","url":"https:\/\/super-news.info\/it\/","name":"Super News","description":"Super News from Italy","potentialAction":[{"@type":"SearchAction","target":{"@type":"EntryPoint","urlTemplate":"https:\/\/super-news.info\/it\/?s={search_term_string}"},"query-input":{"@type":"PropertyValueSpecification","valueRequired":true,"valueName":"search_term_string"}}],"inLanguage":"it-IT"},{"@type":"Person","@id":"https:\/\/super-news.info\/it\/#\/schema\/person\/2d4068cb2f39cd10008c2fce578a7356","name":"super-news","image":{"@type":"ImageObject","inLanguage":"it-IT","@id":"https:\/\/secure.gravatar.com\/avatar\/64ebac40b93f26a154f8a9b5b6fdccfc46f442b26b3dd6756dbff3bf9dc76fd7?s=96&d=mm&r=g","url":"https:\/\/secure.gravatar.com\/avatar\/64ebac40b93f26a154f8a9b5b6fdccfc46f442b26b3dd6756dbff3bf9dc76fd7?s=96&d=mm&r=g","contentUrl":"https:\/\/secure.gravatar.com\/avatar\/64ebac40b93f26a154f8a9b5b6fdccfc46f442b26b3dd6756dbff3bf9dc76fd7?s=96&d=mm&r=g","caption":"super-news"},"url":"https:\/\/super-news.info\/it\/author\/pt\/"}]}},"_links":{"self":[{"href":"https:\/\/super-news.info\/it\/wp-json\/wp\/v2\/posts\/3306","targetHints":{"allow":["GET"]}}],"collection":[{"href":"https:\/\/super-news.info\/it\/wp-json\/wp\/v2\/posts"}],"about":[{"href":"https:\/\/super-news.info\/it\/wp-json\/wp\/v2\/types\/post"}],"author":[{"embeddable":true,"href":"https:\/\/super-news.info\/it\/wp-json\/wp\/v2\/users\/2"}],"replies":[{"embeddable":true,"href":"https:\/\/super-news.info\/it\/wp-json\/wp\/v2\/comments?post=3306"}],"version-history":[{"count":1,"href":"https:\/\/super-news.info\/it\/wp-json\/wp\/v2\/posts\/3306\/revisions"}],"predecessor-version":[{"id":3308,"href":"https:\/\/super-news.info\/it\/wp-json\/wp\/v2\/posts\/3306\/revisions\/3308"}],"wp:featuredmedia":[{"embeddable":true,"href":"https:\/\/super-news.info\/it\/wp-json\/wp\/v2\/media\/3307"}],"wp:attachment":[{"href":"https:\/\/super-news.info\/it\/wp-json\/wp\/v2\/media?parent=3306"}],"wp:term":[{"taxonomy":"category","embeddable":true,"href":"https:\/\/super-news.info\/it\/wp-json\/wp\/v2\/categories?post=3306"},{"taxonomy":"post_tag","embeddable":true,"href":"https:\/\/super-news.info\/it\/wp-json\/wp\/v2\/tags?post=3306"}],"curies":[{"name":"wp","href":"https:\/\/api.w.org\/{rel}","templated":true}]}}