{"id":3237,"date":"2021-07-09T15:56:24","date_gmt":"2021-07-09T15:56:24","guid":{"rendered":"https:\/\/super-news.info\/it\/virgin-galactic-branson-va-in-orbita-domenica-ecco-il-live-stream\/"},"modified":"2021-07-09T15:56:26","modified_gmt":"2021-07-09T15:56:26","slug":"virgin-galactic-branson-va-in-orbita-domenica-ecco-il-live-stream","status":"publish","type":"post","link":"https:\/\/super-news.info\/it\/virgin-galactic-branson-va-in-orbita-domenica-ecco-il-live-stream\/","title":{"rendered":"Virgin Galactic, Branson va in orbita domenica: ecco il live stream"},"content":{"rendered":"<p>Si avvicina il countdown per il volo di prova spaziale di Virgin Galactic, a bordo del quale salir\u00e0 anche il fondatore Richard Branson. L\u2019appuntamento \u00e8 per domenica 11 luglio, nove giorni in anticipo sul rivale Jeff Bezos, a bordo del primo volo turistico di Blue Origin.<br \/>\n\u201cSo che nessuno mi creder\u00e0 quando l\u2019avr\u00f2 detto, ma onestamente non c\u2019\u00e8\u201d una competizione con Bezos, ha dichiarato Branson intervistato su Nbc lo scorso 6 luglio. Il dato di fatto \u00e8 che le rispettive compagnie spaziali andranno a contendersi il medesimo mercato, quello dei viaggi turistici nell\u2019orbita bassa terrestre.<br \/>\nLa missione \u201cUnity 22\u201d di Virgin sar\u00e0 il quarto volo spaziale con equipaggio per la compagnia, ma l\u2019avvio delle attivit\u00e0 turistiche con passeggeri paganti non inizier\u00e0 prima del 2022. Branson, infatti, prender\u00e0 parte alla missione assumendo una funzione nell\u2019equipaggio: valutare la customer experience del viaggio.<br \/>\nLa missione di Virgin avr\u00e0, tra l\u2019altro, l\u2019obiettivo di \u201cvalutare la cabina del cliente commerciale con un equipaggio completo, compreso l\u2019ambiente della cabina, il comfort dei sedili, l\u2019esperienza in assenza di peso e la vista della Terra che l\u2019astronave offre \u2013 il tutto per garantire che ogni momento del viaggio dell\u2019astronauta massimizzi la meraviglia e lo stupore creati dal viaggio nello spazio\u201d.<br \/>\n\u00a0<\/p>\n<p>Virgin Galactic, inoltre, condivider\u00e0 per la prima volta un livestream globale del volo spaziale. (video embed in basso).<\/p>\n<p>Dopo questa missione, sono previsti altri due voli di prova nel 2021, prima di poter dare il via all\u2019attivit\u00e0 commerciale, per la quale Virgin Galactic ha da poco ottenuto la licenza della Faa.Blue Origin, al contrario conduce il primo viaggio con a bordo un turista pagante \u2013 che ha sborsato all\u2019asta 28 milioni di dollari per decollare al fianco di Jeff Bezos.<br \/>\nVirgin Galactic, grazie all\u2019accelerazione verso i voli commerciali ha potuto registrare una notevole, bench\u00e9 assai volatile, performance in Borsa: il titolo negli ultimi 30 giorni \u00e8 salito del 43,91% e del 118% da inizio anno.<br \/>\n<br \/>\n<!--noindex--><br \/>\n<a href=\"https:\/\/www.wallstreetitalia.com\/virgin-galactic-live-stream\/\" rel=\"nofollow\">Source link <\/a><br \/>\n<!--\/noindex--><\/p>\n","protected":false},"excerpt":{"rendered":"<p>Si avvicina il countdown per il volo di prova spaziale di Virgin Galactic, a bordo del quale salir\u00e0 anche il fondatore Richard Branson. L\u2019appuntamento \u00e8 per domenica 11 luglio, nove giorni in anticipo sul rivale Jeff Bezos, a bordo del primo volo turistico di Blue Origin. \u201cSo che nessuno mi creder\u00e0 quando l\u2019avr\u00f2 detto, ma [&hellip;]<\/p>\n","protected":false},"author":2,"featured_media":3238,"comment_status":"open","ping_status":"open","sticky":false,"template":"","format":"standard","meta":{"footnotes":""},"categories":[1],"tags":[],"class_list":["post-3237","post","type-post","status-publish","format-standard","has-post-thumbnail","hentry","category-notizie-finanziarie"],"yoast_head":"<!-- This site is optimized with the Yoast SEO plugin v27.4 - https:\/\/yoast.com\/product\/yoast-seo-wordpress\/ -->\n<title>Virgin Galactic, Branson va in orbita domenica: ecco il live stream - Super News<\/title>\n<meta name=\"robots\" content=\"index, follow, max-snippet:-1, max-image-preview:large, max-video-preview:-1\" \/>\n<link rel=\"canonical\" href=\"https:\/\/super-news.info\/it\/virgin-galactic-branson-va-in-orbita-domenica-ecco-il-live-stream\/\" \/>\n<meta property=\"og:locale\" content=\"it_IT\" \/>\n<meta property=\"og:type\" content=\"article\" \/>\n<meta property=\"og:title\" content=\"Virgin Galactic, Branson va in orbita domenica: ecco il live stream - Super News\" \/>\n<meta property=\"og:description\" content=\"Si avvicina il countdown per il volo di prova spaziale di Virgin Galactic, a bordo del quale salir\u00e0 anche il fondatore Richard Branson. L\u2019appuntamento \u00e8 per domenica 11 luglio, nove giorni in anticipo sul rivale Jeff Bezos, a bordo del primo volo turistico di Blue Origin. \u201cSo che nessuno mi creder\u00e0 quando l\u2019avr\u00f2 detto, ma [&hellip;]\" \/>\n<meta property=\"og:url\" content=\"https:\/\/super-news.info\/it\/virgin-galactic-branson-va-in-orbita-domenica-ecco-il-live-stream\/\" \/>\n<meta property=\"og:site_name\" content=\"Super News\" \/>\n<meta property=\"article:published_time\" content=\"2021-07-09T15:56:24+00:00\" \/>\n<meta property=\"article:modified_time\" content=\"2021-07-09T15:56:26+00:00\" \/>\n<meta property=\"og:image\" content=\"https:\/\/super-news.info\/it\/wp-content\/uploads\/sites\/9\/2021\/07\/Virgin-Galactic-Branson-va-in-orbita-domenica-ecco-il-live.png\" \/>\n\t<meta property=\"og:image:width\" content=\"1920\" \/>\n\t<meta property=\"og:image:height\" content=\"1080\" \/>\n\t<meta property=\"og:image:type\" content=\"image\/png\" \/>\n<meta name=\"author\" content=\"super-news\" \/>\n<meta name=\"twitter:card\" content=\"summary_large_image\" \/>\n<meta name=\"twitter:label1\" content=\"Scritto da\" \/>\n\t<meta name=\"twitter:data1\" content=\"super-news\" \/>\n\t<meta name=\"twitter:label2\" content=\"Tempo di lettura stimato\" \/>\n\t<meta name=\"twitter:data2\" content=\"2 minuti\" \/>\n<script type=\"application\/ld+json\" class=\"yoast-schema-graph\">{\"@context\":\"https:\\\/\\\/schema.org\",\"@graph\":[{\"@type\":\"Article\",\"@id\":\"https:\\\/\\\/super-news.info\\\/it\\\/virgin-galactic-branson-va-in-orbita-domenica-ecco-il-live-stream\\\/#article\",\"isPartOf\":{\"@id\":\"https:\\\/\\\/super-news.info\\\/it\\\/virgin-galactic-branson-va-in-orbita-domenica-ecco-il-live-stream\\\/\"},\"author\":{\"name\":\"super-news\",\"@id\":\"https:\\\/\\\/super-news.info\\\/it\\\/#\\\/schema\\\/person\\\/2d4068cb2f39cd10008c2fce578a7356\"},\"headline\":\"Virgin Galactic, Branson va in orbita domenica: ecco il live stream\",\"datePublished\":\"2021-07-09T15:56:24+00:00\",\"dateModified\":\"2021-07-09T15:56:26+00:00\",\"mainEntityOfPage\":{\"@id\":\"https:\\\/\\\/super-news.info\\\/it\\\/virgin-galactic-branson-va-in-orbita-domenica-ecco-il-live-stream\\\/\"},\"wordCount\":331,\"commentCount\":0,\"image\":{\"@id\":\"https:\\\/\\\/super-news.info\\\/it\\\/virgin-galactic-branson-va-in-orbita-domenica-ecco-il-live-stream\\\/#primaryimage\"},\"thumbnailUrl\":\"https:\\\/\\\/super-news.info\\\/it\\\/wp-content\\\/uploads\\\/sites\\\/9\\\/2021\\\/07\\\/Virgin-Galactic-Branson-va-in-orbita-domenica-ecco-il-live.png\",\"articleSection\":[\"NOTIZIE FINANZIARIE\"],\"inLanguage\":\"it-IT\",\"potentialAction\":[{\"@type\":\"CommentAction\",\"name\":\"Comment\",\"target\":[\"https:\\\/\\\/super-news.info\\\/it\\\/virgin-galactic-branson-va-in-orbita-domenica-ecco-il-live-stream\\\/#respond\"]}]},{\"@type\":\"WebPage\",\"@id\":\"https:\\\/\\\/super-news.info\\\/it\\\/virgin-galactic-branson-va-in-orbita-domenica-ecco-il-live-stream\\\/\",\"url\":\"https:\\\/\\\/super-news.info\\\/it\\\/virgin-galactic-branson-va-in-orbita-domenica-ecco-il-live-stream\\\/\",\"name\":\"Virgin Galactic, Branson va in orbita domenica: ecco il live stream - Super News\",\"isPartOf\":{\"@id\":\"https:\\\/\\\/super-news.info\\\/it\\\/#website\"},\"primaryImageOfPage\":{\"@id\":\"https:\\\/\\\/super-news.info\\\/it\\\/virgin-galactic-branson-va-in-orbita-domenica-ecco-il-live-stream\\\/#primaryimage\"},\"image\":{\"@id\":\"https:\\\/\\\/super-news.info\\\/it\\\/virgin-galactic-branson-va-in-orbita-domenica-ecco-il-live-stream\\\/#primaryimage\"},\"thumbnailUrl\":\"https:\\\/\\\/super-news.info\\\/it\\\/wp-content\\\/uploads\\\/sites\\\/9\\\/2021\\\/07\\\/Virgin-Galactic-Branson-va-in-orbita-domenica-ecco-il-live.png\",\"datePublished\":\"2021-07-09T15:56:24+00:00\",\"dateModified\":\"2021-07-09T15:56:26+00:00\",\"author\":{\"@id\":\"https:\\\/\\\/super-news.info\\\/it\\\/#\\\/schema\\\/person\\\/2d4068cb2f39cd10008c2fce578a7356\"},\"breadcrumb\":{\"@id\":\"https:\\\/\\\/super-news.info\\\/it\\\/virgin-galactic-branson-va-in-orbita-domenica-ecco-il-live-stream\\\/#breadcrumb\"},\"inLanguage\":\"it-IT\",\"potentialAction\":[{\"@type\":\"ReadAction\",\"target\":[\"https:\\\/\\\/super-news.info\\\/it\\\/virgin-galactic-branson-va-in-orbita-domenica-ecco-il-live-stream\\\/\"]}]},{\"@type\":\"ImageObject\",\"inLanguage\":\"it-IT\",\"@id\":\"https:\\\/\\\/super-news.info\\\/it\\\/virgin-galactic-branson-va-in-orbita-domenica-ecco-il-live-stream\\\/#primaryimage\",\"url\":\"https:\\\/\\\/super-news.info\\\/it\\\/wp-content\\\/uploads\\\/sites\\\/9\\\/2021\\\/07\\\/Virgin-Galactic-Branson-va-in-orbita-domenica-ecco-il-live.png\",\"contentUrl\":\"https:\\\/\\\/super-news.info\\\/it\\\/wp-content\\\/uploads\\\/sites\\\/9\\\/2021\\\/07\\\/Virgin-Galactic-Branson-va-in-orbita-domenica-ecco-il-live.png\",\"width\":1920,\"height\":1080,\"caption\":\"Virgin Galactic, Branson va in orbita domenica: ecco il live stream\"},{\"@type\":\"BreadcrumbList\",\"@id\":\"https:\\\/\\\/super-news.info\\\/it\\\/virgin-galactic-branson-va-in-orbita-domenica-ecco-il-live-stream\\\/#breadcrumb\",\"itemListElement\":[{\"@type\":\"ListItem\",\"position\":1,\"name\":\"Home\",\"item\":\"https:\\\/\\\/super-news.info\\\/it\\\/\"},{\"@type\":\"ListItem\",\"position\":2,\"name\":\"Virgin Galactic, Branson va in orbita domenica: ecco il live stream\"}]},{\"@type\":\"WebSite\",\"@id\":\"https:\\\/\\\/super-news.info\\\/it\\\/#website\",\"url\":\"https:\\\/\\\/super-news.info\\\/it\\\/\",\"name\":\"Super News\",\"description\":\"Super News from Italy\",\"potentialAction\":[{\"@type\":\"SearchAction\",\"target\":{\"@type\":\"EntryPoint\",\"urlTemplate\":\"https:\\\/\\\/super-news.info\\\/it\\\/?s={search_term_string}\"},\"query-input\":{\"@type\":\"PropertyValueSpecification\",\"valueRequired\":true,\"valueName\":\"search_term_string\"}}],\"inLanguage\":\"it-IT\"},{\"@type\":\"Person\",\"@id\":\"https:\\\/\\\/super-news.info\\\/it\\\/#\\\/schema\\\/person\\\/2d4068cb2f39cd10008c2fce578a7356\",\"name\":\"super-news\",\"image\":{\"@type\":\"ImageObject\",\"inLanguage\":\"it-IT\",\"@id\":\"https:\\\/\\\/secure.gravatar.com\\\/avatar\\\/64ebac40b93f26a154f8a9b5b6fdccfc46f442b26b3dd6756dbff3bf9dc76fd7?s=96&d=mm&r=g\",\"url\":\"https:\\\/\\\/secure.gravatar.com\\\/avatar\\\/64ebac40b93f26a154f8a9b5b6fdccfc46f442b26b3dd6756dbff3bf9dc76fd7?s=96&d=mm&r=g\",\"contentUrl\":\"https:\\\/\\\/secure.gravatar.com\\\/avatar\\\/64ebac40b93f26a154f8a9b5b6fdccfc46f442b26b3dd6756dbff3bf9dc76fd7?s=96&d=mm&r=g\",\"caption\":\"super-news\"},\"url\":\"https:\\\/\\\/super-news.info\\\/it\\\/author\\\/pt\\\/\"}]}<\/script>\n<!-- \/ Yoast SEO plugin. -->","yoast_head_json":{"title":"Virgin Galactic, Branson va in orbita domenica: ecco il live stream - Super News","robots":{"index":"index","follow":"follow","max-snippet":"max-snippet:-1","max-image-preview":"max-image-preview:large","max-video-preview":"max-video-preview:-1"},"canonical":"https:\/\/super-news.info\/it\/virgin-galactic-branson-va-in-orbita-domenica-ecco-il-live-stream\/","og_locale":"it_IT","og_type":"article","og_title":"Virgin Galactic, Branson va in orbita domenica: ecco il live stream - Super News","og_description":"Si avvicina il countdown per il volo di prova spaziale di Virgin Galactic, a bordo del quale salir\u00e0 anche il fondatore Richard Branson. L\u2019appuntamento \u00e8 per domenica 11 luglio, nove giorni in anticipo sul rivale Jeff Bezos, a bordo del primo volo turistico di Blue Origin. \u201cSo che nessuno mi creder\u00e0 quando l\u2019avr\u00f2 detto, ma [&hellip;]","og_url":"https:\/\/super-news.info\/it\/virgin-galactic-branson-va-in-orbita-domenica-ecco-il-live-stream\/","og_site_name":"Super News","article_published_time":"2021-07-09T15:56:24+00:00","article_modified_time":"2021-07-09T15:56:26+00:00","og_image":[{"width":1920,"height":1080,"url":"https:\/\/super-news.info\/it\/wp-content\/uploads\/sites\/9\/2021\/07\/Virgin-Galactic-Branson-va-in-orbita-domenica-ecco-il-live.png","type":"image\/png"}],"author":"super-news","twitter_card":"summary_large_image","twitter_misc":{"Scritto da":"super-news","Tempo di lettura stimato":"2 minuti"},"schema":{"@context":"https:\/\/schema.org","@graph":[{"@type":"Article","@id":"https:\/\/super-news.info\/it\/virgin-galactic-branson-va-in-orbita-domenica-ecco-il-live-stream\/#article","isPartOf":{"@id":"https:\/\/super-news.info\/it\/virgin-galactic-branson-va-in-orbita-domenica-ecco-il-live-stream\/"},"author":{"name":"super-news","@id":"https:\/\/super-news.info\/it\/#\/schema\/person\/2d4068cb2f39cd10008c2fce578a7356"},"headline":"Virgin Galactic, Branson va in orbita domenica: ecco il live stream","datePublished":"2021-07-09T15:56:24+00:00","dateModified":"2021-07-09T15:56:26+00:00","mainEntityOfPage":{"@id":"https:\/\/super-news.info\/it\/virgin-galactic-branson-va-in-orbita-domenica-ecco-il-live-stream\/"},"wordCount":331,"commentCount":0,"image":{"@id":"https:\/\/super-news.info\/it\/virgin-galactic-branson-va-in-orbita-domenica-ecco-il-live-stream\/#primaryimage"},"thumbnailUrl":"https:\/\/super-news.info\/it\/wp-content\/uploads\/sites\/9\/2021\/07\/Virgin-Galactic-Branson-va-in-orbita-domenica-ecco-il-live.png","articleSection":["NOTIZIE FINANZIARIE"],"inLanguage":"it-IT","potentialAction":[{"@type":"CommentAction","name":"Comment","target":["https:\/\/super-news.info\/it\/virgin-galactic-branson-va-in-orbita-domenica-ecco-il-live-stream\/#respond"]}]},{"@type":"WebPage","@id":"https:\/\/super-news.info\/it\/virgin-galactic-branson-va-in-orbita-domenica-ecco-il-live-stream\/","url":"https:\/\/super-news.info\/it\/virgin-galactic-branson-va-in-orbita-domenica-ecco-il-live-stream\/","name":"Virgin Galactic, Branson va in orbita domenica: ecco il live stream - Super News","isPartOf":{"@id":"https:\/\/super-news.info\/it\/#website"},"primaryImageOfPage":{"@id":"https:\/\/super-news.info\/it\/virgin-galactic-branson-va-in-orbita-domenica-ecco-il-live-stream\/#primaryimage"},"image":{"@id":"https:\/\/super-news.info\/it\/virgin-galactic-branson-va-in-orbita-domenica-ecco-il-live-stream\/#primaryimage"},"thumbnailUrl":"https:\/\/super-news.info\/it\/wp-content\/uploads\/sites\/9\/2021\/07\/Virgin-Galactic-Branson-va-in-orbita-domenica-ecco-il-live.png","datePublished":"2021-07-09T15:56:24+00:00","dateModified":"2021-07-09T15:56:26+00:00","author":{"@id":"https:\/\/super-news.info\/it\/#\/schema\/person\/2d4068cb2f39cd10008c2fce578a7356"},"breadcrumb":{"@id":"https:\/\/super-news.info\/it\/virgin-galactic-branson-va-in-orbita-domenica-ecco-il-live-stream\/#breadcrumb"},"inLanguage":"it-IT","potentialAction":[{"@type":"ReadAction","target":["https:\/\/super-news.info\/it\/virgin-galactic-branson-va-in-orbita-domenica-ecco-il-live-stream\/"]}]},{"@type":"ImageObject","inLanguage":"it-IT","@id":"https:\/\/super-news.info\/it\/virgin-galactic-branson-va-in-orbita-domenica-ecco-il-live-stream\/#primaryimage","url":"https:\/\/super-news.info\/it\/wp-content\/uploads\/sites\/9\/2021\/07\/Virgin-Galactic-Branson-va-in-orbita-domenica-ecco-il-live.png","contentUrl":"https:\/\/super-news.info\/it\/wp-content\/uploads\/sites\/9\/2021\/07\/Virgin-Galactic-Branson-va-in-orbita-domenica-ecco-il-live.png","width":1920,"height":1080,"caption":"Virgin Galactic, Branson va in orbita domenica: ecco il live stream"},{"@type":"BreadcrumbList","@id":"https:\/\/super-news.info\/it\/virgin-galactic-branson-va-in-orbita-domenica-ecco-il-live-stream\/#breadcrumb","itemListElement":[{"@type":"ListItem","position":1,"name":"Home","item":"https:\/\/super-news.info\/it\/"},{"@type":"ListItem","position":2,"name":"Virgin Galactic, Branson va in orbita domenica: ecco il live stream"}]},{"@type":"WebSite","@id":"https:\/\/super-news.info\/it\/#website","url":"https:\/\/super-news.info\/it\/","name":"Super News","description":"Super News from Italy","potentialAction":[{"@type":"SearchAction","target":{"@type":"EntryPoint","urlTemplate":"https:\/\/super-news.info\/it\/?s={search_term_string}"},"query-input":{"@type":"PropertyValueSpecification","valueRequired":true,"valueName":"search_term_string"}}],"inLanguage":"it-IT"},{"@type":"Person","@id":"https:\/\/super-news.info\/it\/#\/schema\/person\/2d4068cb2f39cd10008c2fce578a7356","name":"super-news","image":{"@type":"ImageObject","inLanguage":"it-IT","@id":"https:\/\/secure.gravatar.com\/avatar\/64ebac40b93f26a154f8a9b5b6fdccfc46f442b26b3dd6756dbff3bf9dc76fd7?s=96&d=mm&r=g","url":"https:\/\/secure.gravatar.com\/avatar\/64ebac40b93f26a154f8a9b5b6fdccfc46f442b26b3dd6756dbff3bf9dc76fd7?s=96&d=mm&r=g","contentUrl":"https:\/\/secure.gravatar.com\/avatar\/64ebac40b93f26a154f8a9b5b6fdccfc46f442b26b3dd6756dbff3bf9dc76fd7?s=96&d=mm&r=g","caption":"super-news"},"url":"https:\/\/super-news.info\/it\/author\/pt\/"}]}},"_links":{"self":[{"href":"https:\/\/super-news.info\/it\/wp-json\/wp\/v2\/posts\/3237","targetHints":{"allow":["GET"]}}],"collection":[{"href":"https:\/\/super-news.info\/it\/wp-json\/wp\/v2\/posts"}],"about":[{"href":"https:\/\/super-news.info\/it\/wp-json\/wp\/v2\/types\/post"}],"author":[{"embeddable":true,"href":"https:\/\/super-news.info\/it\/wp-json\/wp\/v2\/users\/2"}],"replies":[{"embeddable":true,"href":"https:\/\/super-news.info\/it\/wp-json\/wp\/v2\/comments?post=3237"}],"version-history":[{"count":1,"href":"https:\/\/super-news.info\/it\/wp-json\/wp\/v2\/posts\/3237\/revisions"}],"predecessor-version":[{"id":3239,"href":"https:\/\/super-news.info\/it\/wp-json\/wp\/v2\/posts\/3237\/revisions\/3239"}],"wp:featuredmedia":[{"embeddable":true,"href":"https:\/\/super-news.info\/it\/wp-json\/wp\/v2\/media\/3238"}],"wp:attachment":[{"href":"https:\/\/super-news.info\/it\/wp-json\/wp\/v2\/media?parent=3237"}],"wp:term":[{"taxonomy":"category","embeddable":true,"href":"https:\/\/super-news.info\/it\/wp-json\/wp\/v2\/categories?post=3237"},{"taxonomy":"post_tag","embeddable":true,"href":"https:\/\/super-news.info\/it\/wp-json\/wp\/v2\/tags?post=3237"}],"curies":[{"name":"wp","href":"https:\/\/api.w.org\/{rel}","templated":true}]}}