{"id":3222,"date":"2021-07-06T15:54:04","date_gmt":"2021-07-06T15:54:04","guid":{"rendered":"https:\/\/super-news.info\/it\/il-manifesto-di-fare-digitale-principi-per-il-mondo-digitale\/"},"modified":"2021-07-06T15:54:05","modified_gmt":"2021-07-06T15:54:05","slug":"il-manifesto-di-fare-digitale-principi-per-il-mondo-digitale","status":"publish","type":"post","link":"https:\/\/super-news.info\/it\/il-manifesto-di-fare-digitale-principi-per-il-mondo-digitale\/","title":{"rendered":"Il Manifesto di Fare Digitale: principi per il mondo digitale"},"content":{"rendered":"<p>\u00abUna bussola per orientarci nell\u2019impetuoso mare della digitalizzazione, una mappa con dei chiari punti di riferimento che ci possa aiutare a cogliere le opportunit\u00e0 e a diluire le complessit\u00e0 della trasformazione digitale\u00bb: \u00e8 con queste parole che Gabriele Granato, presidente di Fare Digitale, ha presentato ufficialmente sul sito dell\u2019associazione Il Manifesto di Fare Digitale.<br \/>\nIn una societ\u00e0 che vive nell\u2019era digitale non ci si pu\u00f2 che porre numerose domande, relativamente ai diritti, ai doveri, alle opportunit\u00e0 e alle potenzialit\u00e0 legate al digital.<br \/>\nFare Digitale come baluardo di una nuova concezione del mondo digitale<br \/>\n\u00c8 proprio in questo scenario e per fornire delle risposte, ma soprattutto per trovare delle soluzioni, che si innesta il progetto, quanto mai necessario e attuale, dell\u2019associazione Fare Digitale.<br \/>\nL\u2019obiettivo principale di Fare Digitale, ossia quello di diffondere e valorizzare la cultura digitale, si concretizza attraverso la promozione e l\u2019organizzazione di incontri e dibattiti, iniziative di sensibilizzazione e formazione, studi e ricerche \u2013 come la recente mappatura degli Atenei italiani dove si studia il digitale \u2013, il tutto grazie a dei gruppi di lavoro formati dai soci, volti a creare una rete di idee e interconnessioni, nonch\u00e9 ad agevolare e a migliorare la trasformazione digitale in atto.<br \/>\nIl Manifesto di Fare Digitale<br \/>\nCome tutte le iniziative che provino ad attuare un cambiamento radicale a partire dai sistemi di credenze sociali, Fare Digitale basa il suo operato su una comunanza di intenti e di valori che hanno trovato una sintesi per punti riportati in un manifesto. L\u2019obiettivo de Il Manifesto di Fare Digitale \u00e8 quello di rendere trasparenti sia i principi cardine su cui si basa la transizione digitale, sia i diritti a cui gli utenti dovrebbero aspirare nell\u2019interazione con la nuova societ\u00e0 delle informazioni e delle relazioni.<br \/>\nIl Manifesto di Fare Digitale, dunque, consta di quindici punti che esemplificano l\u2019approccio e gli obiettivi del progetto.<br \/>\n1. Il digitale \u00e8 un bene necessario e universale<br \/>\nNella societ\u00e0 odierna il digitale \u00e8 a tutti gli effetti un bene primario essenziale, che probabilmente andrebbe inserito tra quelli considerati alla base della piramide dei bisogni, perch\u00e9 \u2013 come precisato dall\u2019Associazione \u2013 seppur non sia ovviamente un bene fisiologico va contestualizzato nella societ\u00e0 attuale in cui \u00e8 un bene necessario e universale al pari di energia elettrica, acqua e gas, per esempio, e in quanto tale va garantito a tutti.<br \/>\nProbabilmente, tale considerazione \u00e8 rafforzata dalle necessit\u00e0 dettate dalla pandemia che ha difatti evidenziato quanto sia rilevante il digitale per numerose attivit\u00e0 quotidiane (istruirsi, lavorare, restare in contatto con i propri cari, ecc.).<br \/>\n2. Il libero accesso alla Rete e ai suoi contenuti \u00e8 un diritto fondamentale<br \/>\nA rafforzare quanto espresso nel primo punto del Manifesto, il diritto di accesso alla Rete dovrebbe fondarsi sull\u2019uguaglianza, sulla possibilit\u00e0 di essere posti nelle condizioni, anche tecnologiche e infrastrutturali, di poterlo fare.<br \/>\n3. Analogico e digitale si fondono dando vita alla societ\u00e0 delle informazioni e delle relazioni<br \/>\nL\u2019online non rappresenta una realt\u00e0 virtuale a se stante e distaccata dal mondo reale: pur essendo immateriale, si contamina perfettamente con la quotidianit\u00e0, alterando e influenzando notevolmente il modo di comunicare, di informarsi, di formarsi, di svolgere attivit\u00e0 economiche, ecc.<br \/>\n4. I dati pubblici sono un bene comune e devono essere disponibili, aperti, interoperabili e disaggregati<br \/>\nPoich\u00e9 si parla sempre pi\u00f9 del concetto di cittadinanza attiva, per renderlo davvero possibile occorrerebbe rendere i dati pubblici \u2013 come si legge nella presentazione del Manifesto \u2013 \u00abdisaggregati, continuamente aggiornati, ben documentati e facilmente accessibili a ricercatori, decisori, media e cittadini\u00bb.<br \/>\n5. Il digitale \u00e8 un fattore di cambiamento, ma non \u00e8 il cambiamento. Il mondo lo cambiano le persone<br \/>\nIn un contesto in cui siamo praticamente  onlife , non si pu\u00f2 considerare il digitale quale motore principale del cambiamento: \u00e8 solo uno strumento e la trasformazione digitale in atto rappresenta l\u2019effetto principale dell\u2019espansione della Rete nella vita di tutti i giorni; \u00e8 fondamentale focalizzare l\u2019attenzione sull\u2019aspetto umano, in quanto sono le conoscenze e le competenze a rappresentare il pilastro determinante per attuare un radicale cambiamento.<br \/>\n6. La digitalizzazione \u00e8 una priorit\u00e0 collettiva e deve ridurre le complessit\u00e0, eliminare le barriere e generare opportunit\u00e0 sostenibili<br \/>\nPoich\u00e9 parte di una realt\u00e0 collettiva, tutti sono chiamati a comprendere le dinamiche della digitalizzazione. Si tratta di un processo che tocca le vite di ciascuno e nessuno deve provare la sensazione di essere escluso, perch\u00e9 nessuno lo \u00e8.<br \/>\n7. #FareDigitale significa generare \u2013 attraverso il digitale \u2013 maggiore valore per la comunit\u00e0<br \/>\nLa digitalizzazione dei processi esistenti non \u00e8 sufficiente: occorrerebbe andare oltre, considerare le differenti opportunit\u00e0 offerte da un mezzo che ha specificit\u00e0 proprie. Il digitale, infatti, rappresenta un\u2019opportunit\u00e0 di trasformazione economica e sociale, il cui centro \u00e8 rappresentano dai cittadini e dalle imprese, e per questo l\u2019 innovazione  digitale deve essere potenziata con un fare concreto, per esempio mediante efficaci investimenti pubblici e condurre verso una riforma strutturale del Paese.<br \/>\n8. La cultura digitale \u00e8 condizione necessaria per il #FareDigitale. \u00c8 compito dell\u2019istruzione pubblica creare le condizioni per stimolarla e svilupparla<br \/>\n\u00c8 necessario promuovere una vera e propria cultura digitale che permetta di comprendere al meglio quali sono gli elementi principali (strumenti, logiche, linguaggi, ecc.) che caratterizzano questo mondo e, pi\u00f9 in generale dunque, la complessit\u00e0 contemporanea. Data la sua importanza nel contesto attuale, la promozione di una cultura digitale dovrebbe partire dall\u2019istruzione pubblica.<br \/>\n9. La scuola digitale \u00e8 interconnessa, innovativa, inclusiva e fondata saldamente sulle relazioni umane<br \/>\nIl digitale \u00e8 uno strumento volto alla connessione e all\u2019inclusione. La scuola rappresenta il crocevia di questi principi: la digitalizzazione deve consentire alla stessa istituzione scolastica di divenire un luogo di maggiore apertura e inclusione. Per far ci\u00f2 \u00e8 necessario che le metodologie e le modalit\u00e0 di insegnamento si adeguino alla societ\u00e0 contemporanea, adottando una visione maggiormente digitale, in maniera sostanziale e non solo formale. Periodi di emergenza come quelli determinati dalla diffusione del COVID e il ricorso alla DAD hanno messo in evidenza la necessit\u00e0 di una digitalizzazione che tenga conto di varie necessit\u00e0, come l\u2019interazione, l\u2019inclusione e l\u2019innovazione.<br \/>\n10. Il lavoro digitale non \u00e8 funzione del tempo e dello spazio, ma delle relazione di fiducia e dei risultati<br \/>\nL\u2019organizzazione del lavoro digitale modifica i paradigmi di quello pi\u00f9 tradizionale, spostando il focus dal processo all\u2019obiettivo.Si tratta, insomma, di ripensare la modalit\u00e0 lavorativa nella sua completezza, dagli orari al luogo in cui viene svolta l\u2019attivit\u00e0, fino ai momenti di confronto e lavoro in team: un passaggio reale allo  smart working  e non soltanto un  lavoro da remoto  imposto da costrizioni esterne (per esempio dalle ondate pandemiche).<br \/>\n11. La lotta al digital divide \u2013 di natura tecnica, sociale e culturale \u2013 \u00e8 una priorit\u00e0 da affrontare e vincere con decisione in ogni sede politica e istituzionale<br \/>\nIl  digital divide  porta all\u2019esclusione dai benefici che, a livello tecnico ma anche sociale e culturale, derivano dall\u2019accesso alla rete. Per questa ragione va combattuto e superato, eliminando in questo modo la disparit\u00e0 esistente tra coloro che hanno accesso alle tecnologie dell\u2019informazione e chi ne \u00e8 escluso. \u00c8 necessario per\u00f2 intervenire a diversi livelli, in diverse sedi.<br \/>\n12. La pubblica amministrazione deve essere accessibile, trasparente, amica di cittadini e imprese, capace di offrire servizi efficienti e innovativi<br \/>\nLa pubblica amministrazione non pu\u00f2 semplicemente fermarsi all\u2019adozione di nuove tecnologie e all\u2019integrazione del digitale. \u00c8 necessario, infatti, che a essere rivisto (e in un certo senso ristrutturato) sia il rapporto tra Stato e cittadino. Oltre all\u2019evoluzione e allo snellimento delle procedure, spesso macchinose e a tratti ingestibili, nasce l\u2019esigenza di stimolare una digitalizzazione che porti alla creazione di una relazione \u00abaffettiva, paritetica\u00bb con i cittadini, eliminando barriere e distanze.<br \/>\n13. Lo sviluppo del terzo settore \u00e8 direttamente correlato alle dinamiche inclusive e partecipative della trasformazione digitale<br \/>\nTra le varie necessit\u00e0 vi \u00e8 quella di portare a uno sviluppo del terzo settore seguendo competenze, strumenti e opportunit\u00e0 favorite e messe a disposizione dal digitale. Il tutto nel solco dell\u2019inclusione e della partecipazione. I media digitali, infatti, consentono una maggiore apertura a tali aspetti.<br \/>\n14. \u00c8 necessario favorire la messa in Rete dei territori per esprimere al meglio le specificit\u00e0 locali nel contesto globale<br \/>\n\u00c8 necessario che i territori vengano considerati all\u2019interno di una prospettiva digitale, favorendo in questo modo una promozione pi\u00f9 ampia e la progettazione di un futuro basato sull\u2019interconnessione, senza per\u00f2 perdere identit\u00e0 e tradizioni locali. La digitalizzazione in questo contesto pu\u00f2 favorire uno sviluppo globale.<br \/>\n15. I luoghi di cultura non possono prescindere dal digitale per diventare punti di riferimento per il territorio e il turismo<br \/>\n\u00c8 importante che il mondo della cultura si apra a una maggiore digitalizzazione, fondamentale per la salvaguardia del patrimonio culturale. Attraverso il digitale, infatti, \u00e8 possibile puntare a promozione e conoscenza pi\u00f9 ampie presso i pubblici di riferimento, ma anche a un loro maggiore coinvolgimento.<\/p>\n<p>In sintesi, con questo Manifesto l\u2019associazione Fare Digitale cerca di toccare i diversi settori e le varie tematiche che richiederebbero una maggiore attenzione e pi\u00f9 riflessioni, con l\u2019obiettivo di spingere a un cambiamento e a un miglioramento concreti dell\u2019utilizzo del digitale in termini di accessibilit\u00e0, fruibilit\u00e0, semplificazione, inclusivit\u00e0. Scritto raccogliendo le idee e le proposte di tutti i soci e lungi dall\u2019essere una guida statica, il Manifesto di Fare Digitale verr\u00e0 sottoposto a revisione nel corso del tempo \u2013 ogni due anni secondo l\u2019ipotesi avanzata dall\u2019associazione \u2013 poich\u00e9, come affermato ancora da Gabriele Granato, esso \u00abha la pretesa di cogliere gli aspetti fondanti dell\u2019attuale societ\u00e0 digitale mantenendo una flessibilit\u00e0 di fondo, che gli permette di adattarsi alle trasformazioni che ogni giorno si susseguono\u00bb.<\/p>\n<p>\n<!--noindex--><br \/>\n<a href=\"https:\/\/www.insidemarketing.it\/il-manifesto-di-fare-digitale\/\" rel=\"nofollow\">Source link <\/a><br \/>\n<!--\/noindex--><\/p>\n","protected":false},"excerpt":{"rendered":"<p>\u00abUna bussola per orientarci nell\u2019impetuoso mare della digitalizzazione, una mappa con dei chiari punti di riferimento che ci possa aiutare a cogliere le opportunit\u00e0 e a diluire le complessit\u00e0 della trasformazione digitale\u00bb: \u00e8 con queste parole che Gabriele Granato, presidente di Fare Digitale, ha presentato ufficialmente sul sito dell\u2019associazione Il Manifesto di Fare Digitale. In [&hellip;]<\/p>\n","protected":false},"author":2,"featured_media":3223,"comment_status":"open","ping_status":"open","sticky":false,"template":"","format":"standard","meta":{"footnotes":""},"categories":[2],"tags":[],"class_list":["post-3222","post","type-post","status-publish","format-standard","has-post-thumbnail","hentry","category-novita-di-marketing-digitale"],"yoast_head":"<!-- This site is optimized with the Yoast SEO plugin v27.4 - https:\/\/yoast.com\/product\/yoast-seo-wordpress\/ -->\n<title>Il Manifesto di Fare Digitale: principi per il mondo digitale - Super News<\/title>\n<meta name=\"robots\" content=\"index, follow, max-snippet:-1, max-image-preview:large, max-video-preview:-1\" \/>\n<link rel=\"canonical\" href=\"https:\/\/super-news.info\/it\/il-manifesto-di-fare-digitale-principi-per-il-mondo-digitale\/\" \/>\n<meta property=\"og:locale\" content=\"it_IT\" \/>\n<meta property=\"og:type\" content=\"article\" \/>\n<meta property=\"og:title\" content=\"Il Manifesto di Fare Digitale: principi per il mondo digitale - Super News\" \/>\n<meta property=\"og:description\" content=\"\u00abUna bussola per orientarci nell\u2019impetuoso mare della digitalizzazione, una mappa con dei chiari punti di riferimento che ci possa aiutare a cogliere le opportunit\u00e0 e a diluire le complessit\u00e0 della trasformazione digitale\u00bb: \u00e8 con queste parole che Gabriele Granato, presidente di Fare Digitale, ha presentato ufficialmente sul sito dell\u2019associazione Il Manifesto di Fare Digitale. In [&hellip;]\" \/>\n<meta property=\"og:url\" content=\"https:\/\/super-news.info\/it\/il-manifesto-di-fare-digitale-principi-per-il-mondo-digitale\/\" \/>\n<meta property=\"og:site_name\" content=\"Super News\" \/>\n<meta property=\"article:published_time\" content=\"2021-07-06T15:54:04+00:00\" \/>\n<meta property=\"article:modified_time\" content=\"2021-07-06T15:54:05+00:00\" \/>\n<meta property=\"og:image\" content=\"https:\/\/super-news.info\/it\/wp-content\/uploads\/sites\/9\/2021\/07\/Il-Manifesto-di-Fare-Digitale-principi-per-il-mondo-digitale.jpg\" \/>\n\t<meta property=\"og:image:width\" content=\"1200\" \/>\n\t<meta property=\"og:image:height\" content=\"620\" \/>\n\t<meta property=\"og:image:type\" content=\"image\/jpeg\" \/>\n<meta name=\"author\" content=\"super-news\" \/>\n<meta name=\"twitter:card\" content=\"summary_large_image\" \/>\n<meta name=\"twitter:label1\" content=\"Scritto da\" \/>\n\t<meta name=\"twitter:data1\" content=\"super-news\" \/>\n\t<meta name=\"twitter:label2\" content=\"Tempo di lettura stimato\" \/>\n\t<meta name=\"twitter:data2\" content=\"8 minuti\" \/>\n<script type=\"application\/ld+json\" class=\"yoast-schema-graph\">{\"@context\":\"https:\\\/\\\/schema.org\",\"@graph\":[{\"@type\":\"Article\",\"@id\":\"https:\\\/\\\/super-news.info\\\/it\\\/il-manifesto-di-fare-digitale-principi-per-il-mondo-digitale\\\/#article\",\"isPartOf\":{\"@id\":\"https:\\\/\\\/super-news.info\\\/it\\\/il-manifesto-di-fare-digitale-principi-per-il-mondo-digitale\\\/\"},\"author\":{\"name\":\"super-news\",\"@id\":\"https:\\\/\\\/super-news.info\\\/it\\\/#\\\/schema\\\/person\\\/2d4068cb2f39cd10008c2fce578a7356\"},\"headline\":\"Il Manifesto di Fare Digitale: principi per il mondo digitale\",\"datePublished\":\"2021-07-06T15:54:04+00:00\",\"dateModified\":\"2021-07-06T15:54:05+00:00\",\"mainEntityOfPage\":{\"@id\":\"https:\\\/\\\/super-news.info\\\/it\\\/il-manifesto-di-fare-digitale-principi-per-il-mondo-digitale\\\/\"},\"wordCount\":1570,\"commentCount\":0,\"image\":{\"@id\":\"https:\\\/\\\/super-news.info\\\/it\\\/il-manifesto-di-fare-digitale-principi-per-il-mondo-digitale\\\/#primaryimage\"},\"thumbnailUrl\":\"https:\\\/\\\/super-news.info\\\/it\\\/wp-content\\\/uploads\\\/sites\\\/9\\\/2021\\\/07\\\/Il-Manifesto-di-Fare-Digitale-principi-per-il-mondo-digitale.jpg\",\"articleSection\":[\"NOVIT\u00c0 DI MARKETING DIGITALE\"],\"inLanguage\":\"it-IT\",\"potentialAction\":[{\"@type\":\"CommentAction\",\"name\":\"Comment\",\"target\":[\"https:\\\/\\\/super-news.info\\\/it\\\/il-manifesto-di-fare-digitale-principi-per-il-mondo-digitale\\\/#respond\"]}]},{\"@type\":\"WebPage\",\"@id\":\"https:\\\/\\\/super-news.info\\\/it\\\/il-manifesto-di-fare-digitale-principi-per-il-mondo-digitale\\\/\",\"url\":\"https:\\\/\\\/super-news.info\\\/it\\\/il-manifesto-di-fare-digitale-principi-per-il-mondo-digitale\\\/\",\"name\":\"Il Manifesto di Fare Digitale: principi per il mondo digitale - Super News\",\"isPartOf\":{\"@id\":\"https:\\\/\\\/super-news.info\\\/it\\\/#website\"},\"primaryImageOfPage\":{\"@id\":\"https:\\\/\\\/super-news.info\\\/it\\\/il-manifesto-di-fare-digitale-principi-per-il-mondo-digitale\\\/#primaryimage\"},\"image\":{\"@id\":\"https:\\\/\\\/super-news.info\\\/it\\\/il-manifesto-di-fare-digitale-principi-per-il-mondo-digitale\\\/#primaryimage\"},\"thumbnailUrl\":\"https:\\\/\\\/super-news.info\\\/it\\\/wp-content\\\/uploads\\\/sites\\\/9\\\/2021\\\/07\\\/Il-Manifesto-di-Fare-Digitale-principi-per-il-mondo-digitale.jpg\",\"datePublished\":\"2021-07-06T15:54:04+00:00\",\"dateModified\":\"2021-07-06T15:54:05+00:00\",\"author\":{\"@id\":\"https:\\\/\\\/super-news.info\\\/it\\\/#\\\/schema\\\/person\\\/2d4068cb2f39cd10008c2fce578a7356\"},\"breadcrumb\":{\"@id\":\"https:\\\/\\\/super-news.info\\\/it\\\/il-manifesto-di-fare-digitale-principi-per-il-mondo-digitale\\\/#breadcrumb\"},\"inLanguage\":\"it-IT\",\"potentialAction\":[{\"@type\":\"ReadAction\",\"target\":[\"https:\\\/\\\/super-news.info\\\/it\\\/il-manifesto-di-fare-digitale-principi-per-il-mondo-digitale\\\/\"]}]},{\"@type\":\"ImageObject\",\"inLanguage\":\"it-IT\",\"@id\":\"https:\\\/\\\/super-news.info\\\/it\\\/il-manifesto-di-fare-digitale-principi-per-il-mondo-digitale\\\/#primaryimage\",\"url\":\"https:\\\/\\\/super-news.info\\\/it\\\/wp-content\\\/uploads\\\/sites\\\/9\\\/2021\\\/07\\\/Il-Manifesto-di-Fare-Digitale-principi-per-il-mondo-digitale.jpg\",\"contentUrl\":\"https:\\\/\\\/super-news.info\\\/it\\\/wp-content\\\/uploads\\\/sites\\\/9\\\/2021\\\/07\\\/Il-Manifesto-di-Fare-Digitale-principi-per-il-mondo-digitale.jpg\",\"width\":1200,\"height\":620,\"caption\":\"Il Manifesto di Fare Digitale: principi per il mondo digitale\"},{\"@type\":\"BreadcrumbList\",\"@id\":\"https:\\\/\\\/super-news.info\\\/it\\\/il-manifesto-di-fare-digitale-principi-per-il-mondo-digitale\\\/#breadcrumb\",\"itemListElement\":[{\"@type\":\"ListItem\",\"position\":1,\"name\":\"Home\",\"item\":\"https:\\\/\\\/super-news.info\\\/it\\\/\"},{\"@type\":\"ListItem\",\"position\":2,\"name\":\"Il Manifesto di Fare Digitale: principi per il mondo digitale\"}]},{\"@type\":\"WebSite\",\"@id\":\"https:\\\/\\\/super-news.info\\\/it\\\/#website\",\"url\":\"https:\\\/\\\/super-news.info\\\/it\\\/\",\"name\":\"Super News\",\"description\":\"Super News from Italy\",\"potentialAction\":[{\"@type\":\"SearchAction\",\"target\":{\"@type\":\"EntryPoint\",\"urlTemplate\":\"https:\\\/\\\/super-news.info\\\/it\\\/?s={search_term_string}\"},\"query-input\":{\"@type\":\"PropertyValueSpecification\",\"valueRequired\":true,\"valueName\":\"search_term_string\"}}],\"inLanguage\":\"it-IT\"},{\"@type\":\"Person\",\"@id\":\"https:\\\/\\\/super-news.info\\\/it\\\/#\\\/schema\\\/person\\\/2d4068cb2f39cd10008c2fce578a7356\",\"name\":\"super-news\",\"image\":{\"@type\":\"ImageObject\",\"inLanguage\":\"it-IT\",\"@id\":\"https:\\\/\\\/secure.gravatar.com\\\/avatar\\\/64ebac40b93f26a154f8a9b5b6fdccfc46f442b26b3dd6756dbff3bf9dc76fd7?s=96&d=mm&r=g\",\"url\":\"https:\\\/\\\/secure.gravatar.com\\\/avatar\\\/64ebac40b93f26a154f8a9b5b6fdccfc46f442b26b3dd6756dbff3bf9dc76fd7?s=96&d=mm&r=g\",\"contentUrl\":\"https:\\\/\\\/secure.gravatar.com\\\/avatar\\\/64ebac40b93f26a154f8a9b5b6fdccfc46f442b26b3dd6756dbff3bf9dc76fd7?s=96&d=mm&r=g\",\"caption\":\"super-news\"},\"url\":\"https:\\\/\\\/super-news.info\\\/it\\\/author\\\/pt\\\/\"}]}<\/script>\n<!-- \/ Yoast SEO plugin. -->","yoast_head_json":{"title":"Il Manifesto di Fare Digitale: principi per il mondo digitale - Super News","robots":{"index":"index","follow":"follow","max-snippet":"max-snippet:-1","max-image-preview":"max-image-preview:large","max-video-preview":"max-video-preview:-1"},"canonical":"https:\/\/super-news.info\/it\/il-manifesto-di-fare-digitale-principi-per-il-mondo-digitale\/","og_locale":"it_IT","og_type":"article","og_title":"Il Manifesto di Fare Digitale: principi per il mondo digitale - Super News","og_description":"\u00abUna bussola per orientarci nell\u2019impetuoso mare della digitalizzazione, una mappa con dei chiari punti di riferimento che ci possa aiutare a cogliere le opportunit\u00e0 e a diluire le complessit\u00e0 della trasformazione digitale\u00bb: \u00e8 con queste parole che Gabriele Granato, presidente di Fare Digitale, ha presentato ufficialmente sul sito dell\u2019associazione Il Manifesto di Fare Digitale. In [&hellip;]","og_url":"https:\/\/super-news.info\/it\/il-manifesto-di-fare-digitale-principi-per-il-mondo-digitale\/","og_site_name":"Super News","article_published_time":"2021-07-06T15:54:04+00:00","article_modified_time":"2021-07-06T15:54:05+00:00","og_image":[{"width":1200,"height":620,"url":"https:\/\/super-news.info\/it\/wp-content\/uploads\/sites\/9\/2021\/07\/Il-Manifesto-di-Fare-Digitale-principi-per-il-mondo-digitale.jpg","type":"image\/jpeg"}],"author":"super-news","twitter_card":"summary_large_image","twitter_misc":{"Scritto da":"super-news","Tempo di lettura stimato":"8 minuti"},"schema":{"@context":"https:\/\/schema.org","@graph":[{"@type":"Article","@id":"https:\/\/super-news.info\/it\/il-manifesto-di-fare-digitale-principi-per-il-mondo-digitale\/#article","isPartOf":{"@id":"https:\/\/super-news.info\/it\/il-manifesto-di-fare-digitale-principi-per-il-mondo-digitale\/"},"author":{"name":"super-news","@id":"https:\/\/super-news.info\/it\/#\/schema\/person\/2d4068cb2f39cd10008c2fce578a7356"},"headline":"Il Manifesto di Fare Digitale: principi per il mondo digitale","datePublished":"2021-07-06T15:54:04+00:00","dateModified":"2021-07-06T15:54:05+00:00","mainEntityOfPage":{"@id":"https:\/\/super-news.info\/it\/il-manifesto-di-fare-digitale-principi-per-il-mondo-digitale\/"},"wordCount":1570,"commentCount":0,"image":{"@id":"https:\/\/super-news.info\/it\/il-manifesto-di-fare-digitale-principi-per-il-mondo-digitale\/#primaryimage"},"thumbnailUrl":"https:\/\/super-news.info\/it\/wp-content\/uploads\/sites\/9\/2021\/07\/Il-Manifesto-di-Fare-Digitale-principi-per-il-mondo-digitale.jpg","articleSection":["NOVIT\u00c0 DI MARKETING DIGITALE"],"inLanguage":"it-IT","potentialAction":[{"@type":"CommentAction","name":"Comment","target":["https:\/\/super-news.info\/it\/il-manifesto-di-fare-digitale-principi-per-il-mondo-digitale\/#respond"]}]},{"@type":"WebPage","@id":"https:\/\/super-news.info\/it\/il-manifesto-di-fare-digitale-principi-per-il-mondo-digitale\/","url":"https:\/\/super-news.info\/it\/il-manifesto-di-fare-digitale-principi-per-il-mondo-digitale\/","name":"Il Manifesto di Fare Digitale: principi per il mondo digitale - Super News","isPartOf":{"@id":"https:\/\/super-news.info\/it\/#website"},"primaryImageOfPage":{"@id":"https:\/\/super-news.info\/it\/il-manifesto-di-fare-digitale-principi-per-il-mondo-digitale\/#primaryimage"},"image":{"@id":"https:\/\/super-news.info\/it\/il-manifesto-di-fare-digitale-principi-per-il-mondo-digitale\/#primaryimage"},"thumbnailUrl":"https:\/\/super-news.info\/it\/wp-content\/uploads\/sites\/9\/2021\/07\/Il-Manifesto-di-Fare-Digitale-principi-per-il-mondo-digitale.jpg","datePublished":"2021-07-06T15:54:04+00:00","dateModified":"2021-07-06T15:54:05+00:00","author":{"@id":"https:\/\/super-news.info\/it\/#\/schema\/person\/2d4068cb2f39cd10008c2fce578a7356"},"breadcrumb":{"@id":"https:\/\/super-news.info\/it\/il-manifesto-di-fare-digitale-principi-per-il-mondo-digitale\/#breadcrumb"},"inLanguage":"it-IT","potentialAction":[{"@type":"ReadAction","target":["https:\/\/super-news.info\/it\/il-manifesto-di-fare-digitale-principi-per-il-mondo-digitale\/"]}]},{"@type":"ImageObject","inLanguage":"it-IT","@id":"https:\/\/super-news.info\/it\/il-manifesto-di-fare-digitale-principi-per-il-mondo-digitale\/#primaryimage","url":"https:\/\/super-news.info\/it\/wp-content\/uploads\/sites\/9\/2021\/07\/Il-Manifesto-di-Fare-Digitale-principi-per-il-mondo-digitale.jpg","contentUrl":"https:\/\/super-news.info\/it\/wp-content\/uploads\/sites\/9\/2021\/07\/Il-Manifesto-di-Fare-Digitale-principi-per-il-mondo-digitale.jpg","width":1200,"height":620,"caption":"Il Manifesto di Fare Digitale: principi per il mondo digitale"},{"@type":"BreadcrumbList","@id":"https:\/\/super-news.info\/it\/il-manifesto-di-fare-digitale-principi-per-il-mondo-digitale\/#breadcrumb","itemListElement":[{"@type":"ListItem","position":1,"name":"Home","item":"https:\/\/super-news.info\/it\/"},{"@type":"ListItem","position":2,"name":"Il Manifesto di Fare Digitale: principi per il mondo digitale"}]},{"@type":"WebSite","@id":"https:\/\/super-news.info\/it\/#website","url":"https:\/\/super-news.info\/it\/","name":"Super News","description":"Super News from Italy","potentialAction":[{"@type":"SearchAction","target":{"@type":"EntryPoint","urlTemplate":"https:\/\/super-news.info\/it\/?s={search_term_string}"},"query-input":{"@type":"PropertyValueSpecification","valueRequired":true,"valueName":"search_term_string"}}],"inLanguage":"it-IT"},{"@type":"Person","@id":"https:\/\/super-news.info\/it\/#\/schema\/person\/2d4068cb2f39cd10008c2fce578a7356","name":"super-news","image":{"@type":"ImageObject","inLanguage":"it-IT","@id":"https:\/\/secure.gravatar.com\/avatar\/64ebac40b93f26a154f8a9b5b6fdccfc46f442b26b3dd6756dbff3bf9dc76fd7?s=96&d=mm&r=g","url":"https:\/\/secure.gravatar.com\/avatar\/64ebac40b93f26a154f8a9b5b6fdccfc46f442b26b3dd6756dbff3bf9dc76fd7?s=96&d=mm&r=g","contentUrl":"https:\/\/secure.gravatar.com\/avatar\/64ebac40b93f26a154f8a9b5b6fdccfc46f442b26b3dd6756dbff3bf9dc76fd7?s=96&d=mm&r=g","caption":"super-news"},"url":"https:\/\/super-news.info\/it\/author\/pt\/"}]}},"_links":{"self":[{"href":"https:\/\/super-news.info\/it\/wp-json\/wp\/v2\/posts\/3222","targetHints":{"allow":["GET"]}}],"collection":[{"href":"https:\/\/super-news.info\/it\/wp-json\/wp\/v2\/posts"}],"about":[{"href":"https:\/\/super-news.info\/it\/wp-json\/wp\/v2\/types\/post"}],"author":[{"embeddable":true,"href":"https:\/\/super-news.info\/it\/wp-json\/wp\/v2\/users\/2"}],"replies":[{"embeddable":true,"href":"https:\/\/super-news.info\/it\/wp-json\/wp\/v2\/comments?post=3222"}],"version-history":[{"count":1,"href":"https:\/\/super-news.info\/it\/wp-json\/wp\/v2\/posts\/3222\/revisions"}],"predecessor-version":[{"id":3224,"href":"https:\/\/super-news.info\/it\/wp-json\/wp\/v2\/posts\/3222\/revisions\/3224"}],"wp:featuredmedia":[{"embeddable":true,"href":"https:\/\/super-news.info\/it\/wp-json\/wp\/v2\/media\/3223"}],"wp:attachment":[{"href":"https:\/\/super-news.info\/it\/wp-json\/wp\/v2\/media?parent=3222"}],"wp:term":[{"taxonomy":"category","embeddable":true,"href":"https:\/\/super-news.info\/it\/wp-json\/wp\/v2\/categories?post=3222"},{"taxonomy":"post_tag","embeddable":true,"href":"https:\/\/super-news.info\/it\/wp-json\/wp\/v2\/tags?post=3222"}],"curies":[{"name":"wp","href":"https:\/\/api.w.org\/{rel}","templated":true}]}}