{"id":3195,"date":"2021-07-02T15:31:43","date_gmt":"2021-07-02T15:31:43","guid":{"rendered":"https:\/\/super-news.info\/it\/branson-brucia-bezos-volera-nello-spazio-9-giorni-prima-di-lui\/"},"modified":"2021-07-02T15:31:45","modified_gmt":"2021-07-02T15:31:45","slug":"branson-brucia-bezos-volera-nello-spazio-9-giorni-prima-di-lui","status":"publish","type":"post","link":"https:\/\/super-news.info\/it\/branson-brucia-bezos-volera-nello-spazio-9-giorni-prima-di-lui\/","title":{"rendered":"Branson brucia Bezos: voler\u00e0 nello spazio 9 giorni prima di lui"},"content":{"rendered":"<p>Questa volta \u00e8 ufficiale Richard Branson andr\u00e0 in orbita prima del miliardario rivale Jeff Bezos. Contrariamente a quanto emerso dalle indiscrezioni delle scorse settimane, la data del decollo non sar\u00e0 quella del 4, bens\u00ec dell\u201911 luglio \u2013 comunque, nove giorni in anticipo del volo Blue Origin che lancer\u00e0 nello spazio il fondatore di Amazon. La notizia \u00e8 stata rilanciata anche sul profilo Twitter di Richard Branson, che a questo punto dovr\u00e0 prepararsi al viaggio spaziale con la sua Virgin Galactic. Il ruolo di Branson nell\u2019equipaggio sar\u00e0, ufficialmente, quello di valutare la \u201ccustomer experience\u201d del viaggio.<\/p>\n<p>\u201cCredo veramente che lo spazio appartenga a tutti noi\u201d, ha scritto Branson gioved\u00ec, \u201cdopo 17 anni di ricerca, ingegneria e innovazione, la nuova industria spaziale commerciale \u00e8 pronta ad aprire l\u2019universo all\u2019umanit\u00e0 e a cambiare il mondo per sempre\u201d.<br \/>\n\u201cSono sempre stato un sognatore\u201d, ha twittato il fondatore di Virgin, \u201c,ia madre mi ha insegnato a non mollare mai e a raggiungere le stelle. L\u201911 luglio, \u00e8 il momento di trasformare quel sogno in realt\u00e0 a bordo del prossimo volo spaziale Virgin Galactic\u201d.<br \/>\nA differenza del volo Blue Origin, quello della Virgin Galactic sar\u00e0 ancora un viaggio di prova, ad esso ne seguiranno altri due nel corso di quest\u2019anno prima che nel 2022 possa partire il servizio per passeggeri paganti. L\u2019Agenzia federale per l\u2019aviazione americana ha riconosciuto a Virgin Galactic la licenza commerciale alcuni giorni fa, provocando un vertiginoso balzo per il titolo quotato a Wall Street. Negli ultimi 30 giorni al 2 luglio la performance del titolo supera il 52%.\u00a0<br \/>\nA bordo di Blue Origin, invece, ci sar\u00e0 il primo passeggero pagante della compagnia, che ha sborsato 28 milioni di dollari per volare assieme a Bezos, a suo fratello Mark e all\u2019aviatrice Wally Funk.<br \/>\n\u00a0<br \/>\n<br \/>\n<!--noindex--><br \/>\n<a href=\"https:\/\/www.wallstreetitalia.com\/branson-bezos-spazio\/\" rel=\"nofollow\">Source link <\/a><br \/>\n<!--\/noindex--><\/p>\n","protected":false},"excerpt":{"rendered":"<p>Questa volta \u00e8 ufficiale Richard Branson andr\u00e0 in orbita prima del miliardario rivale Jeff Bezos. Contrariamente a quanto emerso dalle indiscrezioni delle scorse settimane, la data del decollo non sar\u00e0 quella del 4, bens\u00ec dell\u201911 luglio \u2013 comunque, nove giorni in anticipo del volo Blue Origin che lancer\u00e0 nello spazio il fondatore di Amazon. La [&hellip;]<\/p>\n","protected":false},"author":2,"featured_media":3196,"comment_status":"open","ping_status":"open","sticky":false,"template":"","format":"standard","meta":{"footnotes":""},"categories":[1],"tags":[],"class_list":["post-3195","post","type-post","status-publish","format-standard","has-post-thumbnail","hentry","category-notizie-finanziarie"],"yoast_head":"<!-- This site is optimized with the Yoast SEO plugin v27.4 - https:\/\/yoast.com\/product\/yoast-seo-wordpress\/ -->\n<title>Branson brucia Bezos: voler\u00e0 nello spazio 9 giorni prima di lui - Super News<\/title>\n<meta name=\"robots\" content=\"index, follow, max-snippet:-1, max-image-preview:large, max-video-preview:-1\" \/>\n<link rel=\"canonical\" href=\"https:\/\/super-news.info\/it\/branson-brucia-bezos-volera-nello-spazio-9-giorni-prima-di-lui\/\" \/>\n<meta property=\"og:locale\" content=\"it_IT\" \/>\n<meta property=\"og:type\" content=\"article\" \/>\n<meta property=\"og:title\" content=\"Branson brucia Bezos: voler\u00e0 nello spazio 9 giorni prima di lui - Super News\" \/>\n<meta property=\"og:description\" content=\"Questa volta \u00e8 ufficiale Richard Branson andr\u00e0 in orbita prima del miliardario rivale Jeff Bezos. Contrariamente a quanto emerso dalle indiscrezioni delle scorse settimane, la data del decollo non sar\u00e0 quella del 4, bens\u00ec dell\u201911 luglio \u2013 comunque, nove giorni in anticipo del volo Blue Origin che lancer\u00e0 nello spazio il fondatore di Amazon. La [&hellip;]\" \/>\n<meta property=\"og:url\" content=\"https:\/\/super-news.info\/it\/branson-brucia-bezos-volera-nello-spazio-9-giorni-prima-di-lui\/\" \/>\n<meta property=\"og:site_name\" content=\"Super News\" \/>\n<meta property=\"article:published_time\" content=\"2021-07-02T15:31:43+00:00\" \/>\n<meta property=\"article:modified_time\" content=\"2021-07-02T15:31:45+00:00\" \/>\n<meta property=\"og:image\" content=\"https:\/\/super-news.info\/it\/wp-content\/uploads\/sites\/9\/2021\/07\/Branson-brucia-Bezos-volera-nello-spazio-9-giorni-prima-di.jpg\" \/>\n\t<meta property=\"og:image:width\" content=\"1024\" \/>\n\t<meta property=\"og:image:height\" content=\"727\" \/>\n\t<meta property=\"og:image:type\" content=\"image\/jpeg\" \/>\n<meta name=\"author\" content=\"super-news\" \/>\n<meta name=\"twitter:card\" content=\"summary_large_image\" \/>\n<meta name=\"twitter:label1\" content=\"Scritto da\" \/>\n\t<meta name=\"twitter:data1\" content=\"super-news\" \/>\n\t<meta name=\"twitter:label2\" content=\"Tempo di lettura stimato\" \/>\n\t<meta name=\"twitter:data2\" content=\"1 minuto\" \/>\n<script type=\"application\/ld+json\" class=\"yoast-schema-graph\">{\"@context\":\"https:\\\/\\\/schema.org\",\"@graph\":[{\"@type\":\"Article\",\"@id\":\"https:\\\/\\\/super-news.info\\\/it\\\/branson-brucia-bezos-volera-nello-spazio-9-giorni-prima-di-lui\\\/#article\",\"isPartOf\":{\"@id\":\"https:\\\/\\\/super-news.info\\\/it\\\/branson-brucia-bezos-volera-nello-spazio-9-giorni-prima-di-lui\\\/\"},\"author\":{\"name\":\"super-news\",\"@id\":\"https:\\\/\\\/super-news.info\\\/it\\\/#\\\/schema\\\/person\\\/2d4068cb2f39cd10008c2fce578a7356\"},\"headline\":\"Branson brucia Bezos: voler\u00e0 nello spazio 9 giorni prima di lui\",\"datePublished\":\"2021-07-02T15:31:43+00:00\",\"dateModified\":\"2021-07-02T15:31:45+00:00\",\"mainEntityOfPage\":{\"@id\":\"https:\\\/\\\/super-news.info\\\/it\\\/branson-brucia-bezos-volera-nello-spazio-9-giorni-prima-di-lui\\\/\"},\"wordCount\":297,\"commentCount\":0,\"image\":{\"@id\":\"https:\\\/\\\/super-news.info\\\/it\\\/branson-brucia-bezos-volera-nello-spazio-9-giorni-prima-di-lui\\\/#primaryimage\"},\"thumbnailUrl\":\"https:\\\/\\\/super-news.info\\\/it\\\/wp-content\\\/uploads\\\/sites\\\/9\\\/2021\\\/07\\\/Branson-brucia-Bezos-volera-nello-spazio-9-giorni-prima-di.jpg\",\"articleSection\":[\"NOTIZIE FINANZIARIE\"],\"inLanguage\":\"it-IT\",\"potentialAction\":[{\"@type\":\"CommentAction\",\"name\":\"Comment\",\"target\":[\"https:\\\/\\\/super-news.info\\\/it\\\/branson-brucia-bezos-volera-nello-spazio-9-giorni-prima-di-lui\\\/#respond\"]}]},{\"@type\":\"WebPage\",\"@id\":\"https:\\\/\\\/super-news.info\\\/it\\\/branson-brucia-bezos-volera-nello-spazio-9-giorni-prima-di-lui\\\/\",\"url\":\"https:\\\/\\\/super-news.info\\\/it\\\/branson-brucia-bezos-volera-nello-spazio-9-giorni-prima-di-lui\\\/\",\"name\":\"Branson brucia Bezos: voler\u00e0 nello spazio 9 giorni prima di lui - Super News\",\"isPartOf\":{\"@id\":\"https:\\\/\\\/super-news.info\\\/it\\\/#website\"},\"primaryImageOfPage\":{\"@id\":\"https:\\\/\\\/super-news.info\\\/it\\\/branson-brucia-bezos-volera-nello-spazio-9-giorni-prima-di-lui\\\/#primaryimage\"},\"image\":{\"@id\":\"https:\\\/\\\/super-news.info\\\/it\\\/branson-brucia-bezos-volera-nello-spazio-9-giorni-prima-di-lui\\\/#primaryimage\"},\"thumbnailUrl\":\"https:\\\/\\\/super-news.info\\\/it\\\/wp-content\\\/uploads\\\/sites\\\/9\\\/2021\\\/07\\\/Branson-brucia-Bezos-volera-nello-spazio-9-giorni-prima-di.jpg\",\"datePublished\":\"2021-07-02T15:31:43+00:00\",\"dateModified\":\"2021-07-02T15:31:45+00:00\",\"author\":{\"@id\":\"https:\\\/\\\/super-news.info\\\/it\\\/#\\\/schema\\\/person\\\/2d4068cb2f39cd10008c2fce578a7356\"},\"breadcrumb\":{\"@id\":\"https:\\\/\\\/super-news.info\\\/it\\\/branson-brucia-bezos-volera-nello-spazio-9-giorni-prima-di-lui\\\/#breadcrumb\"},\"inLanguage\":\"it-IT\",\"potentialAction\":[{\"@type\":\"ReadAction\",\"target\":[\"https:\\\/\\\/super-news.info\\\/it\\\/branson-brucia-bezos-volera-nello-spazio-9-giorni-prima-di-lui\\\/\"]}]},{\"@type\":\"ImageObject\",\"inLanguage\":\"it-IT\",\"@id\":\"https:\\\/\\\/super-news.info\\\/it\\\/branson-brucia-bezos-volera-nello-spazio-9-giorni-prima-di-lui\\\/#primaryimage\",\"url\":\"https:\\\/\\\/super-news.info\\\/it\\\/wp-content\\\/uploads\\\/sites\\\/9\\\/2021\\\/07\\\/Branson-brucia-Bezos-volera-nello-spazio-9-giorni-prima-di.jpg\",\"contentUrl\":\"https:\\\/\\\/super-news.info\\\/it\\\/wp-content\\\/uploads\\\/sites\\\/9\\\/2021\\\/07\\\/Branson-brucia-Bezos-volera-nello-spazio-9-giorni-prima-di.jpg\",\"width\":1024,\"height\":727,\"caption\":\"Branson brucia Bezos: voler\u00e0 nello spazio 9 giorni prima di lui\"},{\"@type\":\"BreadcrumbList\",\"@id\":\"https:\\\/\\\/super-news.info\\\/it\\\/branson-brucia-bezos-volera-nello-spazio-9-giorni-prima-di-lui\\\/#breadcrumb\",\"itemListElement\":[{\"@type\":\"ListItem\",\"position\":1,\"name\":\"Home\",\"item\":\"https:\\\/\\\/super-news.info\\\/it\\\/\"},{\"@type\":\"ListItem\",\"position\":2,\"name\":\"Branson brucia Bezos: voler\u00e0 nello spazio 9 giorni prima di lui\"}]},{\"@type\":\"WebSite\",\"@id\":\"https:\\\/\\\/super-news.info\\\/it\\\/#website\",\"url\":\"https:\\\/\\\/super-news.info\\\/it\\\/\",\"name\":\"Super News\",\"description\":\"Super News from Italy\",\"potentialAction\":[{\"@type\":\"SearchAction\",\"target\":{\"@type\":\"EntryPoint\",\"urlTemplate\":\"https:\\\/\\\/super-news.info\\\/it\\\/?s={search_term_string}\"},\"query-input\":{\"@type\":\"PropertyValueSpecification\",\"valueRequired\":true,\"valueName\":\"search_term_string\"}}],\"inLanguage\":\"it-IT\"},{\"@type\":\"Person\",\"@id\":\"https:\\\/\\\/super-news.info\\\/it\\\/#\\\/schema\\\/person\\\/2d4068cb2f39cd10008c2fce578a7356\",\"name\":\"super-news\",\"image\":{\"@type\":\"ImageObject\",\"inLanguage\":\"it-IT\",\"@id\":\"https:\\\/\\\/secure.gravatar.com\\\/avatar\\\/64ebac40b93f26a154f8a9b5b6fdccfc46f442b26b3dd6756dbff3bf9dc76fd7?s=96&d=mm&r=g\",\"url\":\"https:\\\/\\\/secure.gravatar.com\\\/avatar\\\/64ebac40b93f26a154f8a9b5b6fdccfc46f442b26b3dd6756dbff3bf9dc76fd7?s=96&d=mm&r=g\",\"contentUrl\":\"https:\\\/\\\/secure.gravatar.com\\\/avatar\\\/64ebac40b93f26a154f8a9b5b6fdccfc46f442b26b3dd6756dbff3bf9dc76fd7?s=96&d=mm&r=g\",\"caption\":\"super-news\"},\"url\":\"https:\\\/\\\/super-news.info\\\/it\\\/author\\\/pt\\\/\"}]}<\/script>\n<!-- \/ Yoast SEO plugin. -->","yoast_head_json":{"title":"Branson brucia Bezos: voler\u00e0 nello spazio 9 giorni prima di lui - Super News","robots":{"index":"index","follow":"follow","max-snippet":"max-snippet:-1","max-image-preview":"max-image-preview:large","max-video-preview":"max-video-preview:-1"},"canonical":"https:\/\/super-news.info\/it\/branson-brucia-bezos-volera-nello-spazio-9-giorni-prima-di-lui\/","og_locale":"it_IT","og_type":"article","og_title":"Branson brucia Bezos: voler\u00e0 nello spazio 9 giorni prima di lui - Super News","og_description":"Questa volta \u00e8 ufficiale Richard Branson andr\u00e0 in orbita prima del miliardario rivale Jeff Bezos. Contrariamente a quanto emerso dalle indiscrezioni delle scorse settimane, la data del decollo non sar\u00e0 quella del 4, bens\u00ec dell\u201911 luglio \u2013 comunque, nove giorni in anticipo del volo Blue Origin che lancer\u00e0 nello spazio il fondatore di Amazon. La [&hellip;]","og_url":"https:\/\/super-news.info\/it\/branson-brucia-bezos-volera-nello-spazio-9-giorni-prima-di-lui\/","og_site_name":"Super News","article_published_time":"2021-07-02T15:31:43+00:00","article_modified_time":"2021-07-02T15:31:45+00:00","og_image":[{"width":1024,"height":727,"url":"https:\/\/super-news.info\/it\/wp-content\/uploads\/sites\/9\/2021\/07\/Branson-brucia-Bezos-volera-nello-spazio-9-giorni-prima-di.jpg","type":"image\/jpeg"}],"author":"super-news","twitter_card":"summary_large_image","twitter_misc":{"Scritto da":"super-news","Tempo di lettura stimato":"1 minuto"},"schema":{"@context":"https:\/\/schema.org","@graph":[{"@type":"Article","@id":"https:\/\/super-news.info\/it\/branson-brucia-bezos-volera-nello-spazio-9-giorni-prima-di-lui\/#article","isPartOf":{"@id":"https:\/\/super-news.info\/it\/branson-brucia-bezos-volera-nello-spazio-9-giorni-prima-di-lui\/"},"author":{"name":"super-news","@id":"https:\/\/super-news.info\/it\/#\/schema\/person\/2d4068cb2f39cd10008c2fce578a7356"},"headline":"Branson brucia Bezos: voler\u00e0 nello spazio 9 giorni prima di lui","datePublished":"2021-07-02T15:31:43+00:00","dateModified":"2021-07-02T15:31:45+00:00","mainEntityOfPage":{"@id":"https:\/\/super-news.info\/it\/branson-brucia-bezos-volera-nello-spazio-9-giorni-prima-di-lui\/"},"wordCount":297,"commentCount":0,"image":{"@id":"https:\/\/super-news.info\/it\/branson-brucia-bezos-volera-nello-spazio-9-giorni-prima-di-lui\/#primaryimage"},"thumbnailUrl":"https:\/\/super-news.info\/it\/wp-content\/uploads\/sites\/9\/2021\/07\/Branson-brucia-Bezos-volera-nello-spazio-9-giorni-prima-di.jpg","articleSection":["NOTIZIE FINANZIARIE"],"inLanguage":"it-IT","potentialAction":[{"@type":"CommentAction","name":"Comment","target":["https:\/\/super-news.info\/it\/branson-brucia-bezos-volera-nello-spazio-9-giorni-prima-di-lui\/#respond"]}]},{"@type":"WebPage","@id":"https:\/\/super-news.info\/it\/branson-brucia-bezos-volera-nello-spazio-9-giorni-prima-di-lui\/","url":"https:\/\/super-news.info\/it\/branson-brucia-bezos-volera-nello-spazio-9-giorni-prima-di-lui\/","name":"Branson brucia Bezos: voler\u00e0 nello spazio 9 giorni prima di lui - Super News","isPartOf":{"@id":"https:\/\/super-news.info\/it\/#website"},"primaryImageOfPage":{"@id":"https:\/\/super-news.info\/it\/branson-brucia-bezos-volera-nello-spazio-9-giorni-prima-di-lui\/#primaryimage"},"image":{"@id":"https:\/\/super-news.info\/it\/branson-brucia-bezos-volera-nello-spazio-9-giorni-prima-di-lui\/#primaryimage"},"thumbnailUrl":"https:\/\/super-news.info\/it\/wp-content\/uploads\/sites\/9\/2021\/07\/Branson-brucia-Bezos-volera-nello-spazio-9-giorni-prima-di.jpg","datePublished":"2021-07-02T15:31:43+00:00","dateModified":"2021-07-02T15:31:45+00:00","author":{"@id":"https:\/\/super-news.info\/it\/#\/schema\/person\/2d4068cb2f39cd10008c2fce578a7356"},"breadcrumb":{"@id":"https:\/\/super-news.info\/it\/branson-brucia-bezos-volera-nello-spazio-9-giorni-prima-di-lui\/#breadcrumb"},"inLanguage":"it-IT","potentialAction":[{"@type":"ReadAction","target":["https:\/\/super-news.info\/it\/branson-brucia-bezos-volera-nello-spazio-9-giorni-prima-di-lui\/"]}]},{"@type":"ImageObject","inLanguage":"it-IT","@id":"https:\/\/super-news.info\/it\/branson-brucia-bezos-volera-nello-spazio-9-giorni-prima-di-lui\/#primaryimage","url":"https:\/\/super-news.info\/it\/wp-content\/uploads\/sites\/9\/2021\/07\/Branson-brucia-Bezos-volera-nello-spazio-9-giorni-prima-di.jpg","contentUrl":"https:\/\/super-news.info\/it\/wp-content\/uploads\/sites\/9\/2021\/07\/Branson-brucia-Bezos-volera-nello-spazio-9-giorni-prima-di.jpg","width":1024,"height":727,"caption":"Branson brucia Bezos: voler\u00e0 nello spazio 9 giorni prima di lui"},{"@type":"BreadcrumbList","@id":"https:\/\/super-news.info\/it\/branson-brucia-bezos-volera-nello-spazio-9-giorni-prima-di-lui\/#breadcrumb","itemListElement":[{"@type":"ListItem","position":1,"name":"Home","item":"https:\/\/super-news.info\/it\/"},{"@type":"ListItem","position":2,"name":"Branson brucia Bezos: voler\u00e0 nello spazio 9 giorni prima di lui"}]},{"@type":"WebSite","@id":"https:\/\/super-news.info\/it\/#website","url":"https:\/\/super-news.info\/it\/","name":"Super News","description":"Super News from Italy","potentialAction":[{"@type":"SearchAction","target":{"@type":"EntryPoint","urlTemplate":"https:\/\/super-news.info\/it\/?s={search_term_string}"},"query-input":{"@type":"PropertyValueSpecification","valueRequired":true,"valueName":"search_term_string"}}],"inLanguage":"it-IT"},{"@type":"Person","@id":"https:\/\/super-news.info\/it\/#\/schema\/person\/2d4068cb2f39cd10008c2fce578a7356","name":"super-news","image":{"@type":"ImageObject","inLanguage":"it-IT","@id":"https:\/\/secure.gravatar.com\/avatar\/64ebac40b93f26a154f8a9b5b6fdccfc46f442b26b3dd6756dbff3bf9dc76fd7?s=96&d=mm&r=g","url":"https:\/\/secure.gravatar.com\/avatar\/64ebac40b93f26a154f8a9b5b6fdccfc46f442b26b3dd6756dbff3bf9dc76fd7?s=96&d=mm&r=g","contentUrl":"https:\/\/secure.gravatar.com\/avatar\/64ebac40b93f26a154f8a9b5b6fdccfc46f442b26b3dd6756dbff3bf9dc76fd7?s=96&d=mm&r=g","caption":"super-news"},"url":"https:\/\/super-news.info\/it\/author\/pt\/"}]}},"_links":{"self":[{"href":"https:\/\/super-news.info\/it\/wp-json\/wp\/v2\/posts\/3195","targetHints":{"allow":["GET"]}}],"collection":[{"href":"https:\/\/super-news.info\/it\/wp-json\/wp\/v2\/posts"}],"about":[{"href":"https:\/\/super-news.info\/it\/wp-json\/wp\/v2\/types\/post"}],"author":[{"embeddable":true,"href":"https:\/\/super-news.info\/it\/wp-json\/wp\/v2\/users\/2"}],"replies":[{"embeddable":true,"href":"https:\/\/super-news.info\/it\/wp-json\/wp\/v2\/comments?post=3195"}],"version-history":[{"count":1,"href":"https:\/\/super-news.info\/it\/wp-json\/wp\/v2\/posts\/3195\/revisions"}],"predecessor-version":[{"id":3197,"href":"https:\/\/super-news.info\/it\/wp-json\/wp\/v2\/posts\/3195\/revisions\/3197"}],"wp:featuredmedia":[{"embeddable":true,"href":"https:\/\/super-news.info\/it\/wp-json\/wp\/v2\/media\/3196"}],"wp:attachment":[{"href":"https:\/\/super-news.info\/it\/wp-json\/wp\/v2\/media?parent=3195"}],"wp:term":[{"taxonomy":"category","embeddable":true,"href":"https:\/\/super-news.info\/it\/wp-json\/wp\/v2\/categories?post=3195"},{"taxonomy":"post_tag","embeddable":true,"href":"https:\/\/super-news.info\/it\/wp-json\/wp\/v2\/tags?post=3195"}],"curies":[{"name":"wp","href":"https:\/\/api.w.org\/{rel}","templated":true}]}}