{"id":3072,"date":"2021-06-13T14:27:30","date_gmt":"2021-06-13T14:27:30","guid":{"rendered":"https:\/\/super-news.info\/it\/g7-di-cosa-parleranno-i-leader-riuniti-in-cornovaglia\/"},"modified":"2021-06-13T14:27:31","modified_gmt":"2021-06-13T14:27:31","slug":"g7-di-cosa-parleranno-i-leader-riuniti-in-cornovaglia","status":"publish","type":"post","link":"https:\/\/super-news.info\/it\/g7-di-cosa-parleranno-i-leader-riuniti-in-cornovaglia\/","title":{"rendered":"G7, di cosa parleranno i leader riuniti in Cornovaglia"},"content":{"rendered":"<p>Si apre oggi in Cornovaglia (Regno Unito), il primo G7 dell\u2019era Biden: tre giorni di incontri fra gli alleati del blocco occidentale (che include il Giappone), il cui peso \u00e8 sempre meno importante nel complesso dell\u2019economia mondiale (il Gruppo produce il 40% del Pil globale), ma che rimane centrale nel coordinamento delle democrazie liberali pi\u00f9 importanti al mondo. Il messaggio lanciato dal presidente Usa agli alleati, \u201cl\u2019America \u00e8 tornata\u201d, autorizza a sperare in una risoluzione delle controversia ancora in essere con l\u2019Europa sul tema dei dazi doganali (in particolare sul caso Airbus). Sar\u00e0 anche l\u2019occasione per capire se, e in che misura, la politica estera di Biden andr\u00e0 modificare la rotta dell\u2019America dopo Donald Trump.<br \/>\nUfficialmente, per\u00f2, saranno le sfide del Covid-19 a dominare la discussione. Innanzitutto, si parler\u00e0 della strategia per l\u2019immunizzazione della popolazione a livello internazionale e sul coordinamento degli aiuti alle campagne di vaccinazione nei Paesi sottosviluppati. Da quanto trapelato ancor prima dell\u2019inizio dei lavori, poi, il Gruppo dei sette chieder\u00e0 di svolgere una nuova indagine, in piena trasparenza, sulle origine del coronavirus. E ancora, non mancher\u00e0 il grande tema della ripartenza economica dopo lo choc del Covid.<br \/>\nUn\u2019altra sessione plenaria sar\u00e0 dedicata alla sfida climatica, che continua ad incombere nonostante l\u2019attenzione su questo tema si sia ridotta, a livello mediatico, a causa della pandemia. \u201cMentre il mondo si riprende dalla pandemia, affrontiamo anche un punto di svolta per il nostro clima e il nostro ambiente naturale\u201d, si legge sul sito ufficiale del G7, \u201cproteggeremo il futuro del nostro pianeta passando alle emissioni nette zero\u201d.<br \/>\nFra le righe, per\u00f2, la vera partita del G7 non potr\u00e0 prescindere dal rilancio del modello della democrazia liberale che Cina e Russia descrivono come in inesorabile declino. In questo senso si muove l\u2019annuncio, al termine dell\u2019incontro fra il premier britannico Johnson e il presidente Usa Biden, sulla volont\u00e0 comune di rinnovare la Carta Atlantica che nel 1941 gett\u00f2 le basi dell\u2019alleanza militare Nato.<br \/>\n\u201cIl G7 in Cornovaglia aiuta la narrazione di Biden \u2018America is back\u2019 ma soprattutto \u2018not alone\u2019: non \u00e8 sola, ma affiancata da alleati e amici\u201d, ha commentato il vicepresidente esecutivo dell\u2019Ispi, Paolo Magri. \u201cAspettiamoci dichiarazioni solenni sull\u2019amicizia ritrovata, annunci (speriamo anche azioni) su vaccini, clima, infrastrutture. L\u2019elefante nella stanza \u00e8 per\u00f2 che fare con Cina (e Russia). Su questo \u00e8 probabile che l\u2019America rimanga un po\u2019 sola. Nonostante le fanfare, nonostante l\u2019amicizia ritrovata\u201d.<br \/>\nG7 in Cornovaglia, l\u2019agenda<br \/>\nDi seguito, l\u2019agenda ufficiale completa della tre giorni organizzata in Cornovaglia.<\/p>\n<p>Venerd\u00ec 11 giugnoSessione Plenaria uno: Ripresa EconomicaPartecipano: Leader del G7<br \/>\nSabato 12 giugnoSessione plenaria due: Resilienza globalePartecipano: Leader del G7Terza sessione plenaria: Politica esteraPartecipano: Leader del G7Quarta sessione plenaria: SaluteLeader e ospiti del G7 (Australia, India, Corea del Sud, Sudafrica e Brunei), oltre alle organizzazioni internazionali (Fondo monetario internazionale, Organizzazione per la cooperazione e lo sviluppo economico, Gruppo della Banca mondiale, Organizzazione mondiale della sanit\u00e0, Organizzazione mondiale del commercio)<br \/>\nDomenica 13 giugnoSessione Plenaria cinque: Societ\u00e0 ApertePartecipano: Leader e ospiti del G7 (Australia, India, Corea del Sud, Sudafrica e Brunei), oltre al Segretario generale delle Nazioni UniteSesta sessione plenaria: clima e naturaPartecipano: Leader e ospiti del G7, oltre al Segretario generale delle Nazioni Unite e le organizzazioni internazionali (Fondo monetario internazionale, Organizzazione per la cooperazione e lo sviluppo economico, Gruppo della Banca mondiale, Organizzazione mondiale della sanit\u00e0, Organizzazione mondiale del commercio).<\/p>\n<p>\n<!--noindex--><br \/>\n<a href=\"https:\/\/www.wallstreetitalia.com\/g7-cornovaglia\/\" rel=\"nofollow\">Source link <\/a><br \/>\n<!--\/noindex--><\/p>\n","protected":false},"excerpt":{"rendered":"<p>Si apre oggi in Cornovaglia (Regno Unito), il primo G7 dell\u2019era Biden: tre giorni di incontri fra gli alleati del blocco occidentale (che include il Giappone), il cui peso \u00e8 sempre meno importante nel complesso dell\u2019economia mondiale (il Gruppo produce il 40% del Pil globale), ma che rimane centrale nel coordinamento delle democrazie liberali pi\u00f9 [&hellip;]<\/p>\n","protected":false},"author":2,"featured_media":3073,"comment_status":"open","ping_status":"open","sticky":false,"template":"","format":"standard","meta":{"footnotes":""},"categories":[1],"tags":[],"class_list":["post-3072","post","type-post","status-publish","format-standard","has-post-thumbnail","hentry","category-notizie-finanziarie"],"yoast_head":"<!-- This site is optimized with the Yoast SEO plugin v27.4 - https:\/\/yoast.com\/product\/yoast-seo-wordpress\/ -->\n<title>G7, di cosa parleranno i leader riuniti in Cornovaglia - Super News<\/title>\n<meta name=\"robots\" content=\"index, follow, max-snippet:-1, max-image-preview:large, max-video-preview:-1\" \/>\n<link rel=\"canonical\" href=\"https:\/\/super-news.info\/it\/g7-di-cosa-parleranno-i-leader-riuniti-in-cornovaglia\/\" \/>\n<meta property=\"og:locale\" content=\"it_IT\" \/>\n<meta property=\"og:type\" content=\"article\" \/>\n<meta property=\"og:title\" content=\"G7, di cosa parleranno i leader riuniti in Cornovaglia - Super News\" \/>\n<meta property=\"og:description\" content=\"Si apre oggi in Cornovaglia (Regno Unito), il primo G7 dell\u2019era Biden: tre giorni di incontri fra gli alleati del blocco occidentale (che include il Giappone), il cui peso \u00e8 sempre meno importante nel complesso dell\u2019economia mondiale (il Gruppo produce il 40% del Pil globale), ma che rimane centrale nel coordinamento delle democrazie liberali pi\u00f9 [&hellip;]\" \/>\n<meta property=\"og:url\" content=\"https:\/\/super-news.info\/it\/g7-di-cosa-parleranno-i-leader-riuniti-in-cornovaglia\/\" \/>\n<meta property=\"og:site_name\" content=\"Super News\" \/>\n<meta property=\"article:published_time\" content=\"2021-06-13T14:27:30+00:00\" \/>\n<meta property=\"article:modified_time\" content=\"2021-06-13T14:27:31+00:00\" \/>\n<meta property=\"og:image\" content=\"https:\/\/super-news.info\/it\/wp-content\/uploads\/sites\/9\/2021\/06\/G7-di-cosa-parleranno-i-leader-riuniti-in-Cornovaglia.jpg\" \/>\n\t<meta property=\"og:image:width\" content=\"1024\" \/>\n\t<meta property=\"og:image:height\" content=\"683\" \/>\n\t<meta property=\"og:image:type\" content=\"image\/jpeg\" \/>\n<meta name=\"author\" content=\"super-news\" \/>\n<meta name=\"twitter:card\" content=\"summary_large_image\" \/>\n<meta name=\"twitter:label1\" content=\"Scritto da\" \/>\n\t<meta name=\"twitter:data1\" content=\"super-news\" \/>\n\t<meta name=\"twitter:label2\" content=\"Tempo di lettura stimato\" \/>\n\t<meta name=\"twitter:data2\" content=\"3 minuti\" \/>\n<script type=\"application\/ld+json\" class=\"yoast-schema-graph\">{\"@context\":\"https:\\\/\\\/schema.org\",\"@graph\":[{\"@type\":\"Article\",\"@id\":\"https:\\\/\\\/super-news.info\\\/it\\\/g7-di-cosa-parleranno-i-leader-riuniti-in-cornovaglia\\\/#article\",\"isPartOf\":{\"@id\":\"https:\\\/\\\/super-news.info\\\/it\\\/g7-di-cosa-parleranno-i-leader-riuniti-in-cornovaglia\\\/\"},\"author\":{\"name\":\"super-news\",\"@id\":\"https:\\\/\\\/super-news.info\\\/it\\\/#\\\/schema\\\/person\\\/2d4068cb2f39cd10008c2fce578a7356\"},\"headline\":\"G7, di cosa parleranno i leader riuniti in Cornovaglia\",\"datePublished\":\"2021-06-13T14:27:30+00:00\",\"dateModified\":\"2021-06-13T14:27:31+00:00\",\"mainEntityOfPage\":{\"@id\":\"https:\\\/\\\/super-news.info\\\/it\\\/g7-di-cosa-parleranno-i-leader-riuniti-in-cornovaglia\\\/\"},\"wordCount\":573,\"commentCount\":0,\"image\":{\"@id\":\"https:\\\/\\\/super-news.info\\\/it\\\/g7-di-cosa-parleranno-i-leader-riuniti-in-cornovaglia\\\/#primaryimage\"},\"thumbnailUrl\":\"https:\\\/\\\/super-news.info\\\/it\\\/wp-content\\\/uploads\\\/sites\\\/9\\\/2021\\\/06\\\/G7-di-cosa-parleranno-i-leader-riuniti-in-Cornovaglia.jpg\",\"articleSection\":[\"NOTIZIE FINANZIARIE\"],\"inLanguage\":\"it-IT\",\"potentialAction\":[{\"@type\":\"CommentAction\",\"name\":\"Comment\",\"target\":[\"https:\\\/\\\/super-news.info\\\/it\\\/g7-di-cosa-parleranno-i-leader-riuniti-in-cornovaglia\\\/#respond\"]}]},{\"@type\":\"WebPage\",\"@id\":\"https:\\\/\\\/super-news.info\\\/it\\\/g7-di-cosa-parleranno-i-leader-riuniti-in-cornovaglia\\\/\",\"url\":\"https:\\\/\\\/super-news.info\\\/it\\\/g7-di-cosa-parleranno-i-leader-riuniti-in-cornovaglia\\\/\",\"name\":\"G7, di cosa parleranno i leader riuniti in Cornovaglia - Super News\",\"isPartOf\":{\"@id\":\"https:\\\/\\\/super-news.info\\\/it\\\/#website\"},\"primaryImageOfPage\":{\"@id\":\"https:\\\/\\\/super-news.info\\\/it\\\/g7-di-cosa-parleranno-i-leader-riuniti-in-cornovaglia\\\/#primaryimage\"},\"image\":{\"@id\":\"https:\\\/\\\/super-news.info\\\/it\\\/g7-di-cosa-parleranno-i-leader-riuniti-in-cornovaglia\\\/#primaryimage\"},\"thumbnailUrl\":\"https:\\\/\\\/super-news.info\\\/it\\\/wp-content\\\/uploads\\\/sites\\\/9\\\/2021\\\/06\\\/G7-di-cosa-parleranno-i-leader-riuniti-in-Cornovaglia.jpg\",\"datePublished\":\"2021-06-13T14:27:30+00:00\",\"dateModified\":\"2021-06-13T14:27:31+00:00\",\"author\":{\"@id\":\"https:\\\/\\\/super-news.info\\\/it\\\/#\\\/schema\\\/person\\\/2d4068cb2f39cd10008c2fce578a7356\"},\"breadcrumb\":{\"@id\":\"https:\\\/\\\/super-news.info\\\/it\\\/g7-di-cosa-parleranno-i-leader-riuniti-in-cornovaglia\\\/#breadcrumb\"},\"inLanguage\":\"it-IT\",\"potentialAction\":[{\"@type\":\"ReadAction\",\"target\":[\"https:\\\/\\\/super-news.info\\\/it\\\/g7-di-cosa-parleranno-i-leader-riuniti-in-cornovaglia\\\/\"]}]},{\"@type\":\"ImageObject\",\"inLanguage\":\"it-IT\",\"@id\":\"https:\\\/\\\/super-news.info\\\/it\\\/g7-di-cosa-parleranno-i-leader-riuniti-in-cornovaglia\\\/#primaryimage\",\"url\":\"https:\\\/\\\/super-news.info\\\/it\\\/wp-content\\\/uploads\\\/sites\\\/9\\\/2021\\\/06\\\/G7-di-cosa-parleranno-i-leader-riuniti-in-Cornovaglia.jpg\",\"contentUrl\":\"https:\\\/\\\/super-news.info\\\/it\\\/wp-content\\\/uploads\\\/sites\\\/9\\\/2021\\\/06\\\/G7-di-cosa-parleranno-i-leader-riuniti-in-Cornovaglia.jpg\",\"width\":1024,\"height\":683,\"caption\":\"G7, di cosa parleranno i leader riuniti in Cornovaglia\"},{\"@type\":\"BreadcrumbList\",\"@id\":\"https:\\\/\\\/super-news.info\\\/it\\\/g7-di-cosa-parleranno-i-leader-riuniti-in-cornovaglia\\\/#breadcrumb\",\"itemListElement\":[{\"@type\":\"ListItem\",\"position\":1,\"name\":\"Home\",\"item\":\"https:\\\/\\\/super-news.info\\\/it\\\/\"},{\"@type\":\"ListItem\",\"position\":2,\"name\":\"G7, di cosa parleranno i leader riuniti in Cornovaglia\"}]},{\"@type\":\"WebSite\",\"@id\":\"https:\\\/\\\/super-news.info\\\/it\\\/#website\",\"url\":\"https:\\\/\\\/super-news.info\\\/it\\\/\",\"name\":\"Super News\",\"description\":\"Super News from Italy\",\"potentialAction\":[{\"@type\":\"SearchAction\",\"target\":{\"@type\":\"EntryPoint\",\"urlTemplate\":\"https:\\\/\\\/super-news.info\\\/it\\\/?s={search_term_string}\"},\"query-input\":{\"@type\":\"PropertyValueSpecification\",\"valueRequired\":true,\"valueName\":\"search_term_string\"}}],\"inLanguage\":\"it-IT\"},{\"@type\":\"Person\",\"@id\":\"https:\\\/\\\/super-news.info\\\/it\\\/#\\\/schema\\\/person\\\/2d4068cb2f39cd10008c2fce578a7356\",\"name\":\"super-news\",\"image\":{\"@type\":\"ImageObject\",\"inLanguage\":\"it-IT\",\"@id\":\"https:\\\/\\\/secure.gravatar.com\\\/avatar\\\/64ebac40b93f26a154f8a9b5b6fdccfc46f442b26b3dd6756dbff3bf9dc76fd7?s=96&d=mm&r=g\",\"url\":\"https:\\\/\\\/secure.gravatar.com\\\/avatar\\\/64ebac40b93f26a154f8a9b5b6fdccfc46f442b26b3dd6756dbff3bf9dc76fd7?s=96&d=mm&r=g\",\"contentUrl\":\"https:\\\/\\\/secure.gravatar.com\\\/avatar\\\/64ebac40b93f26a154f8a9b5b6fdccfc46f442b26b3dd6756dbff3bf9dc76fd7?s=96&d=mm&r=g\",\"caption\":\"super-news\"},\"url\":\"https:\\\/\\\/super-news.info\\\/it\\\/author\\\/pt\\\/\"}]}<\/script>\n<!-- \/ Yoast SEO plugin. -->","yoast_head_json":{"title":"G7, di cosa parleranno i leader riuniti in Cornovaglia - Super News","robots":{"index":"index","follow":"follow","max-snippet":"max-snippet:-1","max-image-preview":"max-image-preview:large","max-video-preview":"max-video-preview:-1"},"canonical":"https:\/\/super-news.info\/it\/g7-di-cosa-parleranno-i-leader-riuniti-in-cornovaglia\/","og_locale":"it_IT","og_type":"article","og_title":"G7, di cosa parleranno i leader riuniti in Cornovaglia - Super News","og_description":"Si apre oggi in Cornovaglia (Regno Unito), il primo G7 dell\u2019era Biden: tre giorni di incontri fra gli alleati del blocco occidentale (che include il Giappone), il cui peso \u00e8 sempre meno importante nel complesso dell\u2019economia mondiale (il Gruppo produce il 40% del Pil globale), ma che rimane centrale nel coordinamento delle democrazie liberali pi\u00f9 [&hellip;]","og_url":"https:\/\/super-news.info\/it\/g7-di-cosa-parleranno-i-leader-riuniti-in-cornovaglia\/","og_site_name":"Super News","article_published_time":"2021-06-13T14:27:30+00:00","article_modified_time":"2021-06-13T14:27:31+00:00","og_image":[{"width":1024,"height":683,"url":"https:\/\/super-news.info\/it\/wp-content\/uploads\/sites\/9\/2021\/06\/G7-di-cosa-parleranno-i-leader-riuniti-in-Cornovaglia.jpg","type":"image\/jpeg"}],"author":"super-news","twitter_card":"summary_large_image","twitter_misc":{"Scritto da":"super-news","Tempo di lettura stimato":"3 minuti"},"schema":{"@context":"https:\/\/schema.org","@graph":[{"@type":"Article","@id":"https:\/\/super-news.info\/it\/g7-di-cosa-parleranno-i-leader-riuniti-in-cornovaglia\/#article","isPartOf":{"@id":"https:\/\/super-news.info\/it\/g7-di-cosa-parleranno-i-leader-riuniti-in-cornovaglia\/"},"author":{"name":"super-news","@id":"https:\/\/super-news.info\/it\/#\/schema\/person\/2d4068cb2f39cd10008c2fce578a7356"},"headline":"G7, di cosa parleranno i leader riuniti in Cornovaglia","datePublished":"2021-06-13T14:27:30+00:00","dateModified":"2021-06-13T14:27:31+00:00","mainEntityOfPage":{"@id":"https:\/\/super-news.info\/it\/g7-di-cosa-parleranno-i-leader-riuniti-in-cornovaglia\/"},"wordCount":573,"commentCount":0,"image":{"@id":"https:\/\/super-news.info\/it\/g7-di-cosa-parleranno-i-leader-riuniti-in-cornovaglia\/#primaryimage"},"thumbnailUrl":"https:\/\/super-news.info\/it\/wp-content\/uploads\/sites\/9\/2021\/06\/G7-di-cosa-parleranno-i-leader-riuniti-in-Cornovaglia.jpg","articleSection":["NOTIZIE FINANZIARIE"],"inLanguage":"it-IT","potentialAction":[{"@type":"CommentAction","name":"Comment","target":["https:\/\/super-news.info\/it\/g7-di-cosa-parleranno-i-leader-riuniti-in-cornovaglia\/#respond"]}]},{"@type":"WebPage","@id":"https:\/\/super-news.info\/it\/g7-di-cosa-parleranno-i-leader-riuniti-in-cornovaglia\/","url":"https:\/\/super-news.info\/it\/g7-di-cosa-parleranno-i-leader-riuniti-in-cornovaglia\/","name":"G7, di cosa parleranno i leader riuniti in Cornovaglia - Super News","isPartOf":{"@id":"https:\/\/super-news.info\/it\/#website"},"primaryImageOfPage":{"@id":"https:\/\/super-news.info\/it\/g7-di-cosa-parleranno-i-leader-riuniti-in-cornovaglia\/#primaryimage"},"image":{"@id":"https:\/\/super-news.info\/it\/g7-di-cosa-parleranno-i-leader-riuniti-in-cornovaglia\/#primaryimage"},"thumbnailUrl":"https:\/\/super-news.info\/it\/wp-content\/uploads\/sites\/9\/2021\/06\/G7-di-cosa-parleranno-i-leader-riuniti-in-Cornovaglia.jpg","datePublished":"2021-06-13T14:27:30+00:00","dateModified":"2021-06-13T14:27:31+00:00","author":{"@id":"https:\/\/super-news.info\/it\/#\/schema\/person\/2d4068cb2f39cd10008c2fce578a7356"},"breadcrumb":{"@id":"https:\/\/super-news.info\/it\/g7-di-cosa-parleranno-i-leader-riuniti-in-cornovaglia\/#breadcrumb"},"inLanguage":"it-IT","potentialAction":[{"@type":"ReadAction","target":["https:\/\/super-news.info\/it\/g7-di-cosa-parleranno-i-leader-riuniti-in-cornovaglia\/"]}]},{"@type":"ImageObject","inLanguage":"it-IT","@id":"https:\/\/super-news.info\/it\/g7-di-cosa-parleranno-i-leader-riuniti-in-cornovaglia\/#primaryimage","url":"https:\/\/super-news.info\/it\/wp-content\/uploads\/sites\/9\/2021\/06\/G7-di-cosa-parleranno-i-leader-riuniti-in-Cornovaglia.jpg","contentUrl":"https:\/\/super-news.info\/it\/wp-content\/uploads\/sites\/9\/2021\/06\/G7-di-cosa-parleranno-i-leader-riuniti-in-Cornovaglia.jpg","width":1024,"height":683,"caption":"G7, di cosa parleranno i leader riuniti in Cornovaglia"},{"@type":"BreadcrumbList","@id":"https:\/\/super-news.info\/it\/g7-di-cosa-parleranno-i-leader-riuniti-in-cornovaglia\/#breadcrumb","itemListElement":[{"@type":"ListItem","position":1,"name":"Home","item":"https:\/\/super-news.info\/it\/"},{"@type":"ListItem","position":2,"name":"G7, di cosa parleranno i leader riuniti in Cornovaglia"}]},{"@type":"WebSite","@id":"https:\/\/super-news.info\/it\/#website","url":"https:\/\/super-news.info\/it\/","name":"Super News","description":"Super News from Italy","potentialAction":[{"@type":"SearchAction","target":{"@type":"EntryPoint","urlTemplate":"https:\/\/super-news.info\/it\/?s={search_term_string}"},"query-input":{"@type":"PropertyValueSpecification","valueRequired":true,"valueName":"search_term_string"}}],"inLanguage":"it-IT"},{"@type":"Person","@id":"https:\/\/super-news.info\/it\/#\/schema\/person\/2d4068cb2f39cd10008c2fce578a7356","name":"super-news","image":{"@type":"ImageObject","inLanguage":"it-IT","@id":"https:\/\/secure.gravatar.com\/avatar\/64ebac40b93f26a154f8a9b5b6fdccfc46f442b26b3dd6756dbff3bf9dc76fd7?s=96&d=mm&r=g","url":"https:\/\/secure.gravatar.com\/avatar\/64ebac40b93f26a154f8a9b5b6fdccfc46f442b26b3dd6756dbff3bf9dc76fd7?s=96&d=mm&r=g","contentUrl":"https:\/\/secure.gravatar.com\/avatar\/64ebac40b93f26a154f8a9b5b6fdccfc46f442b26b3dd6756dbff3bf9dc76fd7?s=96&d=mm&r=g","caption":"super-news"},"url":"https:\/\/super-news.info\/it\/author\/pt\/"}]}},"_links":{"self":[{"href":"https:\/\/super-news.info\/it\/wp-json\/wp\/v2\/posts\/3072","targetHints":{"allow":["GET"]}}],"collection":[{"href":"https:\/\/super-news.info\/it\/wp-json\/wp\/v2\/posts"}],"about":[{"href":"https:\/\/super-news.info\/it\/wp-json\/wp\/v2\/types\/post"}],"author":[{"embeddable":true,"href":"https:\/\/super-news.info\/it\/wp-json\/wp\/v2\/users\/2"}],"replies":[{"embeddable":true,"href":"https:\/\/super-news.info\/it\/wp-json\/wp\/v2\/comments?post=3072"}],"version-history":[{"count":1,"href":"https:\/\/super-news.info\/it\/wp-json\/wp\/v2\/posts\/3072\/revisions"}],"predecessor-version":[{"id":3074,"href":"https:\/\/super-news.info\/it\/wp-json\/wp\/v2\/posts\/3072\/revisions\/3074"}],"wp:featuredmedia":[{"embeddable":true,"href":"https:\/\/super-news.info\/it\/wp-json\/wp\/v2\/media\/3073"}],"wp:attachment":[{"href":"https:\/\/super-news.info\/it\/wp-json\/wp\/v2\/media?parent=3072"}],"wp:term":[{"taxonomy":"category","embeddable":true,"href":"https:\/\/super-news.info\/it\/wp-json\/wp\/v2\/categories?post=3072"},{"taxonomy":"post_tag","embeddable":true,"href":"https:\/\/super-news.info\/it\/wp-json\/wp\/v2\/tags?post=3072"}],"curies":[{"name":"wp","href":"https:\/\/api.w.org\/{rel}","templated":true}]}}