{"id":3012,"date":"2021-06-03T13:50:23","date_gmt":"2021-06-03T13:50:23","guid":{"rendered":"https:\/\/super-news.info\/it\/riforma-pensioni-rinviata-allautunno-le-possibile-misure-in-arrivo\/"},"modified":"2021-06-03T13:50:24","modified_gmt":"2021-06-03T13:50:24","slug":"riforma-pensioni-rinviata-allautunno-le-possibile-misure-in-arrivo","status":"publish","type":"post","link":"https:\/\/super-news.info\/it\/riforma-pensioni-rinviata-allautunno-le-possibile-misure-in-arrivo\/","title":{"rendered":"Riforma pensioni rinviata all&#8217;autunno: le possibile misure in arrivo"},"content":{"rendered":"<p>Riforma pensioni rinviata all\u2019autunno: le possibile misure in arrivo<br \/>\nIn scadenza Quota 100, l\u2019anticipo pensionistico voluto dal precedente governo, per ora di riforma previdenziale nel Pnrr, il Piano Nazionale di Resilienza e Resistenza non v\u2019\u00e8 traccia. Tante le proposte avanzate finora da pi\u00f9 parti, dai sindacati e anche dal presidente dell\u2019Inps Pasquale Tridico.<br \/>\nCerto la riforma pensioni del governo Draghi arriver\u00e0 sicuramente dopo l\u2019estate, in autunno con la nuova legge di Bilancio 2022, ma qualsiasi riforma si far\u00e0, occorre \u00a0regalare finalmente agli italiani regole stabili per il prossimo decennio, garantendo flessibilit\u00e0 in uscita e maggiore equit\u00e0 di trattamento per i contributivi puri.Cos\u00ec il presidente di Itinerari Previdenziali Alberto Brambilla che lancia le sue \u201cidee\u201d di riforma nel sistema pensionistico italiano.<br \/>\nRiforma pensioni: le possibili misure<br \/>\nIn primis, dice Brambilla, per garantire un\u2019ordinata uscita da Quota 100, oltre alla \u201cpensione di vecchiaia\u201d con 67 anni di et\u00e0,e almeno 20 di contribuzione (una sorta di quota 87 o pi\u00f9) si potrebbe innanzitutto,\u00a0rendere stabile la cosiddetta pensione di \u201cvecchiaia anticipata\u201d\u00a0con 42 anni e 10 mesi per gli uomini (1 anno in meno per le donne) che scadr\u00e0 nel 2026.<br \/>\nLa pensione di vecchiaia anticipata per\u00f2\u00a0deve prevedere \u00a0agevolazioni per alcune categorie come le donne madri (ad esempio 8 mesi ogni figlio fino a massimo 24 mesi), i\u00a0caregiver\u00a0(un anno) e i precoci maggiorando del 25% gli anni lavorati tra i 17 e i 19 anni di et\u00e0.<br \/>\nOltre alla pensione di vecchiaia anticipata, sottolinea sempre Brambilla, si potrebbe rafforzare l\u2019APE sociale, un\u2019altra misura di pensione anticipata estendendola ai lavori gravosi.<br \/>\nIn tal caso Brambilla sottolinea l\u2019importanza di usare tre strumenti che hanno il pregio di non gravare sul bilancio dello Stato\u00a0e che possono aiutare l\u2019intero comparto produttivo nella ristrutturazione post pandemica e nella riqualificazione del personale:<br \/>\n1)\u00a0l\u2019isopensione,\u00a0che consente gi\u00e0 oggi ai lavoratori delle aziende con pi\u00f9 di 15 dipendenti un anticipo fino a un massimo di 4 anni (7 anni fino al 2023), con costi e contributi figurativi interamente a carico delle imprese;<br \/>\n2)\u00a0i\u00a0contratti di espansione\u00a0che prevedono una forma di ricambio generazionale, con l\u2019assunzione di un giovane ogni\u00a0tot\u00a0prepensionati per i dipendenti delle imprese con pi\u00f9 di 250 addetti (ma il Decreto Sostegni bis potrebbe abbassare la soglia a 100, anche qui oneri totalmente a carico delle imprese);<br \/>\n3) i fondi esubero o di solidariet\u00e0,\u00a0oggi attivi per le banche e le assicurazioni (ne \u00e8 stato creato uno anche per l\u2019industria farmaceutica) e immediatamente attivabili per industria, commercio, servizi, artigianato e agricoltura.<br \/>\nInfine, conclude Brambilla, si pu\u00f2 prevedere anche qualche ulteriore forma di flessibilit\u00e0, tipo \u201cQuota 102\u201c (64 anni di et\u00e0 con 38 di contributi, di cui almeno 36 effettivi).<br \/>\nIndipendentemente dalla scadenza di Quota 100,\u00a0ci sono gi\u00e0 oggi molte possibilit\u00e0 di uscita anticipata:\u00a0un maggior utilizzo dei fondi bilaterali, attualmente alimentati da una contribuzione intorno allo 0,32% della retribuzione lorda (un terzo a carico dei lavoratori), pi\u00f9 altre contribuzioni gi\u00e0 fissate dai contratti collettivi,\u00a0risolverebbe le necessit\u00e0 delle imprese di ristrutturazione dei processi produttivi e garantirebbe,\u00a0dopo la fine del blocco dei licenziamenti,\u00a0un \u201cparacadute\u201d per i lavoratori non pi\u00f9 reimpiegabili\u00a0assorbendo le causali ex APE sociale e garantendo a 67 anni una pensione decorosa senza costi per la collettivit\u00e0. Anzi, magari restituendo il beneficio ricevuto con almeno 2 giorni di lavori socialmente utili.<br \/>\n<br \/>\n<!--noindex--><br \/>\n<a href=\"https:\/\/www.wallstreetitalia.com\/riforma-pensioni-rinviata-allautunno-le-possibile-misure-in-arrivo\/\" rel=\"nofollow\">Source link <\/a><br \/>\n<!--\/noindex--><\/p>\n","protected":false},"excerpt":{"rendered":"<p>Riforma pensioni rinviata all\u2019autunno: le possibile misure in arrivo In scadenza Quota 100, l\u2019anticipo pensionistico voluto dal precedente governo, per ora di riforma previdenziale nel Pnrr, il Piano Nazionale di Resilienza e Resistenza non v\u2019\u00e8 traccia. Tante le proposte avanzate finora da pi\u00f9 parti, dai sindacati e anche dal presidente dell\u2019Inps Pasquale Tridico. Certo la [&hellip;]<\/p>\n","protected":false},"author":2,"featured_media":3013,"comment_status":"open","ping_status":"open","sticky":false,"template":"","format":"standard","meta":{"footnotes":""},"categories":[1],"tags":[],"class_list":["post-3012","post","type-post","status-publish","format-standard","has-post-thumbnail","hentry","category-notizie-finanziarie"],"yoast_head":"<!-- This site is optimized with the Yoast SEO plugin v27.4 - https:\/\/yoast.com\/product\/yoast-seo-wordpress\/ -->\n<title>Riforma pensioni rinviata all&#039;autunno: le possibile misure in arrivo - Super News<\/title>\n<meta name=\"robots\" content=\"index, follow, max-snippet:-1, max-image-preview:large, max-video-preview:-1\" \/>\n<link rel=\"canonical\" href=\"https:\/\/super-news.info\/it\/riforma-pensioni-rinviata-allautunno-le-possibile-misure-in-arrivo\/\" \/>\n<meta property=\"og:locale\" content=\"it_IT\" \/>\n<meta property=\"og:type\" content=\"article\" \/>\n<meta property=\"og:title\" content=\"Riforma pensioni rinviata all&#039;autunno: le possibile misure in arrivo - Super News\" \/>\n<meta property=\"og:description\" content=\"Riforma pensioni rinviata all\u2019autunno: le possibile misure in arrivo In scadenza Quota 100, l\u2019anticipo pensionistico voluto dal precedente governo, per ora di riforma previdenziale nel Pnrr, il Piano Nazionale di Resilienza e Resistenza non v\u2019\u00e8 traccia. Tante le proposte avanzate finora da pi\u00f9 parti, dai sindacati e anche dal presidente dell\u2019Inps Pasquale Tridico. Certo la [&hellip;]\" \/>\n<meta property=\"og:url\" content=\"https:\/\/super-news.info\/it\/riforma-pensioni-rinviata-allautunno-le-possibile-misure-in-arrivo\/\" \/>\n<meta property=\"og:site_name\" content=\"Super News\" \/>\n<meta property=\"article:published_time\" content=\"2021-06-03T13:50:23+00:00\" \/>\n<meta property=\"article:modified_time\" content=\"2021-06-03T13:50:24+00:00\" \/>\n<meta property=\"og:image\" content=\"https:\/\/super-news.info\/it\/wp-content\/uploads\/sites\/9\/2021\/06\/Riforma-pensioni-rinviata-allautunno-le-possibile-misure-in-arrivo.png\" \/>\n\t<meta property=\"og:image:width\" content=\"622\" \/>\n\t<meta property=\"og:image:height\" content=\"429\" \/>\n\t<meta property=\"og:image:type\" content=\"image\/png\" \/>\n<meta name=\"author\" content=\"super-news\" \/>\n<meta name=\"twitter:card\" content=\"summary_large_image\" \/>\n<meta name=\"twitter:label1\" content=\"Scritto da\" \/>\n\t<meta name=\"twitter:data1\" content=\"super-news\" \/>\n\t<meta name=\"twitter:label2\" content=\"Tempo di lettura stimato\" \/>\n\t<meta name=\"twitter:data2\" content=\"3 minuti\" \/>\n<script type=\"application\/ld+json\" class=\"yoast-schema-graph\">{\"@context\":\"https:\\\/\\\/schema.org\",\"@graph\":[{\"@type\":\"Article\",\"@id\":\"https:\\\/\\\/super-news.info\\\/it\\\/riforma-pensioni-rinviata-allautunno-le-possibile-misure-in-arrivo\\\/#article\",\"isPartOf\":{\"@id\":\"https:\\\/\\\/super-news.info\\\/it\\\/riforma-pensioni-rinviata-allautunno-le-possibile-misure-in-arrivo\\\/\"},\"author\":{\"name\":\"super-news\",\"@id\":\"https:\\\/\\\/super-news.info\\\/it\\\/#\\\/schema\\\/person\\\/2d4068cb2f39cd10008c2fce578a7356\"},\"headline\":\"Riforma pensioni rinviata all&#8217;autunno: le possibile misure in arrivo\",\"datePublished\":\"2021-06-03T13:50:23+00:00\",\"dateModified\":\"2021-06-03T13:50:24+00:00\",\"mainEntityOfPage\":{\"@id\":\"https:\\\/\\\/super-news.info\\\/it\\\/riforma-pensioni-rinviata-allautunno-le-possibile-misure-in-arrivo\\\/\"},\"wordCount\":546,\"commentCount\":0,\"image\":{\"@id\":\"https:\\\/\\\/super-news.info\\\/it\\\/riforma-pensioni-rinviata-allautunno-le-possibile-misure-in-arrivo\\\/#primaryimage\"},\"thumbnailUrl\":\"https:\\\/\\\/super-news.info\\\/it\\\/wp-content\\\/uploads\\\/sites\\\/9\\\/2021\\\/06\\\/Riforma-pensioni-rinviata-allautunno-le-possibile-misure-in-arrivo.png\",\"articleSection\":[\"NOTIZIE FINANZIARIE\"],\"inLanguage\":\"it-IT\",\"potentialAction\":[{\"@type\":\"CommentAction\",\"name\":\"Comment\",\"target\":[\"https:\\\/\\\/super-news.info\\\/it\\\/riforma-pensioni-rinviata-allautunno-le-possibile-misure-in-arrivo\\\/#respond\"]}]},{\"@type\":\"WebPage\",\"@id\":\"https:\\\/\\\/super-news.info\\\/it\\\/riforma-pensioni-rinviata-allautunno-le-possibile-misure-in-arrivo\\\/\",\"url\":\"https:\\\/\\\/super-news.info\\\/it\\\/riforma-pensioni-rinviata-allautunno-le-possibile-misure-in-arrivo\\\/\",\"name\":\"Riforma pensioni rinviata all'autunno: le possibile misure in arrivo - Super News\",\"isPartOf\":{\"@id\":\"https:\\\/\\\/super-news.info\\\/it\\\/#website\"},\"primaryImageOfPage\":{\"@id\":\"https:\\\/\\\/super-news.info\\\/it\\\/riforma-pensioni-rinviata-allautunno-le-possibile-misure-in-arrivo\\\/#primaryimage\"},\"image\":{\"@id\":\"https:\\\/\\\/super-news.info\\\/it\\\/riforma-pensioni-rinviata-allautunno-le-possibile-misure-in-arrivo\\\/#primaryimage\"},\"thumbnailUrl\":\"https:\\\/\\\/super-news.info\\\/it\\\/wp-content\\\/uploads\\\/sites\\\/9\\\/2021\\\/06\\\/Riforma-pensioni-rinviata-allautunno-le-possibile-misure-in-arrivo.png\",\"datePublished\":\"2021-06-03T13:50:23+00:00\",\"dateModified\":\"2021-06-03T13:50:24+00:00\",\"author\":{\"@id\":\"https:\\\/\\\/super-news.info\\\/it\\\/#\\\/schema\\\/person\\\/2d4068cb2f39cd10008c2fce578a7356\"},\"breadcrumb\":{\"@id\":\"https:\\\/\\\/super-news.info\\\/it\\\/riforma-pensioni-rinviata-allautunno-le-possibile-misure-in-arrivo\\\/#breadcrumb\"},\"inLanguage\":\"it-IT\",\"potentialAction\":[{\"@type\":\"ReadAction\",\"target\":[\"https:\\\/\\\/super-news.info\\\/it\\\/riforma-pensioni-rinviata-allautunno-le-possibile-misure-in-arrivo\\\/\"]}]},{\"@type\":\"ImageObject\",\"inLanguage\":\"it-IT\",\"@id\":\"https:\\\/\\\/super-news.info\\\/it\\\/riforma-pensioni-rinviata-allautunno-le-possibile-misure-in-arrivo\\\/#primaryimage\",\"url\":\"https:\\\/\\\/super-news.info\\\/it\\\/wp-content\\\/uploads\\\/sites\\\/9\\\/2021\\\/06\\\/Riforma-pensioni-rinviata-allautunno-le-possibile-misure-in-arrivo.png\",\"contentUrl\":\"https:\\\/\\\/super-news.info\\\/it\\\/wp-content\\\/uploads\\\/sites\\\/9\\\/2021\\\/06\\\/Riforma-pensioni-rinviata-allautunno-le-possibile-misure-in-arrivo.png\",\"width\":622,\"height\":429,\"caption\":\"Riforma pensioni rinviata all\"},{\"@type\":\"BreadcrumbList\",\"@id\":\"https:\\\/\\\/super-news.info\\\/it\\\/riforma-pensioni-rinviata-allautunno-le-possibile-misure-in-arrivo\\\/#breadcrumb\",\"itemListElement\":[{\"@type\":\"ListItem\",\"position\":1,\"name\":\"Home\",\"item\":\"https:\\\/\\\/super-news.info\\\/it\\\/\"},{\"@type\":\"ListItem\",\"position\":2,\"name\":\"Riforma pensioni rinviata all&#8217;autunno: le possibile misure in arrivo\"}]},{\"@type\":\"WebSite\",\"@id\":\"https:\\\/\\\/super-news.info\\\/it\\\/#website\",\"url\":\"https:\\\/\\\/super-news.info\\\/it\\\/\",\"name\":\"Super News\",\"description\":\"Super News from Italy\",\"potentialAction\":[{\"@type\":\"SearchAction\",\"target\":{\"@type\":\"EntryPoint\",\"urlTemplate\":\"https:\\\/\\\/super-news.info\\\/it\\\/?s={search_term_string}\"},\"query-input\":{\"@type\":\"PropertyValueSpecification\",\"valueRequired\":true,\"valueName\":\"search_term_string\"}}],\"inLanguage\":\"it-IT\"},{\"@type\":\"Person\",\"@id\":\"https:\\\/\\\/super-news.info\\\/it\\\/#\\\/schema\\\/person\\\/2d4068cb2f39cd10008c2fce578a7356\",\"name\":\"super-news\",\"image\":{\"@type\":\"ImageObject\",\"inLanguage\":\"it-IT\",\"@id\":\"https:\\\/\\\/secure.gravatar.com\\\/avatar\\\/64ebac40b93f26a154f8a9b5b6fdccfc46f442b26b3dd6756dbff3bf9dc76fd7?s=96&d=mm&r=g\",\"url\":\"https:\\\/\\\/secure.gravatar.com\\\/avatar\\\/64ebac40b93f26a154f8a9b5b6fdccfc46f442b26b3dd6756dbff3bf9dc76fd7?s=96&d=mm&r=g\",\"contentUrl\":\"https:\\\/\\\/secure.gravatar.com\\\/avatar\\\/64ebac40b93f26a154f8a9b5b6fdccfc46f442b26b3dd6756dbff3bf9dc76fd7?s=96&d=mm&r=g\",\"caption\":\"super-news\"},\"url\":\"https:\\\/\\\/super-news.info\\\/it\\\/author\\\/pt\\\/\"}]}<\/script>\n<!-- \/ Yoast SEO plugin. -->","yoast_head_json":{"title":"Riforma pensioni rinviata all'autunno: le possibile misure in arrivo - Super News","robots":{"index":"index","follow":"follow","max-snippet":"max-snippet:-1","max-image-preview":"max-image-preview:large","max-video-preview":"max-video-preview:-1"},"canonical":"https:\/\/super-news.info\/it\/riforma-pensioni-rinviata-allautunno-le-possibile-misure-in-arrivo\/","og_locale":"it_IT","og_type":"article","og_title":"Riforma pensioni rinviata all'autunno: le possibile misure in arrivo - Super News","og_description":"Riforma pensioni rinviata all\u2019autunno: le possibile misure in arrivo In scadenza Quota 100, l\u2019anticipo pensionistico voluto dal precedente governo, per ora di riforma previdenziale nel Pnrr, il Piano Nazionale di Resilienza e Resistenza non v\u2019\u00e8 traccia. Tante le proposte avanzate finora da pi\u00f9 parti, dai sindacati e anche dal presidente dell\u2019Inps Pasquale Tridico. Certo la [&hellip;]","og_url":"https:\/\/super-news.info\/it\/riforma-pensioni-rinviata-allautunno-le-possibile-misure-in-arrivo\/","og_site_name":"Super News","article_published_time":"2021-06-03T13:50:23+00:00","article_modified_time":"2021-06-03T13:50:24+00:00","og_image":[{"width":622,"height":429,"url":"https:\/\/super-news.info\/it\/wp-content\/uploads\/sites\/9\/2021\/06\/Riforma-pensioni-rinviata-allautunno-le-possibile-misure-in-arrivo.png","type":"image\/png"}],"author":"super-news","twitter_card":"summary_large_image","twitter_misc":{"Scritto da":"super-news","Tempo di lettura stimato":"3 minuti"},"schema":{"@context":"https:\/\/schema.org","@graph":[{"@type":"Article","@id":"https:\/\/super-news.info\/it\/riforma-pensioni-rinviata-allautunno-le-possibile-misure-in-arrivo\/#article","isPartOf":{"@id":"https:\/\/super-news.info\/it\/riforma-pensioni-rinviata-allautunno-le-possibile-misure-in-arrivo\/"},"author":{"name":"super-news","@id":"https:\/\/super-news.info\/it\/#\/schema\/person\/2d4068cb2f39cd10008c2fce578a7356"},"headline":"Riforma pensioni rinviata all&#8217;autunno: le possibile misure in arrivo","datePublished":"2021-06-03T13:50:23+00:00","dateModified":"2021-06-03T13:50:24+00:00","mainEntityOfPage":{"@id":"https:\/\/super-news.info\/it\/riforma-pensioni-rinviata-allautunno-le-possibile-misure-in-arrivo\/"},"wordCount":546,"commentCount":0,"image":{"@id":"https:\/\/super-news.info\/it\/riforma-pensioni-rinviata-allautunno-le-possibile-misure-in-arrivo\/#primaryimage"},"thumbnailUrl":"https:\/\/super-news.info\/it\/wp-content\/uploads\/sites\/9\/2021\/06\/Riforma-pensioni-rinviata-allautunno-le-possibile-misure-in-arrivo.png","articleSection":["NOTIZIE FINANZIARIE"],"inLanguage":"it-IT","potentialAction":[{"@type":"CommentAction","name":"Comment","target":["https:\/\/super-news.info\/it\/riforma-pensioni-rinviata-allautunno-le-possibile-misure-in-arrivo\/#respond"]}]},{"@type":"WebPage","@id":"https:\/\/super-news.info\/it\/riforma-pensioni-rinviata-allautunno-le-possibile-misure-in-arrivo\/","url":"https:\/\/super-news.info\/it\/riforma-pensioni-rinviata-allautunno-le-possibile-misure-in-arrivo\/","name":"Riforma pensioni rinviata all'autunno: le possibile misure in arrivo - Super News","isPartOf":{"@id":"https:\/\/super-news.info\/it\/#website"},"primaryImageOfPage":{"@id":"https:\/\/super-news.info\/it\/riforma-pensioni-rinviata-allautunno-le-possibile-misure-in-arrivo\/#primaryimage"},"image":{"@id":"https:\/\/super-news.info\/it\/riforma-pensioni-rinviata-allautunno-le-possibile-misure-in-arrivo\/#primaryimage"},"thumbnailUrl":"https:\/\/super-news.info\/it\/wp-content\/uploads\/sites\/9\/2021\/06\/Riforma-pensioni-rinviata-allautunno-le-possibile-misure-in-arrivo.png","datePublished":"2021-06-03T13:50:23+00:00","dateModified":"2021-06-03T13:50:24+00:00","author":{"@id":"https:\/\/super-news.info\/it\/#\/schema\/person\/2d4068cb2f39cd10008c2fce578a7356"},"breadcrumb":{"@id":"https:\/\/super-news.info\/it\/riforma-pensioni-rinviata-allautunno-le-possibile-misure-in-arrivo\/#breadcrumb"},"inLanguage":"it-IT","potentialAction":[{"@type":"ReadAction","target":["https:\/\/super-news.info\/it\/riforma-pensioni-rinviata-allautunno-le-possibile-misure-in-arrivo\/"]}]},{"@type":"ImageObject","inLanguage":"it-IT","@id":"https:\/\/super-news.info\/it\/riforma-pensioni-rinviata-allautunno-le-possibile-misure-in-arrivo\/#primaryimage","url":"https:\/\/super-news.info\/it\/wp-content\/uploads\/sites\/9\/2021\/06\/Riforma-pensioni-rinviata-allautunno-le-possibile-misure-in-arrivo.png","contentUrl":"https:\/\/super-news.info\/it\/wp-content\/uploads\/sites\/9\/2021\/06\/Riforma-pensioni-rinviata-allautunno-le-possibile-misure-in-arrivo.png","width":622,"height":429,"caption":"Riforma pensioni rinviata all"},{"@type":"BreadcrumbList","@id":"https:\/\/super-news.info\/it\/riforma-pensioni-rinviata-allautunno-le-possibile-misure-in-arrivo\/#breadcrumb","itemListElement":[{"@type":"ListItem","position":1,"name":"Home","item":"https:\/\/super-news.info\/it\/"},{"@type":"ListItem","position":2,"name":"Riforma pensioni rinviata all&#8217;autunno: le possibile misure in arrivo"}]},{"@type":"WebSite","@id":"https:\/\/super-news.info\/it\/#website","url":"https:\/\/super-news.info\/it\/","name":"Super News","description":"Super News from Italy","potentialAction":[{"@type":"SearchAction","target":{"@type":"EntryPoint","urlTemplate":"https:\/\/super-news.info\/it\/?s={search_term_string}"},"query-input":{"@type":"PropertyValueSpecification","valueRequired":true,"valueName":"search_term_string"}}],"inLanguage":"it-IT"},{"@type":"Person","@id":"https:\/\/super-news.info\/it\/#\/schema\/person\/2d4068cb2f39cd10008c2fce578a7356","name":"super-news","image":{"@type":"ImageObject","inLanguage":"it-IT","@id":"https:\/\/secure.gravatar.com\/avatar\/64ebac40b93f26a154f8a9b5b6fdccfc46f442b26b3dd6756dbff3bf9dc76fd7?s=96&d=mm&r=g","url":"https:\/\/secure.gravatar.com\/avatar\/64ebac40b93f26a154f8a9b5b6fdccfc46f442b26b3dd6756dbff3bf9dc76fd7?s=96&d=mm&r=g","contentUrl":"https:\/\/secure.gravatar.com\/avatar\/64ebac40b93f26a154f8a9b5b6fdccfc46f442b26b3dd6756dbff3bf9dc76fd7?s=96&d=mm&r=g","caption":"super-news"},"url":"https:\/\/super-news.info\/it\/author\/pt\/"}]}},"_links":{"self":[{"href":"https:\/\/super-news.info\/it\/wp-json\/wp\/v2\/posts\/3012","targetHints":{"allow":["GET"]}}],"collection":[{"href":"https:\/\/super-news.info\/it\/wp-json\/wp\/v2\/posts"}],"about":[{"href":"https:\/\/super-news.info\/it\/wp-json\/wp\/v2\/types\/post"}],"author":[{"embeddable":true,"href":"https:\/\/super-news.info\/it\/wp-json\/wp\/v2\/users\/2"}],"replies":[{"embeddable":true,"href":"https:\/\/super-news.info\/it\/wp-json\/wp\/v2\/comments?post=3012"}],"version-history":[{"count":1,"href":"https:\/\/super-news.info\/it\/wp-json\/wp\/v2\/posts\/3012\/revisions"}],"predecessor-version":[{"id":3014,"href":"https:\/\/super-news.info\/it\/wp-json\/wp\/v2\/posts\/3012\/revisions\/3014"}],"wp:featuredmedia":[{"embeddable":true,"href":"https:\/\/super-news.info\/it\/wp-json\/wp\/v2\/media\/3013"}],"wp:attachment":[{"href":"https:\/\/super-news.info\/it\/wp-json\/wp\/v2\/media?parent=3012"}],"wp:term":[{"taxonomy":"category","embeddable":true,"href":"https:\/\/super-news.info\/it\/wp-json\/wp\/v2\/categories?post=3012"},{"taxonomy":"post_tag","embeddable":true,"href":"https:\/\/super-news.info\/it\/wp-json\/wp\/v2\/tags?post=3012"}],"curies":[{"name":"wp","href":"https:\/\/api.w.org\/{rel}","templated":true}]}}