{"id":1026,"date":"2019-09-13T19:40:51","date_gmt":"2019-09-13T19:40:51","guid":{"rendered":"https:\/\/super-news.info\/it\/goldman-sachs-boccia-apple-atteso-un-calo-del-26-per-il-titolo\/"},"modified":"2019-09-13T19:40:52","modified_gmt":"2019-09-13T19:40:52","slug":"goldman-sachs-boccia-apple-atteso-un-calo-del-26-per-il-titolo","status":"publish","type":"post","link":"https:\/\/super-news.info\/it\/goldman-sachs-boccia-apple-atteso-un-calo-del-26-per-il-titolo\/","title":{"rendered":"Goldman Sachs &#8220;boccia&#8221; Apple: atteso un calo del 26% per il titolo"},"content":{"rendered":"<p>\t\t\t\t\t\t\t13 Settembre 2019, di Alberto Battaglia<\/p>\n<p>\t\t\t\t\t\tDalle parti di Goldman Sachs non c\u2019\u00e8 molto entusiasmo sulle prospettive del titolo Apple: a pochi giorni dalla presentazione del nuovo iPhone 11, il dispositivo che ancora oggi fondamentale per l\u2019azienda, la banca d\u2019affari ha tagliato il prezzo obiettivo. Secondo l\u2019analista di Goldman Sachs Rod Hall, il titolo della Mela potrebbe cedere il 26% del valore. Il nuovo target price fissato da Gs \u00e8 di 165 dollari per azione mentre la raccomandazione \u00e8 Neutral. Il titolo Apple ha reagito male nel trading di venerd\u00ec, dopo la pubblicazione della nota, con un calo dell\u20191,50% a 219,74 dollari.<br \/>\nSecondo Hall, la Mela subir\u00e0 \u201cun impatto negativo\u201d dal metodo con cui Apple garantir\u00e0 un anno di prova gratuito del suo servizio di streaming Apple TV+ per coloro che acquisteranno un nuovo dispositivo della casa:<br \/>\n\u201cRiteniamo che Apple abbia intenzione di contabilizzare il suo periodo di prova di 1 anno per TV + come uno sconto di 60 dollari applicato a un pacchetto di hardware e servizi\u201d, ha scritto Hall, nella sua una nota (il costo mensile di Apple TV+ \u00e8 di 4,99 dollari, circa 60 dollari all\u2019anno per l\u2019appunto). In altre parole, lo sconto sarebbe applicato al prezzo combinato di, poniamo, un iPhone pi\u00f9 il servizio TV+; e contabilizzato come tale. La conseguenza, dunque, sarebbe quella ridurre nell\u2019immediato i ricavi relativi alle vendite di dispositivi (hardware) nel primo trimestre fiscale del 2020, ha scritto l\u2019analista. E, ha aggiunto, quando questo diverr\u00e0 chiaro agli investitori, non la prenderanno bene.<br \/>\nIl nuovo prezzo target fissato da Goldman Sachs su Apple \u00e8 il quinto pi\u00f9 basso fra quelli pubblicati dagli analisti che trattano il titolo di Cupertino, rivelano i dati Tipranks.com.<\/p>\n<p>      Ricevi aggiornamenti su Apple Lasciaci la tua e-mail:<\/p>\n<p>\n<!--noindex--><br \/>\n<a href=\"https:\/\/www.wallstreetitalia.com\/goldman-sachs-boccia-apple-atteso-un-calo-del-26-per-il-titolo\/\" rel=\"nofollow\">Source link <\/a><br \/>\n<!--\/noindex--><\/p>\n","protected":false},"excerpt":{"rendered":"<p>13 Settembre 2019, di Alberto Battaglia Dalle parti di Goldman Sachs non c\u2019\u00e8 molto entusiasmo sulle prospettive del titolo Apple: a pochi giorni dalla presentazione del nuovo iPhone 11, il dispositivo che ancora oggi fondamentale per l\u2019azienda, la banca d\u2019affari ha tagliato il prezzo obiettivo. Secondo l\u2019analista di Goldman Sachs Rod Hall, il titolo della [&hellip;]<\/p>\n","protected":false},"author":2,"featured_media":1027,"comment_status":"open","ping_status":"open","sticky":false,"template":"","format":"standard","meta":{"footnotes":""},"categories":[1],"tags":[],"class_list":["post-1026","post","type-post","status-publish","format-standard","has-post-thumbnail","hentry","category-notizie-finanziarie"],"yoast_head":"<!-- This site is optimized with the Yoast SEO plugin v27.4 - https:\/\/yoast.com\/product\/yoast-seo-wordpress\/ -->\n<title>Goldman Sachs &quot;boccia&quot; Apple: atteso un calo del 26% per il titolo - Super News<\/title>\n<meta name=\"robots\" content=\"index, follow, max-snippet:-1, max-image-preview:large, max-video-preview:-1\" \/>\n<link rel=\"canonical\" href=\"https:\/\/super-news.info\/it\/goldman-sachs-boccia-apple-atteso-un-calo-del-26-per-il-titolo\/\" \/>\n<meta property=\"og:locale\" content=\"it_IT\" \/>\n<meta property=\"og:type\" content=\"article\" \/>\n<meta property=\"og:title\" content=\"Goldman Sachs &quot;boccia&quot; Apple: atteso un calo del 26% per il titolo - Super News\" \/>\n<meta property=\"og:description\" content=\"13 Settembre 2019, di Alberto Battaglia Dalle parti di Goldman Sachs non c\u2019\u00e8 molto entusiasmo sulle prospettive del titolo Apple: a pochi giorni dalla presentazione del nuovo iPhone 11, il dispositivo che ancora oggi fondamentale per l\u2019azienda, la banca d\u2019affari ha tagliato il prezzo obiettivo. Secondo l\u2019analista di Goldman Sachs Rod Hall, il titolo della [&hellip;]\" \/>\n<meta property=\"og:url\" content=\"https:\/\/super-news.info\/it\/goldman-sachs-boccia-apple-atteso-un-calo-del-26-per-il-titolo\/\" \/>\n<meta property=\"og:site_name\" content=\"Super News\" \/>\n<meta property=\"article:published_time\" content=\"2019-09-13T19:40:51+00:00\" \/>\n<meta property=\"article:modified_time\" content=\"2019-09-13T19:40:52+00:00\" \/>\n<meta property=\"og:image\" content=\"https:\/\/super-news.info\/it\/wp-content\/uploads\/sites\/9\/2019\/09\/Goldman-Sachs-boccia-Apple-atteso-un-calo-del-26-per.jpg\" \/>\n\t<meta property=\"og:image:width\" content=\"640\" \/>\n\t<meta property=\"og:image:height\" content=\"450\" \/>\n\t<meta property=\"og:image:type\" content=\"image\/jpeg\" \/>\n<meta name=\"author\" content=\"super-news\" \/>\n<meta name=\"twitter:card\" content=\"summary_large_image\" \/>\n<meta name=\"twitter:label1\" content=\"Scritto da\" \/>\n\t<meta name=\"twitter:data1\" content=\"super-news\" \/>\n\t<meta name=\"twitter:label2\" content=\"Tempo di lettura stimato\" \/>\n\t<meta name=\"twitter:data2\" content=\"1 minuto\" \/>\n<script type=\"application\/ld+json\" class=\"yoast-schema-graph\">{\"@context\":\"https:\\\/\\\/schema.org\",\"@graph\":[{\"@type\":\"Article\",\"@id\":\"https:\\\/\\\/super-news.info\\\/it\\\/goldman-sachs-boccia-apple-atteso-un-calo-del-26-per-il-titolo\\\/#article\",\"isPartOf\":{\"@id\":\"https:\\\/\\\/super-news.info\\\/it\\\/goldman-sachs-boccia-apple-atteso-un-calo-del-26-per-il-titolo\\\/\"},\"author\":{\"name\":\"super-news\",\"@id\":\"https:\\\/\\\/super-news.info\\\/it\\\/#\\\/schema\\\/person\\\/2d4068cb2f39cd10008c2fce578a7356\"},\"headline\":\"Goldman Sachs &#8220;boccia&#8221; Apple: atteso un calo del 26% per il titolo\",\"datePublished\":\"2019-09-13T19:40:51+00:00\",\"dateModified\":\"2019-09-13T19:40:52+00:00\",\"mainEntityOfPage\":{\"@id\":\"https:\\\/\\\/super-news.info\\\/it\\\/goldman-sachs-boccia-apple-atteso-un-calo-del-26-per-il-titolo\\\/\"},\"wordCount\":294,\"commentCount\":0,\"image\":{\"@id\":\"https:\\\/\\\/super-news.info\\\/it\\\/goldman-sachs-boccia-apple-atteso-un-calo-del-26-per-il-titolo\\\/#primaryimage\"},\"thumbnailUrl\":\"https:\\\/\\\/super-news.info\\\/it\\\/wp-content\\\/uploads\\\/sites\\\/9\\\/2019\\\/09\\\/Goldman-Sachs-boccia-Apple-atteso-un-calo-del-26-per.jpg\",\"articleSection\":[\"NOTIZIE FINANZIARIE\"],\"inLanguage\":\"it-IT\",\"potentialAction\":[{\"@type\":\"CommentAction\",\"name\":\"Comment\",\"target\":[\"https:\\\/\\\/super-news.info\\\/it\\\/goldman-sachs-boccia-apple-atteso-un-calo-del-26-per-il-titolo\\\/#respond\"]}]},{\"@type\":\"WebPage\",\"@id\":\"https:\\\/\\\/super-news.info\\\/it\\\/goldman-sachs-boccia-apple-atteso-un-calo-del-26-per-il-titolo\\\/\",\"url\":\"https:\\\/\\\/super-news.info\\\/it\\\/goldman-sachs-boccia-apple-atteso-un-calo-del-26-per-il-titolo\\\/\",\"name\":\"Goldman Sachs \\\"boccia\\\" Apple: atteso un calo del 26% per il titolo - Super News\",\"isPartOf\":{\"@id\":\"https:\\\/\\\/super-news.info\\\/it\\\/#website\"},\"primaryImageOfPage\":{\"@id\":\"https:\\\/\\\/super-news.info\\\/it\\\/goldman-sachs-boccia-apple-atteso-un-calo-del-26-per-il-titolo\\\/#primaryimage\"},\"image\":{\"@id\":\"https:\\\/\\\/super-news.info\\\/it\\\/goldman-sachs-boccia-apple-atteso-un-calo-del-26-per-il-titolo\\\/#primaryimage\"},\"thumbnailUrl\":\"https:\\\/\\\/super-news.info\\\/it\\\/wp-content\\\/uploads\\\/sites\\\/9\\\/2019\\\/09\\\/Goldman-Sachs-boccia-Apple-atteso-un-calo-del-26-per.jpg\",\"datePublished\":\"2019-09-13T19:40:51+00:00\",\"dateModified\":\"2019-09-13T19:40:52+00:00\",\"author\":{\"@id\":\"https:\\\/\\\/super-news.info\\\/it\\\/#\\\/schema\\\/person\\\/2d4068cb2f39cd10008c2fce578a7356\"},\"breadcrumb\":{\"@id\":\"https:\\\/\\\/super-news.info\\\/it\\\/goldman-sachs-boccia-apple-atteso-un-calo-del-26-per-il-titolo\\\/#breadcrumb\"},\"inLanguage\":\"it-IT\",\"potentialAction\":[{\"@type\":\"ReadAction\",\"target\":[\"https:\\\/\\\/super-news.info\\\/it\\\/goldman-sachs-boccia-apple-atteso-un-calo-del-26-per-il-titolo\\\/\"]}]},{\"@type\":\"ImageObject\",\"inLanguage\":\"it-IT\",\"@id\":\"https:\\\/\\\/super-news.info\\\/it\\\/goldman-sachs-boccia-apple-atteso-un-calo-del-26-per-il-titolo\\\/#primaryimage\",\"url\":\"https:\\\/\\\/super-news.info\\\/it\\\/wp-content\\\/uploads\\\/sites\\\/9\\\/2019\\\/09\\\/Goldman-Sachs-boccia-Apple-atteso-un-calo-del-26-per.jpg\",\"contentUrl\":\"https:\\\/\\\/super-news.info\\\/it\\\/wp-content\\\/uploads\\\/sites\\\/9\\\/2019\\\/09\\\/Goldman-Sachs-boccia-Apple-atteso-un-calo-del-26-per.jpg\",\"width\":640,\"height\":450,\"caption\":\"Goldman Sachs \\\"boccia\\\" Apple: atteso un calo del 26% per il titolo\"},{\"@type\":\"BreadcrumbList\",\"@id\":\"https:\\\/\\\/super-news.info\\\/it\\\/goldman-sachs-boccia-apple-atteso-un-calo-del-26-per-il-titolo\\\/#breadcrumb\",\"itemListElement\":[{\"@type\":\"ListItem\",\"position\":1,\"name\":\"Home\",\"item\":\"https:\\\/\\\/super-news.info\\\/it\\\/\"},{\"@type\":\"ListItem\",\"position\":2,\"name\":\"Goldman Sachs &#8220;boccia&#8221; Apple: atteso un calo del 26% per il titolo\"}]},{\"@type\":\"WebSite\",\"@id\":\"https:\\\/\\\/super-news.info\\\/it\\\/#website\",\"url\":\"https:\\\/\\\/super-news.info\\\/it\\\/\",\"name\":\"Super News\",\"description\":\"Super News from Italy\",\"potentialAction\":[{\"@type\":\"SearchAction\",\"target\":{\"@type\":\"EntryPoint\",\"urlTemplate\":\"https:\\\/\\\/super-news.info\\\/it\\\/?s={search_term_string}\"},\"query-input\":{\"@type\":\"PropertyValueSpecification\",\"valueRequired\":true,\"valueName\":\"search_term_string\"}}],\"inLanguage\":\"it-IT\"},{\"@type\":\"Person\",\"@id\":\"https:\\\/\\\/super-news.info\\\/it\\\/#\\\/schema\\\/person\\\/2d4068cb2f39cd10008c2fce578a7356\",\"name\":\"super-news\",\"image\":{\"@type\":\"ImageObject\",\"inLanguage\":\"it-IT\",\"@id\":\"https:\\\/\\\/secure.gravatar.com\\\/avatar\\\/64ebac40b93f26a154f8a9b5b6fdccfc46f442b26b3dd6756dbff3bf9dc76fd7?s=96&d=mm&r=g\",\"url\":\"https:\\\/\\\/secure.gravatar.com\\\/avatar\\\/64ebac40b93f26a154f8a9b5b6fdccfc46f442b26b3dd6756dbff3bf9dc76fd7?s=96&d=mm&r=g\",\"contentUrl\":\"https:\\\/\\\/secure.gravatar.com\\\/avatar\\\/64ebac40b93f26a154f8a9b5b6fdccfc46f442b26b3dd6756dbff3bf9dc76fd7?s=96&d=mm&r=g\",\"caption\":\"super-news\"},\"url\":\"https:\\\/\\\/super-news.info\\\/it\\\/author\\\/pt\\\/\"}]}<\/script>\n<!-- \/ Yoast SEO plugin. -->","yoast_head_json":{"title":"Goldman Sachs \"boccia\" Apple: atteso un calo del 26% per il titolo - Super News","robots":{"index":"index","follow":"follow","max-snippet":"max-snippet:-1","max-image-preview":"max-image-preview:large","max-video-preview":"max-video-preview:-1"},"canonical":"https:\/\/super-news.info\/it\/goldman-sachs-boccia-apple-atteso-un-calo-del-26-per-il-titolo\/","og_locale":"it_IT","og_type":"article","og_title":"Goldman Sachs \"boccia\" Apple: atteso un calo del 26% per il titolo - Super News","og_description":"13 Settembre 2019, di Alberto Battaglia Dalle parti di Goldman Sachs non c\u2019\u00e8 molto entusiasmo sulle prospettive del titolo Apple: a pochi giorni dalla presentazione del nuovo iPhone 11, il dispositivo che ancora oggi fondamentale per l\u2019azienda, la banca d\u2019affari ha tagliato il prezzo obiettivo. Secondo l\u2019analista di Goldman Sachs Rod Hall, il titolo della [&hellip;]","og_url":"https:\/\/super-news.info\/it\/goldman-sachs-boccia-apple-atteso-un-calo-del-26-per-il-titolo\/","og_site_name":"Super News","article_published_time":"2019-09-13T19:40:51+00:00","article_modified_time":"2019-09-13T19:40:52+00:00","og_image":[{"width":640,"height":450,"url":"https:\/\/super-news.info\/it\/wp-content\/uploads\/sites\/9\/2019\/09\/Goldman-Sachs-boccia-Apple-atteso-un-calo-del-26-per.jpg","type":"image\/jpeg"}],"author":"super-news","twitter_card":"summary_large_image","twitter_misc":{"Scritto da":"super-news","Tempo di lettura stimato":"1 minuto"},"schema":{"@context":"https:\/\/schema.org","@graph":[{"@type":"Article","@id":"https:\/\/super-news.info\/it\/goldman-sachs-boccia-apple-atteso-un-calo-del-26-per-il-titolo\/#article","isPartOf":{"@id":"https:\/\/super-news.info\/it\/goldman-sachs-boccia-apple-atteso-un-calo-del-26-per-il-titolo\/"},"author":{"name":"super-news","@id":"https:\/\/super-news.info\/it\/#\/schema\/person\/2d4068cb2f39cd10008c2fce578a7356"},"headline":"Goldman Sachs &#8220;boccia&#8221; Apple: atteso un calo del 26% per il titolo","datePublished":"2019-09-13T19:40:51+00:00","dateModified":"2019-09-13T19:40:52+00:00","mainEntityOfPage":{"@id":"https:\/\/super-news.info\/it\/goldman-sachs-boccia-apple-atteso-un-calo-del-26-per-il-titolo\/"},"wordCount":294,"commentCount":0,"image":{"@id":"https:\/\/super-news.info\/it\/goldman-sachs-boccia-apple-atteso-un-calo-del-26-per-il-titolo\/#primaryimage"},"thumbnailUrl":"https:\/\/super-news.info\/it\/wp-content\/uploads\/sites\/9\/2019\/09\/Goldman-Sachs-boccia-Apple-atteso-un-calo-del-26-per.jpg","articleSection":["NOTIZIE FINANZIARIE"],"inLanguage":"it-IT","potentialAction":[{"@type":"CommentAction","name":"Comment","target":["https:\/\/super-news.info\/it\/goldman-sachs-boccia-apple-atteso-un-calo-del-26-per-il-titolo\/#respond"]}]},{"@type":"WebPage","@id":"https:\/\/super-news.info\/it\/goldman-sachs-boccia-apple-atteso-un-calo-del-26-per-il-titolo\/","url":"https:\/\/super-news.info\/it\/goldman-sachs-boccia-apple-atteso-un-calo-del-26-per-il-titolo\/","name":"Goldman Sachs \"boccia\" Apple: atteso un calo del 26% per il titolo - Super News","isPartOf":{"@id":"https:\/\/super-news.info\/it\/#website"},"primaryImageOfPage":{"@id":"https:\/\/super-news.info\/it\/goldman-sachs-boccia-apple-atteso-un-calo-del-26-per-il-titolo\/#primaryimage"},"image":{"@id":"https:\/\/super-news.info\/it\/goldman-sachs-boccia-apple-atteso-un-calo-del-26-per-il-titolo\/#primaryimage"},"thumbnailUrl":"https:\/\/super-news.info\/it\/wp-content\/uploads\/sites\/9\/2019\/09\/Goldman-Sachs-boccia-Apple-atteso-un-calo-del-26-per.jpg","datePublished":"2019-09-13T19:40:51+00:00","dateModified":"2019-09-13T19:40:52+00:00","author":{"@id":"https:\/\/super-news.info\/it\/#\/schema\/person\/2d4068cb2f39cd10008c2fce578a7356"},"breadcrumb":{"@id":"https:\/\/super-news.info\/it\/goldman-sachs-boccia-apple-atteso-un-calo-del-26-per-il-titolo\/#breadcrumb"},"inLanguage":"it-IT","potentialAction":[{"@type":"ReadAction","target":["https:\/\/super-news.info\/it\/goldman-sachs-boccia-apple-atteso-un-calo-del-26-per-il-titolo\/"]}]},{"@type":"ImageObject","inLanguage":"it-IT","@id":"https:\/\/super-news.info\/it\/goldman-sachs-boccia-apple-atteso-un-calo-del-26-per-il-titolo\/#primaryimage","url":"https:\/\/super-news.info\/it\/wp-content\/uploads\/sites\/9\/2019\/09\/Goldman-Sachs-boccia-Apple-atteso-un-calo-del-26-per.jpg","contentUrl":"https:\/\/super-news.info\/it\/wp-content\/uploads\/sites\/9\/2019\/09\/Goldman-Sachs-boccia-Apple-atteso-un-calo-del-26-per.jpg","width":640,"height":450,"caption":"Goldman Sachs \"boccia\" Apple: atteso un calo del 26% per il titolo"},{"@type":"BreadcrumbList","@id":"https:\/\/super-news.info\/it\/goldman-sachs-boccia-apple-atteso-un-calo-del-26-per-il-titolo\/#breadcrumb","itemListElement":[{"@type":"ListItem","position":1,"name":"Home","item":"https:\/\/super-news.info\/it\/"},{"@type":"ListItem","position":2,"name":"Goldman Sachs &#8220;boccia&#8221; Apple: atteso un calo del 26% per il titolo"}]},{"@type":"WebSite","@id":"https:\/\/super-news.info\/it\/#website","url":"https:\/\/super-news.info\/it\/","name":"Super News","description":"Super News from Italy","potentialAction":[{"@type":"SearchAction","target":{"@type":"EntryPoint","urlTemplate":"https:\/\/super-news.info\/it\/?s={search_term_string}"},"query-input":{"@type":"PropertyValueSpecification","valueRequired":true,"valueName":"search_term_string"}}],"inLanguage":"it-IT"},{"@type":"Person","@id":"https:\/\/super-news.info\/it\/#\/schema\/person\/2d4068cb2f39cd10008c2fce578a7356","name":"super-news","image":{"@type":"ImageObject","inLanguage":"it-IT","@id":"https:\/\/secure.gravatar.com\/avatar\/64ebac40b93f26a154f8a9b5b6fdccfc46f442b26b3dd6756dbff3bf9dc76fd7?s=96&d=mm&r=g","url":"https:\/\/secure.gravatar.com\/avatar\/64ebac40b93f26a154f8a9b5b6fdccfc46f442b26b3dd6756dbff3bf9dc76fd7?s=96&d=mm&r=g","contentUrl":"https:\/\/secure.gravatar.com\/avatar\/64ebac40b93f26a154f8a9b5b6fdccfc46f442b26b3dd6756dbff3bf9dc76fd7?s=96&d=mm&r=g","caption":"super-news"},"url":"https:\/\/super-news.info\/it\/author\/pt\/"}]}},"_links":{"self":[{"href":"https:\/\/super-news.info\/it\/wp-json\/wp\/v2\/posts\/1026","targetHints":{"allow":["GET"]}}],"collection":[{"href":"https:\/\/super-news.info\/it\/wp-json\/wp\/v2\/posts"}],"about":[{"href":"https:\/\/super-news.info\/it\/wp-json\/wp\/v2\/types\/post"}],"author":[{"embeddable":true,"href":"https:\/\/super-news.info\/it\/wp-json\/wp\/v2\/users\/2"}],"replies":[{"embeddable":true,"href":"https:\/\/super-news.info\/it\/wp-json\/wp\/v2\/comments?post=1026"}],"version-history":[{"count":1,"href":"https:\/\/super-news.info\/it\/wp-json\/wp\/v2\/posts\/1026\/revisions"}],"predecessor-version":[{"id":1028,"href":"https:\/\/super-news.info\/it\/wp-json\/wp\/v2\/posts\/1026\/revisions\/1028"}],"wp:featuredmedia":[{"embeddable":true,"href":"https:\/\/super-news.info\/it\/wp-json\/wp\/v2\/media\/1027"}],"wp:attachment":[{"href":"https:\/\/super-news.info\/it\/wp-json\/wp\/v2\/media?parent=1026"}],"wp:term":[{"taxonomy":"category","embeddable":true,"href":"https:\/\/super-news.info\/it\/wp-json\/wp\/v2\/categories?post=1026"},{"taxonomy":"post_tag","embeddable":true,"href":"https:\/\/super-news.info\/it\/wp-json\/wp\/v2\/tags?post=1026"}],"curies":[{"name":"wp","href":"https:\/\/api.w.org\/{rel}","templated":true}]}}