{"id":1011,"date":"2019-09-13T12:24:26","date_gmt":"2019-09-13T12:24:26","guid":{"rendered":"https:\/\/super-news.info\/it\/generali-la-csr-dalle-parole-ai-fatti\/"},"modified":"2019-09-13T12:24:27","modified_gmt":"2019-09-13T12:24:27","slug":"generali-la-csr-dalle-parole-ai-fatti","status":"publish","type":"post","link":"https:\/\/super-news.info\/it\/generali-la-csr-dalle-parole-ai-fatti\/","title":{"rendered":"Generali: la Csr dalle parole ai fatti"},"content":{"rendered":"<p>\t\t\t\t\t\tEssere responsabili oggi \u00e8 una necessit\u00e0. Nel comportamento dei consumatori c\u2019\u00e8 ad esempio una tendenza mondiale, che si sta affermando anche Italia: al prezzo e qualit\u00e0 di prodotti e servizi si affianca la responsabilit\u00e0 sociale di brand. Il consumatore cerca nella marca un punto riferimento e pretende coerenza. Trasparenza, etica, sensibilit\u00e0 per i dipendenti e la societ\u00e0 in generale sono oggi parametri sempre pi\u00f9 rilevanti di scelta. Ma non solo, i pi\u00f9 giovani in cerca di primo lavoro si orientano verso aziende che abbiano una solida inspiring purpose: in Italia sono quasi uno studente su due.<br \/>\nOggi i temi come la sostenibilit\u00e0 riempiono le agende di manager e politici. In questo nuovo contesto la corporate social responsibility rappresenta una modalit\u00e0 di gestione attraverso la quale il benessere dell\u2019impresa deve coniugarsi con lo sviluppo del territorio e della societ\u00e0 in cui essa si trova a vivere e in cui si identifica. Ne abbiamo parlato con Lucia Sciacca, direttore comunicazione e social responsibility di Generali Italia.<br \/>\n\u00a0<br \/>\nQuali sono i principali interventi nel campo della Csr messi in atto da Generali?<br \/>\n\u201cIl tema della responsabilit\u00e0 sociale di impresa \u00e8 sempre pi\u00f9 strategico per noi. Contribuisce alla creazione di valore, tanto che \u00e8 uno degli elementi portanti del nuovo piano industriale del gruppo Generali per il prossimo triennio. Siamo convinti che al giorno d\u2019oggi una societ\u00e0, se vuole essere rilevante, deve dare anche un contributo concreto e tangibile al mondo in cui opera. Non solo parole di circostanza ma anche fatti tangibili, che si traducono nella restituzione di competenze. Promuovere azioni che siano vicine alle nostre competenze, e che siano rilevanti per i territori. E vogliamo farlo creando rete: coinvolgendo le comunit\u00e0, le istituzioni, i nostri agenti. In questo senso la sostenibilit\u00e0 \u00e8 diventata un pilastro del nostro posizionamento: un brand che vuole essere cittadino responsabile. Tre anni fa abbiamo tracciato le linee guida delle nostre attivit\u00e0 di sostenibilit\u00e0, generando un programma coerente e strutturato. Da allora ci siamo mossi \u2013 e sempre pi\u00f9 ci muoveremo \u2013 in territori strategici e congruenti con il nostro business: Catastrofi naturali, Educazione, Arte e Cultura, Welfare Aziendale. Abbiamo affinato e consolidato un nostro approccio distintivo. Attraverso progettualit\u00e0 nostre, che ci vedono motori di cambiamento. \u00a0Attivit\u00e0 che stanno contribuendo a dare concretezza alla nostra ambizione \u2013 Essere Partner di Vita \u2013 anche nella societ\u00e0.\u201d.<br \/>\n\u00a0<br \/>\nCi potete fornire dei numeri in merito alla vostra attivit\u00e0 di Csr?<br \/>\n\u201cPer noi responsabilit\u00e0 sociale significa creare valore per i nostri stakeholder. E questo \u00e8 il parametro con il quale misuriamo le nostre attivit\u00e0 di CSR. Faccio tre esempi, per spiegare quanto trasversale sia il tema per Generali.<br \/>\nCatastrofi naturali: due anni fa abbiamo creato il Fondo Protezione Solidale. Sottoscrivendo una polizza assicurativa per la casa, il cliente, sensibilizzato dall\u2019agente, contribuisce alla creazione del fondo: un esempio di rete virtuosa. Un numero? Nei primi sei mesi dell\u2019anno sono stati raccolti 300 mila euro che hanno permesso di finanziare la ricostruzione della scuola di Muccia colpita dal terremoto, in collaborazione con la fondazione Andrea Bocelli. Credo sia stata un\u2019azione rilevante per questa comunit\u00e0.<br \/>\nWelfare aziendale: oltre all\u2019impegno al nostro interno, che da sempre ci vede all\u2019avanguardia, abbiamo agito anche verso una componente fondamentale del tessuto produttivo italiano, la PMI.<br \/>\n4 anni fa abbiamo lanciato con le maggiori associazioni datoriali \u2013 anche qui attivando una rete \u2013 Welfare Index PMI: un progetto per diffondere la cultura del welfare aziendale anche nelle PMI. Abbiamo coinvolto oltre 15.000 imprese.<br \/>\nMa anche nella creazione e diffusione di nuovi prodotti assicurativi ci siamo posti obiettivi di responsabilit\u00e0 sociale: ci siamo impegnati ad aumentare il collocamento di polizze dal contenuto social del 4,2% e green del 4%\u201d.<br \/>\n\u00a0<br \/>\nI vostri interventi riguardano solo la sede centrale o sono coinvolti anche gli agenti in tutta Italia?<br \/>\n\u201cNelle attivit\u00e0 di corporate social responsibility sono coinvolte tutte le funzioni del Gruppo, dalla sede centrale, ai noi dipendenti, alla rete agenziale, che contribuisce su vari fronti a questo tipo di attivit\u00e0: faccio tre esempi. Gli agenti contribuiscono all\u2019attivit\u00e0 del Fondo Protezione Solidale, sia proponendo polizze che lo finanziano, sia contribuendo a diffondere una cultura della protezione dai rischi di calamit\u00e0 naturali. Nel progetto Bullyctionary, un programma per orientare le famiglie sul cyberbullismo con Informatici senza Frontiere, le agenzie ospitano attivit\u00e0 di sensibilizzazione rivolte alle famiglie. Abbiamo coinvolto oltre 4.000 famiglie in 100 incontri in agenzia in tutto il Paese. Un approccio che consente alla nostra rete di essere punto di riferimento anche su temi sociali. Ma anche i nostri dipendenti sono centrali. Quest\u2019anno \u00e8 partito un programma di volontariato d\u2019impresa che prevede 10.000 ore di attivit\u00e0\u201d<br \/>\n\u00a0<br \/>\nCosa c\u2019\u00e8 nel futuro della CSR di Generali?<br \/>\n\u201cNel nostro futuro c\u2019\u00e8 l\u2019impegno di dare sempre maggior concretezza alla nostra ambizione: essere partner di vita delle persone. Molte sono le direzioni nelle quali ci stiamo muovendo. Cito solo un\u2019iniziativa che in questi giorni ha concluso il primo anno di vita: Ora di Futuro. Si tratta di un progetto che ben rappresenta il nostro approccio. Ora di Futuro si muove all\u2019interno di un progetto internazionale del Gruppo: The Human Safety Net. Promuove nelle scuole primarie l\u2019educazione a fare scelte responsabili e aiuta le famiglie pi\u00f9 disagiate ad affrontare la genitorialit\u00e0. Grazie anche ai fondi raccolti dai nostri dipendenti e in collaborazione con Onlus scelte da loro. Quest\u2019anno ha coinvolto oltre 2.600 classi di 3,4 e 5 elementare, creato 11 centri Ora di Futuro pe le famiglie disagiate e coinvolto cos\u00ec oltre 30.000 bambini. E l\u2019anno prossimo contiamo di aumentare\u201d.<br \/>\n\u00a0<\/p>\n<p>\n<!--noindex--><br \/>\n<a href=\"https:\/\/www.wallstreetitalia.com\/generali-dalle-parole-ai-fatti\/\" rel=\"nofollow\">Source link <\/a><br \/>\n<!--\/noindex--><\/p>\n","protected":false},"excerpt":{"rendered":"<p>Essere responsabili oggi \u00e8 una necessit\u00e0. Nel comportamento dei consumatori c\u2019\u00e8 ad esempio una tendenza mondiale, che si sta affermando anche Italia: al prezzo e qualit\u00e0 di prodotti e servizi si affianca la responsabilit\u00e0 sociale di brand. Il consumatore cerca nella marca un punto riferimento e pretende coerenza. Trasparenza, etica, sensibilit\u00e0 per i dipendenti e [&hellip;]<\/p>\n","protected":false},"author":2,"featured_media":1012,"comment_status":"open","ping_status":"open","sticky":false,"template":"","format":"standard","meta":{"footnotes":""},"categories":[1],"tags":[],"class_list":["post-1011","post","type-post","status-publish","format-standard","has-post-thumbnail","hentry","category-notizie-finanziarie"],"yoast_head":"<!-- This site is optimized with the Yoast SEO plugin v27.4 - https:\/\/yoast.com\/product\/yoast-seo-wordpress\/ -->\n<title>Generali: la Csr dalle parole ai fatti - Super News<\/title>\n<meta name=\"robots\" content=\"index, follow, max-snippet:-1, max-image-preview:large, max-video-preview:-1\" \/>\n<link rel=\"canonical\" href=\"https:\/\/super-news.info\/it\/generali-la-csr-dalle-parole-ai-fatti\/\" \/>\n<meta property=\"og:locale\" content=\"it_IT\" \/>\n<meta property=\"og:type\" content=\"article\" \/>\n<meta property=\"og:title\" content=\"Generali: la Csr dalle parole ai fatti - Super News\" \/>\n<meta property=\"og:description\" content=\"Essere responsabili oggi \u00e8 una necessit\u00e0. Nel comportamento dei consumatori c\u2019\u00e8 ad esempio una tendenza mondiale, che si sta affermando anche Italia: al prezzo e qualit\u00e0 di prodotti e servizi si affianca la responsabilit\u00e0 sociale di brand. Il consumatore cerca nella marca un punto riferimento e pretende coerenza. Trasparenza, etica, sensibilit\u00e0 per i dipendenti e [&hellip;]\" \/>\n<meta property=\"og:url\" content=\"https:\/\/super-news.info\/it\/generali-la-csr-dalle-parole-ai-fatti\/\" \/>\n<meta property=\"og:site_name\" content=\"Super News\" \/>\n<meta property=\"article:published_time\" content=\"2019-09-13T12:24:26+00:00\" \/>\n<meta property=\"article:modified_time\" content=\"2019-09-13T12:24:27+00:00\" \/>\n<meta property=\"og:image\" content=\"https:\/\/super-news.info\/it\/wp-content\/uploads\/sites\/9\/2019\/09\/Generali-la-Csr-dalle-parole-ai-fatti.jpg\" \/>\n\t<meta property=\"og:image:width\" content=\"640\" \/>\n\t<meta property=\"og:image:height\" content=\"450\" \/>\n\t<meta property=\"og:image:type\" content=\"image\/jpeg\" \/>\n<meta name=\"author\" content=\"super-news\" \/>\n<meta name=\"twitter:card\" content=\"summary_large_image\" \/>\n<meta name=\"twitter:label1\" content=\"Scritto da\" \/>\n\t<meta name=\"twitter:data1\" content=\"super-news\" \/>\n\t<meta name=\"twitter:label2\" content=\"Tempo di lettura stimato\" \/>\n\t<meta name=\"twitter:data2\" content=\"5 minuti\" \/>\n<script type=\"application\/ld+json\" class=\"yoast-schema-graph\">{\"@context\":\"https:\\\/\\\/schema.org\",\"@graph\":[{\"@type\":\"Article\",\"@id\":\"https:\\\/\\\/super-news.info\\\/it\\\/generali-la-csr-dalle-parole-ai-fatti\\\/#article\",\"isPartOf\":{\"@id\":\"https:\\\/\\\/super-news.info\\\/it\\\/generali-la-csr-dalle-parole-ai-fatti\\\/\"},\"author\":{\"name\":\"super-news\",\"@id\":\"https:\\\/\\\/super-news.info\\\/it\\\/#\\\/schema\\\/person\\\/2d4068cb2f39cd10008c2fce578a7356\"},\"headline\":\"Generali: la Csr dalle parole ai fatti\",\"datePublished\":\"2019-09-13T12:24:26+00:00\",\"dateModified\":\"2019-09-13T12:24:27+00:00\",\"mainEntityOfPage\":{\"@id\":\"https:\\\/\\\/super-news.info\\\/it\\\/generali-la-csr-dalle-parole-ai-fatti\\\/\"},\"wordCount\":909,\"commentCount\":0,\"image\":{\"@id\":\"https:\\\/\\\/super-news.info\\\/it\\\/generali-la-csr-dalle-parole-ai-fatti\\\/#primaryimage\"},\"thumbnailUrl\":\"https:\\\/\\\/super-news.info\\\/it\\\/wp-content\\\/uploads\\\/sites\\\/9\\\/2019\\\/09\\\/Generali-la-Csr-dalle-parole-ai-fatti.jpg\",\"articleSection\":[\"NOTIZIE FINANZIARIE\"],\"inLanguage\":\"it-IT\",\"potentialAction\":[{\"@type\":\"CommentAction\",\"name\":\"Comment\",\"target\":[\"https:\\\/\\\/super-news.info\\\/it\\\/generali-la-csr-dalle-parole-ai-fatti\\\/#respond\"]}]},{\"@type\":\"WebPage\",\"@id\":\"https:\\\/\\\/super-news.info\\\/it\\\/generali-la-csr-dalle-parole-ai-fatti\\\/\",\"url\":\"https:\\\/\\\/super-news.info\\\/it\\\/generali-la-csr-dalle-parole-ai-fatti\\\/\",\"name\":\"Generali: la Csr dalle parole ai fatti - Super News\",\"isPartOf\":{\"@id\":\"https:\\\/\\\/super-news.info\\\/it\\\/#website\"},\"primaryImageOfPage\":{\"@id\":\"https:\\\/\\\/super-news.info\\\/it\\\/generali-la-csr-dalle-parole-ai-fatti\\\/#primaryimage\"},\"image\":{\"@id\":\"https:\\\/\\\/super-news.info\\\/it\\\/generali-la-csr-dalle-parole-ai-fatti\\\/#primaryimage\"},\"thumbnailUrl\":\"https:\\\/\\\/super-news.info\\\/it\\\/wp-content\\\/uploads\\\/sites\\\/9\\\/2019\\\/09\\\/Generali-la-Csr-dalle-parole-ai-fatti.jpg\",\"datePublished\":\"2019-09-13T12:24:26+00:00\",\"dateModified\":\"2019-09-13T12:24:27+00:00\",\"author\":{\"@id\":\"https:\\\/\\\/super-news.info\\\/it\\\/#\\\/schema\\\/person\\\/2d4068cb2f39cd10008c2fce578a7356\"},\"breadcrumb\":{\"@id\":\"https:\\\/\\\/super-news.info\\\/it\\\/generali-la-csr-dalle-parole-ai-fatti\\\/#breadcrumb\"},\"inLanguage\":\"it-IT\",\"potentialAction\":[{\"@type\":\"ReadAction\",\"target\":[\"https:\\\/\\\/super-news.info\\\/it\\\/generali-la-csr-dalle-parole-ai-fatti\\\/\"]}]},{\"@type\":\"ImageObject\",\"inLanguage\":\"it-IT\",\"@id\":\"https:\\\/\\\/super-news.info\\\/it\\\/generali-la-csr-dalle-parole-ai-fatti\\\/#primaryimage\",\"url\":\"https:\\\/\\\/super-news.info\\\/it\\\/wp-content\\\/uploads\\\/sites\\\/9\\\/2019\\\/09\\\/Generali-la-Csr-dalle-parole-ai-fatti.jpg\",\"contentUrl\":\"https:\\\/\\\/super-news.info\\\/it\\\/wp-content\\\/uploads\\\/sites\\\/9\\\/2019\\\/09\\\/Generali-la-Csr-dalle-parole-ai-fatti.jpg\",\"width\":640,\"height\":450,\"caption\":\"Generali: la Csr dalle parole ai fatti\"},{\"@type\":\"BreadcrumbList\",\"@id\":\"https:\\\/\\\/super-news.info\\\/it\\\/generali-la-csr-dalle-parole-ai-fatti\\\/#breadcrumb\",\"itemListElement\":[{\"@type\":\"ListItem\",\"position\":1,\"name\":\"Home\",\"item\":\"https:\\\/\\\/super-news.info\\\/it\\\/\"},{\"@type\":\"ListItem\",\"position\":2,\"name\":\"Generali: la Csr dalle parole ai fatti\"}]},{\"@type\":\"WebSite\",\"@id\":\"https:\\\/\\\/super-news.info\\\/it\\\/#website\",\"url\":\"https:\\\/\\\/super-news.info\\\/it\\\/\",\"name\":\"Super News\",\"description\":\"Super News from Italy\",\"potentialAction\":[{\"@type\":\"SearchAction\",\"target\":{\"@type\":\"EntryPoint\",\"urlTemplate\":\"https:\\\/\\\/super-news.info\\\/it\\\/?s={search_term_string}\"},\"query-input\":{\"@type\":\"PropertyValueSpecification\",\"valueRequired\":true,\"valueName\":\"search_term_string\"}}],\"inLanguage\":\"it-IT\"},{\"@type\":\"Person\",\"@id\":\"https:\\\/\\\/super-news.info\\\/it\\\/#\\\/schema\\\/person\\\/2d4068cb2f39cd10008c2fce578a7356\",\"name\":\"super-news\",\"image\":{\"@type\":\"ImageObject\",\"inLanguage\":\"it-IT\",\"@id\":\"https:\\\/\\\/secure.gravatar.com\\\/avatar\\\/64ebac40b93f26a154f8a9b5b6fdccfc46f442b26b3dd6756dbff3bf9dc76fd7?s=96&d=mm&r=g\",\"url\":\"https:\\\/\\\/secure.gravatar.com\\\/avatar\\\/64ebac40b93f26a154f8a9b5b6fdccfc46f442b26b3dd6756dbff3bf9dc76fd7?s=96&d=mm&r=g\",\"contentUrl\":\"https:\\\/\\\/secure.gravatar.com\\\/avatar\\\/64ebac40b93f26a154f8a9b5b6fdccfc46f442b26b3dd6756dbff3bf9dc76fd7?s=96&d=mm&r=g\",\"caption\":\"super-news\"},\"url\":\"https:\\\/\\\/super-news.info\\\/it\\\/author\\\/pt\\\/\"}]}<\/script>\n<!-- \/ Yoast SEO plugin. -->","yoast_head_json":{"title":"Generali: la Csr dalle parole ai fatti - Super News","robots":{"index":"index","follow":"follow","max-snippet":"max-snippet:-1","max-image-preview":"max-image-preview:large","max-video-preview":"max-video-preview:-1"},"canonical":"https:\/\/super-news.info\/it\/generali-la-csr-dalle-parole-ai-fatti\/","og_locale":"it_IT","og_type":"article","og_title":"Generali: la Csr dalle parole ai fatti - Super News","og_description":"Essere responsabili oggi \u00e8 una necessit\u00e0. Nel comportamento dei consumatori c\u2019\u00e8 ad esempio una tendenza mondiale, che si sta affermando anche Italia: al prezzo e qualit\u00e0 di prodotti e servizi si affianca la responsabilit\u00e0 sociale di brand. Il consumatore cerca nella marca un punto riferimento e pretende coerenza. Trasparenza, etica, sensibilit\u00e0 per i dipendenti e [&hellip;]","og_url":"https:\/\/super-news.info\/it\/generali-la-csr-dalle-parole-ai-fatti\/","og_site_name":"Super News","article_published_time":"2019-09-13T12:24:26+00:00","article_modified_time":"2019-09-13T12:24:27+00:00","og_image":[{"width":640,"height":450,"url":"https:\/\/super-news.info\/it\/wp-content\/uploads\/sites\/9\/2019\/09\/Generali-la-Csr-dalle-parole-ai-fatti.jpg","type":"image\/jpeg"}],"author":"super-news","twitter_card":"summary_large_image","twitter_misc":{"Scritto da":"super-news","Tempo di lettura stimato":"5 minuti"},"schema":{"@context":"https:\/\/schema.org","@graph":[{"@type":"Article","@id":"https:\/\/super-news.info\/it\/generali-la-csr-dalle-parole-ai-fatti\/#article","isPartOf":{"@id":"https:\/\/super-news.info\/it\/generali-la-csr-dalle-parole-ai-fatti\/"},"author":{"name":"super-news","@id":"https:\/\/super-news.info\/it\/#\/schema\/person\/2d4068cb2f39cd10008c2fce578a7356"},"headline":"Generali: la Csr dalle parole ai fatti","datePublished":"2019-09-13T12:24:26+00:00","dateModified":"2019-09-13T12:24:27+00:00","mainEntityOfPage":{"@id":"https:\/\/super-news.info\/it\/generali-la-csr-dalle-parole-ai-fatti\/"},"wordCount":909,"commentCount":0,"image":{"@id":"https:\/\/super-news.info\/it\/generali-la-csr-dalle-parole-ai-fatti\/#primaryimage"},"thumbnailUrl":"https:\/\/super-news.info\/it\/wp-content\/uploads\/sites\/9\/2019\/09\/Generali-la-Csr-dalle-parole-ai-fatti.jpg","articleSection":["NOTIZIE FINANZIARIE"],"inLanguage":"it-IT","potentialAction":[{"@type":"CommentAction","name":"Comment","target":["https:\/\/super-news.info\/it\/generali-la-csr-dalle-parole-ai-fatti\/#respond"]}]},{"@type":"WebPage","@id":"https:\/\/super-news.info\/it\/generali-la-csr-dalle-parole-ai-fatti\/","url":"https:\/\/super-news.info\/it\/generali-la-csr-dalle-parole-ai-fatti\/","name":"Generali: la Csr dalle parole ai fatti - Super News","isPartOf":{"@id":"https:\/\/super-news.info\/it\/#website"},"primaryImageOfPage":{"@id":"https:\/\/super-news.info\/it\/generali-la-csr-dalle-parole-ai-fatti\/#primaryimage"},"image":{"@id":"https:\/\/super-news.info\/it\/generali-la-csr-dalle-parole-ai-fatti\/#primaryimage"},"thumbnailUrl":"https:\/\/super-news.info\/it\/wp-content\/uploads\/sites\/9\/2019\/09\/Generali-la-Csr-dalle-parole-ai-fatti.jpg","datePublished":"2019-09-13T12:24:26+00:00","dateModified":"2019-09-13T12:24:27+00:00","author":{"@id":"https:\/\/super-news.info\/it\/#\/schema\/person\/2d4068cb2f39cd10008c2fce578a7356"},"breadcrumb":{"@id":"https:\/\/super-news.info\/it\/generali-la-csr-dalle-parole-ai-fatti\/#breadcrumb"},"inLanguage":"it-IT","potentialAction":[{"@type":"ReadAction","target":["https:\/\/super-news.info\/it\/generali-la-csr-dalle-parole-ai-fatti\/"]}]},{"@type":"ImageObject","inLanguage":"it-IT","@id":"https:\/\/super-news.info\/it\/generali-la-csr-dalle-parole-ai-fatti\/#primaryimage","url":"https:\/\/super-news.info\/it\/wp-content\/uploads\/sites\/9\/2019\/09\/Generali-la-Csr-dalle-parole-ai-fatti.jpg","contentUrl":"https:\/\/super-news.info\/it\/wp-content\/uploads\/sites\/9\/2019\/09\/Generali-la-Csr-dalle-parole-ai-fatti.jpg","width":640,"height":450,"caption":"Generali: la Csr dalle parole ai fatti"},{"@type":"BreadcrumbList","@id":"https:\/\/super-news.info\/it\/generali-la-csr-dalle-parole-ai-fatti\/#breadcrumb","itemListElement":[{"@type":"ListItem","position":1,"name":"Home","item":"https:\/\/super-news.info\/it\/"},{"@type":"ListItem","position":2,"name":"Generali: la Csr dalle parole ai fatti"}]},{"@type":"WebSite","@id":"https:\/\/super-news.info\/it\/#website","url":"https:\/\/super-news.info\/it\/","name":"Super News","description":"Super News from Italy","potentialAction":[{"@type":"SearchAction","target":{"@type":"EntryPoint","urlTemplate":"https:\/\/super-news.info\/it\/?s={search_term_string}"},"query-input":{"@type":"PropertyValueSpecification","valueRequired":true,"valueName":"search_term_string"}}],"inLanguage":"it-IT"},{"@type":"Person","@id":"https:\/\/super-news.info\/it\/#\/schema\/person\/2d4068cb2f39cd10008c2fce578a7356","name":"super-news","image":{"@type":"ImageObject","inLanguage":"it-IT","@id":"https:\/\/secure.gravatar.com\/avatar\/64ebac40b93f26a154f8a9b5b6fdccfc46f442b26b3dd6756dbff3bf9dc76fd7?s=96&d=mm&r=g","url":"https:\/\/secure.gravatar.com\/avatar\/64ebac40b93f26a154f8a9b5b6fdccfc46f442b26b3dd6756dbff3bf9dc76fd7?s=96&d=mm&r=g","contentUrl":"https:\/\/secure.gravatar.com\/avatar\/64ebac40b93f26a154f8a9b5b6fdccfc46f442b26b3dd6756dbff3bf9dc76fd7?s=96&d=mm&r=g","caption":"super-news"},"url":"https:\/\/super-news.info\/it\/author\/pt\/"}]}},"_links":{"self":[{"href":"https:\/\/super-news.info\/it\/wp-json\/wp\/v2\/posts\/1011","targetHints":{"allow":["GET"]}}],"collection":[{"href":"https:\/\/super-news.info\/it\/wp-json\/wp\/v2\/posts"}],"about":[{"href":"https:\/\/super-news.info\/it\/wp-json\/wp\/v2\/types\/post"}],"author":[{"embeddable":true,"href":"https:\/\/super-news.info\/it\/wp-json\/wp\/v2\/users\/2"}],"replies":[{"embeddable":true,"href":"https:\/\/super-news.info\/it\/wp-json\/wp\/v2\/comments?post=1011"}],"version-history":[{"count":1,"href":"https:\/\/super-news.info\/it\/wp-json\/wp\/v2\/posts\/1011\/revisions"}],"predecessor-version":[{"id":1013,"href":"https:\/\/super-news.info\/it\/wp-json\/wp\/v2\/posts\/1011\/revisions\/1013"}],"wp:featuredmedia":[{"embeddable":true,"href":"https:\/\/super-news.info\/it\/wp-json\/wp\/v2\/media\/1012"}],"wp:attachment":[{"href":"https:\/\/super-news.info\/it\/wp-json\/wp\/v2\/media?parent=1011"}],"wp:term":[{"taxonomy":"category","embeddable":true,"href":"https:\/\/super-news.info\/it\/wp-json\/wp\/v2\/categories?post=1011"},{"taxonomy":"post_tag","embeddable":true,"href":"https:\/\/super-news.info\/it\/wp-json\/wp\/v2\/tags?post=1011"}],"curies":[{"name":"wp","href":"https:\/\/api.w.org\/{rel}","templated":true}]}}