{"id":9084,"date":"2019-09-09T22:14:12","date_gmt":"2019-09-09T19:14:12","guid":{"rendered":"https:\/\/super-news.info\/hu\/who-minden-negyvenedik-masodpercre-jut-egy-ongyilkossag-a-vilagon\/"},"modified":"2019-09-09T22:14:12","modified_gmt":"2019-09-09T19:14:12","slug":"who-minden-negyvenedik-masodpercre-jut-egy-ongyilkossag-a-vilagon","status":"publish","type":"post","link":"https:\/\/super-news.info\/hu\/who-minden-negyvenedik-masodpercre-jut-egy-ongyilkossag-a-vilagon\/","title":{"rendered":"WHO: minden negyvenedik m\u00e1sodpercre jut egy \u00f6ngyilkoss\u00e1g a vil\u00e1gon"},"content":{"rendered":"<div>\n<p>Minden negyvenedik m\u00e1sodpercben \u00f6nkez\u00e9vel v\u00e9get vet valaki az \u00e9let\u00e9nek a vil\u00e1gon \u2013 der\u00fclt ki az Eg\u00e9szs\u00e9g\u00fcgyi Vil\u00e1gszervezet (WHO) h\u00e9tf\u0151n k\u00f6zz\u00e9tett jelent\u00e9s\u00e9b\u0151l, amely szerint \u00e9vente t\u00f6bb ember hal meg \u00f6ngyilkoss\u00e1g miatt, mint h\u00e1bor\u00faban.<\/p>\n<p>A szervezet szerint az \u00f6ngyilkoss\u00e1g \u201eglob\u00e1lis eg\u00e9szs\u00e9g\u00fcgyi k\u00e9rd\u00e9s\u201d, amely minden korcsoportot, nemet \u00e9s r\u00e9gi\u00f3t \u00e9rint.<\/p>\n<p>A mutat\u00f3k szerint az \u00f6ngyilkoss\u00e1g a m\u00e1sodik leggyakoribb hal\u00e1lok a 15 \u00e9s 29 \u00e9ves kor k\u00f6z\u00f6tti fiatalok k\u00f6r\u00e9ben a k\u00f6zleked\u00e9si balesetek ut\u00e1n. A 15-19 \u00e9ves l\u00e1nyokn\u00e1l ez a m\u00e1sodik vezet\u0151 hal\u00e1lok a terhess\u00e9gi komplik\u00e1ci\u00f3kat k\u00f6vet\u0151en, a kamasz fi\u00fak eset\u00e9ben pedig az \u00f6ngyilkoss\u00e1g a harmadik leggyakoribb hal\u00e1lok a k\u00f6zleked\u00e9si baleseti s\u00e9r\u00fcl\u00e9sek \u00e9s az er\u0151szak ut\u00e1n.<\/p>\n<p>A WHO adatai szerint \u00e9vente csaknem 800 ezer ember vet v\u00e9get \u00f6nkez\u00e9vel az \u00e9let\u00e9nek vil\u00e1gszerte, t\u00f6bb mint ah\u00e1nyan mal\u00e1ria, mellr\u00e1k, h\u00e1bor\u00fa vagy ember\u00f6l\u00e9s \u00e1ldozatai lesznek.<\/p>\n<p>Glob\u00e1lisan 9,8 sz\u00e1zal\u00e9kkal esett vissza az \u00f6ngyilkoss\u00e1gok ar\u00e1nya 2010 \u00e9s 2016 k\u00f6z\u00f6tt, ugyanakkor a cs\u00f6kken\u0151 tendencia nem minden r\u00e9gi\u00f3ban figyelhet\u0151 meg. Az amerikai kontinens WHO \u00e1ltal vizsg\u00e1lt ter\u00fcletein p\u00e9ld\u00e1ul 6 sz\u00e1zal\u00e9kkal n\u0151ttek az ar\u00e1nyok a vizsg\u00e1lt id\u0151szakban.<\/p>\n<p>A jelent\u00e9sb\u0151l az is kider\u00fclt, hogy a gazdag orsz\u00e1gokban csaknem h\u00e1romszor annyi f\u00e9rfi hal meg \u00f6ngyilkoss\u00e1g miatt, mint n\u0151, m\u00edg az alacsony \u00e9s k\u00f6zepes j\u00f6vedelm\u0171 orsz\u00e1gokban az ar\u00e1nyok j\u00f3val hasonl\u00f3bbak.<\/p>\n<blockquote>\n<p>Az \u00f6ngyilkoss\u00e1gok megel\u0151zhet\u0151k, ez\u00e9rt minden orsz\u00e1got arra buzd\u00edtunk, hogy \u00e9p\u00edtsen bele az \u00f6ngyilkoss\u00e1gok megel\u0151z\u00e9s\u00e9t c\u00e9lz\u00f3 tev\u00e9kenys\u00e9geket a k\u00f6zeg\u00e9szs\u00e9g\u00fcgyi \u00e9s oktat\u00e1si rendszer\u00e9be<\/p>\n<\/blockquote>\n<p>\u2013 hangs\u00falyozta Tedros Adhanom Ghebreyesus, a WHO f\u0151igazgat\u00f3ja.<\/p>\n<p>A vil\u00e1gszervezet szerint a rovarirt\u00f3khoz val\u00f3 hozz\u00e1f\u00e9r\u00e9s szigor\u00edt\u00e1sa az egyik leghat\u00e9konyabb m\u00f3dja az \u00f6ngyilkoss\u00e1gok visszaszor\u00edt\u00e1s\u00e1nak.<\/p>\n<p>A WHO Sr\u00ed Lank\u00e1n v\u00e9gzett tanulm\u00e1nyokat id\u00e9zve mutatott r\u00e1, hogy a rovarirt\u00f3k betilt\u00e1sa nyom\u00e1n 70 sz\u00e1zal\u00e9kkal cs\u00f6kkent az \u00f6ngyilkoss\u00e1gok sz\u00e1ma a szigetorsz\u00e1gban, amivel a becsl\u00e9sek szerint 93 ezer ember\u00e9letet \u00f3vtak meg 1995 \u00e9s 2015 k\u00f6z\u00f6tt.<\/p>\n<\/p><\/div>\n<p><script>\n    window.fbAsyncInit = function() {\n        FB.init({\n            appId      : \"204760236815359\",\n            xfbml      : true,\n            version    : \"v2.12\"\n        });\n        FB.AppEvents.logPageView();\n    };<\/p>\n<p>    (function(d, s, id){\n        var js, fjs = d.getElementsByTagName(s)[0];\n        if (d.getElementById(id)) {return;}\n        js = d.createElement(s); js.id = id;\n        js.src = \"http:\/\/connect.facebook.net\/hu_HU\/sdk.js\";\n        fjs.parentNode.insertBefore(js, fjs);\n    }(document, \"script\", \"facebook-jssdk\"));\n<\/script><br \/>\n<br \/>\n<!--noindex--><br \/>\n<a href=\"https:\/\/www.vg.hu\/mozaik\/who-minden-negyvenedik-masodpercre-jut-egy-ongyilkossag-a-vilagon-1737382\/\" rel=\"nofollow\">Source link <\/a><br \/>\n<!--\/noindex--><\/p>\n","protected":false},"excerpt":{"rendered":"<p>Minden negyvenedik m\u00e1sodpercben \u00f6nkez\u00e9vel v\u00e9get vet valaki az \u00e9let\u00e9nek a vil\u00e1gon \u2013 der\u00fclt ki az Eg\u00e9szs\u00e9g\u00fcgyi Vil\u00e1gszervezet (WHO) h\u00e9tf\u0151n k\u00f6zz\u00e9tett jelent\u00e9s\u00e9b\u0151l, amely szerint \u00e9vente t\u00f6bb ember hal meg \u00f6ngyilkoss\u00e1g miatt, mint h\u00e1bor\u00faban. A szervezet szerint az \u00f6ngyilkoss\u00e1g \u201eglob\u00e1lis eg\u00e9szs\u00e9g\u00fcgyi k\u00e9rd\u00e9s\u201d, amely minden korcsoportot, nemet \u00e9s r\u00e9gi\u00f3t \u00e9rint. A mutat\u00f3k szerint az \u00f6ngyilkoss\u00e1g a m\u00e1sodik leggyakoribb [&hellip;]<\/p>\n","protected":false},"author":2,"featured_media":300,"comment_status":"open","ping_status":"open","sticky":false,"template":"","format":"standard","meta":{"footnotes":""},"categories":[1],"tags":[],"class_list":["post-9084","post","type-post","status-publish","format-standard","has-post-thumbnail","hentry","category-penzugyi-hirek"],"yoast_head":"<!-- This site is optimized with the Yoast SEO plugin v27.4 - https:\/\/yoast.com\/product\/yoast-seo-wordpress\/ -->\n<title>WHO: minden negyvenedik m\u00e1sodpercre jut egy \u00f6ngyilkoss\u00e1g a vil\u00e1gon - Super News<\/title>\n<meta name=\"robots\" content=\"index, follow, max-snippet:-1, max-image-preview:large, max-video-preview:-1\" \/>\n<link rel=\"canonical\" href=\"https:\/\/super-news.info\/hu\/who-minden-negyvenedik-masodpercre-jut-egy-ongyilkossag-a-vilagon\/\" \/>\n<meta property=\"og:locale\" content=\"hu_HU\" \/>\n<meta property=\"og:type\" content=\"article\" \/>\n<meta property=\"og:title\" content=\"WHO: minden negyvenedik m\u00e1sodpercre jut egy \u00f6ngyilkoss\u00e1g a vil\u00e1gon - Super News\" \/>\n<meta property=\"og:description\" content=\"Minden negyvenedik m\u00e1sodpercben \u00f6nkez\u00e9vel v\u00e9get vet valaki az \u00e9let\u00e9nek a vil\u00e1gon \u2013 der\u00fclt ki az Eg\u00e9szs\u00e9g\u00fcgyi Vil\u00e1gszervezet (WHO) h\u00e9tf\u0151n k\u00f6zz\u00e9tett jelent\u00e9s\u00e9b\u0151l, amely szerint \u00e9vente t\u00f6bb ember hal meg \u00f6ngyilkoss\u00e1g miatt, mint h\u00e1bor\u00faban. A szervezet szerint az \u00f6ngyilkoss\u00e1g \u201eglob\u00e1lis eg\u00e9szs\u00e9g\u00fcgyi k\u00e9rd\u00e9s\u201d, amely minden korcsoportot, nemet \u00e9s r\u00e9gi\u00f3t \u00e9rint. A mutat\u00f3k szerint az \u00f6ngyilkoss\u00e1g a m\u00e1sodik leggyakoribb [&hellip;]\" \/>\n<meta property=\"og:url\" content=\"https:\/\/super-news.info\/hu\/who-minden-negyvenedik-masodpercre-jut-egy-ongyilkossag-a-vilagon\/\" \/>\n<meta property=\"og:site_name\" content=\"Super News\" \/>\n<meta property=\"article:published_time\" content=\"2019-09-09T19:14:12+00:00\" \/>\n<meta property=\"og:image\" content=\"https:\/\/super-news.info\/hu\/wp-content\/uploads\/sites\/3\/2019\/04\/V\u00e1ltoz\u00f3-k\u00e9pet-mutat-az-eur\u00f3pai-keresked\u00e9s.png\" \/>\n\t<meta property=\"og:image:width\" content=\"1400\" \/>\n\t<meta property=\"og:image:height\" content=\"900\" \/>\n\t<meta property=\"og:image:type\" content=\"image\/png\" \/>\n<meta name=\"author\" content=\"super-news\" \/>\n<meta name=\"twitter:card\" content=\"summary_large_image\" \/>\n<meta name=\"twitter:label1\" content=\"Szerz\u0151:\" \/>\n\t<meta name=\"twitter:data1\" content=\"super-news\" \/>\n\t<meta name=\"twitter:label2\" content=\"Becs\u00fclt olvas\u00e1si id\u0151\" \/>\n\t<meta name=\"twitter:data2\" content=\"2 perc\" \/>\n<script type=\"application\/ld+json\" class=\"yoast-schema-graph\">{\"@context\":\"https:\\\/\\\/schema.org\",\"@graph\":[{\"@type\":\"Article\",\"@id\":\"https:\\\/\\\/super-news.info\\\/hu\\\/who-minden-negyvenedik-masodpercre-jut-egy-ongyilkossag-a-vilagon\\\/#article\",\"isPartOf\":{\"@id\":\"https:\\\/\\\/super-news.info\\\/hu\\\/who-minden-negyvenedik-masodpercre-jut-egy-ongyilkossag-a-vilagon\\\/\"},\"author\":{\"name\":\"super-news\",\"@id\":\"https:\\\/\\\/super-news.info\\\/hu\\\/#\\\/schema\\\/person\\\/2d4068cb2f39cd10008c2fce578a7356\"},\"headline\":\"WHO: minden negyvenedik m\u00e1sodpercre jut egy \u00f6ngyilkoss\u00e1g a vil\u00e1gon\",\"datePublished\":\"2019-09-09T19:14:12+00:00\",\"mainEntityOfPage\":{\"@id\":\"https:\\\/\\\/super-news.info\\\/hu\\\/who-minden-negyvenedik-masodpercre-jut-egy-ongyilkossag-a-vilagon\\\/\"},\"wordCount\":432,\"commentCount\":0,\"image\":{\"@id\":\"https:\\\/\\\/super-news.info\\\/hu\\\/who-minden-negyvenedik-masodpercre-jut-egy-ongyilkossag-a-vilagon\\\/#primaryimage\"},\"thumbnailUrl\":\"https:\\\/\\\/super-news.info\\\/hu\\\/wp-content\\\/uploads\\\/sites\\\/3\\\/2019\\\/04\\\/V\u00e1ltoz\u00f3-k\u00e9pet-mutat-az-eur\u00f3pai-keresked\u00e9s.png\",\"articleSection\":[\"P\u00c9NZ\u00dcGYI H\u00cdREK\"],\"inLanguage\":\"hu\",\"potentialAction\":[{\"@type\":\"CommentAction\",\"name\":\"Comment\",\"target\":[\"https:\\\/\\\/super-news.info\\\/hu\\\/who-minden-negyvenedik-masodpercre-jut-egy-ongyilkossag-a-vilagon\\\/#respond\"]}]},{\"@type\":\"WebPage\",\"@id\":\"https:\\\/\\\/super-news.info\\\/hu\\\/who-minden-negyvenedik-masodpercre-jut-egy-ongyilkossag-a-vilagon\\\/\",\"url\":\"https:\\\/\\\/super-news.info\\\/hu\\\/who-minden-negyvenedik-masodpercre-jut-egy-ongyilkossag-a-vilagon\\\/\",\"name\":\"WHO: minden negyvenedik m\u00e1sodpercre jut egy \u00f6ngyilkoss\u00e1g a vil\u00e1gon - Super News\",\"isPartOf\":{\"@id\":\"https:\\\/\\\/super-news.info\\\/hu\\\/#website\"},\"primaryImageOfPage\":{\"@id\":\"https:\\\/\\\/super-news.info\\\/hu\\\/who-minden-negyvenedik-masodpercre-jut-egy-ongyilkossag-a-vilagon\\\/#primaryimage\"},\"image\":{\"@id\":\"https:\\\/\\\/super-news.info\\\/hu\\\/who-minden-negyvenedik-masodpercre-jut-egy-ongyilkossag-a-vilagon\\\/#primaryimage\"},\"thumbnailUrl\":\"https:\\\/\\\/super-news.info\\\/hu\\\/wp-content\\\/uploads\\\/sites\\\/3\\\/2019\\\/04\\\/V\u00e1ltoz\u00f3-k\u00e9pet-mutat-az-eur\u00f3pai-keresked\u00e9s.png\",\"datePublished\":\"2019-09-09T19:14:12+00:00\",\"author\":{\"@id\":\"https:\\\/\\\/super-news.info\\\/hu\\\/#\\\/schema\\\/person\\\/2d4068cb2f39cd10008c2fce578a7356\"},\"breadcrumb\":{\"@id\":\"https:\\\/\\\/super-news.info\\\/hu\\\/who-minden-negyvenedik-masodpercre-jut-egy-ongyilkossag-a-vilagon\\\/#breadcrumb\"},\"inLanguage\":\"hu\",\"potentialAction\":[{\"@type\":\"ReadAction\",\"target\":[\"https:\\\/\\\/super-news.info\\\/hu\\\/who-minden-negyvenedik-masodpercre-jut-egy-ongyilkossag-a-vilagon\\\/\"]}]},{\"@type\":\"ImageObject\",\"inLanguage\":\"hu\",\"@id\":\"https:\\\/\\\/super-news.info\\\/hu\\\/who-minden-negyvenedik-masodpercre-jut-egy-ongyilkossag-a-vilagon\\\/#primaryimage\",\"url\":\"https:\\\/\\\/super-news.info\\\/hu\\\/wp-content\\\/uploads\\\/sites\\\/3\\\/2019\\\/04\\\/V\u00e1ltoz\u00f3-k\u00e9pet-mutat-az-eur\u00f3pai-keresked\u00e9s.png\",\"contentUrl\":\"https:\\\/\\\/super-news.info\\\/hu\\\/wp-content\\\/uploads\\\/sites\\\/3\\\/2019\\\/04\\\/V\u00e1ltoz\u00f3-k\u00e9pet-mutat-az-eur\u00f3pai-keresked\u00e9s.png\",\"width\":1400,\"height\":900,\"caption\":\"V\u00e1ltoz\u00f3 k\u00e9pet mutat az eur\u00f3pai keresked\u00e9s\"},{\"@type\":\"BreadcrumbList\",\"@id\":\"https:\\\/\\\/super-news.info\\\/hu\\\/who-minden-negyvenedik-masodpercre-jut-egy-ongyilkossag-a-vilagon\\\/#breadcrumb\",\"itemListElement\":[{\"@type\":\"ListItem\",\"position\":1,\"name\":\"\u0413\u043b\u0430\u0432\u043d\u0430\u044f \u0441\u0442\u0440\u0430\u043d\u0438\u0446\u0430\",\"item\":\"https:\\\/\\\/super-news.info\\\/hu\\\/\"},{\"@type\":\"ListItem\",\"position\":2,\"name\":\"WHO: minden negyvenedik m\u00e1sodpercre jut egy \u00f6ngyilkoss\u00e1g a vil\u00e1gon\"}]},{\"@type\":\"WebSite\",\"@id\":\"https:\\\/\\\/super-news.info\\\/hu\\\/#website\",\"url\":\"https:\\\/\\\/super-news.info\\\/hu\\\/\",\"name\":\"Super News\",\"description\":\"Super News Magyarorsz\u00e1g\",\"potentialAction\":[{\"@type\":\"SearchAction\",\"target\":{\"@type\":\"EntryPoint\",\"urlTemplate\":\"https:\\\/\\\/super-news.info\\\/hu\\\/?s={search_term_string}\"},\"query-input\":{\"@type\":\"PropertyValueSpecification\",\"valueRequired\":true,\"valueName\":\"search_term_string\"}}],\"inLanguage\":\"hu\"},{\"@type\":\"Person\",\"@id\":\"https:\\\/\\\/super-news.info\\\/hu\\\/#\\\/schema\\\/person\\\/2d4068cb2f39cd10008c2fce578a7356\",\"name\":\"super-news\",\"image\":{\"@type\":\"ImageObject\",\"inLanguage\":\"hu\",\"@id\":\"https:\\\/\\\/secure.gravatar.com\\\/avatar\\\/64ebac40b93f26a154f8a9b5b6fdccfc46f442b26b3dd6756dbff3bf9dc76fd7?s=96&d=mm&r=g\",\"url\":\"https:\\\/\\\/secure.gravatar.com\\\/avatar\\\/64ebac40b93f26a154f8a9b5b6fdccfc46f442b26b3dd6756dbff3bf9dc76fd7?s=96&d=mm&r=g\",\"contentUrl\":\"https:\\\/\\\/secure.gravatar.com\\\/avatar\\\/64ebac40b93f26a154f8a9b5b6fdccfc46f442b26b3dd6756dbff3bf9dc76fd7?s=96&d=mm&r=g\",\"caption\":\"super-news\"},\"url\":\"https:\\\/\\\/super-news.info\\\/hu\\\/author\\\/pt\\\/\"}]}<\/script>\n<!-- \/ Yoast SEO plugin. -->","yoast_head_json":{"title":"WHO: minden negyvenedik m\u00e1sodpercre jut egy \u00f6ngyilkoss\u00e1g a vil\u00e1gon - Super News","robots":{"index":"index","follow":"follow","max-snippet":"max-snippet:-1","max-image-preview":"max-image-preview:large","max-video-preview":"max-video-preview:-1"},"canonical":"https:\/\/super-news.info\/hu\/who-minden-negyvenedik-masodpercre-jut-egy-ongyilkossag-a-vilagon\/","og_locale":"hu_HU","og_type":"article","og_title":"WHO: minden negyvenedik m\u00e1sodpercre jut egy \u00f6ngyilkoss\u00e1g a vil\u00e1gon - Super News","og_description":"Minden negyvenedik m\u00e1sodpercben \u00f6nkez\u00e9vel v\u00e9get vet valaki az \u00e9let\u00e9nek a vil\u00e1gon \u2013 der\u00fclt ki az Eg\u00e9szs\u00e9g\u00fcgyi Vil\u00e1gszervezet (WHO) h\u00e9tf\u0151n k\u00f6zz\u00e9tett jelent\u00e9s\u00e9b\u0151l, amely szerint \u00e9vente t\u00f6bb ember hal meg \u00f6ngyilkoss\u00e1g miatt, mint h\u00e1bor\u00faban. A szervezet szerint az \u00f6ngyilkoss\u00e1g \u201eglob\u00e1lis eg\u00e9szs\u00e9g\u00fcgyi k\u00e9rd\u00e9s\u201d, amely minden korcsoportot, nemet \u00e9s r\u00e9gi\u00f3t \u00e9rint. A mutat\u00f3k szerint az \u00f6ngyilkoss\u00e1g a m\u00e1sodik leggyakoribb [&hellip;]","og_url":"https:\/\/super-news.info\/hu\/who-minden-negyvenedik-masodpercre-jut-egy-ongyilkossag-a-vilagon\/","og_site_name":"Super News","article_published_time":"2019-09-09T19:14:12+00:00","og_image":[{"width":1400,"height":900,"url":"https:\/\/super-news.info\/hu\/wp-content\/uploads\/sites\/3\/2019\/04\/V\u00e1ltoz\u00f3-k\u00e9pet-mutat-az-eur\u00f3pai-keresked\u00e9s.png","type":"image\/png"}],"author":"super-news","twitter_card":"summary_large_image","twitter_misc":{"Szerz\u0151:":"super-news","Becs\u00fclt olvas\u00e1si id\u0151":"2 perc"},"schema":{"@context":"https:\/\/schema.org","@graph":[{"@type":"Article","@id":"https:\/\/super-news.info\/hu\/who-minden-negyvenedik-masodpercre-jut-egy-ongyilkossag-a-vilagon\/#article","isPartOf":{"@id":"https:\/\/super-news.info\/hu\/who-minden-negyvenedik-masodpercre-jut-egy-ongyilkossag-a-vilagon\/"},"author":{"name":"super-news","@id":"https:\/\/super-news.info\/hu\/#\/schema\/person\/2d4068cb2f39cd10008c2fce578a7356"},"headline":"WHO: minden negyvenedik m\u00e1sodpercre jut egy \u00f6ngyilkoss\u00e1g a vil\u00e1gon","datePublished":"2019-09-09T19:14:12+00:00","mainEntityOfPage":{"@id":"https:\/\/super-news.info\/hu\/who-minden-negyvenedik-masodpercre-jut-egy-ongyilkossag-a-vilagon\/"},"wordCount":432,"commentCount":0,"image":{"@id":"https:\/\/super-news.info\/hu\/who-minden-negyvenedik-masodpercre-jut-egy-ongyilkossag-a-vilagon\/#primaryimage"},"thumbnailUrl":"https:\/\/super-news.info\/hu\/wp-content\/uploads\/sites\/3\/2019\/04\/V\u00e1ltoz\u00f3-k\u00e9pet-mutat-az-eur\u00f3pai-keresked\u00e9s.png","articleSection":["P\u00c9NZ\u00dcGYI H\u00cdREK"],"inLanguage":"hu","potentialAction":[{"@type":"CommentAction","name":"Comment","target":["https:\/\/super-news.info\/hu\/who-minden-negyvenedik-masodpercre-jut-egy-ongyilkossag-a-vilagon\/#respond"]}]},{"@type":"WebPage","@id":"https:\/\/super-news.info\/hu\/who-minden-negyvenedik-masodpercre-jut-egy-ongyilkossag-a-vilagon\/","url":"https:\/\/super-news.info\/hu\/who-minden-negyvenedik-masodpercre-jut-egy-ongyilkossag-a-vilagon\/","name":"WHO: minden negyvenedik m\u00e1sodpercre jut egy \u00f6ngyilkoss\u00e1g a vil\u00e1gon - Super News","isPartOf":{"@id":"https:\/\/super-news.info\/hu\/#website"},"primaryImageOfPage":{"@id":"https:\/\/super-news.info\/hu\/who-minden-negyvenedik-masodpercre-jut-egy-ongyilkossag-a-vilagon\/#primaryimage"},"image":{"@id":"https:\/\/super-news.info\/hu\/who-minden-negyvenedik-masodpercre-jut-egy-ongyilkossag-a-vilagon\/#primaryimage"},"thumbnailUrl":"https:\/\/super-news.info\/hu\/wp-content\/uploads\/sites\/3\/2019\/04\/V\u00e1ltoz\u00f3-k\u00e9pet-mutat-az-eur\u00f3pai-keresked\u00e9s.png","datePublished":"2019-09-09T19:14:12+00:00","author":{"@id":"https:\/\/super-news.info\/hu\/#\/schema\/person\/2d4068cb2f39cd10008c2fce578a7356"},"breadcrumb":{"@id":"https:\/\/super-news.info\/hu\/who-minden-negyvenedik-masodpercre-jut-egy-ongyilkossag-a-vilagon\/#breadcrumb"},"inLanguage":"hu","potentialAction":[{"@type":"ReadAction","target":["https:\/\/super-news.info\/hu\/who-minden-negyvenedik-masodpercre-jut-egy-ongyilkossag-a-vilagon\/"]}]},{"@type":"ImageObject","inLanguage":"hu","@id":"https:\/\/super-news.info\/hu\/who-minden-negyvenedik-masodpercre-jut-egy-ongyilkossag-a-vilagon\/#primaryimage","url":"https:\/\/super-news.info\/hu\/wp-content\/uploads\/sites\/3\/2019\/04\/V\u00e1ltoz\u00f3-k\u00e9pet-mutat-az-eur\u00f3pai-keresked\u00e9s.png","contentUrl":"https:\/\/super-news.info\/hu\/wp-content\/uploads\/sites\/3\/2019\/04\/V\u00e1ltoz\u00f3-k\u00e9pet-mutat-az-eur\u00f3pai-keresked\u00e9s.png","width":1400,"height":900,"caption":"V\u00e1ltoz\u00f3 k\u00e9pet mutat az eur\u00f3pai keresked\u00e9s"},{"@type":"BreadcrumbList","@id":"https:\/\/super-news.info\/hu\/who-minden-negyvenedik-masodpercre-jut-egy-ongyilkossag-a-vilagon\/#breadcrumb","itemListElement":[{"@type":"ListItem","position":1,"name":"\u0413\u043b\u0430\u0432\u043d\u0430\u044f \u0441\u0442\u0440\u0430\u043d\u0438\u0446\u0430","item":"https:\/\/super-news.info\/hu\/"},{"@type":"ListItem","position":2,"name":"WHO: minden negyvenedik m\u00e1sodpercre jut egy \u00f6ngyilkoss\u00e1g a vil\u00e1gon"}]},{"@type":"WebSite","@id":"https:\/\/super-news.info\/hu\/#website","url":"https:\/\/super-news.info\/hu\/","name":"Super News","description":"Super News Magyarorsz\u00e1g","potentialAction":[{"@type":"SearchAction","target":{"@type":"EntryPoint","urlTemplate":"https:\/\/super-news.info\/hu\/?s={search_term_string}"},"query-input":{"@type":"PropertyValueSpecification","valueRequired":true,"valueName":"search_term_string"}}],"inLanguage":"hu"},{"@type":"Person","@id":"https:\/\/super-news.info\/hu\/#\/schema\/person\/2d4068cb2f39cd10008c2fce578a7356","name":"super-news","image":{"@type":"ImageObject","inLanguage":"hu","@id":"https:\/\/secure.gravatar.com\/avatar\/64ebac40b93f26a154f8a9b5b6fdccfc46f442b26b3dd6756dbff3bf9dc76fd7?s=96&d=mm&r=g","url":"https:\/\/secure.gravatar.com\/avatar\/64ebac40b93f26a154f8a9b5b6fdccfc46f442b26b3dd6756dbff3bf9dc76fd7?s=96&d=mm&r=g","contentUrl":"https:\/\/secure.gravatar.com\/avatar\/64ebac40b93f26a154f8a9b5b6fdccfc46f442b26b3dd6756dbff3bf9dc76fd7?s=96&d=mm&r=g","caption":"super-news"},"url":"https:\/\/super-news.info\/hu\/author\/pt\/"}]}},"_links":{"self":[{"href":"https:\/\/super-news.info\/hu\/wp-json\/wp\/v2\/posts\/9084","targetHints":{"allow":["GET"]}}],"collection":[{"href":"https:\/\/super-news.info\/hu\/wp-json\/wp\/v2\/posts"}],"about":[{"href":"https:\/\/super-news.info\/hu\/wp-json\/wp\/v2\/types\/post"}],"author":[{"embeddable":true,"href":"https:\/\/super-news.info\/hu\/wp-json\/wp\/v2\/users\/2"}],"replies":[{"embeddable":true,"href":"https:\/\/super-news.info\/hu\/wp-json\/wp\/v2\/comments?post=9084"}],"version-history":[{"count":1,"href":"https:\/\/super-news.info\/hu\/wp-json\/wp\/v2\/posts\/9084\/revisions"}],"predecessor-version":[{"id":9085,"href":"https:\/\/super-news.info\/hu\/wp-json\/wp\/v2\/posts\/9084\/revisions\/9085"}],"wp:featuredmedia":[{"embeddable":true,"href":"https:\/\/super-news.info\/hu\/wp-json\/wp\/v2\/media\/300"}],"wp:attachment":[{"href":"https:\/\/super-news.info\/hu\/wp-json\/wp\/v2\/media?parent=9084"}],"wp:term":[{"taxonomy":"category","embeddable":true,"href":"https:\/\/super-news.info\/hu\/wp-json\/wp\/v2\/categories?post=9084"},{"taxonomy":"post_tag","embeddable":true,"href":"https:\/\/super-news.info\/hu\/wp-json\/wp\/v2\/tags?post=9084"}],"curies":[{"name":"wp","href":"https:\/\/api.w.org\/{rel}","templated":true}]}}