{"id":9079,"date":"2019-09-09T20:28:27","date_gmt":"2019-09-09T17:28:27","guid":{"rendered":"https:\/\/super-news.info\/hu\/eloretor-a-renault-az-elektromos-autok-piacan\/"},"modified":"2019-09-09T20:28:29","modified_gmt":"2019-09-09T17:28:29","slug":"eloretor-a-renault-az-elektromos-autok-piacan","status":"publish","type":"post","link":"https:\/\/super-news.info\/hu\/eloretor-a-renault-az-elektromos-autok-piacan\/","title":{"rendered":"El\u0151ret\u00f6r a Renault az elektromos aut\u00f3k piac\u00e1n"},"content":{"rendered":"<p>\n\t\t\t\t\t\t\t\tKevesebb mint \u00f6t \u00e9ven bel\u00fcl el\u00e9rhet\u0151ek lesznek Eur\u00f3p\u00e1ban a 10 ezer eur\u00f3 k\u00f6r\u00fcli Renault elektromos aut\u00f3k Thierry Bollore, a j\u00e1rm\u0171gy\u00e1rt\u00f3-v\u00e1llalat vez\u00e9rigazgat\u00f3ja szerint.\t\t\t\t\t\t\t<\/p>\n<div>\n<p>\u201eDolgozunk rajta \u00e9s j\u00f3val kevesebb mint \u00f6t \u00e9ven bel\u00fcl m\u00e1r kaphat\u00f3ak lesznek Eur\u00f3p\u00e1ban ilyen (10 ezer eur\u00f3s) elektromos aut\u00f3k\u201d \u2013 jelentette ki a Renault vez\u00e9rigazgat\u00f3ja a n\u00e9met Handelsblatt lapnak adott interj\u00faban. \u201eAz elektromos aut\u00f3k \u00e1r\u00e1t drasztikusan cs\u00f6kkenteni kell. Ez elengedhetetlen\u00fcl sz\u00fcks\u00e9ges\u201d \u2013 tette hozz\u00e1.<\/p>\n<div id=\"attachment_1736455\" style=\"width: 1410px\" class=\"wp-caption aligncenter\">\n<p class=\"wp-caption-text\">Fot\u00f3: AFP<\/p>\n<\/div>\n<blockquote>\n<p>A kl\u00edmav\u00e1ltoz\u00e1ssal \u00e9s a k\u00e1rosanyag-kibocs\u00e1t\u00e1ssal kapcsolatban felvetett szempontok hal\u00e1los d\u00f6f\u00e9st adtak a d\u00edzelnek<\/p>\n<\/blockquote>\n<p>\u2013 mutatott r\u00e1, megjegyezve, hogy \u201ea nyilv\u00e1nos vita meg\u00f6lte a technol\u00f3gi\u00e1t\u201d. A tiszta d\u00edzelmotorokat pedig t\u00fals\u00e1gosan megdr\u00e1g\u00edtott\u00e1k a t\u00f6rv\u00e9nyes k\u00f6vetelm\u00e9nyek \u00e9s \u00edgy m\u00e1r \u201enehezen \u00e1llj\u00e1k a versenyt a hibrid \u00e9s elektromos hajt\u00e1ssal, k\u00fcl\u00f6n\u00f6sen a kisaut\u00f3k eset\u00e9ben\u201d. A d\u00edzelmotoroknak azonban tov\u00e1bbra is van j\u00f6v\u0151je a mez\u0151gazdas\u00e1gban \u00e9s nagy t\u00e1vols\u00e1gok megt\u00e9tel\u00e9t felt\u00e9telez\u0151 felhaszn\u00e1l\u00e1si ter\u00fcleteken \u2013 jegyezte meg a Renault vez\u00e9rigazgat\u00f3ja.<\/p>\n<\/p><\/div>\n<p><script>\n    window.fbAsyncInit = function() {\n        FB.init({\n            appId      : \"204760236815359\",\n            xfbml      : true,\n            version    : \"v2.12\"\n        });\n        FB.AppEvents.logPageView();\n    };<\/p>\n<p>    (function(d, s, id){\n        var js, fjs = d.getElementsByTagName(s)[0];\n        if (d.getElementById(id)) {return;}\n        js = d.createElement(s); js.id = id;\n        js.src = \"http:\/\/connect.facebook.net\/hu_HU\/sdk.js\";\n        fjs.parentNode.insertBefore(js, fjs);\n    }(document, \"script\", \"facebook-jssdk\"));\n<\/script><br \/>\n<br \/>\n<!--noindex--><br \/>\n<a href=\"https:\/\/www.vg.hu\/vallalatok\/vallalati-hirek\/eloretor-a-renault-az-elektromos-autok-piacan-1736449\/\" rel=\"nofollow\">Source link <\/a><br \/>\n<!--\/noindex--><\/p>\n","protected":false},"excerpt":{"rendered":"<p>Kevesebb mint \u00f6t \u00e9ven bel\u00fcl el\u00e9rhet\u0151ek lesznek Eur\u00f3p\u00e1ban a 10 ezer eur\u00f3 k\u00f6r\u00fcli Renault elektromos aut\u00f3k Thierry Bollore, a j\u00e1rm\u0171gy\u00e1rt\u00f3-v\u00e1llalat vez\u00e9rigazgat\u00f3ja szerint. \u201eDolgozunk rajta \u00e9s j\u00f3val kevesebb mint \u00f6t \u00e9ven bel\u00fcl m\u00e1r kaphat\u00f3ak lesznek Eur\u00f3p\u00e1ban ilyen (10 ezer eur\u00f3s) elektromos aut\u00f3k\u201d \u2013 jelentette ki a Renault vez\u00e9rigazgat\u00f3ja a n\u00e9met Handelsblatt lapnak adott interj\u00faban. \u201eAz elektromos [&hellip;]<\/p>\n","protected":false},"author":2,"featured_media":9080,"comment_status":"open","ping_status":"open","sticky":false,"template":"","format":"standard","meta":{"footnotes":""},"categories":[1],"tags":[],"class_list":["post-9079","post","type-post","status-publish","format-standard","has-post-thumbnail","hentry","category-penzugyi-hirek"],"yoast_head":"<!-- This site is optimized with the Yoast SEO plugin v27.4 - https:\/\/yoast.com\/product\/yoast-seo-wordpress\/ -->\n<title>El\u0151ret\u00f6r a Renault az elektromos aut\u00f3k piac\u00e1n - Super News<\/title>\n<meta name=\"robots\" content=\"index, follow, max-snippet:-1, max-image-preview:large, max-video-preview:-1\" \/>\n<link rel=\"canonical\" href=\"https:\/\/super-news.info\/hu\/eloretor-a-renault-az-elektromos-autok-piacan\/\" \/>\n<meta property=\"og:locale\" content=\"hu_HU\" \/>\n<meta property=\"og:type\" content=\"article\" \/>\n<meta property=\"og:title\" content=\"El\u0151ret\u00f6r a Renault az elektromos aut\u00f3k piac\u00e1n - Super News\" \/>\n<meta property=\"og:description\" content=\"Kevesebb mint \u00f6t \u00e9ven bel\u00fcl el\u00e9rhet\u0151ek lesznek Eur\u00f3p\u00e1ban a 10 ezer eur\u00f3 k\u00f6r\u00fcli Renault elektromos aut\u00f3k Thierry Bollore, a j\u00e1rm\u0171gy\u00e1rt\u00f3-v\u00e1llalat vez\u00e9rigazgat\u00f3ja szerint. \u201eDolgozunk rajta \u00e9s j\u00f3val kevesebb mint \u00f6t \u00e9ven bel\u00fcl m\u00e1r kaphat\u00f3ak lesznek Eur\u00f3p\u00e1ban ilyen (10 ezer eur\u00f3s) elektromos aut\u00f3k\u201d \u2013 jelentette ki a Renault vez\u00e9rigazgat\u00f3ja a n\u00e9met Handelsblatt lapnak adott interj\u00faban. \u201eAz elektromos [&hellip;]\" \/>\n<meta property=\"og:url\" content=\"https:\/\/super-news.info\/hu\/eloretor-a-renault-az-elektromos-autok-piacan\/\" \/>\n<meta property=\"og:site_name\" content=\"Super News\" \/>\n<meta property=\"article:published_time\" content=\"2019-09-09T17:28:27+00:00\" \/>\n<meta property=\"article:modified_time\" content=\"2019-09-09T17:28:29+00:00\" \/>\n<meta property=\"og:image\" content=\"https:\/\/super-news.info\/hu\/wp-content\/uploads\/sites\/3\/2019\/09\/El-ret-r-a-Renault-az-elektromos-aut-k-piac-n.jpg\" \/>\n\t<meta property=\"og:image:width\" content=\"1400\" \/>\n\t<meta property=\"og:image:height\" content=\"933\" \/>\n\t<meta property=\"og:image:type\" content=\"image\/jpeg\" \/>\n<meta name=\"author\" content=\"super-news\" \/>\n<meta name=\"twitter:card\" content=\"summary_large_image\" \/>\n<meta name=\"twitter:label1\" content=\"Szerz\u0151:\" \/>\n\t<meta name=\"twitter:data1\" content=\"super-news\" \/>\n\t<meta name=\"twitter:label2\" content=\"Becs\u00fclt olvas\u00e1si id\u0151\" \/>\n\t<meta name=\"twitter:data2\" content=\"1 perc\" \/>\n<script type=\"application\/ld+json\" class=\"yoast-schema-graph\">{\"@context\":\"https:\\\/\\\/schema.org\",\"@graph\":[{\"@type\":\"Article\",\"@id\":\"https:\\\/\\\/super-news.info\\\/hu\\\/eloretor-a-renault-az-elektromos-autok-piacan\\\/#article\",\"isPartOf\":{\"@id\":\"https:\\\/\\\/super-news.info\\\/hu\\\/eloretor-a-renault-az-elektromos-autok-piacan\\\/\"},\"author\":{\"name\":\"super-news\",\"@id\":\"https:\\\/\\\/super-news.info\\\/hu\\\/#\\\/schema\\\/person\\\/2d4068cb2f39cd10008c2fce578a7356\"},\"headline\":\"El\u0151ret\u00f6r a Renault az elektromos aut\u00f3k piac\u00e1n\",\"datePublished\":\"2019-09-09T17:28:27+00:00\",\"dateModified\":\"2019-09-09T17:28:29+00:00\",\"mainEntityOfPage\":{\"@id\":\"https:\\\/\\\/super-news.info\\\/hu\\\/eloretor-a-renault-az-elektromos-autok-piacan\\\/\"},\"wordCount\":227,\"commentCount\":0,\"image\":{\"@id\":\"https:\\\/\\\/super-news.info\\\/hu\\\/eloretor-a-renault-az-elektromos-autok-piacan\\\/#primaryimage\"},\"thumbnailUrl\":\"https:\\\/\\\/super-news.info\\\/hu\\\/wp-content\\\/uploads\\\/sites\\\/3\\\/2019\\\/09\\\/El-ret-r-a-Renault-az-elektromos-aut-k-piac-n.jpg\",\"articleSection\":[\"P\u00c9NZ\u00dcGYI H\u00cdREK\"],\"inLanguage\":\"hu\",\"potentialAction\":[{\"@type\":\"CommentAction\",\"name\":\"Comment\",\"target\":[\"https:\\\/\\\/super-news.info\\\/hu\\\/eloretor-a-renault-az-elektromos-autok-piacan\\\/#respond\"]}]},{\"@type\":\"WebPage\",\"@id\":\"https:\\\/\\\/super-news.info\\\/hu\\\/eloretor-a-renault-az-elektromos-autok-piacan\\\/\",\"url\":\"https:\\\/\\\/super-news.info\\\/hu\\\/eloretor-a-renault-az-elektromos-autok-piacan\\\/\",\"name\":\"El\u0151ret\u00f6r a Renault az elektromos aut\u00f3k piac\u00e1n - Super News\",\"isPartOf\":{\"@id\":\"https:\\\/\\\/super-news.info\\\/hu\\\/#website\"},\"primaryImageOfPage\":{\"@id\":\"https:\\\/\\\/super-news.info\\\/hu\\\/eloretor-a-renault-az-elektromos-autok-piacan\\\/#primaryimage\"},\"image\":{\"@id\":\"https:\\\/\\\/super-news.info\\\/hu\\\/eloretor-a-renault-az-elektromos-autok-piacan\\\/#primaryimage\"},\"thumbnailUrl\":\"https:\\\/\\\/super-news.info\\\/hu\\\/wp-content\\\/uploads\\\/sites\\\/3\\\/2019\\\/09\\\/El-ret-r-a-Renault-az-elektromos-aut-k-piac-n.jpg\",\"datePublished\":\"2019-09-09T17:28:27+00:00\",\"dateModified\":\"2019-09-09T17:28:29+00:00\",\"author\":{\"@id\":\"https:\\\/\\\/super-news.info\\\/hu\\\/#\\\/schema\\\/person\\\/2d4068cb2f39cd10008c2fce578a7356\"},\"breadcrumb\":{\"@id\":\"https:\\\/\\\/super-news.info\\\/hu\\\/eloretor-a-renault-az-elektromos-autok-piacan\\\/#breadcrumb\"},\"inLanguage\":\"hu\",\"potentialAction\":[{\"@type\":\"ReadAction\",\"target\":[\"https:\\\/\\\/super-news.info\\\/hu\\\/eloretor-a-renault-az-elektromos-autok-piacan\\\/\"]}]},{\"@type\":\"ImageObject\",\"inLanguage\":\"hu\",\"@id\":\"https:\\\/\\\/super-news.info\\\/hu\\\/eloretor-a-renault-az-elektromos-autok-piacan\\\/#primaryimage\",\"url\":\"https:\\\/\\\/super-news.info\\\/hu\\\/wp-content\\\/uploads\\\/sites\\\/3\\\/2019\\\/09\\\/El-ret-r-a-Renault-az-elektromos-aut-k-piac-n.jpg\",\"contentUrl\":\"https:\\\/\\\/super-news.info\\\/hu\\\/wp-content\\\/uploads\\\/sites\\\/3\\\/2019\\\/09\\\/El-ret-r-a-Renault-az-elektromos-aut-k-piac-n.jpg\",\"width\":1400,\"height\":933,\"caption\":\"El\u0151ret\u00f6r a Renault az elektromos aut\u00f3k piac\u00e1n\"},{\"@type\":\"BreadcrumbList\",\"@id\":\"https:\\\/\\\/super-news.info\\\/hu\\\/eloretor-a-renault-az-elektromos-autok-piacan\\\/#breadcrumb\",\"itemListElement\":[{\"@type\":\"ListItem\",\"position\":1,\"name\":\"\u0413\u043b\u0430\u0432\u043d\u0430\u044f \u0441\u0442\u0440\u0430\u043d\u0438\u0446\u0430\",\"item\":\"https:\\\/\\\/super-news.info\\\/hu\\\/\"},{\"@type\":\"ListItem\",\"position\":2,\"name\":\"El\u0151ret\u00f6r a Renault az elektromos aut\u00f3k piac\u00e1n\"}]},{\"@type\":\"WebSite\",\"@id\":\"https:\\\/\\\/super-news.info\\\/hu\\\/#website\",\"url\":\"https:\\\/\\\/super-news.info\\\/hu\\\/\",\"name\":\"Super News\",\"description\":\"Super News Magyarorsz\u00e1g\",\"potentialAction\":[{\"@type\":\"SearchAction\",\"target\":{\"@type\":\"EntryPoint\",\"urlTemplate\":\"https:\\\/\\\/super-news.info\\\/hu\\\/?s={search_term_string}\"},\"query-input\":{\"@type\":\"PropertyValueSpecification\",\"valueRequired\":true,\"valueName\":\"search_term_string\"}}],\"inLanguage\":\"hu\"},{\"@type\":\"Person\",\"@id\":\"https:\\\/\\\/super-news.info\\\/hu\\\/#\\\/schema\\\/person\\\/2d4068cb2f39cd10008c2fce578a7356\",\"name\":\"super-news\",\"image\":{\"@type\":\"ImageObject\",\"inLanguage\":\"hu\",\"@id\":\"https:\\\/\\\/secure.gravatar.com\\\/avatar\\\/64ebac40b93f26a154f8a9b5b6fdccfc46f442b26b3dd6756dbff3bf9dc76fd7?s=96&d=mm&r=g\",\"url\":\"https:\\\/\\\/secure.gravatar.com\\\/avatar\\\/64ebac40b93f26a154f8a9b5b6fdccfc46f442b26b3dd6756dbff3bf9dc76fd7?s=96&d=mm&r=g\",\"contentUrl\":\"https:\\\/\\\/secure.gravatar.com\\\/avatar\\\/64ebac40b93f26a154f8a9b5b6fdccfc46f442b26b3dd6756dbff3bf9dc76fd7?s=96&d=mm&r=g\",\"caption\":\"super-news\"},\"url\":\"https:\\\/\\\/super-news.info\\\/hu\\\/author\\\/pt\\\/\"}]}<\/script>\n<!-- \/ Yoast SEO plugin. -->","yoast_head_json":{"title":"El\u0151ret\u00f6r a Renault az elektromos aut\u00f3k piac\u00e1n - Super News","robots":{"index":"index","follow":"follow","max-snippet":"max-snippet:-1","max-image-preview":"max-image-preview:large","max-video-preview":"max-video-preview:-1"},"canonical":"https:\/\/super-news.info\/hu\/eloretor-a-renault-az-elektromos-autok-piacan\/","og_locale":"hu_HU","og_type":"article","og_title":"El\u0151ret\u00f6r a Renault az elektromos aut\u00f3k piac\u00e1n - Super News","og_description":"Kevesebb mint \u00f6t \u00e9ven bel\u00fcl el\u00e9rhet\u0151ek lesznek Eur\u00f3p\u00e1ban a 10 ezer eur\u00f3 k\u00f6r\u00fcli Renault elektromos aut\u00f3k Thierry Bollore, a j\u00e1rm\u0171gy\u00e1rt\u00f3-v\u00e1llalat vez\u00e9rigazgat\u00f3ja szerint. \u201eDolgozunk rajta \u00e9s j\u00f3val kevesebb mint \u00f6t \u00e9ven bel\u00fcl m\u00e1r kaphat\u00f3ak lesznek Eur\u00f3p\u00e1ban ilyen (10 ezer eur\u00f3s) elektromos aut\u00f3k\u201d \u2013 jelentette ki a Renault vez\u00e9rigazgat\u00f3ja a n\u00e9met Handelsblatt lapnak adott interj\u00faban. \u201eAz elektromos [&hellip;]","og_url":"https:\/\/super-news.info\/hu\/eloretor-a-renault-az-elektromos-autok-piacan\/","og_site_name":"Super News","article_published_time":"2019-09-09T17:28:27+00:00","article_modified_time":"2019-09-09T17:28:29+00:00","og_image":[{"width":1400,"height":933,"url":"https:\/\/super-news.info\/hu\/wp-content\/uploads\/sites\/3\/2019\/09\/El-ret-r-a-Renault-az-elektromos-aut-k-piac-n.jpg","type":"image\/jpeg"}],"author":"super-news","twitter_card":"summary_large_image","twitter_misc":{"Szerz\u0151:":"super-news","Becs\u00fclt olvas\u00e1si id\u0151":"1 perc"},"schema":{"@context":"https:\/\/schema.org","@graph":[{"@type":"Article","@id":"https:\/\/super-news.info\/hu\/eloretor-a-renault-az-elektromos-autok-piacan\/#article","isPartOf":{"@id":"https:\/\/super-news.info\/hu\/eloretor-a-renault-az-elektromos-autok-piacan\/"},"author":{"name":"super-news","@id":"https:\/\/super-news.info\/hu\/#\/schema\/person\/2d4068cb2f39cd10008c2fce578a7356"},"headline":"El\u0151ret\u00f6r a Renault az elektromos aut\u00f3k piac\u00e1n","datePublished":"2019-09-09T17:28:27+00:00","dateModified":"2019-09-09T17:28:29+00:00","mainEntityOfPage":{"@id":"https:\/\/super-news.info\/hu\/eloretor-a-renault-az-elektromos-autok-piacan\/"},"wordCount":227,"commentCount":0,"image":{"@id":"https:\/\/super-news.info\/hu\/eloretor-a-renault-az-elektromos-autok-piacan\/#primaryimage"},"thumbnailUrl":"https:\/\/super-news.info\/hu\/wp-content\/uploads\/sites\/3\/2019\/09\/El-ret-r-a-Renault-az-elektromos-aut-k-piac-n.jpg","articleSection":["P\u00c9NZ\u00dcGYI H\u00cdREK"],"inLanguage":"hu","potentialAction":[{"@type":"CommentAction","name":"Comment","target":["https:\/\/super-news.info\/hu\/eloretor-a-renault-az-elektromos-autok-piacan\/#respond"]}]},{"@type":"WebPage","@id":"https:\/\/super-news.info\/hu\/eloretor-a-renault-az-elektromos-autok-piacan\/","url":"https:\/\/super-news.info\/hu\/eloretor-a-renault-az-elektromos-autok-piacan\/","name":"El\u0151ret\u00f6r a Renault az elektromos aut\u00f3k piac\u00e1n - Super News","isPartOf":{"@id":"https:\/\/super-news.info\/hu\/#website"},"primaryImageOfPage":{"@id":"https:\/\/super-news.info\/hu\/eloretor-a-renault-az-elektromos-autok-piacan\/#primaryimage"},"image":{"@id":"https:\/\/super-news.info\/hu\/eloretor-a-renault-az-elektromos-autok-piacan\/#primaryimage"},"thumbnailUrl":"https:\/\/super-news.info\/hu\/wp-content\/uploads\/sites\/3\/2019\/09\/El-ret-r-a-Renault-az-elektromos-aut-k-piac-n.jpg","datePublished":"2019-09-09T17:28:27+00:00","dateModified":"2019-09-09T17:28:29+00:00","author":{"@id":"https:\/\/super-news.info\/hu\/#\/schema\/person\/2d4068cb2f39cd10008c2fce578a7356"},"breadcrumb":{"@id":"https:\/\/super-news.info\/hu\/eloretor-a-renault-az-elektromos-autok-piacan\/#breadcrumb"},"inLanguage":"hu","potentialAction":[{"@type":"ReadAction","target":["https:\/\/super-news.info\/hu\/eloretor-a-renault-az-elektromos-autok-piacan\/"]}]},{"@type":"ImageObject","inLanguage":"hu","@id":"https:\/\/super-news.info\/hu\/eloretor-a-renault-az-elektromos-autok-piacan\/#primaryimage","url":"https:\/\/super-news.info\/hu\/wp-content\/uploads\/sites\/3\/2019\/09\/El-ret-r-a-Renault-az-elektromos-aut-k-piac-n.jpg","contentUrl":"https:\/\/super-news.info\/hu\/wp-content\/uploads\/sites\/3\/2019\/09\/El-ret-r-a-Renault-az-elektromos-aut-k-piac-n.jpg","width":1400,"height":933,"caption":"El\u0151ret\u00f6r a Renault az elektromos aut\u00f3k piac\u00e1n"},{"@type":"BreadcrumbList","@id":"https:\/\/super-news.info\/hu\/eloretor-a-renault-az-elektromos-autok-piacan\/#breadcrumb","itemListElement":[{"@type":"ListItem","position":1,"name":"\u0413\u043b\u0430\u0432\u043d\u0430\u044f \u0441\u0442\u0440\u0430\u043d\u0438\u0446\u0430","item":"https:\/\/super-news.info\/hu\/"},{"@type":"ListItem","position":2,"name":"El\u0151ret\u00f6r a Renault az elektromos aut\u00f3k piac\u00e1n"}]},{"@type":"WebSite","@id":"https:\/\/super-news.info\/hu\/#website","url":"https:\/\/super-news.info\/hu\/","name":"Super News","description":"Super News Magyarorsz\u00e1g","potentialAction":[{"@type":"SearchAction","target":{"@type":"EntryPoint","urlTemplate":"https:\/\/super-news.info\/hu\/?s={search_term_string}"},"query-input":{"@type":"PropertyValueSpecification","valueRequired":true,"valueName":"search_term_string"}}],"inLanguage":"hu"},{"@type":"Person","@id":"https:\/\/super-news.info\/hu\/#\/schema\/person\/2d4068cb2f39cd10008c2fce578a7356","name":"super-news","image":{"@type":"ImageObject","inLanguage":"hu","@id":"https:\/\/secure.gravatar.com\/avatar\/64ebac40b93f26a154f8a9b5b6fdccfc46f442b26b3dd6756dbff3bf9dc76fd7?s=96&d=mm&r=g","url":"https:\/\/secure.gravatar.com\/avatar\/64ebac40b93f26a154f8a9b5b6fdccfc46f442b26b3dd6756dbff3bf9dc76fd7?s=96&d=mm&r=g","contentUrl":"https:\/\/secure.gravatar.com\/avatar\/64ebac40b93f26a154f8a9b5b6fdccfc46f442b26b3dd6756dbff3bf9dc76fd7?s=96&d=mm&r=g","caption":"super-news"},"url":"https:\/\/super-news.info\/hu\/author\/pt\/"}]}},"_links":{"self":[{"href":"https:\/\/super-news.info\/hu\/wp-json\/wp\/v2\/posts\/9079","targetHints":{"allow":["GET"]}}],"collection":[{"href":"https:\/\/super-news.info\/hu\/wp-json\/wp\/v2\/posts"}],"about":[{"href":"https:\/\/super-news.info\/hu\/wp-json\/wp\/v2\/types\/post"}],"author":[{"embeddable":true,"href":"https:\/\/super-news.info\/hu\/wp-json\/wp\/v2\/users\/2"}],"replies":[{"embeddable":true,"href":"https:\/\/super-news.info\/hu\/wp-json\/wp\/v2\/comments?post=9079"}],"version-history":[{"count":1,"href":"https:\/\/super-news.info\/hu\/wp-json\/wp\/v2\/posts\/9079\/revisions"}],"predecessor-version":[{"id":9081,"href":"https:\/\/super-news.info\/hu\/wp-json\/wp\/v2\/posts\/9079\/revisions\/9081"}],"wp:featuredmedia":[{"embeddable":true,"href":"https:\/\/super-news.info\/hu\/wp-json\/wp\/v2\/media\/9080"}],"wp:attachment":[{"href":"https:\/\/super-news.info\/hu\/wp-json\/wp\/v2\/media?parent=9079"}],"wp:term":[{"taxonomy":"category","embeddable":true,"href":"https:\/\/super-news.info\/hu\/wp-json\/wp\/v2\/categories?post=9079"},{"taxonomy":"post_tag","embeddable":true,"href":"https:\/\/super-news.info\/hu\/wp-json\/wp\/v2\/tags?post=9079"}],"curies":[{"name":"wp","href":"https:\/\/api.w.org\/{rel}","templated":true}]}}