{"id":9026,"date":"2019-09-08T19:25:03","date_gmt":"2019-09-08T16:25:03","guid":{"rendered":"https:\/\/super-news.info\/hu\/kijev-a-nemzetkozi-nyomas-noveleset-surgeti-oroszorszagra\/"},"modified":"2019-09-08T19:25:04","modified_gmt":"2019-09-08T16:25:04","slug":"kijev-a-nemzetkozi-nyomas-noveleset-surgeti-oroszorszagra","status":"publish","type":"post","link":"https:\/\/super-news.info\/hu\/kijev-a-nemzetkozi-nyomas-noveleset-surgeti-oroszorszagra\/","title":{"rendered":"Kijev a nemzetk\u00f6zi nyom\u00e1s n\u00f6vel\u00e9s\u00e9t s\u00fcrgeti Oroszorsz\u00e1gra"},"content":{"rendered":"<p>\n\t\t\t\t\t\t\t\tA kijevi k\u00fcl\u00fcgyminiszt\u00e9rium felsz\u00f3l\u00edtotta Ukrajna nemzetk\u00f6zi partnereit, hogy n\u00f6velj\u00e9k a nyom\u00e1st Oroszorsz\u00e1gra a Kr\u00edm f\u00e9lszigeten vas\u00e1rnap tartott helyhat\u00f3s\u00e1gi v\u00e1laszt\u00e1sok miatt.\t\t\t\t\t\t\t<\/p>\n<div>\n<p>A miniszt\u00e9rium \u00fagy fogalmazott, hogy a v\u00e1laszt\u00e1sokat t\u00f6rv\u00e9nytelen\u00fcl rendezt\u00e9k meg az Oroszorsz\u00e1g \u00e1ltal 2014-ben annekt\u00e1lt f\u00e9lszigeten.<\/p>\n<p>A nemzetk\u00f6zi jog Moszkva \u00e1ltali \u00fajabb megs\u00e9rt\u00e9se azt bizony\u00edtja, hogy nem el\u00e9g fenntartani, hanem er\u0151s\u00edteni kell az Oroszorsz\u00e1gra gyakorolt nemzetk\u00f6zi politikai \u00e9s gazdas\u00e1gi nyom\u00e1st Ukrajna ter\u00fcleti integrit\u00e1s\u00e1nak helyre\u00e1ll\u00edt\u00e1sa \u00e9rdek\u00e9ben, bele\u00e9rtve a Kr\u00edm megsz\u00e1ll\u00e1sa miatt hozott korl\u00e1toz\u00f3 int\u00e9zked\u00e9seket \u2013 hangoztatta a t\u00e1rca vas\u00e1rnap kiadott k\u00f6zlem\u00e9ny\u00e9ben.<\/p>\n<div id=\"attachment_1734685\" style=\"width: 1410px\" class=\"wp-caption alignnone\">\n<p class=\"wp-caption-text\">Forr\u00e1s: AFP<\/p>\n<\/div>\n<p>Kijev arra figyelmeztetett, hogy a szankci\u00f3s nyom\u00e1s enyh\u00edt\u00e9s\u00e9re ir\u00e1nyul\u00f3 b\u00e1rmely l\u00e9p\u00e9s, az \u00fagynevezett normaliz\u00e1l\u00e1s \u00e9s p\u00e1rbesz\u00e9d, mint p\u00e9ld\u00e1ul az orosz k\u00fcld\u00f6tts\u00e9g munkav\u00e9gz\u00e9s\u00e9nek felt\u00e9tel n\u00e9lk\u00fcli teljes helyre\u00e1ll\u00edt\u00e1sa az Eur\u00f3pa Tan\u00e1cs parlamenti k\u00f6zgy\u0171l\u00e9s\u00e9ben, csak meger\u0151s\u00edti a megsz\u00e1ll\u00f3 \u00e1llamot b\u00fcntethetetlens\u00e9g\u00e9nek hit\u00e9ben \u00e9s \u00fajabb jogs\u00e9rt\u00e9sek elk\u00f6vet\u00e9s\u00e9re \u00f6szt\u00f6nzi.<\/p>\n<p>A k\u00fcl\u00fcgyminiszt\u00e9rium eml\u00e9keztetett arra, hogy a Kr\u00edmi Auton\u00f3m K\u00f6zt\u00e1rsas\u00e1g \u00e9s Szevasztopol v\u00e1rosa ideiglenesen megsz\u00e1llt ter\u00fcletei Ukrajn\u00e1nak, amelyeknek jogi rendszer\u00e9t a nemzetk\u00f6zi humanit\u00e1rius jog hat\u00e1rozza meg. Ebben az esetben a megsz\u00e1ll\u00f3 \u00e1llam egyik legfontosabb feladata a szuver\u00e9n \u00e1llam, azaz Ukrajna nemzeti jogszab\u00e1lyainak betart\u00e1sa.<\/p>\n<p>Hozz\u00e1tette, hogy az \u00fagynevezett helyi v\u00e1laszt\u00e1sok Ukrajna alkotm\u00e1ny\u00e1nak \u00e9s t\u00f6rv\u00e9nyeinek, valamint a nemzetk\u00f6zi jog alapvet\u0151 norm\u00e1inak \u00e9s alapelveinek s\u00falyos megs\u00e9rt\u00e9s\u00e9t jelentik.<\/p>\n<p>A t\u00e1rca hangs\u00falyozta, hogy a t\u00f6rv\u00e9nytelen szavaz\u00e1s eredm\u00e9nyeinek nem lesznek jogi k\u00f6vetkezm\u00e9nyei, sem Ukrajna, sem a nemzetk\u00f6zi k\u00f6z\u00f6ss\u00e9g nem ismeri el majd azokat, tov\u00e1bb\u00e1 a v\u00e1laszt\u00e1s megszervez\u00e9s\u00e9ben \u00e9s lefolytat\u00e1s\u00e1ban r\u00e9szt vev\u0151ket felel\u0151ss\u00e9gre von\u00e1s terheli az ukr\u00e1n jogszab\u00e1lyoknak megfelel\u0151en.<\/p>\n<div class=\"aframe\">\n<p>Oroszorsz\u00e1gban vas\u00e1rnap 16 r\u00e9gi\u00f3 vezet\u0151j\u00e9t, 13 region\u00e1lis t\u00f6rv\u00e9nyhoz\u00e1s k\u00e9pvisel\u0151it, 22 adminisztrat\u00edv k\u00f6zpont \u00f6nkorm\u00e1nyzati k\u00e9pvisel\u0151it \u00e9s 3 k\u00f6zpont vezet\u0151j\u00e9t v\u00e1lasztj\u00e1k meg. Emellett a parlamenti als\u00f3h\u00e1z n\u00e9gy egy\u00e9ni v\u00e1laszt\u00f3k\u00f6rzet\u00e9ben tartanak p\u00f3tv\u00e1laszt\u00e1st, \u00e9s mintegy \u00f6tven referendumot is megrendeznek.<\/p>\n<\/div>\n<p>Az Ukrajinszka Pravda h\u00edrport\u00e1l k\u00f6zl\u00e9se szerint a kr\u00edmi parlament, illetve helyi telep\u00fcl\u00e9si tan\u00e1csok tagjait v\u00e1lasztj\u00e1k meg az Ukrajn\u00e1t\u00f3l 2014-ben Oroszorsz\u00e1g \u00e1ltal \u00f6nk\u00e9nyesen elcsatolt f\u00e9lszigeten.<\/p>\n<p>Kr\u00edm ter\u00fclet\u00e9n illet\u00e9kes ukr\u00e1n \u00fcgy\u00e9szs\u00e9g felsz\u00f3l\u00edtotta a f\u00e9lsziget lakosait, hogy ne vegyenek r\u00e9szt a v\u00e1laszt\u00e1son, ink\u00e1bb jelentsenek az ukr\u00e1n hat\u00f3s\u00e1goknak minden tudom\u00e1sukra jut\u00f3 inform\u00e1ci\u00f3t a voksol\u00e1s szervez\u00e9s\u00e9r\u0151l \u00e9s menet\u00e9r\u0151l.<\/p>\n<\/p><\/div>\n<p><script>\n    window.fbAsyncInit = function() {\n        FB.init({\n            appId      : \"204760236815359\",\n            xfbml      : true,\n            version    : \"v2.12\"\n        });\n        FB.AppEvents.logPageView();\n    };<\/p>\n<p>    (function(d, s, id){\n        var js, fjs = d.getElementsByTagName(s)[0];\n        if (d.getElementById(id)) {return;}\n        js = d.createElement(s); js.id = id;\n        js.src = \"http:\/\/connect.facebook.net\/hu_HU\/sdk.js\";\n        fjs.parentNode.insertBefore(js, fjs);\n    }(document, \"script\", \"facebook-jssdk\"));\n<\/script><br \/>\n<br \/>\n<!--noindex--><br \/>\n<a href=\"https:\/\/www.vg.hu\/kozelet\/kozeleti-hirek\/kijev-a-nemzetkozi-nyomas-noveleset-surgeti-oroszorszagra-1734565\/\" rel=\"nofollow\">Source link <\/a><br \/>\n<!--\/noindex--><\/p>\n","protected":false},"excerpt":{"rendered":"<p>A kijevi k\u00fcl\u00fcgyminiszt\u00e9rium felsz\u00f3l\u00edtotta Ukrajna nemzetk\u00f6zi partnereit, hogy n\u00f6velj\u00e9k a nyom\u00e1st Oroszorsz\u00e1gra a Kr\u00edm f\u00e9lszigeten vas\u00e1rnap tartott helyhat\u00f3s\u00e1gi v\u00e1laszt\u00e1sok miatt. A miniszt\u00e9rium \u00fagy fogalmazott, hogy a v\u00e1laszt\u00e1sokat t\u00f6rv\u00e9nytelen\u00fcl rendezt\u00e9k meg az Oroszorsz\u00e1g \u00e1ltal 2014-ben annekt\u00e1lt f\u00e9lszigeten. A nemzetk\u00f6zi jog Moszkva \u00e1ltali \u00fajabb megs\u00e9rt\u00e9se azt bizony\u00edtja, hogy nem el\u00e9g fenntartani, hanem er\u0151s\u00edteni kell az Oroszorsz\u00e1gra gyakorolt [&hellip;]<\/p>\n","protected":false},"author":2,"featured_media":9027,"comment_status":"open","ping_status":"open","sticky":false,"template":"","format":"standard","meta":{"footnotes":""},"categories":[1],"tags":[],"class_list":["post-9026","post","type-post","status-publish","format-standard","has-post-thumbnail","hentry","category-penzugyi-hirek"],"yoast_head":"<!-- This site is optimized with the Yoast SEO plugin v27.4 - https:\/\/yoast.com\/product\/yoast-seo-wordpress\/ -->\n<title>Kijev a nemzetk\u00f6zi nyom\u00e1s n\u00f6vel\u00e9s\u00e9t s\u00fcrgeti Oroszorsz\u00e1gra - Super News<\/title>\n<meta name=\"robots\" content=\"index, follow, max-snippet:-1, max-image-preview:large, max-video-preview:-1\" \/>\n<link rel=\"canonical\" href=\"https:\/\/super-news.info\/hu\/kijev-a-nemzetkozi-nyomas-noveleset-surgeti-oroszorszagra\/\" \/>\n<meta property=\"og:locale\" content=\"hu_HU\" \/>\n<meta property=\"og:type\" content=\"article\" \/>\n<meta property=\"og:title\" content=\"Kijev a nemzetk\u00f6zi nyom\u00e1s n\u00f6vel\u00e9s\u00e9t s\u00fcrgeti Oroszorsz\u00e1gra - Super News\" \/>\n<meta property=\"og:description\" content=\"A kijevi k\u00fcl\u00fcgyminiszt\u00e9rium felsz\u00f3l\u00edtotta Ukrajna nemzetk\u00f6zi partnereit, hogy n\u00f6velj\u00e9k a nyom\u00e1st Oroszorsz\u00e1gra a Kr\u00edm f\u00e9lszigeten vas\u00e1rnap tartott helyhat\u00f3s\u00e1gi v\u00e1laszt\u00e1sok miatt. A miniszt\u00e9rium \u00fagy fogalmazott, hogy a v\u00e1laszt\u00e1sokat t\u00f6rv\u00e9nytelen\u00fcl rendezt\u00e9k meg az Oroszorsz\u00e1g \u00e1ltal 2014-ben annekt\u00e1lt f\u00e9lszigeten. A nemzetk\u00f6zi jog Moszkva \u00e1ltali \u00fajabb megs\u00e9rt\u00e9se azt bizony\u00edtja, hogy nem el\u00e9g fenntartani, hanem er\u0151s\u00edteni kell az Oroszorsz\u00e1gra gyakorolt [&hellip;]\" \/>\n<meta property=\"og:url\" content=\"https:\/\/super-news.info\/hu\/kijev-a-nemzetkozi-nyomas-noveleset-surgeti-oroszorszagra\/\" \/>\n<meta property=\"og:site_name\" content=\"Super News\" \/>\n<meta property=\"article:published_time\" content=\"2019-09-08T16:25:03+00:00\" \/>\n<meta property=\"article:modified_time\" content=\"2019-09-08T16:25:04+00:00\" \/>\n<meta property=\"og:image\" content=\"https:\/\/super-news.info\/hu\/wp-content\/uploads\/sites\/3\/2019\/09\/Kijev-a-nemzetk-zi-nyom-s-n-vel-s-t-s-rgeti-Oroszorsz-gra.jpg\" \/>\n\t<meta property=\"og:image:width\" content=\"1400\" \/>\n\t<meta property=\"og:image:height\" content=\"893\" \/>\n\t<meta property=\"og:image:type\" content=\"image\/jpeg\" \/>\n<meta name=\"author\" content=\"super-news\" \/>\n<meta name=\"twitter:card\" content=\"summary_large_image\" \/>\n<meta name=\"twitter:label1\" content=\"Szerz\u0151:\" \/>\n\t<meta name=\"twitter:data1\" content=\"super-news\" \/>\n\t<meta name=\"twitter:label2\" content=\"Becs\u00fclt olvas\u00e1si id\u0151\" \/>\n\t<meta name=\"twitter:data2\" content=\"3 perc\" \/>\n<script type=\"application\/ld+json\" class=\"yoast-schema-graph\">{\"@context\":\"https:\\\/\\\/schema.org\",\"@graph\":[{\"@type\":\"Article\",\"@id\":\"https:\\\/\\\/super-news.info\\\/hu\\\/kijev-a-nemzetkozi-nyomas-noveleset-surgeti-oroszorszagra\\\/#article\",\"isPartOf\":{\"@id\":\"https:\\\/\\\/super-news.info\\\/hu\\\/kijev-a-nemzetkozi-nyomas-noveleset-surgeti-oroszorszagra\\\/\"},\"author\":{\"name\":\"super-news\",\"@id\":\"https:\\\/\\\/super-news.info\\\/hu\\\/#\\\/schema\\\/person\\\/2d4068cb2f39cd10008c2fce578a7356\"},\"headline\":\"Kijev a nemzetk\u00f6zi nyom\u00e1s n\u00f6vel\u00e9s\u00e9t s\u00fcrgeti Oroszorsz\u00e1gra\",\"datePublished\":\"2019-09-08T16:25:03+00:00\",\"dateModified\":\"2019-09-08T16:25:04+00:00\",\"mainEntityOfPage\":{\"@id\":\"https:\\\/\\\/super-news.info\\\/hu\\\/kijev-a-nemzetkozi-nyomas-noveleset-surgeti-oroszorszagra\\\/\"},\"wordCount\":563,\"commentCount\":0,\"image\":{\"@id\":\"https:\\\/\\\/super-news.info\\\/hu\\\/kijev-a-nemzetkozi-nyomas-noveleset-surgeti-oroszorszagra\\\/#primaryimage\"},\"thumbnailUrl\":\"https:\\\/\\\/super-news.info\\\/hu\\\/wp-content\\\/uploads\\\/sites\\\/3\\\/2019\\\/09\\\/Kijev-a-nemzetk-zi-nyom-s-n-vel-s-t-s-rgeti-Oroszorsz-gra.jpg\",\"articleSection\":[\"P\u00c9NZ\u00dcGYI H\u00cdREK\"],\"inLanguage\":\"hu\",\"potentialAction\":[{\"@type\":\"CommentAction\",\"name\":\"Comment\",\"target\":[\"https:\\\/\\\/super-news.info\\\/hu\\\/kijev-a-nemzetkozi-nyomas-noveleset-surgeti-oroszorszagra\\\/#respond\"]}]},{\"@type\":\"WebPage\",\"@id\":\"https:\\\/\\\/super-news.info\\\/hu\\\/kijev-a-nemzetkozi-nyomas-noveleset-surgeti-oroszorszagra\\\/\",\"url\":\"https:\\\/\\\/super-news.info\\\/hu\\\/kijev-a-nemzetkozi-nyomas-noveleset-surgeti-oroszorszagra\\\/\",\"name\":\"Kijev a nemzetk\u00f6zi nyom\u00e1s n\u00f6vel\u00e9s\u00e9t s\u00fcrgeti Oroszorsz\u00e1gra - Super News\",\"isPartOf\":{\"@id\":\"https:\\\/\\\/super-news.info\\\/hu\\\/#website\"},\"primaryImageOfPage\":{\"@id\":\"https:\\\/\\\/super-news.info\\\/hu\\\/kijev-a-nemzetkozi-nyomas-noveleset-surgeti-oroszorszagra\\\/#primaryimage\"},\"image\":{\"@id\":\"https:\\\/\\\/super-news.info\\\/hu\\\/kijev-a-nemzetkozi-nyomas-noveleset-surgeti-oroszorszagra\\\/#primaryimage\"},\"thumbnailUrl\":\"https:\\\/\\\/super-news.info\\\/hu\\\/wp-content\\\/uploads\\\/sites\\\/3\\\/2019\\\/09\\\/Kijev-a-nemzetk-zi-nyom-s-n-vel-s-t-s-rgeti-Oroszorsz-gra.jpg\",\"datePublished\":\"2019-09-08T16:25:03+00:00\",\"dateModified\":\"2019-09-08T16:25:04+00:00\",\"author\":{\"@id\":\"https:\\\/\\\/super-news.info\\\/hu\\\/#\\\/schema\\\/person\\\/2d4068cb2f39cd10008c2fce578a7356\"},\"breadcrumb\":{\"@id\":\"https:\\\/\\\/super-news.info\\\/hu\\\/kijev-a-nemzetkozi-nyomas-noveleset-surgeti-oroszorszagra\\\/#breadcrumb\"},\"inLanguage\":\"hu\",\"potentialAction\":[{\"@type\":\"ReadAction\",\"target\":[\"https:\\\/\\\/super-news.info\\\/hu\\\/kijev-a-nemzetkozi-nyomas-noveleset-surgeti-oroszorszagra\\\/\"]}]},{\"@type\":\"ImageObject\",\"inLanguage\":\"hu\",\"@id\":\"https:\\\/\\\/super-news.info\\\/hu\\\/kijev-a-nemzetkozi-nyomas-noveleset-surgeti-oroszorszagra\\\/#primaryimage\",\"url\":\"https:\\\/\\\/super-news.info\\\/hu\\\/wp-content\\\/uploads\\\/sites\\\/3\\\/2019\\\/09\\\/Kijev-a-nemzetk-zi-nyom-s-n-vel-s-t-s-rgeti-Oroszorsz-gra.jpg\",\"contentUrl\":\"https:\\\/\\\/super-news.info\\\/hu\\\/wp-content\\\/uploads\\\/sites\\\/3\\\/2019\\\/09\\\/Kijev-a-nemzetk-zi-nyom-s-n-vel-s-t-s-rgeti-Oroszorsz-gra.jpg\",\"width\":1400,\"height\":893,\"caption\":\"Kijev a nemzetk\u00f6zi nyom\u00e1s n\u00f6vel\u00e9s\u00e9t s\u00fcrgeti Oroszorsz\u00e1gra\"},{\"@type\":\"BreadcrumbList\",\"@id\":\"https:\\\/\\\/super-news.info\\\/hu\\\/kijev-a-nemzetkozi-nyomas-noveleset-surgeti-oroszorszagra\\\/#breadcrumb\",\"itemListElement\":[{\"@type\":\"ListItem\",\"position\":1,\"name\":\"\u0413\u043b\u0430\u0432\u043d\u0430\u044f \u0441\u0442\u0440\u0430\u043d\u0438\u0446\u0430\",\"item\":\"https:\\\/\\\/super-news.info\\\/hu\\\/\"},{\"@type\":\"ListItem\",\"position\":2,\"name\":\"Kijev a nemzetk\u00f6zi nyom\u00e1s n\u00f6vel\u00e9s\u00e9t s\u00fcrgeti Oroszorsz\u00e1gra\"}]},{\"@type\":\"WebSite\",\"@id\":\"https:\\\/\\\/super-news.info\\\/hu\\\/#website\",\"url\":\"https:\\\/\\\/super-news.info\\\/hu\\\/\",\"name\":\"Super News\",\"description\":\"Super News Magyarorsz\u00e1g\",\"potentialAction\":[{\"@type\":\"SearchAction\",\"target\":{\"@type\":\"EntryPoint\",\"urlTemplate\":\"https:\\\/\\\/super-news.info\\\/hu\\\/?s={search_term_string}\"},\"query-input\":{\"@type\":\"PropertyValueSpecification\",\"valueRequired\":true,\"valueName\":\"search_term_string\"}}],\"inLanguage\":\"hu\"},{\"@type\":\"Person\",\"@id\":\"https:\\\/\\\/super-news.info\\\/hu\\\/#\\\/schema\\\/person\\\/2d4068cb2f39cd10008c2fce578a7356\",\"name\":\"super-news\",\"image\":{\"@type\":\"ImageObject\",\"inLanguage\":\"hu\",\"@id\":\"https:\\\/\\\/secure.gravatar.com\\\/avatar\\\/64ebac40b93f26a154f8a9b5b6fdccfc46f442b26b3dd6756dbff3bf9dc76fd7?s=96&d=mm&r=g\",\"url\":\"https:\\\/\\\/secure.gravatar.com\\\/avatar\\\/64ebac40b93f26a154f8a9b5b6fdccfc46f442b26b3dd6756dbff3bf9dc76fd7?s=96&d=mm&r=g\",\"contentUrl\":\"https:\\\/\\\/secure.gravatar.com\\\/avatar\\\/64ebac40b93f26a154f8a9b5b6fdccfc46f442b26b3dd6756dbff3bf9dc76fd7?s=96&d=mm&r=g\",\"caption\":\"super-news\"},\"url\":\"https:\\\/\\\/super-news.info\\\/hu\\\/author\\\/pt\\\/\"}]}<\/script>\n<!-- \/ Yoast SEO plugin. -->","yoast_head_json":{"title":"Kijev a nemzetk\u00f6zi nyom\u00e1s n\u00f6vel\u00e9s\u00e9t s\u00fcrgeti Oroszorsz\u00e1gra - Super News","robots":{"index":"index","follow":"follow","max-snippet":"max-snippet:-1","max-image-preview":"max-image-preview:large","max-video-preview":"max-video-preview:-1"},"canonical":"https:\/\/super-news.info\/hu\/kijev-a-nemzetkozi-nyomas-noveleset-surgeti-oroszorszagra\/","og_locale":"hu_HU","og_type":"article","og_title":"Kijev a nemzetk\u00f6zi nyom\u00e1s n\u00f6vel\u00e9s\u00e9t s\u00fcrgeti Oroszorsz\u00e1gra - Super News","og_description":"A kijevi k\u00fcl\u00fcgyminiszt\u00e9rium felsz\u00f3l\u00edtotta Ukrajna nemzetk\u00f6zi partnereit, hogy n\u00f6velj\u00e9k a nyom\u00e1st Oroszorsz\u00e1gra a Kr\u00edm f\u00e9lszigeten vas\u00e1rnap tartott helyhat\u00f3s\u00e1gi v\u00e1laszt\u00e1sok miatt. A miniszt\u00e9rium \u00fagy fogalmazott, hogy a v\u00e1laszt\u00e1sokat t\u00f6rv\u00e9nytelen\u00fcl rendezt\u00e9k meg az Oroszorsz\u00e1g \u00e1ltal 2014-ben annekt\u00e1lt f\u00e9lszigeten. A nemzetk\u00f6zi jog Moszkva \u00e1ltali \u00fajabb megs\u00e9rt\u00e9se azt bizony\u00edtja, hogy nem el\u00e9g fenntartani, hanem er\u0151s\u00edteni kell az Oroszorsz\u00e1gra gyakorolt [&hellip;]","og_url":"https:\/\/super-news.info\/hu\/kijev-a-nemzetkozi-nyomas-noveleset-surgeti-oroszorszagra\/","og_site_name":"Super News","article_published_time":"2019-09-08T16:25:03+00:00","article_modified_time":"2019-09-08T16:25:04+00:00","og_image":[{"width":1400,"height":893,"url":"https:\/\/super-news.info\/hu\/wp-content\/uploads\/sites\/3\/2019\/09\/Kijev-a-nemzetk-zi-nyom-s-n-vel-s-t-s-rgeti-Oroszorsz-gra.jpg","type":"image\/jpeg"}],"author":"super-news","twitter_card":"summary_large_image","twitter_misc":{"Szerz\u0151:":"super-news","Becs\u00fclt olvas\u00e1si id\u0151":"3 perc"},"schema":{"@context":"https:\/\/schema.org","@graph":[{"@type":"Article","@id":"https:\/\/super-news.info\/hu\/kijev-a-nemzetkozi-nyomas-noveleset-surgeti-oroszorszagra\/#article","isPartOf":{"@id":"https:\/\/super-news.info\/hu\/kijev-a-nemzetkozi-nyomas-noveleset-surgeti-oroszorszagra\/"},"author":{"name":"super-news","@id":"https:\/\/super-news.info\/hu\/#\/schema\/person\/2d4068cb2f39cd10008c2fce578a7356"},"headline":"Kijev a nemzetk\u00f6zi nyom\u00e1s n\u00f6vel\u00e9s\u00e9t s\u00fcrgeti Oroszorsz\u00e1gra","datePublished":"2019-09-08T16:25:03+00:00","dateModified":"2019-09-08T16:25:04+00:00","mainEntityOfPage":{"@id":"https:\/\/super-news.info\/hu\/kijev-a-nemzetkozi-nyomas-noveleset-surgeti-oroszorszagra\/"},"wordCount":563,"commentCount":0,"image":{"@id":"https:\/\/super-news.info\/hu\/kijev-a-nemzetkozi-nyomas-noveleset-surgeti-oroszorszagra\/#primaryimage"},"thumbnailUrl":"https:\/\/super-news.info\/hu\/wp-content\/uploads\/sites\/3\/2019\/09\/Kijev-a-nemzetk-zi-nyom-s-n-vel-s-t-s-rgeti-Oroszorsz-gra.jpg","articleSection":["P\u00c9NZ\u00dcGYI H\u00cdREK"],"inLanguage":"hu","potentialAction":[{"@type":"CommentAction","name":"Comment","target":["https:\/\/super-news.info\/hu\/kijev-a-nemzetkozi-nyomas-noveleset-surgeti-oroszorszagra\/#respond"]}]},{"@type":"WebPage","@id":"https:\/\/super-news.info\/hu\/kijev-a-nemzetkozi-nyomas-noveleset-surgeti-oroszorszagra\/","url":"https:\/\/super-news.info\/hu\/kijev-a-nemzetkozi-nyomas-noveleset-surgeti-oroszorszagra\/","name":"Kijev a nemzetk\u00f6zi nyom\u00e1s n\u00f6vel\u00e9s\u00e9t s\u00fcrgeti Oroszorsz\u00e1gra - Super News","isPartOf":{"@id":"https:\/\/super-news.info\/hu\/#website"},"primaryImageOfPage":{"@id":"https:\/\/super-news.info\/hu\/kijev-a-nemzetkozi-nyomas-noveleset-surgeti-oroszorszagra\/#primaryimage"},"image":{"@id":"https:\/\/super-news.info\/hu\/kijev-a-nemzetkozi-nyomas-noveleset-surgeti-oroszorszagra\/#primaryimage"},"thumbnailUrl":"https:\/\/super-news.info\/hu\/wp-content\/uploads\/sites\/3\/2019\/09\/Kijev-a-nemzetk-zi-nyom-s-n-vel-s-t-s-rgeti-Oroszorsz-gra.jpg","datePublished":"2019-09-08T16:25:03+00:00","dateModified":"2019-09-08T16:25:04+00:00","author":{"@id":"https:\/\/super-news.info\/hu\/#\/schema\/person\/2d4068cb2f39cd10008c2fce578a7356"},"breadcrumb":{"@id":"https:\/\/super-news.info\/hu\/kijev-a-nemzetkozi-nyomas-noveleset-surgeti-oroszorszagra\/#breadcrumb"},"inLanguage":"hu","potentialAction":[{"@type":"ReadAction","target":["https:\/\/super-news.info\/hu\/kijev-a-nemzetkozi-nyomas-noveleset-surgeti-oroszorszagra\/"]}]},{"@type":"ImageObject","inLanguage":"hu","@id":"https:\/\/super-news.info\/hu\/kijev-a-nemzetkozi-nyomas-noveleset-surgeti-oroszorszagra\/#primaryimage","url":"https:\/\/super-news.info\/hu\/wp-content\/uploads\/sites\/3\/2019\/09\/Kijev-a-nemzetk-zi-nyom-s-n-vel-s-t-s-rgeti-Oroszorsz-gra.jpg","contentUrl":"https:\/\/super-news.info\/hu\/wp-content\/uploads\/sites\/3\/2019\/09\/Kijev-a-nemzetk-zi-nyom-s-n-vel-s-t-s-rgeti-Oroszorsz-gra.jpg","width":1400,"height":893,"caption":"Kijev a nemzetk\u00f6zi nyom\u00e1s n\u00f6vel\u00e9s\u00e9t s\u00fcrgeti Oroszorsz\u00e1gra"},{"@type":"BreadcrumbList","@id":"https:\/\/super-news.info\/hu\/kijev-a-nemzetkozi-nyomas-noveleset-surgeti-oroszorszagra\/#breadcrumb","itemListElement":[{"@type":"ListItem","position":1,"name":"\u0413\u043b\u0430\u0432\u043d\u0430\u044f \u0441\u0442\u0440\u0430\u043d\u0438\u0446\u0430","item":"https:\/\/super-news.info\/hu\/"},{"@type":"ListItem","position":2,"name":"Kijev a nemzetk\u00f6zi nyom\u00e1s n\u00f6vel\u00e9s\u00e9t s\u00fcrgeti Oroszorsz\u00e1gra"}]},{"@type":"WebSite","@id":"https:\/\/super-news.info\/hu\/#website","url":"https:\/\/super-news.info\/hu\/","name":"Super News","description":"Super News Magyarorsz\u00e1g","potentialAction":[{"@type":"SearchAction","target":{"@type":"EntryPoint","urlTemplate":"https:\/\/super-news.info\/hu\/?s={search_term_string}"},"query-input":{"@type":"PropertyValueSpecification","valueRequired":true,"valueName":"search_term_string"}}],"inLanguage":"hu"},{"@type":"Person","@id":"https:\/\/super-news.info\/hu\/#\/schema\/person\/2d4068cb2f39cd10008c2fce578a7356","name":"super-news","image":{"@type":"ImageObject","inLanguage":"hu","@id":"https:\/\/secure.gravatar.com\/avatar\/64ebac40b93f26a154f8a9b5b6fdccfc46f442b26b3dd6756dbff3bf9dc76fd7?s=96&d=mm&r=g","url":"https:\/\/secure.gravatar.com\/avatar\/64ebac40b93f26a154f8a9b5b6fdccfc46f442b26b3dd6756dbff3bf9dc76fd7?s=96&d=mm&r=g","contentUrl":"https:\/\/secure.gravatar.com\/avatar\/64ebac40b93f26a154f8a9b5b6fdccfc46f442b26b3dd6756dbff3bf9dc76fd7?s=96&d=mm&r=g","caption":"super-news"},"url":"https:\/\/super-news.info\/hu\/author\/pt\/"}]}},"_links":{"self":[{"href":"https:\/\/super-news.info\/hu\/wp-json\/wp\/v2\/posts\/9026","targetHints":{"allow":["GET"]}}],"collection":[{"href":"https:\/\/super-news.info\/hu\/wp-json\/wp\/v2\/posts"}],"about":[{"href":"https:\/\/super-news.info\/hu\/wp-json\/wp\/v2\/types\/post"}],"author":[{"embeddable":true,"href":"https:\/\/super-news.info\/hu\/wp-json\/wp\/v2\/users\/2"}],"replies":[{"embeddable":true,"href":"https:\/\/super-news.info\/hu\/wp-json\/wp\/v2\/comments?post=9026"}],"version-history":[{"count":1,"href":"https:\/\/super-news.info\/hu\/wp-json\/wp\/v2\/posts\/9026\/revisions"}],"predecessor-version":[{"id":9028,"href":"https:\/\/super-news.info\/hu\/wp-json\/wp\/v2\/posts\/9026\/revisions\/9028"}],"wp:featuredmedia":[{"embeddable":true,"href":"https:\/\/super-news.info\/hu\/wp-json\/wp\/v2\/media\/9027"}],"wp:attachment":[{"href":"https:\/\/super-news.info\/hu\/wp-json\/wp\/v2\/media?parent=9026"}],"wp:term":[{"taxonomy":"category","embeddable":true,"href":"https:\/\/super-news.info\/hu\/wp-json\/wp\/v2\/categories?post=9026"},{"taxonomy":"post_tag","embeddable":true,"href":"https:\/\/super-news.info\/hu\/wp-json\/wp\/v2\/tags?post=9026"}],"curies":[{"name":"wp","href":"https:\/\/api.w.org\/{rel}","templated":true}]}}