{"id":9012,"date":"2019-09-08T15:54:40","date_gmt":"2019-09-08T12:54:40","guid":{"rendered":"https:\/\/super-news.info\/hu\/felaron-utazhatunk-az-evezos-vb-re\/"},"modified":"2019-09-08T15:54:42","modified_gmt":"2019-09-08T12:54:42","slug":"felaron-utazhatunk-az-evezos-vb-re","status":"publish","type":"post","link":"https:\/\/super-news.info\/hu\/felaron-utazhatunk-az-evezos-vb-re\/","title":{"rendered":"F\u00e9l\u00e1ron utazhatunk az evez\u0151s VB-re"},"content":{"rendered":"<p>\n\t\t\t\t\t\t\t\tA M\u00c1V-START \u00e9s a GYSEV 50 sz\u00e1zal\u00e9kos alkalmi menett\u00e9rti kedvezm\u00e9nyt biztos\u00edt a szeptember 9. \u00e9s 15. k\u00f6z\u00f6tti Evez\u0151s Masters vil\u00e1gbajnoks\u00e1gra utaz\u00f3knak b\u00e1rmely belf\u00f6ldi \u00e1llom\u00e1sr\u00f3l Velence, Velencef\u00fcrd\u0151 \u00e9s G\u00e1rdony \u00e1llom\u00e1sokra.\t\t\t\t\t\t\t<\/p>\n<div>\n<p>Az utaz\u00e1si kedvezm\u00e9ny a m\u00e1sodoszt\u00e1ly\u00fa jegyek v\u00e1s\u00e1rl\u00e1sakor vehet\u0151 ig\u00e9nybe. Az els\u0151 oszt\u00e1lyon t\u00f6rt\u00e9n\u0151 utaz\u00e1shoz a kocsioszt\u00e1ly-k\u00fcl\u00f6nb\u00f6zetet, valamint a gyors- \u00e9s sebesvonatokra vonatkoz\u00f3 fel\u00e1rat meg kell fizetni.<\/p>\n<p>Az utaz\u00e1st legkor\u00e1bban szeptember 8-\u00e1n lehet megkezdeni, a visszautaz\u00e1st pedig legk\u00e9s\u0151bb a rendezv\u00e9nyt k\u00f6vet\u0151 napon, vagyis szeptember 16-\u00e1n \u00e9jf\u00e9lig be kell fejezni.<\/p>\n<div>\n<div id=\"attachment_1359349\" style=\"width: 1410px\" class=\"wp-caption alignnone\">\n<p class=\"wp-caption-text\">Fot\u00f3: V\u00e9mi Zolt\u00e1n<\/p>\n<\/div>\n<\/div>\n<p>A kedvezm\u00e9nyes ret\u00farjegy visszautaz\u00e1sra csak akkor \u00e9rv\u00e9nyes, ha azt a Velence-tavi Evez\u0151s P\u00e1ly\u00e1n az inform\u00e1ci\u00f3s \u00e9s akkredit\u00e1ci\u00f3s s\u00e1torban (Sukor\u00f3, T\u00f3part u 1.) leb\u00e9lyegeztetik, szeptember 9-t\u0151l 14-ig 8 \u00e9s 18 \u00f3ra, szeptember 15-\u00e9n pedig 8 \u00e9s 14 \u00f3ra k\u00f6z\u00f6tt.<\/p>\n<p>Pecs\u00e9t n\u00e9lk\u00fcl a jegyvizsg\u00e1l\u00f3 a vonaton teljes \u00e1r\u00fa menetjegyre eg\u00e9sz\u00edti ki a kedvezm\u00e9nyes jegyet.<\/p>\n<\/p><\/div>\n<p><script>\n    window.fbAsyncInit = function() {\n        FB.init({\n            appId      : \"204760236815359\",\n            xfbml      : true,\n            version    : \"v2.12\"\n        });\n        FB.AppEvents.logPageView();\n    };<\/p>\n<p>    (function(d, s, id){\n        var js, fjs = d.getElementsByTagName(s)[0];\n        if (d.getElementById(id)) {return;}\n        js = d.createElement(s); js.id = id;\n        js.src = \"http:\/\/connect.facebook.net\/hu_HU\/sdk.js\";\n        fjs.parentNode.insertBefore(js, fjs);\n    }(document, \"script\", \"facebook-jssdk\"));\n<\/script><br \/>\n<br \/>\n<!--noindex--><br \/>\n<a href=\"https:\/\/www.vg.hu\/vallalatok\/kozlekedes\/felaron-utazhatunk-az-evezos-vb-re-1734379\/\" rel=\"nofollow\">Source link <\/a><br \/>\n<!--\/noindex--><\/p>\n","protected":false},"excerpt":{"rendered":"<p>A M\u00c1V-START \u00e9s a GYSEV 50 sz\u00e1zal\u00e9kos alkalmi menett\u00e9rti kedvezm\u00e9nyt biztos\u00edt a szeptember 9. \u00e9s 15. k\u00f6z\u00f6tti Evez\u0151s Masters vil\u00e1gbajnoks\u00e1gra utaz\u00f3knak b\u00e1rmely belf\u00f6ldi \u00e1llom\u00e1sr\u00f3l Velence, Velencef\u00fcrd\u0151 \u00e9s G\u00e1rdony \u00e1llom\u00e1sokra. Az utaz\u00e1si kedvezm\u00e9ny a m\u00e1sodoszt\u00e1ly\u00fa jegyek v\u00e1s\u00e1rl\u00e1sakor vehet\u0151 ig\u00e9nybe. Az els\u0151 oszt\u00e1lyon t\u00f6rt\u00e9n\u0151 utaz\u00e1shoz a kocsioszt\u00e1ly-k\u00fcl\u00f6nb\u00f6zetet, valamint a gyors- \u00e9s sebesvonatokra vonatkoz\u00f3 fel\u00e1rat meg kell fizetni. [&hellip;]<\/p>\n","protected":false},"author":2,"featured_media":9013,"comment_status":"open","ping_status":"open","sticky":false,"template":"","format":"standard","meta":{"footnotes":""},"categories":[1],"tags":[],"class_list":["post-9012","post","type-post","status-publish","format-standard","has-post-thumbnail","hentry","category-penzugyi-hirek"],"yoast_head":"<!-- This site is optimized with the Yoast SEO plugin v27.4 - https:\/\/yoast.com\/product\/yoast-seo-wordpress\/ -->\n<title>F\u00e9l\u00e1ron utazhatunk az evez\u0151s VB-re - Super News<\/title>\n<meta name=\"robots\" content=\"index, follow, max-snippet:-1, max-image-preview:large, max-video-preview:-1\" \/>\n<link rel=\"canonical\" href=\"https:\/\/super-news.info\/hu\/felaron-utazhatunk-az-evezos-vb-re\/\" \/>\n<meta property=\"og:locale\" content=\"hu_HU\" \/>\n<meta property=\"og:type\" content=\"article\" \/>\n<meta property=\"og:title\" content=\"F\u00e9l\u00e1ron utazhatunk az evez\u0151s VB-re - Super News\" \/>\n<meta property=\"og:description\" content=\"A M\u00c1V-START \u00e9s a GYSEV 50 sz\u00e1zal\u00e9kos alkalmi menett\u00e9rti kedvezm\u00e9nyt biztos\u00edt a szeptember 9. \u00e9s 15. k\u00f6z\u00f6tti Evez\u0151s Masters vil\u00e1gbajnoks\u00e1gra utaz\u00f3knak b\u00e1rmely belf\u00f6ldi \u00e1llom\u00e1sr\u00f3l Velence, Velencef\u00fcrd\u0151 \u00e9s G\u00e1rdony \u00e1llom\u00e1sokra. Az utaz\u00e1si kedvezm\u00e9ny a m\u00e1sodoszt\u00e1ly\u00fa jegyek v\u00e1s\u00e1rl\u00e1sakor vehet\u0151 ig\u00e9nybe. Az els\u0151 oszt\u00e1lyon t\u00f6rt\u00e9n\u0151 utaz\u00e1shoz a kocsioszt\u00e1ly-k\u00fcl\u00f6nb\u00f6zetet, valamint a gyors- \u00e9s sebesvonatokra vonatkoz\u00f3 fel\u00e1rat meg kell fizetni. [&hellip;]\" \/>\n<meta property=\"og:url\" content=\"https:\/\/super-news.info\/hu\/felaron-utazhatunk-az-evezos-vb-re\/\" \/>\n<meta property=\"og:site_name\" content=\"Super News\" \/>\n<meta property=\"article:published_time\" content=\"2019-09-08T12:54:40+00:00\" \/>\n<meta property=\"article:modified_time\" content=\"2019-09-08T12:54:42+00:00\" \/>\n<meta property=\"og:image\" content=\"https:\/\/super-news.info\/hu\/wp-content\/uploads\/sites\/3\/2019\/09\/F-l-ron-utazhatunk-az-evez-s-VB-re.jpg\" \/>\n\t<meta property=\"og:image:width\" content=\"1400\" \/>\n\t<meta property=\"og:image:height\" content=\"926\" \/>\n\t<meta property=\"og:image:type\" content=\"image\/jpeg\" \/>\n<meta name=\"author\" content=\"super-news\" \/>\n<meta name=\"twitter:card\" content=\"summary_large_image\" \/>\n<meta name=\"twitter:label1\" content=\"Szerz\u0151:\" \/>\n\t<meta name=\"twitter:data1\" content=\"super-news\" \/>\n\t<meta name=\"twitter:label2\" content=\"Becs\u00fclt olvas\u00e1si id\u0151\" \/>\n\t<meta name=\"twitter:data2\" content=\"1 perc\" \/>\n<script type=\"application\/ld+json\" class=\"yoast-schema-graph\">{\"@context\":\"https:\\\/\\\/schema.org\",\"@graph\":[{\"@type\":\"Article\",\"@id\":\"https:\\\/\\\/super-news.info\\\/hu\\\/felaron-utazhatunk-az-evezos-vb-re\\\/#article\",\"isPartOf\":{\"@id\":\"https:\\\/\\\/super-news.info\\\/hu\\\/felaron-utazhatunk-az-evezos-vb-re\\\/\"},\"author\":{\"name\":\"super-news\",\"@id\":\"https:\\\/\\\/super-news.info\\\/hu\\\/#\\\/schema\\\/person\\\/2d4068cb2f39cd10008c2fce578a7356\"},\"headline\":\"F\u00e9l\u00e1ron utazhatunk az evez\u0151s VB-re\",\"datePublished\":\"2019-09-08T12:54:40+00:00\",\"dateModified\":\"2019-09-08T12:54:42+00:00\",\"mainEntityOfPage\":{\"@id\":\"https:\\\/\\\/super-news.info\\\/hu\\\/felaron-utazhatunk-az-evezos-vb-re\\\/\"},\"wordCount\":207,\"commentCount\":0,\"image\":{\"@id\":\"https:\\\/\\\/super-news.info\\\/hu\\\/felaron-utazhatunk-az-evezos-vb-re\\\/#primaryimage\"},\"thumbnailUrl\":\"https:\\\/\\\/super-news.info\\\/hu\\\/wp-content\\\/uploads\\\/sites\\\/3\\\/2019\\\/09\\\/F-l-ron-utazhatunk-az-evez-s-VB-re.jpg\",\"articleSection\":[\"P\u00c9NZ\u00dcGYI H\u00cdREK\"],\"inLanguage\":\"hu\",\"potentialAction\":[{\"@type\":\"CommentAction\",\"name\":\"Comment\",\"target\":[\"https:\\\/\\\/super-news.info\\\/hu\\\/felaron-utazhatunk-az-evezos-vb-re\\\/#respond\"]}]},{\"@type\":\"WebPage\",\"@id\":\"https:\\\/\\\/super-news.info\\\/hu\\\/felaron-utazhatunk-az-evezos-vb-re\\\/\",\"url\":\"https:\\\/\\\/super-news.info\\\/hu\\\/felaron-utazhatunk-az-evezos-vb-re\\\/\",\"name\":\"F\u00e9l\u00e1ron utazhatunk az evez\u0151s VB-re - Super News\",\"isPartOf\":{\"@id\":\"https:\\\/\\\/super-news.info\\\/hu\\\/#website\"},\"primaryImageOfPage\":{\"@id\":\"https:\\\/\\\/super-news.info\\\/hu\\\/felaron-utazhatunk-az-evezos-vb-re\\\/#primaryimage\"},\"image\":{\"@id\":\"https:\\\/\\\/super-news.info\\\/hu\\\/felaron-utazhatunk-az-evezos-vb-re\\\/#primaryimage\"},\"thumbnailUrl\":\"https:\\\/\\\/super-news.info\\\/hu\\\/wp-content\\\/uploads\\\/sites\\\/3\\\/2019\\\/09\\\/F-l-ron-utazhatunk-az-evez-s-VB-re.jpg\",\"datePublished\":\"2019-09-08T12:54:40+00:00\",\"dateModified\":\"2019-09-08T12:54:42+00:00\",\"author\":{\"@id\":\"https:\\\/\\\/super-news.info\\\/hu\\\/#\\\/schema\\\/person\\\/2d4068cb2f39cd10008c2fce578a7356\"},\"breadcrumb\":{\"@id\":\"https:\\\/\\\/super-news.info\\\/hu\\\/felaron-utazhatunk-az-evezos-vb-re\\\/#breadcrumb\"},\"inLanguage\":\"hu\",\"potentialAction\":[{\"@type\":\"ReadAction\",\"target\":[\"https:\\\/\\\/super-news.info\\\/hu\\\/felaron-utazhatunk-az-evezos-vb-re\\\/\"]}]},{\"@type\":\"ImageObject\",\"inLanguage\":\"hu\",\"@id\":\"https:\\\/\\\/super-news.info\\\/hu\\\/felaron-utazhatunk-az-evezos-vb-re\\\/#primaryimage\",\"url\":\"https:\\\/\\\/super-news.info\\\/hu\\\/wp-content\\\/uploads\\\/sites\\\/3\\\/2019\\\/09\\\/F-l-ron-utazhatunk-az-evez-s-VB-re.jpg\",\"contentUrl\":\"https:\\\/\\\/super-news.info\\\/hu\\\/wp-content\\\/uploads\\\/sites\\\/3\\\/2019\\\/09\\\/F-l-ron-utazhatunk-az-evez-s-VB-re.jpg\",\"width\":1400,\"height\":926,\"caption\":\"F\u00e9l\u00e1ron utazhatunk az evez\u0151s VB-re\"},{\"@type\":\"BreadcrumbList\",\"@id\":\"https:\\\/\\\/super-news.info\\\/hu\\\/felaron-utazhatunk-az-evezos-vb-re\\\/#breadcrumb\",\"itemListElement\":[{\"@type\":\"ListItem\",\"position\":1,\"name\":\"\u0413\u043b\u0430\u0432\u043d\u0430\u044f \u0441\u0442\u0440\u0430\u043d\u0438\u0446\u0430\",\"item\":\"https:\\\/\\\/super-news.info\\\/hu\\\/\"},{\"@type\":\"ListItem\",\"position\":2,\"name\":\"F\u00e9l\u00e1ron utazhatunk az evez\u0151s VB-re\"}]},{\"@type\":\"WebSite\",\"@id\":\"https:\\\/\\\/super-news.info\\\/hu\\\/#website\",\"url\":\"https:\\\/\\\/super-news.info\\\/hu\\\/\",\"name\":\"Super News\",\"description\":\"Super News Magyarorsz\u00e1g\",\"potentialAction\":[{\"@type\":\"SearchAction\",\"target\":{\"@type\":\"EntryPoint\",\"urlTemplate\":\"https:\\\/\\\/super-news.info\\\/hu\\\/?s={search_term_string}\"},\"query-input\":{\"@type\":\"PropertyValueSpecification\",\"valueRequired\":true,\"valueName\":\"search_term_string\"}}],\"inLanguage\":\"hu\"},{\"@type\":\"Person\",\"@id\":\"https:\\\/\\\/super-news.info\\\/hu\\\/#\\\/schema\\\/person\\\/2d4068cb2f39cd10008c2fce578a7356\",\"name\":\"super-news\",\"image\":{\"@type\":\"ImageObject\",\"inLanguage\":\"hu\",\"@id\":\"https:\\\/\\\/secure.gravatar.com\\\/avatar\\\/64ebac40b93f26a154f8a9b5b6fdccfc46f442b26b3dd6756dbff3bf9dc76fd7?s=96&d=mm&r=g\",\"url\":\"https:\\\/\\\/secure.gravatar.com\\\/avatar\\\/64ebac40b93f26a154f8a9b5b6fdccfc46f442b26b3dd6756dbff3bf9dc76fd7?s=96&d=mm&r=g\",\"contentUrl\":\"https:\\\/\\\/secure.gravatar.com\\\/avatar\\\/64ebac40b93f26a154f8a9b5b6fdccfc46f442b26b3dd6756dbff3bf9dc76fd7?s=96&d=mm&r=g\",\"caption\":\"super-news\"},\"url\":\"https:\\\/\\\/super-news.info\\\/hu\\\/author\\\/pt\\\/\"}]}<\/script>\n<!-- \/ Yoast SEO plugin. -->","yoast_head_json":{"title":"F\u00e9l\u00e1ron utazhatunk az evez\u0151s VB-re - Super News","robots":{"index":"index","follow":"follow","max-snippet":"max-snippet:-1","max-image-preview":"max-image-preview:large","max-video-preview":"max-video-preview:-1"},"canonical":"https:\/\/super-news.info\/hu\/felaron-utazhatunk-az-evezos-vb-re\/","og_locale":"hu_HU","og_type":"article","og_title":"F\u00e9l\u00e1ron utazhatunk az evez\u0151s VB-re - Super News","og_description":"A M\u00c1V-START \u00e9s a GYSEV 50 sz\u00e1zal\u00e9kos alkalmi menett\u00e9rti kedvezm\u00e9nyt biztos\u00edt a szeptember 9. \u00e9s 15. k\u00f6z\u00f6tti Evez\u0151s Masters vil\u00e1gbajnoks\u00e1gra utaz\u00f3knak b\u00e1rmely belf\u00f6ldi \u00e1llom\u00e1sr\u00f3l Velence, Velencef\u00fcrd\u0151 \u00e9s G\u00e1rdony \u00e1llom\u00e1sokra. Az utaz\u00e1si kedvezm\u00e9ny a m\u00e1sodoszt\u00e1ly\u00fa jegyek v\u00e1s\u00e1rl\u00e1sakor vehet\u0151 ig\u00e9nybe. Az els\u0151 oszt\u00e1lyon t\u00f6rt\u00e9n\u0151 utaz\u00e1shoz a kocsioszt\u00e1ly-k\u00fcl\u00f6nb\u00f6zetet, valamint a gyors- \u00e9s sebesvonatokra vonatkoz\u00f3 fel\u00e1rat meg kell fizetni. [&hellip;]","og_url":"https:\/\/super-news.info\/hu\/felaron-utazhatunk-az-evezos-vb-re\/","og_site_name":"Super News","article_published_time":"2019-09-08T12:54:40+00:00","article_modified_time":"2019-09-08T12:54:42+00:00","og_image":[{"width":1400,"height":926,"url":"https:\/\/super-news.info\/hu\/wp-content\/uploads\/sites\/3\/2019\/09\/F-l-ron-utazhatunk-az-evez-s-VB-re.jpg","type":"image\/jpeg"}],"author":"super-news","twitter_card":"summary_large_image","twitter_misc":{"Szerz\u0151:":"super-news","Becs\u00fclt olvas\u00e1si id\u0151":"1 perc"},"schema":{"@context":"https:\/\/schema.org","@graph":[{"@type":"Article","@id":"https:\/\/super-news.info\/hu\/felaron-utazhatunk-az-evezos-vb-re\/#article","isPartOf":{"@id":"https:\/\/super-news.info\/hu\/felaron-utazhatunk-az-evezos-vb-re\/"},"author":{"name":"super-news","@id":"https:\/\/super-news.info\/hu\/#\/schema\/person\/2d4068cb2f39cd10008c2fce578a7356"},"headline":"F\u00e9l\u00e1ron utazhatunk az evez\u0151s VB-re","datePublished":"2019-09-08T12:54:40+00:00","dateModified":"2019-09-08T12:54:42+00:00","mainEntityOfPage":{"@id":"https:\/\/super-news.info\/hu\/felaron-utazhatunk-az-evezos-vb-re\/"},"wordCount":207,"commentCount":0,"image":{"@id":"https:\/\/super-news.info\/hu\/felaron-utazhatunk-az-evezos-vb-re\/#primaryimage"},"thumbnailUrl":"https:\/\/super-news.info\/hu\/wp-content\/uploads\/sites\/3\/2019\/09\/F-l-ron-utazhatunk-az-evez-s-VB-re.jpg","articleSection":["P\u00c9NZ\u00dcGYI H\u00cdREK"],"inLanguage":"hu","potentialAction":[{"@type":"CommentAction","name":"Comment","target":["https:\/\/super-news.info\/hu\/felaron-utazhatunk-az-evezos-vb-re\/#respond"]}]},{"@type":"WebPage","@id":"https:\/\/super-news.info\/hu\/felaron-utazhatunk-az-evezos-vb-re\/","url":"https:\/\/super-news.info\/hu\/felaron-utazhatunk-az-evezos-vb-re\/","name":"F\u00e9l\u00e1ron utazhatunk az evez\u0151s VB-re - Super News","isPartOf":{"@id":"https:\/\/super-news.info\/hu\/#website"},"primaryImageOfPage":{"@id":"https:\/\/super-news.info\/hu\/felaron-utazhatunk-az-evezos-vb-re\/#primaryimage"},"image":{"@id":"https:\/\/super-news.info\/hu\/felaron-utazhatunk-az-evezos-vb-re\/#primaryimage"},"thumbnailUrl":"https:\/\/super-news.info\/hu\/wp-content\/uploads\/sites\/3\/2019\/09\/F-l-ron-utazhatunk-az-evez-s-VB-re.jpg","datePublished":"2019-09-08T12:54:40+00:00","dateModified":"2019-09-08T12:54:42+00:00","author":{"@id":"https:\/\/super-news.info\/hu\/#\/schema\/person\/2d4068cb2f39cd10008c2fce578a7356"},"breadcrumb":{"@id":"https:\/\/super-news.info\/hu\/felaron-utazhatunk-az-evezos-vb-re\/#breadcrumb"},"inLanguage":"hu","potentialAction":[{"@type":"ReadAction","target":["https:\/\/super-news.info\/hu\/felaron-utazhatunk-az-evezos-vb-re\/"]}]},{"@type":"ImageObject","inLanguage":"hu","@id":"https:\/\/super-news.info\/hu\/felaron-utazhatunk-az-evezos-vb-re\/#primaryimage","url":"https:\/\/super-news.info\/hu\/wp-content\/uploads\/sites\/3\/2019\/09\/F-l-ron-utazhatunk-az-evez-s-VB-re.jpg","contentUrl":"https:\/\/super-news.info\/hu\/wp-content\/uploads\/sites\/3\/2019\/09\/F-l-ron-utazhatunk-az-evez-s-VB-re.jpg","width":1400,"height":926,"caption":"F\u00e9l\u00e1ron utazhatunk az evez\u0151s VB-re"},{"@type":"BreadcrumbList","@id":"https:\/\/super-news.info\/hu\/felaron-utazhatunk-az-evezos-vb-re\/#breadcrumb","itemListElement":[{"@type":"ListItem","position":1,"name":"\u0413\u043b\u0430\u0432\u043d\u0430\u044f \u0441\u0442\u0440\u0430\u043d\u0438\u0446\u0430","item":"https:\/\/super-news.info\/hu\/"},{"@type":"ListItem","position":2,"name":"F\u00e9l\u00e1ron utazhatunk az evez\u0151s VB-re"}]},{"@type":"WebSite","@id":"https:\/\/super-news.info\/hu\/#website","url":"https:\/\/super-news.info\/hu\/","name":"Super News","description":"Super News Magyarorsz\u00e1g","potentialAction":[{"@type":"SearchAction","target":{"@type":"EntryPoint","urlTemplate":"https:\/\/super-news.info\/hu\/?s={search_term_string}"},"query-input":{"@type":"PropertyValueSpecification","valueRequired":true,"valueName":"search_term_string"}}],"inLanguage":"hu"},{"@type":"Person","@id":"https:\/\/super-news.info\/hu\/#\/schema\/person\/2d4068cb2f39cd10008c2fce578a7356","name":"super-news","image":{"@type":"ImageObject","inLanguage":"hu","@id":"https:\/\/secure.gravatar.com\/avatar\/64ebac40b93f26a154f8a9b5b6fdccfc46f442b26b3dd6756dbff3bf9dc76fd7?s=96&d=mm&r=g","url":"https:\/\/secure.gravatar.com\/avatar\/64ebac40b93f26a154f8a9b5b6fdccfc46f442b26b3dd6756dbff3bf9dc76fd7?s=96&d=mm&r=g","contentUrl":"https:\/\/secure.gravatar.com\/avatar\/64ebac40b93f26a154f8a9b5b6fdccfc46f442b26b3dd6756dbff3bf9dc76fd7?s=96&d=mm&r=g","caption":"super-news"},"url":"https:\/\/super-news.info\/hu\/author\/pt\/"}]}},"_links":{"self":[{"href":"https:\/\/super-news.info\/hu\/wp-json\/wp\/v2\/posts\/9012","targetHints":{"allow":["GET"]}}],"collection":[{"href":"https:\/\/super-news.info\/hu\/wp-json\/wp\/v2\/posts"}],"about":[{"href":"https:\/\/super-news.info\/hu\/wp-json\/wp\/v2\/types\/post"}],"author":[{"embeddable":true,"href":"https:\/\/super-news.info\/hu\/wp-json\/wp\/v2\/users\/2"}],"replies":[{"embeddable":true,"href":"https:\/\/super-news.info\/hu\/wp-json\/wp\/v2\/comments?post=9012"}],"version-history":[{"count":1,"href":"https:\/\/super-news.info\/hu\/wp-json\/wp\/v2\/posts\/9012\/revisions"}],"predecessor-version":[{"id":9014,"href":"https:\/\/super-news.info\/hu\/wp-json\/wp\/v2\/posts\/9012\/revisions\/9014"}],"wp:featuredmedia":[{"embeddable":true,"href":"https:\/\/super-news.info\/hu\/wp-json\/wp\/v2\/media\/9013"}],"wp:attachment":[{"href":"https:\/\/super-news.info\/hu\/wp-json\/wp\/v2\/media?parent=9012"}],"wp:term":[{"taxonomy":"category","embeddable":true,"href":"https:\/\/super-news.info\/hu\/wp-json\/wp\/v2\/categories?post=9012"},{"taxonomy":"post_tag","embeddable":true,"href":"https:\/\/super-news.info\/hu\/wp-json\/wp\/v2\/tags?post=9012"}],"curies":[{"name":"wp","href":"https:\/\/api.w.org\/{rel}","templated":true}]}}