{"id":8997,"date":"2019-09-08T12:23:43","date_gmt":"2019-09-08T09:23:43","guid":{"rendered":"https:\/\/super-news.info\/hu\/hungarikumok-a-hetkoznapokban-vilaggazdasag\/"},"modified":"2019-09-08T12:23:44","modified_gmt":"2019-09-08T09:23:44","slug":"hungarikumok-a-hetkoznapokban-vilaggazdasag","status":"publish","type":"post","link":"https:\/\/super-news.info\/hu\/hungarikumok-a-hetkoznapokban-vilaggazdasag\/","title":{"rendered":"Hungarikumok a h\u00e9tk\u00f6znapokban | Vil\u00e1ggazdas\u00e1g"},"content":{"rendered":"<p>\n\t\t\t\t\t\t\t\tA telep\u00fcl\u00e9si \u00e9s t\u00e1jegys\u00e9gi \u00e9rt\u00e9kt\u00e1rak nem kev\u00e9sb\u00e9 fontosak, mint a hungarikumok gy\u0171jtem\u00e9nye, csup\u00e1n a nemzetk\u00f6zi ismerts\u00e9g\u00fck korl\u00e1tozottabb \u2013 mondta a IV. Magyar \u00c9rt\u00e9kek Napj\u00e1n V. N\u00e9meth Zsolt, a kiemelked\u0151 nemzeti \u00e9rt\u00e9kek fel\u00fcgyelet\u00e9\u00e9rt felel\u0151s miniszteri biztos.\t\t\t\t\t\t\t<\/p>\n<div>\n<p>Az idei \u00e9vben a Nemzeti M\u0171vel\u0151d\u00e9si Int\u00e9zet, a N\u00e9pf\u0151iskola Alap\u00edtv\u00e1nnyal \u00e9s a Magyar Nemzeti \u00c9rt\u00e9kek \u00e9s Hungarikumok Sz\u00f6vets\u00e9g\u00e9vel egy\u00fcttm\u0171k\u00f6dve tartotta meg a IV. Magyar \u00c9rt\u00e9kek Napj\u00e1t szombaton, a Szent Istv\u00e1n Bazilik\u00e1ban \u00e9s a Pesti Vigad\u00f3ban.<\/p>\n<p>Az esem\u00e9ny ebben az \u00e9vben egy konferenci\u00e1val is kieg\u00e9sz\u00fclt, ahol V. N\u00e9meth Zsolt, kiemelked\u0151 nemzeti \u00e9rt\u00e9kek fel\u00fcgyelet\u00e9\u00e9rt felel\u0151s miniszteri biztos is el\u0151ad\u00e1st tartott.<\/p>\n<p>A Megtart\u00f3 \u00e9rt\u00e9keink c\u00edm\u0171 szakmai f\u00f3rumot Lezs\u00e1k S\u00e1ndor, a Magyar Orsz\u00e1ggy\u0171l\u00e9s aleln\u00f6ke, a Hungarikum Bizotts\u00e1g tagja nyitotta meg. Az aleln\u00f6k besz\u00e9d\u00e9ben hangs\u00falyozta, hogy minden magyar telep\u00fcl\u00e9s rendelkezik helyi \u00e9rt\u00e9kkel, majd hozz\u00e1tette, hogy a helyi \u00e9rt\u00e9kek felt\u00e1r\u00e1sa, meg\u0151rz\u00e9se \u00e9s tov\u00e1bb\u00f6r\u00f6k\u00edt\u00e9se \u201en\u00e9pi mozgalomm\u00e1\u201d v\u00e1lt az elm\u00falt \u00e9vekben, mindezek mellett pedig k\u00f6z\u00f6ss\u00e9g\u00e9p\u00edt\u0151 ereje is van.<\/p>\n<p>A szakmai tan\u00e1cskoz\u00e1son V. N\u00e9meth Zsolt a hungarikumokr\u00f3l elmondta, hogy azok nemzeti saj\u00e1toss\u00e1gaink, karakterjegyeink. Ezek felt\u00e1r\u00e1sa, gy\u0171jt\u00e9se \u00e9s n\u00e9pszer\u0171s\u00edt\u00e9se a nemzeti \u00e9letfunkci\u00f3nak a jele \u2013 tette hozz\u00e1. A miniszteri biztos kiemelte, hogy a telep\u00fcl\u00e9si \u00e9s t\u00e1jegys\u00e9gi \u00e9rt\u00e9kt\u00e1rak nem kev\u00e9sb\u00e9 fontosak, mint a hungarikumok gy\u0171jtem\u00e9nye, csup\u00e1n a nemzetk\u00f6zi ismerts\u00e9g\u00fck korl\u00e1tozottabb. A helyi identit\u00e1s megtart\u00e1s\u00e1ban viszont a hungarikumokn\u00e1l is nagyobb a jelent\u0151s\u00e9g\u00fck \u2013 fogalmazott.<\/p>\n<p>El\u0151ad\u00e1s\u00e1ban megeml\u00edtette a megyei \u00e9rt\u00e9kt\u00e1rak m\u0171k\u00f6d\u00e9s\u00e9t is. V\u00e9lem\u00e9nye szerint ezek a m\u0171helyek lehet\u0151s\u00e9get teremtenek arra, hogy \u00e1ltaluk a megy\u00e9k m\u00e9g ink\u00e1bb meghat\u00e1rozhass\u00e1k magukat, saj\u00e1t m\u00e1rk\u00e1t \u00e9p\u00edthessenek.<\/p>\n<div id=\"attachment_1539317\" style=\"width: 1410px\" class=\"wp-caption alignnone\">\n<p class=\"wp-caption-text\">Fot\u00f3: MTI\/Ujv\u00e1ri S\u00e1ndor<\/p>\n<\/div>\n<p>A miniszteri biztos kiemelte, hogy az Agr\u00e1rminiszt\u00e9riumban jelenleg t\u00f6bb olyan program is fut, amelyek a hungarikumok \u00e9s nemzeti \u00e9rt\u00e9kek v\u00e9delm\u00e9t \u00e9s n\u00e9pszer\u0171s\u00edt\u00e9s\u00e9t c\u00e9lozz\u00e1k. Az egyik ilyen projekt a kuvasz, mint magyar kutyafajta n\u00e9pszer\u0171s\u00edt\u00e9se, amelyet a szakt\u00e1rca az Orsz\u00e1gos Polg\u00e1r\u0151r Sz\u00f6vets\u00e9ggel k\u00f6z\u00f6sen val\u00f3s\u00edt meg. Tov\u00e1bb\u00e1 az id\u00e9n m\u00e1r harmadik alkalommal szervezt\u00e9k meg a Mesters\u00e9gek \u00dcnnep\u00e9n a folkTREND! divatbemutat\u00f3t, amelyen 2019-ben a Hagyom\u00e1ny a divatban \u2013 viselet m\u00e1sk\u00e9nt, hungarikum p\u00e1ly\u00e1zat nyertesei k\u00f6z\u00fcl 23 divattervez\u0151 \u00e9s n\u00e9pi iparm\u0171v\u00e9sz d\u00edjazott kollekci\u00f3ja mutatkozott be.<\/p>\n<p>V. N\u00e9meth Zsolt az \u00e9rt\u00e9kmeg\u0151rz\u00e9s legfontosabb feladat\u00e1nak nevezte a magyar jellegzetess\u00e9gek be\u00e9p\u00edt\u00e9s\u00e9t a viseletkult\u00far\u00e1ba, az \u00e9p\u00edt\u00e9szetbe, a gasztron\u00f3mi\u00e1ba, hogy a l\u00e9lektelen \u00e9s nemzeti karaktereket n\u00e9lk\u00fcl\u00f6z\u0151 szok\u00e1sok mellett ezek is helyet kapjanak a mindennapokban.<\/p>\n<div class=\"aframe\">\n<p>A k\u00f6vetkez\u0151 \u00e9vekben a magyar \u00e9rt\u00e9kek t\u00f6bb nemzetk\u00f6zi jelent\u0151s\u00e9g\u0171 rendezv\u00e9nyen is megjelen\u00e9si lehet\u0151s\u00e9get kapnak, \u00edgy t\u00f6bbek k\u00f6z\u00f6tt j\u00f6v\u0151re, az 52. Nemzetk\u00f6zi Eucharisztikus Kongresszuson \u00e9s a 2021-es vad\u00e1szati vil\u00e1gki\u00e1ll\u00edt\u00e1son is. 2020-ban emellett a nemzeti \u00f6sszetartoz\u00e1s \u00e9v\u00e9hez kapcsol\u00f3dva az elszak\u00edtott nemzetr\u00e9szek \u00e9rt\u00e9kei kapnak kiemelt figyelmet \u2013 k\u00f6z\u00f6lte a miniszteri biztos.<\/p>\n<\/div>\n<p>\u00a0<\/p>\n<\/p><\/div>\n<p><script>\n    window.fbAsyncInit = function() {\n        FB.init({\n            appId      : \"204760236815359\",\n            xfbml      : true,\n            version    : \"v2.12\"\n        });\n        FB.AppEvents.logPageView();\n    };<\/p>\n<p>    (function(d, s, id){\n        var js, fjs = d.getElementsByTagName(s)[0];\n        if (d.getElementById(id)) {return;}\n        js = d.createElement(s); js.id = id;\n        js.src = \"http:\/\/connect.facebook.net\/hu_HU\/sdk.js\";\n        fjs.parentNode.insertBefore(js, fjs);\n    }(document, \"script\", \"facebook-jssdk\"));\n<\/script><br \/>\n<br \/>\n<!--noindex--><br \/>\n<a href=\"https:\/\/www.vg.hu\/kozelet\/kultura\/hungarikumok-a-hetkoznapokban-1733656\/\" rel=\"nofollow\">Source link <\/a><br \/>\n<!--\/noindex--><\/p>\n","protected":false},"excerpt":{"rendered":"<p>A telep\u00fcl\u00e9si \u00e9s t\u00e1jegys\u00e9gi \u00e9rt\u00e9kt\u00e1rak nem kev\u00e9sb\u00e9 fontosak, mint a hungarikumok gy\u0171jtem\u00e9nye, csup\u00e1n a nemzetk\u00f6zi ismerts\u00e9g\u00fck korl\u00e1tozottabb \u2013 mondta a IV. Magyar \u00c9rt\u00e9kek Napj\u00e1n V. N\u00e9meth Zsolt, a kiemelked\u0151 nemzeti \u00e9rt\u00e9kek fel\u00fcgyelet\u00e9\u00e9rt felel\u0151s miniszteri biztos. Az idei \u00e9vben a Nemzeti M\u0171vel\u0151d\u00e9si Int\u00e9zet, a N\u00e9pf\u0151iskola Alap\u00edtv\u00e1nnyal \u00e9s a Magyar Nemzeti \u00c9rt\u00e9kek \u00e9s Hungarikumok Sz\u00f6vets\u00e9g\u00e9vel egy\u00fcttm\u0171k\u00f6dve tartotta [&hellip;]<\/p>\n","protected":false},"author":2,"featured_media":8998,"comment_status":"open","ping_status":"open","sticky":false,"template":"","format":"standard","meta":{"footnotes":""},"categories":[1],"tags":[],"class_list":["post-8997","post","type-post","status-publish","format-standard","has-post-thumbnail","hentry","category-penzugyi-hirek"],"yoast_head":"<!-- This site is optimized with the Yoast SEO plugin v27.4 - https:\/\/yoast.com\/product\/yoast-seo-wordpress\/ -->\n<title>Hungarikumok a h\u00e9tk\u00f6znapokban | Vil\u00e1ggazdas\u00e1g - Super News<\/title>\n<meta name=\"robots\" content=\"index, follow, max-snippet:-1, max-image-preview:large, max-video-preview:-1\" \/>\n<link rel=\"canonical\" href=\"https:\/\/super-news.info\/hu\/hungarikumok-a-hetkoznapokban-vilaggazdasag\/\" \/>\n<meta property=\"og:locale\" content=\"hu_HU\" \/>\n<meta property=\"og:type\" content=\"article\" \/>\n<meta property=\"og:title\" content=\"Hungarikumok a h\u00e9tk\u00f6znapokban | Vil\u00e1ggazdas\u00e1g - Super News\" \/>\n<meta property=\"og:description\" content=\"A telep\u00fcl\u00e9si \u00e9s t\u00e1jegys\u00e9gi \u00e9rt\u00e9kt\u00e1rak nem kev\u00e9sb\u00e9 fontosak, mint a hungarikumok gy\u0171jtem\u00e9nye, csup\u00e1n a nemzetk\u00f6zi ismerts\u00e9g\u00fck korl\u00e1tozottabb \u2013 mondta a IV. Magyar \u00c9rt\u00e9kek Napj\u00e1n V. N\u00e9meth Zsolt, a kiemelked\u0151 nemzeti \u00e9rt\u00e9kek fel\u00fcgyelet\u00e9\u00e9rt felel\u0151s miniszteri biztos. Az idei \u00e9vben a Nemzeti M\u0171vel\u0151d\u00e9si Int\u00e9zet, a N\u00e9pf\u0151iskola Alap\u00edtv\u00e1nnyal \u00e9s a Magyar Nemzeti \u00c9rt\u00e9kek \u00e9s Hungarikumok Sz\u00f6vets\u00e9g\u00e9vel egy\u00fcttm\u0171k\u00f6dve tartotta [&hellip;]\" \/>\n<meta property=\"og:url\" content=\"https:\/\/super-news.info\/hu\/hungarikumok-a-hetkoznapokban-vilaggazdasag\/\" \/>\n<meta property=\"og:site_name\" content=\"Super News\" \/>\n<meta property=\"article:published_time\" content=\"2019-09-08T09:23:43+00:00\" \/>\n<meta property=\"article:modified_time\" content=\"2019-09-08T09:23:44+00:00\" \/>\n<meta property=\"og:image\" content=\"https:\/\/super-news.info\/hu\/wp-content\/uploads\/sites\/3\/2019\/09\/Hungarikumok-a-h-tk-znapokban-Vil-ggazdas-g.jpg\" \/>\n\t<meta property=\"og:image:width\" content=\"1400\" \/>\n\t<meta property=\"og:image:height\" content=\"932\" \/>\n\t<meta property=\"og:image:type\" content=\"image\/jpeg\" \/>\n<meta name=\"author\" content=\"super-news\" \/>\n<meta name=\"twitter:card\" content=\"summary_large_image\" \/>\n<meta name=\"twitter:label1\" content=\"Szerz\u0151:\" \/>\n\t<meta name=\"twitter:data1\" content=\"super-news\" \/>\n\t<meta name=\"twitter:label2\" content=\"Becs\u00fclt olvas\u00e1si id\u0151\" \/>\n\t<meta name=\"twitter:data2\" content=\"3 perc\" \/>\n<script type=\"application\/ld+json\" class=\"yoast-schema-graph\">{\"@context\":\"https:\\\/\\\/schema.org\",\"@graph\":[{\"@type\":\"Article\",\"@id\":\"https:\\\/\\\/super-news.info\\\/hu\\\/hungarikumok-a-hetkoznapokban-vilaggazdasag\\\/#article\",\"isPartOf\":{\"@id\":\"https:\\\/\\\/super-news.info\\\/hu\\\/hungarikumok-a-hetkoznapokban-vilaggazdasag\\\/\"},\"author\":{\"name\":\"super-news\",\"@id\":\"https:\\\/\\\/super-news.info\\\/hu\\\/#\\\/schema\\\/person\\\/2d4068cb2f39cd10008c2fce578a7356\"},\"headline\":\"Hungarikumok a h\u00e9tk\u00f6znapokban | Vil\u00e1ggazdas\u00e1g\",\"datePublished\":\"2019-09-08T09:23:43+00:00\",\"dateModified\":\"2019-09-08T09:23:44+00:00\",\"mainEntityOfPage\":{\"@id\":\"https:\\\/\\\/super-news.info\\\/hu\\\/hungarikumok-a-hetkoznapokban-vilaggazdasag\\\/\"},\"wordCount\":646,\"commentCount\":0,\"image\":{\"@id\":\"https:\\\/\\\/super-news.info\\\/hu\\\/hungarikumok-a-hetkoznapokban-vilaggazdasag\\\/#primaryimage\"},\"thumbnailUrl\":\"https:\\\/\\\/super-news.info\\\/hu\\\/wp-content\\\/uploads\\\/sites\\\/3\\\/2019\\\/09\\\/Hungarikumok-a-h-tk-znapokban-Vil-ggazdas-g.jpg\",\"articleSection\":[\"P\u00c9NZ\u00dcGYI H\u00cdREK\"],\"inLanguage\":\"hu\",\"potentialAction\":[{\"@type\":\"CommentAction\",\"name\":\"Comment\",\"target\":[\"https:\\\/\\\/super-news.info\\\/hu\\\/hungarikumok-a-hetkoznapokban-vilaggazdasag\\\/#respond\"]}]},{\"@type\":\"WebPage\",\"@id\":\"https:\\\/\\\/super-news.info\\\/hu\\\/hungarikumok-a-hetkoznapokban-vilaggazdasag\\\/\",\"url\":\"https:\\\/\\\/super-news.info\\\/hu\\\/hungarikumok-a-hetkoznapokban-vilaggazdasag\\\/\",\"name\":\"Hungarikumok a h\u00e9tk\u00f6znapokban | Vil\u00e1ggazdas\u00e1g - Super News\",\"isPartOf\":{\"@id\":\"https:\\\/\\\/super-news.info\\\/hu\\\/#website\"},\"primaryImageOfPage\":{\"@id\":\"https:\\\/\\\/super-news.info\\\/hu\\\/hungarikumok-a-hetkoznapokban-vilaggazdasag\\\/#primaryimage\"},\"image\":{\"@id\":\"https:\\\/\\\/super-news.info\\\/hu\\\/hungarikumok-a-hetkoznapokban-vilaggazdasag\\\/#primaryimage\"},\"thumbnailUrl\":\"https:\\\/\\\/super-news.info\\\/hu\\\/wp-content\\\/uploads\\\/sites\\\/3\\\/2019\\\/09\\\/Hungarikumok-a-h-tk-znapokban-Vil-ggazdas-g.jpg\",\"datePublished\":\"2019-09-08T09:23:43+00:00\",\"dateModified\":\"2019-09-08T09:23:44+00:00\",\"author\":{\"@id\":\"https:\\\/\\\/super-news.info\\\/hu\\\/#\\\/schema\\\/person\\\/2d4068cb2f39cd10008c2fce578a7356\"},\"breadcrumb\":{\"@id\":\"https:\\\/\\\/super-news.info\\\/hu\\\/hungarikumok-a-hetkoznapokban-vilaggazdasag\\\/#breadcrumb\"},\"inLanguage\":\"hu\",\"potentialAction\":[{\"@type\":\"ReadAction\",\"target\":[\"https:\\\/\\\/super-news.info\\\/hu\\\/hungarikumok-a-hetkoznapokban-vilaggazdasag\\\/\"]}]},{\"@type\":\"ImageObject\",\"inLanguage\":\"hu\",\"@id\":\"https:\\\/\\\/super-news.info\\\/hu\\\/hungarikumok-a-hetkoznapokban-vilaggazdasag\\\/#primaryimage\",\"url\":\"https:\\\/\\\/super-news.info\\\/hu\\\/wp-content\\\/uploads\\\/sites\\\/3\\\/2019\\\/09\\\/Hungarikumok-a-h-tk-znapokban-Vil-ggazdas-g.jpg\",\"contentUrl\":\"https:\\\/\\\/super-news.info\\\/hu\\\/wp-content\\\/uploads\\\/sites\\\/3\\\/2019\\\/09\\\/Hungarikumok-a-h-tk-znapokban-Vil-ggazdas-g.jpg\",\"width\":1400,\"height\":932,\"caption\":\"Hungarikumok a h\u00e9tk\u00f6znapokban | Vil\u00e1ggazdas\u00e1g\"},{\"@type\":\"BreadcrumbList\",\"@id\":\"https:\\\/\\\/super-news.info\\\/hu\\\/hungarikumok-a-hetkoznapokban-vilaggazdasag\\\/#breadcrumb\",\"itemListElement\":[{\"@type\":\"ListItem\",\"position\":1,\"name\":\"\u0413\u043b\u0430\u0432\u043d\u0430\u044f \u0441\u0442\u0440\u0430\u043d\u0438\u0446\u0430\",\"item\":\"https:\\\/\\\/super-news.info\\\/hu\\\/\"},{\"@type\":\"ListItem\",\"position\":2,\"name\":\"Hungarikumok a h\u00e9tk\u00f6znapokban | Vil\u00e1ggazdas\u00e1g\"}]},{\"@type\":\"WebSite\",\"@id\":\"https:\\\/\\\/super-news.info\\\/hu\\\/#website\",\"url\":\"https:\\\/\\\/super-news.info\\\/hu\\\/\",\"name\":\"Super News\",\"description\":\"Super News Magyarorsz\u00e1g\",\"potentialAction\":[{\"@type\":\"SearchAction\",\"target\":{\"@type\":\"EntryPoint\",\"urlTemplate\":\"https:\\\/\\\/super-news.info\\\/hu\\\/?s={search_term_string}\"},\"query-input\":{\"@type\":\"PropertyValueSpecification\",\"valueRequired\":true,\"valueName\":\"search_term_string\"}}],\"inLanguage\":\"hu\"},{\"@type\":\"Person\",\"@id\":\"https:\\\/\\\/super-news.info\\\/hu\\\/#\\\/schema\\\/person\\\/2d4068cb2f39cd10008c2fce578a7356\",\"name\":\"super-news\",\"image\":{\"@type\":\"ImageObject\",\"inLanguage\":\"hu\",\"@id\":\"https:\\\/\\\/secure.gravatar.com\\\/avatar\\\/64ebac40b93f26a154f8a9b5b6fdccfc46f442b26b3dd6756dbff3bf9dc76fd7?s=96&d=mm&r=g\",\"url\":\"https:\\\/\\\/secure.gravatar.com\\\/avatar\\\/64ebac40b93f26a154f8a9b5b6fdccfc46f442b26b3dd6756dbff3bf9dc76fd7?s=96&d=mm&r=g\",\"contentUrl\":\"https:\\\/\\\/secure.gravatar.com\\\/avatar\\\/64ebac40b93f26a154f8a9b5b6fdccfc46f442b26b3dd6756dbff3bf9dc76fd7?s=96&d=mm&r=g\",\"caption\":\"super-news\"},\"url\":\"https:\\\/\\\/super-news.info\\\/hu\\\/author\\\/pt\\\/\"}]}<\/script>\n<!-- \/ Yoast SEO plugin. -->","yoast_head_json":{"title":"Hungarikumok a h\u00e9tk\u00f6znapokban | Vil\u00e1ggazdas\u00e1g - Super News","robots":{"index":"index","follow":"follow","max-snippet":"max-snippet:-1","max-image-preview":"max-image-preview:large","max-video-preview":"max-video-preview:-1"},"canonical":"https:\/\/super-news.info\/hu\/hungarikumok-a-hetkoznapokban-vilaggazdasag\/","og_locale":"hu_HU","og_type":"article","og_title":"Hungarikumok a h\u00e9tk\u00f6znapokban | Vil\u00e1ggazdas\u00e1g - Super News","og_description":"A telep\u00fcl\u00e9si \u00e9s t\u00e1jegys\u00e9gi \u00e9rt\u00e9kt\u00e1rak nem kev\u00e9sb\u00e9 fontosak, mint a hungarikumok gy\u0171jtem\u00e9nye, csup\u00e1n a nemzetk\u00f6zi ismerts\u00e9g\u00fck korl\u00e1tozottabb \u2013 mondta a IV. Magyar \u00c9rt\u00e9kek Napj\u00e1n V. N\u00e9meth Zsolt, a kiemelked\u0151 nemzeti \u00e9rt\u00e9kek fel\u00fcgyelet\u00e9\u00e9rt felel\u0151s miniszteri biztos. Az idei \u00e9vben a Nemzeti M\u0171vel\u0151d\u00e9si Int\u00e9zet, a N\u00e9pf\u0151iskola Alap\u00edtv\u00e1nnyal \u00e9s a Magyar Nemzeti \u00c9rt\u00e9kek \u00e9s Hungarikumok Sz\u00f6vets\u00e9g\u00e9vel egy\u00fcttm\u0171k\u00f6dve tartotta [&hellip;]","og_url":"https:\/\/super-news.info\/hu\/hungarikumok-a-hetkoznapokban-vilaggazdasag\/","og_site_name":"Super News","article_published_time":"2019-09-08T09:23:43+00:00","article_modified_time":"2019-09-08T09:23:44+00:00","og_image":[{"width":1400,"height":932,"url":"https:\/\/super-news.info\/hu\/wp-content\/uploads\/sites\/3\/2019\/09\/Hungarikumok-a-h-tk-znapokban-Vil-ggazdas-g.jpg","type":"image\/jpeg"}],"author":"super-news","twitter_card":"summary_large_image","twitter_misc":{"Szerz\u0151:":"super-news","Becs\u00fclt olvas\u00e1si id\u0151":"3 perc"},"schema":{"@context":"https:\/\/schema.org","@graph":[{"@type":"Article","@id":"https:\/\/super-news.info\/hu\/hungarikumok-a-hetkoznapokban-vilaggazdasag\/#article","isPartOf":{"@id":"https:\/\/super-news.info\/hu\/hungarikumok-a-hetkoznapokban-vilaggazdasag\/"},"author":{"name":"super-news","@id":"https:\/\/super-news.info\/hu\/#\/schema\/person\/2d4068cb2f39cd10008c2fce578a7356"},"headline":"Hungarikumok a h\u00e9tk\u00f6znapokban | Vil\u00e1ggazdas\u00e1g","datePublished":"2019-09-08T09:23:43+00:00","dateModified":"2019-09-08T09:23:44+00:00","mainEntityOfPage":{"@id":"https:\/\/super-news.info\/hu\/hungarikumok-a-hetkoznapokban-vilaggazdasag\/"},"wordCount":646,"commentCount":0,"image":{"@id":"https:\/\/super-news.info\/hu\/hungarikumok-a-hetkoznapokban-vilaggazdasag\/#primaryimage"},"thumbnailUrl":"https:\/\/super-news.info\/hu\/wp-content\/uploads\/sites\/3\/2019\/09\/Hungarikumok-a-h-tk-znapokban-Vil-ggazdas-g.jpg","articleSection":["P\u00c9NZ\u00dcGYI H\u00cdREK"],"inLanguage":"hu","potentialAction":[{"@type":"CommentAction","name":"Comment","target":["https:\/\/super-news.info\/hu\/hungarikumok-a-hetkoznapokban-vilaggazdasag\/#respond"]}]},{"@type":"WebPage","@id":"https:\/\/super-news.info\/hu\/hungarikumok-a-hetkoznapokban-vilaggazdasag\/","url":"https:\/\/super-news.info\/hu\/hungarikumok-a-hetkoznapokban-vilaggazdasag\/","name":"Hungarikumok a h\u00e9tk\u00f6znapokban | Vil\u00e1ggazdas\u00e1g - Super News","isPartOf":{"@id":"https:\/\/super-news.info\/hu\/#website"},"primaryImageOfPage":{"@id":"https:\/\/super-news.info\/hu\/hungarikumok-a-hetkoznapokban-vilaggazdasag\/#primaryimage"},"image":{"@id":"https:\/\/super-news.info\/hu\/hungarikumok-a-hetkoznapokban-vilaggazdasag\/#primaryimage"},"thumbnailUrl":"https:\/\/super-news.info\/hu\/wp-content\/uploads\/sites\/3\/2019\/09\/Hungarikumok-a-h-tk-znapokban-Vil-ggazdas-g.jpg","datePublished":"2019-09-08T09:23:43+00:00","dateModified":"2019-09-08T09:23:44+00:00","author":{"@id":"https:\/\/super-news.info\/hu\/#\/schema\/person\/2d4068cb2f39cd10008c2fce578a7356"},"breadcrumb":{"@id":"https:\/\/super-news.info\/hu\/hungarikumok-a-hetkoznapokban-vilaggazdasag\/#breadcrumb"},"inLanguage":"hu","potentialAction":[{"@type":"ReadAction","target":["https:\/\/super-news.info\/hu\/hungarikumok-a-hetkoznapokban-vilaggazdasag\/"]}]},{"@type":"ImageObject","inLanguage":"hu","@id":"https:\/\/super-news.info\/hu\/hungarikumok-a-hetkoznapokban-vilaggazdasag\/#primaryimage","url":"https:\/\/super-news.info\/hu\/wp-content\/uploads\/sites\/3\/2019\/09\/Hungarikumok-a-h-tk-znapokban-Vil-ggazdas-g.jpg","contentUrl":"https:\/\/super-news.info\/hu\/wp-content\/uploads\/sites\/3\/2019\/09\/Hungarikumok-a-h-tk-znapokban-Vil-ggazdas-g.jpg","width":1400,"height":932,"caption":"Hungarikumok a h\u00e9tk\u00f6znapokban | Vil\u00e1ggazdas\u00e1g"},{"@type":"BreadcrumbList","@id":"https:\/\/super-news.info\/hu\/hungarikumok-a-hetkoznapokban-vilaggazdasag\/#breadcrumb","itemListElement":[{"@type":"ListItem","position":1,"name":"\u0413\u043b\u0430\u0432\u043d\u0430\u044f \u0441\u0442\u0440\u0430\u043d\u0438\u0446\u0430","item":"https:\/\/super-news.info\/hu\/"},{"@type":"ListItem","position":2,"name":"Hungarikumok a h\u00e9tk\u00f6znapokban | Vil\u00e1ggazdas\u00e1g"}]},{"@type":"WebSite","@id":"https:\/\/super-news.info\/hu\/#website","url":"https:\/\/super-news.info\/hu\/","name":"Super News","description":"Super News Magyarorsz\u00e1g","potentialAction":[{"@type":"SearchAction","target":{"@type":"EntryPoint","urlTemplate":"https:\/\/super-news.info\/hu\/?s={search_term_string}"},"query-input":{"@type":"PropertyValueSpecification","valueRequired":true,"valueName":"search_term_string"}}],"inLanguage":"hu"},{"@type":"Person","@id":"https:\/\/super-news.info\/hu\/#\/schema\/person\/2d4068cb2f39cd10008c2fce578a7356","name":"super-news","image":{"@type":"ImageObject","inLanguage":"hu","@id":"https:\/\/secure.gravatar.com\/avatar\/64ebac40b93f26a154f8a9b5b6fdccfc46f442b26b3dd6756dbff3bf9dc76fd7?s=96&d=mm&r=g","url":"https:\/\/secure.gravatar.com\/avatar\/64ebac40b93f26a154f8a9b5b6fdccfc46f442b26b3dd6756dbff3bf9dc76fd7?s=96&d=mm&r=g","contentUrl":"https:\/\/secure.gravatar.com\/avatar\/64ebac40b93f26a154f8a9b5b6fdccfc46f442b26b3dd6756dbff3bf9dc76fd7?s=96&d=mm&r=g","caption":"super-news"},"url":"https:\/\/super-news.info\/hu\/author\/pt\/"}]}},"_links":{"self":[{"href":"https:\/\/super-news.info\/hu\/wp-json\/wp\/v2\/posts\/8997","targetHints":{"allow":["GET"]}}],"collection":[{"href":"https:\/\/super-news.info\/hu\/wp-json\/wp\/v2\/posts"}],"about":[{"href":"https:\/\/super-news.info\/hu\/wp-json\/wp\/v2\/types\/post"}],"author":[{"embeddable":true,"href":"https:\/\/super-news.info\/hu\/wp-json\/wp\/v2\/users\/2"}],"replies":[{"embeddable":true,"href":"https:\/\/super-news.info\/hu\/wp-json\/wp\/v2\/comments?post=8997"}],"version-history":[{"count":1,"href":"https:\/\/super-news.info\/hu\/wp-json\/wp\/v2\/posts\/8997\/revisions"}],"predecessor-version":[{"id":8999,"href":"https:\/\/super-news.info\/hu\/wp-json\/wp\/v2\/posts\/8997\/revisions\/8999"}],"wp:featuredmedia":[{"embeddable":true,"href":"https:\/\/super-news.info\/hu\/wp-json\/wp\/v2\/media\/8998"}],"wp:attachment":[{"href":"https:\/\/super-news.info\/hu\/wp-json\/wp\/v2\/media?parent=8997"}],"wp:term":[{"taxonomy":"category","embeddable":true,"href":"https:\/\/super-news.info\/hu\/wp-json\/wp\/v2\/categories?post=8997"},{"taxonomy":"post_tag","embeddable":true,"href":"https:\/\/super-news.info\/hu\/wp-json\/wp\/v2\/tags?post=8997"}],"curies":[{"name":"wp","href":"https:\/\/api.w.org\/{rel}","templated":true}]}}