{"id":8994,"date":"2019-09-08T11:31:49","date_gmt":"2019-09-08T08:31:49","guid":{"rendered":"https:\/\/super-news.info\/hu\/dorian-ezrek-menekulnek-a-bahamak-letarolt-szigeteirol\/"},"modified":"2019-09-08T11:31:51","modified_gmt":"2019-09-08T08:31:51","slug":"dorian-ezrek-menekulnek-a-bahamak-letarolt-szigeteirol","status":"publish","type":"post","link":"https:\/\/super-news.info\/hu\/dorian-ezrek-menekulnek-a-bahamak-letarolt-szigeteirol\/","title":{"rendered":"Dorian: Ezrek menek\u00fclnek a Baham\u00e1k letarolt szigeteir\u0151l"},"content":{"rendered":"<p>\n\t\t\t\t\t\t\t\tHeves es\u0151vel \u00e9s er\u0151s sz\u00e9llel el\u00e9rte Kanada atlanti partj\u00e1t szombat este a Dorian hurrik\u00e1n. T\u00f6bb sz\u00e1zezer ember otthon\u00e1ban megsz\u0171nt az \u00e1ramszolg\u00e1ltat\u00e1s \u00daj-Sk\u00f3cia tartom\u00e1nyban, f\u0151v\u00e1ros\u00e1ban, Halifaxben pedig a belv\u00e1rosban led\u0151lt egy \u00e9p\u00edt\u00e9si daru. K\u00f6zben t\u00f6bb ezer ember menek\u00fclt el a Baham\u00e1k kor\u00e1bban letarolt \u00e9szaki szigeteir\u0151l.\t\t\t\t\t\t\t<\/p>\n<div>\n<p>A vihar puszt\u00edt\u00e1s\u00e1nak egyel\u0151re egyetlen \u00e1ldozata sincs Kanad\u00e1ban.<\/p>\n<p>\u00daj-Sk\u00f3cia el\u0151tt \u00c9szak-Karolin\u00e1ban, annak is els\u0151sorban a part ment\u00e9n fekv\u0151, fest\u0151i kis szigetvil\u00e1g\u00e1ban \u2013 amelyet Outer Banksnek neveznek \u2013 puszt\u00edtott a hurrik\u00e1n.<\/p>\n<div id=\"attachment_1733632\" style=\"width: 1410px\" class=\"wp-caption alignnone\">\n<p class=\"wp-caption-text\">Fot\u00f3: Brendan Smialowski \/ AFP<\/p>\n<\/div>\n<p>Ocracoke sziget\u00e9t az es\u0151z\u00e9s \u00e9s az \u00f3ce\u00e1n hull\u00e1mai csaknem teljesen el\u00f6nt\u00f6tt\u00e9k, a szigetet \u00e9s az ott \u00e9l\u0151ket a vihar elszigetelte a k\u00fclvil\u00e1gt\u00f3l.<\/p>\n<p>Szombaton azonban m\u00e1r elkezdett visszah\u00faz\u00f3dni a v\u00edz. A turist\u00e1k k\u00f6r\u00e9ben vadreg\u00e9nyes partja miatt k\u00f6zkedvelt Ocracoke sz\u00e9p id\u0151ben is csak haj\u00f3val vagy l\u00e9gi j\u00e1rm\u0171v\u00f6n \u00e9rhet\u0151 el.<\/p>\n<p>K\u00f6zben a Dorian \u00e1ltal legink\u00e1bb s\u00fajtott bahamai szigetekr\u0151l t\u00f6bb ezer ember menek\u00fclt el szombaton a f\u0151v\u00e1rosba, Nassauba, mert lakhely\u00fck\u00f6n egyre elviselhetetlenebbek a k\u00f6r\u00fclm\u00e9nyek, pedig a vihar m\u00e1r t\u00f6bb napja elvonult, \u00e9s haj\u00f3kon \u00e9rkeznek seg\u00e9lysz\u00e1ll\u00edtm\u00e1nyok.<\/p>\n<p>A hal\u00e1los \u00e1ldozatok sz\u00e1ma 43, de ez sokkal t\u00f6bb is lehet, mert sz\u00e1zakat \u2013 vagy ak\u00e1r ezreket \u2013 tartanak nyilv\u00e1n elt\u0171ntk\u00e9nt.<\/p>\n<\/p><\/div>\n<p><script>\n    window.fbAsyncInit = function() {\n        FB.init({\n            appId      : \"204760236815359\",\n            xfbml      : true,\n            version    : \"v2.12\"\n        });\n        FB.AppEvents.logPageView();\n    };<\/p>\n<p>    (function(d, s, id){\n        var js, fjs = d.getElementsByTagName(s)[0];\n        if (d.getElementById(id)) {return;}\n        js = d.createElement(s); js.id = id;\n        js.src = \"http:\/\/connect.facebook.net\/hu_HU\/sdk.js\";\n        fjs.parentNode.insertBefore(js, fjs);\n    }(document, \"script\", \"facebook-jssdk\"));\n<\/script><br \/>\n<br \/>\n<!--noindex--><br \/>\n<a href=\"https:\/\/www.vg.hu\/kozelet\/kozeleti-hirek\/dorian-ezrek-menekulnek-a-bahamak-letarolt-szigeteirol-1733629\/\" rel=\"nofollow\">Source link <\/a><br \/>\n<!--\/noindex--><\/p>\n","protected":false},"excerpt":{"rendered":"<p>Heves es\u0151vel \u00e9s er\u0151s sz\u00e9llel el\u00e9rte Kanada atlanti partj\u00e1t szombat este a Dorian hurrik\u00e1n. T\u00f6bb sz\u00e1zezer ember otthon\u00e1ban megsz\u0171nt az \u00e1ramszolg\u00e1ltat\u00e1s \u00daj-Sk\u00f3cia tartom\u00e1nyban, f\u0151v\u00e1ros\u00e1ban, Halifaxben pedig a belv\u00e1rosban led\u0151lt egy \u00e9p\u00edt\u00e9si daru. K\u00f6zben t\u00f6bb ezer ember menek\u00fclt el a Baham\u00e1k kor\u00e1bban letarolt \u00e9szaki szigeteir\u0151l. A vihar puszt\u00edt\u00e1s\u00e1nak egyel\u0151re egyetlen \u00e1ldozata sincs Kanad\u00e1ban. \u00daj-Sk\u00f3cia el\u0151tt \u00c9szak-Karolin\u00e1ban, [&hellip;]<\/p>\n","protected":false},"author":2,"featured_media":8995,"comment_status":"open","ping_status":"open","sticky":false,"template":"","format":"standard","meta":{"footnotes":""},"categories":[1],"tags":[],"class_list":["post-8994","post","type-post","status-publish","format-standard","has-post-thumbnail","hentry","category-penzugyi-hirek"],"yoast_head":"<!-- This site is optimized with the Yoast SEO plugin v27.4 - https:\/\/yoast.com\/product\/yoast-seo-wordpress\/ -->\n<title>Dorian: Ezrek menek\u00fclnek a Baham\u00e1k letarolt szigeteir\u0151l - Super News<\/title>\n<meta name=\"robots\" content=\"index, follow, max-snippet:-1, max-image-preview:large, max-video-preview:-1\" \/>\n<link rel=\"canonical\" href=\"https:\/\/super-news.info\/hu\/dorian-ezrek-menekulnek-a-bahamak-letarolt-szigeteirol\/\" \/>\n<meta property=\"og:locale\" content=\"hu_HU\" \/>\n<meta property=\"og:type\" content=\"article\" \/>\n<meta property=\"og:title\" content=\"Dorian: Ezrek menek\u00fclnek a Baham\u00e1k letarolt szigeteir\u0151l - Super News\" \/>\n<meta property=\"og:description\" content=\"Heves es\u0151vel \u00e9s er\u0151s sz\u00e9llel el\u00e9rte Kanada atlanti partj\u00e1t szombat este a Dorian hurrik\u00e1n. T\u00f6bb sz\u00e1zezer ember otthon\u00e1ban megsz\u0171nt az \u00e1ramszolg\u00e1ltat\u00e1s \u00daj-Sk\u00f3cia tartom\u00e1nyban, f\u0151v\u00e1ros\u00e1ban, Halifaxben pedig a belv\u00e1rosban led\u0151lt egy \u00e9p\u00edt\u00e9si daru. K\u00f6zben t\u00f6bb ezer ember menek\u00fclt el a Baham\u00e1k kor\u00e1bban letarolt \u00e9szaki szigeteir\u0151l. A vihar puszt\u00edt\u00e1s\u00e1nak egyel\u0151re egyetlen \u00e1ldozata sincs Kanad\u00e1ban. \u00daj-Sk\u00f3cia el\u0151tt \u00c9szak-Karolin\u00e1ban, [&hellip;]\" \/>\n<meta property=\"og:url\" content=\"https:\/\/super-news.info\/hu\/dorian-ezrek-menekulnek-a-bahamak-letarolt-szigeteirol\/\" \/>\n<meta property=\"og:site_name\" content=\"Super News\" \/>\n<meta property=\"article:published_time\" content=\"2019-09-08T08:31:49+00:00\" \/>\n<meta property=\"article:modified_time\" content=\"2019-09-08T08:31:51+00:00\" \/>\n<meta property=\"og:image\" content=\"https:\/\/super-news.info\/hu\/wp-content\/uploads\/sites\/3\/2019\/09\/Dorian-Ezrek-menek-lnek-a-Baham-k-letarolt-szigeteir-l.jpg\" \/>\n\t<meta property=\"og:image:width\" content=\"1400\" \/>\n\t<meta property=\"og:image:height\" content=\"933\" \/>\n\t<meta property=\"og:image:type\" content=\"image\/jpeg\" \/>\n<meta name=\"author\" content=\"super-news\" \/>\n<meta name=\"twitter:card\" content=\"summary_large_image\" \/>\n<meta name=\"twitter:label1\" content=\"Szerz\u0151:\" \/>\n\t<meta name=\"twitter:data1\" content=\"super-news\" \/>\n\t<meta name=\"twitter:label2\" content=\"Becs\u00fclt olvas\u00e1si id\u0151\" \/>\n\t<meta name=\"twitter:data2\" content=\"1 perc\" \/>\n<script type=\"application\/ld+json\" class=\"yoast-schema-graph\">{\"@context\":\"https:\\\/\\\/schema.org\",\"@graph\":[{\"@type\":\"Article\",\"@id\":\"https:\\\/\\\/super-news.info\\\/hu\\\/dorian-ezrek-menekulnek-a-bahamak-letarolt-szigeteirol\\\/#article\",\"isPartOf\":{\"@id\":\"https:\\\/\\\/super-news.info\\\/hu\\\/dorian-ezrek-menekulnek-a-bahamak-letarolt-szigeteirol\\\/\"},\"author\":{\"name\":\"super-news\",\"@id\":\"https:\\\/\\\/super-news.info\\\/hu\\\/#\\\/schema\\\/person\\\/2d4068cb2f39cd10008c2fce578a7356\"},\"headline\":\"Dorian: Ezrek menek\u00fclnek a Baham\u00e1k letarolt szigeteir\u0151l\",\"datePublished\":\"2019-09-08T08:31:49+00:00\",\"dateModified\":\"2019-09-08T08:31:51+00:00\",\"mainEntityOfPage\":{\"@id\":\"https:\\\/\\\/super-news.info\\\/hu\\\/dorian-ezrek-menekulnek-a-bahamak-letarolt-szigeteirol\\\/\"},\"wordCount\":285,\"commentCount\":0,\"image\":{\"@id\":\"https:\\\/\\\/super-news.info\\\/hu\\\/dorian-ezrek-menekulnek-a-bahamak-letarolt-szigeteirol\\\/#primaryimage\"},\"thumbnailUrl\":\"https:\\\/\\\/super-news.info\\\/hu\\\/wp-content\\\/uploads\\\/sites\\\/3\\\/2019\\\/09\\\/Dorian-Ezrek-menek-lnek-a-Baham-k-letarolt-szigeteir-l.jpg\",\"articleSection\":[\"P\u00c9NZ\u00dcGYI H\u00cdREK\"],\"inLanguage\":\"hu\",\"potentialAction\":[{\"@type\":\"CommentAction\",\"name\":\"Comment\",\"target\":[\"https:\\\/\\\/super-news.info\\\/hu\\\/dorian-ezrek-menekulnek-a-bahamak-letarolt-szigeteirol\\\/#respond\"]}]},{\"@type\":\"WebPage\",\"@id\":\"https:\\\/\\\/super-news.info\\\/hu\\\/dorian-ezrek-menekulnek-a-bahamak-letarolt-szigeteirol\\\/\",\"url\":\"https:\\\/\\\/super-news.info\\\/hu\\\/dorian-ezrek-menekulnek-a-bahamak-letarolt-szigeteirol\\\/\",\"name\":\"Dorian: Ezrek menek\u00fclnek a Baham\u00e1k letarolt szigeteir\u0151l - Super News\",\"isPartOf\":{\"@id\":\"https:\\\/\\\/super-news.info\\\/hu\\\/#website\"},\"primaryImageOfPage\":{\"@id\":\"https:\\\/\\\/super-news.info\\\/hu\\\/dorian-ezrek-menekulnek-a-bahamak-letarolt-szigeteirol\\\/#primaryimage\"},\"image\":{\"@id\":\"https:\\\/\\\/super-news.info\\\/hu\\\/dorian-ezrek-menekulnek-a-bahamak-letarolt-szigeteirol\\\/#primaryimage\"},\"thumbnailUrl\":\"https:\\\/\\\/super-news.info\\\/hu\\\/wp-content\\\/uploads\\\/sites\\\/3\\\/2019\\\/09\\\/Dorian-Ezrek-menek-lnek-a-Baham-k-letarolt-szigeteir-l.jpg\",\"datePublished\":\"2019-09-08T08:31:49+00:00\",\"dateModified\":\"2019-09-08T08:31:51+00:00\",\"author\":{\"@id\":\"https:\\\/\\\/super-news.info\\\/hu\\\/#\\\/schema\\\/person\\\/2d4068cb2f39cd10008c2fce578a7356\"},\"breadcrumb\":{\"@id\":\"https:\\\/\\\/super-news.info\\\/hu\\\/dorian-ezrek-menekulnek-a-bahamak-letarolt-szigeteirol\\\/#breadcrumb\"},\"inLanguage\":\"hu\",\"potentialAction\":[{\"@type\":\"ReadAction\",\"target\":[\"https:\\\/\\\/super-news.info\\\/hu\\\/dorian-ezrek-menekulnek-a-bahamak-letarolt-szigeteirol\\\/\"]}]},{\"@type\":\"ImageObject\",\"inLanguage\":\"hu\",\"@id\":\"https:\\\/\\\/super-news.info\\\/hu\\\/dorian-ezrek-menekulnek-a-bahamak-letarolt-szigeteirol\\\/#primaryimage\",\"url\":\"https:\\\/\\\/super-news.info\\\/hu\\\/wp-content\\\/uploads\\\/sites\\\/3\\\/2019\\\/09\\\/Dorian-Ezrek-menek-lnek-a-Baham-k-letarolt-szigeteir-l.jpg\",\"contentUrl\":\"https:\\\/\\\/super-news.info\\\/hu\\\/wp-content\\\/uploads\\\/sites\\\/3\\\/2019\\\/09\\\/Dorian-Ezrek-menek-lnek-a-Baham-k-letarolt-szigeteir-l.jpg\",\"width\":1400,\"height\":933,\"caption\":\"Dorian: Ezrek menek\u00fclnek a Baham\u00e1k letarolt szigeteir\u0151l\"},{\"@type\":\"BreadcrumbList\",\"@id\":\"https:\\\/\\\/super-news.info\\\/hu\\\/dorian-ezrek-menekulnek-a-bahamak-letarolt-szigeteirol\\\/#breadcrumb\",\"itemListElement\":[{\"@type\":\"ListItem\",\"position\":1,\"name\":\"\u0413\u043b\u0430\u0432\u043d\u0430\u044f \u0441\u0442\u0440\u0430\u043d\u0438\u0446\u0430\",\"item\":\"https:\\\/\\\/super-news.info\\\/hu\\\/\"},{\"@type\":\"ListItem\",\"position\":2,\"name\":\"Dorian: Ezrek menek\u00fclnek a Baham\u00e1k letarolt szigeteir\u0151l\"}]},{\"@type\":\"WebSite\",\"@id\":\"https:\\\/\\\/super-news.info\\\/hu\\\/#website\",\"url\":\"https:\\\/\\\/super-news.info\\\/hu\\\/\",\"name\":\"Super News\",\"description\":\"Super News Magyarorsz\u00e1g\",\"potentialAction\":[{\"@type\":\"SearchAction\",\"target\":{\"@type\":\"EntryPoint\",\"urlTemplate\":\"https:\\\/\\\/super-news.info\\\/hu\\\/?s={search_term_string}\"},\"query-input\":{\"@type\":\"PropertyValueSpecification\",\"valueRequired\":true,\"valueName\":\"search_term_string\"}}],\"inLanguage\":\"hu\"},{\"@type\":\"Person\",\"@id\":\"https:\\\/\\\/super-news.info\\\/hu\\\/#\\\/schema\\\/person\\\/2d4068cb2f39cd10008c2fce578a7356\",\"name\":\"super-news\",\"image\":{\"@type\":\"ImageObject\",\"inLanguage\":\"hu\",\"@id\":\"https:\\\/\\\/secure.gravatar.com\\\/avatar\\\/64ebac40b93f26a154f8a9b5b6fdccfc46f442b26b3dd6756dbff3bf9dc76fd7?s=96&d=mm&r=g\",\"url\":\"https:\\\/\\\/secure.gravatar.com\\\/avatar\\\/64ebac40b93f26a154f8a9b5b6fdccfc46f442b26b3dd6756dbff3bf9dc76fd7?s=96&d=mm&r=g\",\"contentUrl\":\"https:\\\/\\\/secure.gravatar.com\\\/avatar\\\/64ebac40b93f26a154f8a9b5b6fdccfc46f442b26b3dd6756dbff3bf9dc76fd7?s=96&d=mm&r=g\",\"caption\":\"super-news\"},\"url\":\"https:\\\/\\\/super-news.info\\\/hu\\\/author\\\/pt\\\/\"}]}<\/script>\n<!-- \/ Yoast SEO plugin. -->","yoast_head_json":{"title":"Dorian: Ezrek menek\u00fclnek a Baham\u00e1k letarolt szigeteir\u0151l - Super News","robots":{"index":"index","follow":"follow","max-snippet":"max-snippet:-1","max-image-preview":"max-image-preview:large","max-video-preview":"max-video-preview:-1"},"canonical":"https:\/\/super-news.info\/hu\/dorian-ezrek-menekulnek-a-bahamak-letarolt-szigeteirol\/","og_locale":"hu_HU","og_type":"article","og_title":"Dorian: Ezrek menek\u00fclnek a Baham\u00e1k letarolt szigeteir\u0151l - Super News","og_description":"Heves es\u0151vel \u00e9s er\u0151s sz\u00e9llel el\u00e9rte Kanada atlanti partj\u00e1t szombat este a Dorian hurrik\u00e1n. T\u00f6bb sz\u00e1zezer ember otthon\u00e1ban megsz\u0171nt az \u00e1ramszolg\u00e1ltat\u00e1s \u00daj-Sk\u00f3cia tartom\u00e1nyban, f\u0151v\u00e1ros\u00e1ban, Halifaxben pedig a belv\u00e1rosban led\u0151lt egy \u00e9p\u00edt\u00e9si daru. K\u00f6zben t\u00f6bb ezer ember menek\u00fclt el a Baham\u00e1k kor\u00e1bban letarolt \u00e9szaki szigeteir\u0151l. A vihar puszt\u00edt\u00e1s\u00e1nak egyel\u0151re egyetlen \u00e1ldozata sincs Kanad\u00e1ban. \u00daj-Sk\u00f3cia el\u0151tt \u00c9szak-Karolin\u00e1ban, [&hellip;]","og_url":"https:\/\/super-news.info\/hu\/dorian-ezrek-menekulnek-a-bahamak-letarolt-szigeteirol\/","og_site_name":"Super News","article_published_time":"2019-09-08T08:31:49+00:00","article_modified_time":"2019-09-08T08:31:51+00:00","og_image":[{"width":1400,"height":933,"url":"https:\/\/super-news.info\/hu\/wp-content\/uploads\/sites\/3\/2019\/09\/Dorian-Ezrek-menek-lnek-a-Baham-k-letarolt-szigeteir-l.jpg","type":"image\/jpeg"}],"author":"super-news","twitter_card":"summary_large_image","twitter_misc":{"Szerz\u0151:":"super-news","Becs\u00fclt olvas\u00e1si id\u0151":"1 perc"},"schema":{"@context":"https:\/\/schema.org","@graph":[{"@type":"Article","@id":"https:\/\/super-news.info\/hu\/dorian-ezrek-menekulnek-a-bahamak-letarolt-szigeteirol\/#article","isPartOf":{"@id":"https:\/\/super-news.info\/hu\/dorian-ezrek-menekulnek-a-bahamak-letarolt-szigeteirol\/"},"author":{"name":"super-news","@id":"https:\/\/super-news.info\/hu\/#\/schema\/person\/2d4068cb2f39cd10008c2fce578a7356"},"headline":"Dorian: Ezrek menek\u00fclnek a Baham\u00e1k letarolt szigeteir\u0151l","datePublished":"2019-09-08T08:31:49+00:00","dateModified":"2019-09-08T08:31:51+00:00","mainEntityOfPage":{"@id":"https:\/\/super-news.info\/hu\/dorian-ezrek-menekulnek-a-bahamak-letarolt-szigeteirol\/"},"wordCount":285,"commentCount":0,"image":{"@id":"https:\/\/super-news.info\/hu\/dorian-ezrek-menekulnek-a-bahamak-letarolt-szigeteirol\/#primaryimage"},"thumbnailUrl":"https:\/\/super-news.info\/hu\/wp-content\/uploads\/sites\/3\/2019\/09\/Dorian-Ezrek-menek-lnek-a-Baham-k-letarolt-szigeteir-l.jpg","articleSection":["P\u00c9NZ\u00dcGYI H\u00cdREK"],"inLanguage":"hu","potentialAction":[{"@type":"CommentAction","name":"Comment","target":["https:\/\/super-news.info\/hu\/dorian-ezrek-menekulnek-a-bahamak-letarolt-szigeteirol\/#respond"]}]},{"@type":"WebPage","@id":"https:\/\/super-news.info\/hu\/dorian-ezrek-menekulnek-a-bahamak-letarolt-szigeteirol\/","url":"https:\/\/super-news.info\/hu\/dorian-ezrek-menekulnek-a-bahamak-letarolt-szigeteirol\/","name":"Dorian: Ezrek menek\u00fclnek a Baham\u00e1k letarolt szigeteir\u0151l - Super News","isPartOf":{"@id":"https:\/\/super-news.info\/hu\/#website"},"primaryImageOfPage":{"@id":"https:\/\/super-news.info\/hu\/dorian-ezrek-menekulnek-a-bahamak-letarolt-szigeteirol\/#primaryimage"},"image":{"@id":"https:\/\/super-news.info\/hu\/dorian-ezrek-menekulnek-a-bahamak-letarolt-szigeteirol\/#primaryimage"},"thumbnailUrl":"https:\/\/super-news.info\/hu\/wp-content\/uploads\/sites\/3\/2019\/09\/Dorian-Ezrek-menek-lnek-a-Baham-k-letarolt-szigeteir-l.jpg","datePublished":"2019-09-08T08:31:49+00:00","dateModified":"2019-09-08T08:31:51+00:00","author":{"@id":"https:\/\/super-news.info\/hu\/#\/schema\/person\/2d4068cb2f39cd10008c2fce578a7356"},"breadcrumb":{"@id":"https:\/\/super-news.info\/hu\/dorian-ezrek-menekulnek-a-bahamak-letarolt-szigeteirol\/#breadcrumb"},"inLanguage":"hu","potentialAction":[{"@type":"ReadAction","target":["https:\/\/super-news.info\/hu\/dorian-ezrek-menekulnek-a-bahamak-letarolt-szigeteirol\/"]}]},{"@type":"ImageObject","inLanguage":"hu","@id":"https:\/\/super-news.info\/hu\/dorian-ezrek-menekulnek-a-bahamak-letarolt-szigeteirol\/#primaryimage","url":"https:\/\/super-news.info\/hu\/wp-content\/uploads\/sites\/3\/2019\/09\/Dorian-Ezrek-menek-lnek-a-Baham-k-letarolt-szigeteir-l.jpg","contentUrl":"https:\/\/super-news.info\/hu\/wp-content\/uploads\/sites\/3\/2019\/09\/Dorian-Ezrek-menek-lnek-a-Baham-k-letarolt-szigeteir-l.jpg","width":1400,"height":933,"caption":"Dorian: Ezrek menek\u00fclnek a Baham\u00e1k letarolt szigeteir\u0151l"},{"@type":"BreadcrumbList","@id":"https:\/\/super-news.info\/hu\/dorian-ezrek-menekulnek-a-bahamak-letarolt-szigeteirol\/#breadcrumb","itemListElement":[{"@type":"ListItem","position":1,"name":"\u0413\u043b\u0430\u0432\u043d\u0430\u044f \u0441\u0442\u0440\u0430\u043d\u0438\u0446\u0430","item":"https:\/\/super-news.info\/hu\/"},{"@type":"ListItem","position":2,"name":"Dorian: Ezrek menek\u00fclnek a Baham\u00e1k letarolt szigeteir\u0151l"}]},{"@type":"WebSite","@id":"https:\/\/super-news.info\/hu\/#website","url":"https:\/\/super-news.info\/hu\/","name":"Super News","description":"Super News Magyarorsz\u00e1g","potentialAction":[{"@type":"SearchAction","target":{"@type":"EntryPoint","urlTemplate":"https:\/\/super-news.info\/hu\/?s={search_term_string}"},"query-input":{"@type":"PropertyValueSpecification","valueRequired":true,"valueName":"search_term_string"}}],"inLanguage":"hu"},{"@type":"Person","@id":"https:\/\/super-news.info\/hu\/#\/schema\/person\/2d4068cb2f39cd10008c2fce578a7356","name":"super-news","image":{"@type":"ImageObject","inLanguage":"hu","@id":"https:\/\/secure.gravatar.com\/avatar\/64ebac40b93f26a154f8a9b5b6fdccfc46f442b26b3dd6756dbff3bf9dc76fd7?s=96&d=mm&r=g","url":"https:\/\/secure.gravatar.com\/avatar\/64ebac40b93f26a154f8a9b5b6fdccfc46f442b26b3dd6756dbff3bf9dc76fd7?s=96&d=mm&r=g","contentUrl":"https:\/\/secure.gravatar.com\/avatar\/64ebac40b93f26a154f8a9b5b6fdccfc46f442b26b3dd6756dbff3bf9dc76fd7?s=96&d=mm&r=g","caption":"super-news"},"url":"https:\/\/super-news.info\/hu\/author\/pt\/"}]}},"_links":{"self":[{"href":"https:\/\/super-news.info\/hu\/wp-json\/wp\/v2\/posts\/8994","targetHints":{"allow":["GET"]}}],"collection":[{"href":"https:\/\/super-news.info\/hu\/wp-json\/wp\/v2\/posts"}],"about":[{"href":"https:\/\/super-news.info\/hu\/wp-json\/wp\/v2\/types\/post"}],"author":[{"embeddable":true,"href":"https:\/\/super-news.info\/hu\/wp-json\/wp\/v2\/users\/2"}],"replies":[{"embeddable":true,"href":"https:\/\/super-news.info\/hu\/wp-json\/wp\/v2\/comments?post=8994"}],"version-history":[{"count":1,"href":"https:\/\/super-news.info\/hu\/wp-json\/wp\/v2\/posts\/8994\/revisions"}],"predecessor-version":[{"id":8996,"href":"https:\/\/super-news.info\/hu\/wp-json\/wp\/v2\/posts\/8994\/revisions\/8996"}],"wp:featuredmedia":[{"embeddable":true,"href":"https:\/\/super-news.info\/hu\/wp-json\/wp\/v2\/media\/8995"}],"wp:attachment":[{"href":"https:\/\/super-news.info\/hu\/wp-json\/wp\/v2\/media?parent=8994"}],"wp:term":[{"taxonomy":"category","embeddable":true,"href":"https:\/\/super-news.info\/hu\/wp-json\/wp\/v2\/categories?post=8994"},{"taxonomy":"post_tag","embeddable":true,"href":"https:\/\/super-news.info\/hu\/wp-json\/wp\/v2\/tags?post=8994"}],"curies":[{"name":"wp","href":"https:\/\/api.w.org\/{rel}","templated":true}]}}