{"id":8991,"date":"2019-09-08T10:38:00","date_gmt":"2019-09-08T07:38:00","guid":{"rendered":"https:\/\/super-news.info\/hu\/csokkent-magyarorszag-gazdasagi-kitettsege-vilaggazdasag\/"},"modified":"2019-09-08T10:38:01","modified_gmt":"2019-09-08T07:38:01","slug":"csokkent-magyarorszag-gazdasagi-kitettsege-vilaggazdasag","status":"publish","type":"post","link":"https:\/\/super-news.info\/hu\/csokkent-magyarorszag-gazdasagi-kitettsege-vilaggazdasag\/","title":{"rendered":"Cs\u00f6kkent Magyarorsz\u00e1g gazdas\u00e1gi kitetts\u00e9ge | Vil\u00e1ggazdas\u00e1g"},"content":{"rendered":"<p>\n\t\t\t\t\t\t\t\tLassul\u00e1s m\u00e1r van, de komoly visszaes\u00e9s, recesszi\u00f3 m\u00e9g nincs \u2013 \u00edgy \u00f6sszegezte Varga Mih\u00e1ly a vil\u00e1ggazdas\u00e1gi folyamatokat \u00e9s a magyar kil\u00e1t\u00e1sokat az 57. K\u00f6zgazd\u00e1sz V\u00e1ndorgy\u0171l\u00e9s z\u00e1r\u00f3 plen\u00e1ris \u00fcl\u00e9s\u00e9n tartott el\u0151ad\u00e1s\u00e1ban Ny\u00edregyh\u00e1z\u00e1n. \t\t\t\t\t\t\t<\/p>\n<div>\n<p>A p\u00e9nz\u00fcgyminiszter a k\u00fcls\u0151 \u00e9s bels\u0151 kock\u00e1zatokat elemezve meg\u00e1llap\u00edtotta: a magyar gazdas\u00e1g meger\u0151s\u00f6d\u00e9s\u00e9ben jelent\u0151s szerepe van a korm\u00e1ny int\u00e9zked\u00e9seinek, \u00e9s ennek k\u00f6sz\u00f6nhet\u0151en a glob\u00e1lis hat\u00e1sok ellen\u00e9re tov\u00e1bbra is n\u00f6veked\u00e9sre sz\u00e1m\u00edthatunk.<\/p>\n<p>Varga Mih\u00e1ly a magyar gazdas\u00e1g idei els\u0151 f\u00e9l\u00e9vi teljes\u00edtm\u00e9ny\u00e9t \u00e9rt\u00e9kelve kifejtette, hogy a n\u00e9met ipar gyeng\u00e9lked\u00e9se egyel\u0151re nem \u00e9rezteti hat\u00e1s\u00e1t, ami azt mutatja, hogy cs\u00f6kkent haz\u00e1nk kitetts\u00e9ge a k\u00fcls\u0151 kock\u00e1zatokkal szemben.<\/p>\n<div>\n<div id=\"attachment_1733644\" style=\"width: 1410px\" class=\"wp-caption alignnone\">\n<p class=\"wp-caption-text\">MTI\/Czegl\u00e9di Zsolt<\/p>\n<\/div>\n<\/div>\n<p>Az els\u0151 f\u00e9l\u00e9vi 5,1 sz\u00e1zal\u00e9kos GDP-b\u0151v\u00fcl\u00e9s 2,4 sz\u00e1zal\u00e9k\u00e1t a bels\u0151 motorok, 1,6 sz\u00e1zal\u00e9k\u00e1t a korm\u00e1nyzati int\u00e9zked\u00e9sek \u2013 \u00edgy az ad\u00f3- \u00e9s b\u00e9rmeg\u00e1llapod\u00e1s, a lakhat\u00e1st seg\u00edt\u0151 int\u00e9zked\u00e9sek, az \u00e1llami beruh\u00e1z\u00e1sok, a Versenyk\u00e9pesebb Magyarorsz\u00e1g\u00e9rt Program \u00e9s a Gazdas\u00e1gv\u00e9delmi Akci\u00f3terv \u2013, 0,9 sz\u00e1zal\u00e9k\u00e1t a k\u00fcls\u0151 kereslet adt\u00e1k, \u00e9s a n\u00f6veked\u00e9shez csup\u00e1n 0,2 sz\u00e1zal\u00e9kkal j\u00e1rultak hozz\u00e1 az uni\u00f3s forr\u00e1sok \u2013 mutatott r\u00e1 a miniszter.<\/p>\n<p>Mint mondta: j\u00f3 jel az is, hogy a magyar gazdas\u00e1g szerepl\u0151i \u2013 a 2008-as v\u00e1ls\u00e1ghoz k\u00e9pest \u2013 jelent\u0151s tartal\u00e9kkal rendelkeznek. A lakoss\u00e1g \u00e9s a v\u00e1llalatok elad\u00f3sodotts\u00e1ga alacsony szinten van, a magyar bankrendszer sokk-ellen\u00e1ll\u00f3k\u00e9pess\u00e9ge j\u00f3, az \u00e1llamh\u00e1ztart\u00e1s tartal\u00e9kai magasak, az \u00e1llamad\u00f3ss\u00e1g deviza- \u00e9s k\u00fclf\u00f6ldiek kez\u00e9ben l\u00e9v\u0151 ar\u00e1nya jelent\u0151sen cs\u00f6kkent, a foglalkoztat\u00e1s ar\u00e1nya \u00e1tl\u00e9pte a 70 sz\u00e1zal\u00e9kot.<\/p>\n<p>Varga Mih\u00e1ly kiemelte, hogy b\u00e1r a vil\u00e1ggazdas\u00e1got \u00e9rint\u0151 politikai bizonytalans\u00e1g egyre n\u0151, ez ink\u00e1bb az aktu\u00e1lis politikai k\u00f6zhangulat v\u00e1ltoz\u00e1s\u00e1t, \u00e9s nem a v\u00e1ls\u00e1g k\u00f6zeled\u00e9s\u00e9t jelzi. Mint fogalmazott: a magyar gazdas\u00e1gpolitik\u00e1nak ezut\u00e1n is ker\u00fclni kell a t\u00falk\u00f6ltekez\u00e9st \u00e9s a tartal\u00e9kok fel\u00e9l\u00e9st, a beruh\u00e1z\u00e1sok t\u00e1mogat\u00e1s\u00e1t folytatni kell, a forint\u00e1rfolyamnak kisz\u00e1m\u00edthat\u00f3nak kell maradnia, mozg\u00f3s\u00edtani kell a munkaer\u0151-tartal\u00e9kokat, sz\u00fcks\u00e9ges a szakpolitikai javaslatok v\u00e9grehajt\u00e1sa, a KKV-szektor versenyk\u00e9pess\u00e9g\u00e9nek n\u00f6vel\u00e9se, valamint a politikai stabilit\u00e1s meg\u0151rz\u00e9se.<\/p>\n<\/p><\/div>\n<p><script>\n    window.fbAsyncInit = function() {\n        FB.init({\n            appId      : \"204760236815359\",\n            xfbml      : true,\n            version    : \"v2.12\"\n        });\n        FB.AppEvents.logPageView();\n    };<\/p>\n<p>    (function(d, s, id){\n        var js, fjs = d.getElementsByTagName(s)[0];\n        if (d.getElementById(id)) {return;}\n        js = d.createElement(s); js.id = id;\n        js.src = \"http:\/\/connect.facebook.net\/hu_HU\/sdk.js\";\n        fjs.parentNode.insertBefore(js, fjs);\n    }(document, \"script\", \"facebook-jssdk\"));\n<\/script><br \/>\n<br \/>\n<!--noindex--><br \/>\n<a href=\"https:\/\/www.vg.hu\/gazdasag\/gazdasagpolitika\/csokkent-magyarorszag-gazdasagi-kitettsege-1733641\/\" rel=\"nofollow\">Source link <\/a><br \/>\n<!--\/noindex--><\/p>\n","protected":false},"excerpt":{"rendered":"<p>Lassul\u00e1s m\u00e1r van, de komoly visszaes\u00e9s, recesszi\u00f3 m\u00e9g nincs \u2013 \u00edgy \u00f6sszegezte Varga Mih\u00e1ly a vil\u00e1ggazdas\u00e1gi folyamatokat \u00e9s a magyar kil\u00e1t\u00e1sokat az 57. K\u00f6zgazd\u00e1sz V\u00e1ndorgy\u0171l\u00e9s z\u00e1r\u00f3 plen\u00e1ris \u00fcl\u00e9s\u00e9n tartott el\u0151ad\u00e1s\u00e1ban Ny\u00edregyh\u00e1z\u00e1n. A p\u00e9nz\u00fcgyminiszter a k\u00fcls\u0151 \u00e9s bels\u0151 kock\u00e1zatokat elemezve meg\u00e1llap\u00edtotta: a magyar gazdas\u00e1g meger\u0151s\u00f6d\u00e9s\u00e9ben jelent\u0151s szerepe van a korm\u00e1ny int\u00e9zked\u00e9seinek, \u00e9s ennek k\u00f6sz\u00f6nhet\u0151en a glob\u00e1lis [&hellip;]<\/p>\n","protected":false},"author":2,"featured_media":8992,"comment_status":"open","ping_status":"open","sticky":false,"template":"","format":"standard","meta":{"footnotes":""},"categories":[1],"tags":[],"class_list":["post-8991","post","type-post","status-publish","format-standard","has-post-thumbnail","hentry","category-penzugyi-hirek"],"yoast_head":"<!-- This site is optimized with the Yoast SEO plugin v27.4 - https:\/\/yoast.com\/product\/yoast-seo-wordpress\/ -->\n<title>Cs\u00f6kkent Magyarorsz\u00e1g gazdas\u00e1gi kitetts\u00e9ge | Vil\u00e1ggazdas\u00e1g - Super News<\/title>\n<meta name=\"robots\" content=\"index, follow, max-snippet:-1, max-image-preview:large, max-video-preview:-1\" \/>\n<link rel=\"canonical\" href=\"https:\/\/super-news.info\/hu\/csokkent-magyarorszag-gazdasagi-kitettsege-vilaggazdasag\/\" \/>\n<meta property=\"og:locale\" content=\"hu_HU\" \/>\n<meta property=\"og:type\" content=\"article\" \/>\n<meta property=\"og:title\" content=\"Cs\u00f6kkent Magyarorsz\u00e1g gazdas\u00e1gi kitetts\u00e9ge | Vil\u00e1ggazdas\u00e1g - Super News\" \/>\n<meta property=\"og:description\" content=\"Lassul\u00e1s m\u00e1r van, de komoly visszaes\u00e9s, recesszi\u00f3 m\u00e9g nincs \u2013 \u00edgy \u00f6sszegezte Varga Mih\u00e1ly a vil\u00e1ggazdas\u00e1gi folyamatokat \u00e9s a magyar kil\u00e1t\u00e1sokat az 57. K\u00f6zgazd\u00e1sz V\u00e1ndorgy\u0171l\u00e9s z\u00e1r\u00f3 plen\u00e1ris \u00fcl\u00e9s\u00e9n tartott el\u0151ad\u00e1s\u00e1ban Ny\u00edregyh\u00e1z\u00e1n. A p\u00e9nz\u00fcgyminiszter a k\u00fcls\u0151 \u00e9s bels\u0151 kock\u00e1zatokat elemezve meg\u00e1llap\u00edtotta: a magyar gazdas\u00e1g meger\u0151s\u00f6d\u00e9s\u00e9ben jelent\u0151s szerepe van a korm\u00e1ny int\u00e9zked\u00e9seinek, \u00e9s ennek k\u00f6sz\u00f6nhet\u0151en a glob\u00e1lis [&hellip;]\" \/>\n<meta property=\"og:url\" content=\"https:\/\/super-news.info\/hu\/csokkent-magyarorszag-gazdasagi-kitettsege-vilaggazdasag\/\" \/>\n<meta property=\"og:site_name\" content=\"Super News\" \/>\n<meta property=\"article:published_time\" content=\"2019-09-08T07:38:00+00:00\" \/>\n<meta property=\"article:modified_time\" content=\"2019-09-08T07:38:01+00:00\" \/>\n<meta property=\"og:image\" content=\"https:\/\/super-news.info\/hu\/wp-content\/uploads\/sites\/3\/2019\/09\/Cs-kkent-Magyarorsz-g-gazdas-gi-kitetts-ge-Vil-ggazdas-g.jpeg\" \/>\n\t<meta property=\"og:image:width\" content=\"600\" \/>\n\t<meta property=\"og:image:height\" content=\"400\" \/>\n\t<meta property=\"og:image:type\" content=\"image\/jpeg\" \/>\n<meta name=\"author\" content=\"super-news\" \/>\n<meta name=\"twitter:card\" content=\"summary_large_image\" \/>\n<meta name=\"twitter:label1\" content=\"Szerz\u0151:\" \/>\n\t<meta name=\"twitter:data1\" content=\"super-news\" \/>\n\t<meta name=\"twitter:label2\" content=\"Becs\u00fclt olvas\u00e1si id\u0151\" \/>\n\t<meta name=\"twitter:data2\" content=\"2 perc\" \/>\n<script type=\"application\/ld+json\" class=\"yoast-schema-graph\">{\"@context\":\"https:\\\/\\\/schema.org\",\"@graph\":[{\"@type\":\"Article\",\"@id\":\"https:\\\/\\\/super-news.info\\\/hu\\\/csokkent-magyarorszag-gazdasagi-kitettsege-vilaggazdasag\\\/#article\",\"isPartOf\":{\"@id\":\"https:\\\/\\\/super-news.info\\\/hu\\\/csokkent-magyarorszag-gazdasagi-kitettsege-vilaggazdasag\\\/\"},\"author\":{\"name\":\"super-news\",\"@id\":\"https:\\\/\\\/super-news.info\\\/hu\\\/#\\\/schema\\\/person\\\/2d4068cb2f39cd10008c2fce578a7356\"},\"headline\":\"Cs\u00f6kkent Magyarorsz\u00e1g gazdas\u00e1gi kitetts\u00e9ge | Vil\u00e1ggazdas\u00e1g\",\"datePublished\":\"2019-09-08T07:38:00+00:00\",\"dateModified\":\"2019-09-08T07:38:01+00:00\",\"mainEntityOfPage\":{\"@id\":\"https:\\\/\\\/super-news.info\\\/hu\\\/csokkent-magyarorszag-gazdasagi-kitettsege-vilaggazdasag\\\/\"},\"wordCount\":476,\"commentCount\":0,\"image\":{\"@id\":\"https:\\\/\\\/super-news.info\\\/hu\\\/csokkent-magyarorszag-gazdasagi-kitettsege-vilaggazdasag\\\/#primaryimage\"},\"thumbnailUrl\":\"https:\\\/\\\/super-news.info\\\/hu\\\/wp-content\\\/uploads\\\/sites\\\/3\\\/2019\\\/09\\\/Cs-kkent-Magyarorsz-g-gazdas-gi-kitetts-ge-Vil-ggazdas-g.jpeg\",\"articleSection\":[\"P\u00c9NZ\u00dcGYI H\u00cdREK\"],\"inLanguage\":\"hu\",\"potentialAction\":[{\"@type\":\"CommentAction\",\"name\":\"Comment\",\"target\":[\"https:\\\/\\\/super-news.info\\\/hu\\\/csokkent-magyarorszag-gazdasagi-kitettsege-vilaggazdasag\\\/#respond\"]}]},{\"@type\":\"WebPage\",\"@id\":\"https:\\\/\\\/super-news.info\\\/hu\\\/csokkent-magyarorszag-gazdasagi-kitettsege-vilaggazdasag\\\/\",\"url\":\"https:\\\/\\\/super-news.info\\\/hu\\\/csokkent-magyarorszag-gazdasagi-kitettsege-vilaggazdasag\\\/\",\"name\":\"Cs\u00f6kkent Magyarorsz\u00e1g gazdas\u00e1gi kitetts\u00e9ge | Vil\u00e1ggazdas\u00e1g - Super News\",\"isPartOf\":{\"@id\":\"https:\\\/\\\/super-news.info\\\/hu\\\/#website\"},\"primaryImageOfPage\":{\"@id\":\"https:\\\/\\\/super-news.info\\\/hu\\\/csokkent-magyarorszag-gazdasagi-kitettsege-vilaggazdasag\\\/#primaryimage\"},\"image\":{\"@id\":\"https:\\\/\\\/super-news.info\\\/hu\\\/csokkent-magyarorszag-gazdasagi-kitettsege-vilaggazdasag\\\/#primaryimage\"},\"thumbnailUrl\":\"https:\\\/\\\/super-news.info\\\/hu\\\/wp-content\\\/uploads\\\/sites\\\/3\\\/2019\\\/09\\\/Cs-kkent-Magyarorsz-g-gazdas-gi-kitetts-ge-Vil-ggazdas-g.jpeg\",\"datePublished\":\"2019-09-08T07:38:00+00:00\",\"dateModified\":\"2019-09-08T07:38:01+00:00\",\"author\":{\"@id\":\"https:\\\/\\\/super-news.info\\\/hu\\\/#\\\/schema\\\/person\\\/2d4068cb2f39cd10008c2fce578a7356\"},\"breadcrumb\":{\"@id\":\"https:\\\/\\\/super-news.info\\\/hu\\\/csokkent-magyarorszag-gazdasagi-kitettsege-vilaggazdasag\\\/#breadcrumb\"},\"inLanguage\":\"hu\",\"potentialAction\":[{\"@type\":\"ReadAction\",\"target\":[\"https:\\\/\\\/super-news.info\\\/hu\\\/csokkent-magyarorszag-gazdasagi-kitettsege-vilaggazdasag\\\/\"]}]},{\"@type\":\"ImageObject\",\"inLanguage\":\"hu\",\"@id\":\"https:\\\/\\\/super-news.info\\\/hu\\\/csokkent-magyarorszag-gazdasagi-kitettsege-vilaggazdasag\\\/#primaryimage\",\"url\":\"https:\\\/\\\/super-news.info\\\/hu\\\/wp-content\\\/uploads\\\/sites\\\/3\\\/2019\\\/09\\\/Cs-kkent-Magyarorsz-g-gazdas-gi-kitetts-ge-Vil-ggazdas-g.jpeg\",\"contentUrl\":\"https:\\\/\\\/super-news.info\\\/hu\\\/wp-content\\\/uploads\\\/sites\\\/3\\\/2019\\\/09\\\/Cs-kkent-Magyarorsz-g-gazdas-gi-kitetts-ge-Vil-ggazdas-g.jpeg\",\"width\":600,\"height\":400,\"caption\":\"Cs\u00f6kkent Magyarorsz\u00e1g gazdas\u00e1gi kitetts\u00e9ge | Vil\u00e1ggazdas\u00e1g\"},{\"@type\":\"BreadcrumbList\",\"@id\":\"https:\\\/\\\/super-news.info\\\/hu\\\/csokkent-magyarorszag-gazdasagi-kitettsege-vilaggazdasag\\\/#breadcrumb\",\"itemListElement\":[{\"@type\":\"ListItem\",\"position\":1,\"name\":\"\u0413\u043b\u0430\u0432\u043d\u0430\u044f \u0441\u0442\u0440\u0430\u043d\u0438\u0446\u0430\",\"item\":\"https:\\\/\\\/super-news.info\\\/hu\\\/\"},{\"@type\":\"ListItem\",\"position\":2,\"name\":\"Cs\u00f6kkent Magyarorsz\u00e1g gazdas\u00e1gi kitetts\u00e9ge | Vil\u00e1ggazdas\u00e1g\"}]},{\"@type\":\"WebSite\",\"@id\":\"https:\\\/\\\/super-news.info\\\/hu\\\/#website\",\"url\":\"https:\\\/\\\/super-news.info\\\/hu\\\/\",\"name\":\"Super News\",\"description\":\"Super News Magyarorsz\u00e1g\",\"potentialAction\":[{\"@type\":\"SearchAction\",\"target\":{\"@type\":\"EntryPoint\",\"urlTemplate\":\"https:\\\/\\\/super-news.info\\\/hu\\\/?s={search_term_string}\"},\"query-input\":{\"@type\":\"PropertyValueSpecification\",\"valueRequired\":true,\"valueName\":\"search_term_string\"}}],\"inLanguage\":\"hu\"},{\"@type\":\"Person\",\"@id\":\"https:\\\/\\\/super-news.info\\\/hu\\\/#\\\/schema\\\/person\\\/2d4068cb2f39cd10008c2fce578a7356\",\"name\":\"super-news\",\"image\":{\"@type\":\"ImageObject\",\"inLanguage\":\"hu\",\"@id\":\"https:\\\/\\\/secure.gravatar.com\\\/avatar\\\/64ebac40b93f26a154f8a9b5b6fdccfc46f442b26b3dd6756dbff3bf9dc76fd7?s=96&d=mm&r=g\",\"url\":\"https:\\\/\\\/secure.gravatar.com\\\/avatar\\\/64ebac40b93f26a154f8a9b5b6fdccfc46f442b26b3dd6756dbff3bf9dc76fd7?s=96&d=mm&r=g\",\"contentUrl\":\"https:\\\/\\\/secure.gravatar.com\\\/avatar\\\/64ebac40b93f26a154f8a9b5b6fdccfc46f442b26b3dd6756dbff3bf9dc76fd7?s=96&d=mm&r=g\",\"caption\":\"super-news\"},\"url\":\"https:\\\/\\\/super-news.info\\\/hu\\\/author\\\/pt\\\/\"}]}<\/script>\n<!-- \/ Yoast SEO plugin. -->","yoast_head_json":{"title":"Cs\u00f6kkent Magyarorsz\u00e1g gazdas\u00e1gi kitetts\u00e9ge | Vil\u00e1ggazdas\u00e1g - Super News","robots":{"index":"index","follow":"follow","max-snippet":"max-snippet:-1","max-image-preview":"max-image-preview:large","max-video-preview":"max-video-preview:-1"},"canonical":"https:\/\/super-news.info\/hu\/csokkent-magyarorszag-gazdasagi-kitettsege-vilaggazdasag\/","og_locale":"hu_HU","og_type":"article","og_title":"Cs\u00f6kkent Magyarorsz\u00e1g gazdas\u00e1gi kitetts\u00e9ge | Vil\u00e1ggazdas\u00e1g - Super News","og_description":"Lassul\u00e1s m\u00e1r van, de komoly visszaes\u00e9s, recesszi\u00f3 m\u00e9g nincs \u2013 \u00edgy \u00f6sszegezte Varga Mih\u00e1ly a vil\u00e1ggazdas\u00e1gi folyamatokat \u00e9s a magyar kil\u00e1t\u00e1sokat az 57. K\u00f6zgazd\u00e1sz V\u00e1ndorgy\u0171l\u00e9s z\u00e1r\u00f3 plen\u00e1ris \u00fcl\u00e9s\u00e9n tartott el\u0151ad\u00e1s\u00e1ban Ny\u00edregyh\u00e1z\u00e1n. A p\u00e9nz\u00fcgyminiszter a k\u00fcls\u0151 \u00e9s bels\u0151 kock\u00e1zatokat elemezve meg\u00e1llap\u00edtotta: a magyar gazdas\u00e1g meger\u0151s\u00f6d\u00e9s\u00e9ben jelent\u0151s szerepe van a korm\u00e1ny int\u00e9zked\u00e9seinek, \u00e9s ennek k\u00f6sz\u00f6nhet\u0151en a glob\u00e1lis [&hellip;]","og_url":"https:\/\/super-news.info\/hu\/csokkent-magyarorszag-gazdasagi-kitettsege-vilaggazdasag\/","og_site_name":"Super News","article_published_time":"2019-09-08T07:38:00+00:00","article_modified_time":"2019-09-08T07:38:01+00:00","og_image":[{"width":600,"height":400,"url":"https:\/\/super-news.info\/hu\/wp-content\/uploads\/sites\/3\/2019\/09\/Cs-kkent-Magyarorsz-g-gazdas-gi-kitetts-ge-Vil-ggazdas-g.jpeg","type":"image\/jpeg"}],"author":"super-news","twitter_card":"summary_large_image","twitter_misc":{"Szerz\u0151:":"super-news","Becs\u00fclt olvas\u00e1si id\u0151":"2 perc"},"schema":{"@context":"https:\/\/schema.org","@graph":[{"@type":"Article","@id":"https:\/\/super-news.info\/hu\/csokkent-magyarorszag-gazdasagi-kitettsege-vilaggazdasag\/#article","isPartOf":{"@id":"https:\/\/super-news.info\/hu\/csokkent-magyarorszag-gazdasagi-kitettsege-vilaggazdasag\/"},"author":{"name":"super-news","@id":"https:\/\/super-news.info\/hu\/#\/schema\/person\/2d4068cb2f39cd10008c2fce578a7356"},"headline":"Cs\u00f6kkent Magyarorsz\u00e1g gazdas\u00e1gi kitetts\u00e9ge | Vil\u00e1ggazdas\u00e1g","datePublished":"2019-09-08T07:38:00+00:00","dateModified":"2019-09-08T07:38:01+00:00","mainEntityOfPage":{"@id":"https:\/\/super-news.info\/hu\/csokkent-magyarorszag-gazdasagi-kitettsege-vilaggazdasag\/"},"wordCount":476,"commentCount":0,"image":{"@id":"https:\/\/super-news.info\/hu\/csokkent-magyarorszag-gazdasagi-kitettsege-vilaggazdasag\/#primaryimage"},"thumbnailUrl":"https:\/\/super-news.info\/hu\/wp-content\/uploads\/sites\/3\/2019\/09\/Cs-kkent-Magyarorsz-g-gazdas-gi-kitetts-ge-Vil-ggazdas-g.jpeg","articleSection":["P\u00c9NZ\u00dcGYI H\u00cdREK"],"inLanguage":"hu","potentialAction":[{"@type":"CommentAction","name":"Comment","target":["https:\/\/super-news.info\/hu\/csokkent-magyarorszag-gazdasagi-kitettsege-vilaggazdasag\/#respond"]}]},{"@type":"WebPage","@id":"https:\/\/super-news.info\/hu\/csokkent-magyarorszag-gazdasagi-kitettsege-vilaggazdasag\/","url":"https:\/\/super-news.info\/hu\/csokkent-magyarorszag-gazdasagi-kitettsege-vilaggazdasag\/","name":"Cs\u00f6kkent Magyarorsz\u00e1g gazdas\u00e1gi kitetts\u00e9ge | Vil\u00e1ggazdas\u00e1g - Super News","isPartOf":{"@id":"https:\/\/super-news.info\/hu\/#website"},"primaryImageOfPage":{"@id":"https:\/\/super-news.info\/hu\/csokkent-magyarorszag-gazdasagi-kitettsege-vilaggazdasag\/#primaryimage"},"image":{"@id":"https:\/\/super-news.info\/hu\/csokkent-magyarorszag-gazdasagi-kitettsege-vilaggazdasag\/#primaryimage"},"thumbnailUrl":"https:\/\/super-news.info\/hu\/wp-content\/uploads\/sites\/3\/2019\/09\/Cs-kkent-Magyarorsz-g-gazdas-gi-kitetts-ge-Vil-ggazdas-g.jpeg","datePublished":"2019-09-08T07:38:00+00:00","dateModified":"2019-09-08T07:38:01+00:00","author":{"@id":"https:\/\/super-news.info\/hu\/#\/schema\/person\/2d4068cb2f39cd10008c2fce578a7356"},"breadcrumb":{"@id":"https:\/\/super-news.info\/hu\/csokkent-magyarorszag-gazdasagi-kitettsege-vilaggazdasag\/#breadcrumb"},"inLanguage":"hu","potentialAction":[{"@type":"ReadAction","target":["https:\/\/super-news.info\/hu\/csokkent-magyarorszag-gazdasagi-kitettsege-vilaggazdasag\/"]}]},{"@type":"ImageObject","inLanguage":"hu","@id":"https:\/\/super-news.info\/hu\/csokkent-magyarorszag-gazdasagi-kitettsege-vilaggazdasag\/#primaryimage","url":"https:\/\/super-news.info\/hu\/wp-content\/uploads\/sites\/3\/2019\/09\/Cs-kkent-Magyarorsz-g-gazdas-gi-kitetts-ge-Vil-ggazdas-g.jpeg","contentUrl":"https:\/\/super-news.info\/hu\/wp-content\/uploads\/sites\/3\/2019\/09\/Cs-kkent-Magyarorsz-g-gazdas-gi-kitetts-ge-Vil-ggazdas-g.jpeg","width":600,"height":400,"caption":"Cs\u00f6kkent Magyarorsz\u00e1g gazdas\u00e1gi kitetts\u00e9ge | Vil\u00e1ggazdas\u00e1g"},{"@type":"BreadcrumbList","@id":"https:\/\/super-news.info\/hu\/csokkent-magyarorszag-gazdasagi-kitettsege-vilaggazdasag\/#breadcrumb","itemListElement":[{"@type":"ListItem","position":1,"name":"\u0413\u043b\u0430\u0432\u043d\u0430\u044f \u0441\u0442\u0440\u0430\u043d\u0438\u0446\u0430","item":"https:\/\/super-news.info\/hu\/"},{"@type":"ListItem","position":2,"name":"Cs\u00f6kkent Magyarorsz\u00e1g gazdas\u00e1gi kitetts\u00e9ge | Vil\u00e1ggazdas\u00e1g"}]},{"@type":"WebSite","@id":"https:\/\/super-news.info\/hu\/#website","url":"https:\/\/super-news.info\/hu\/","name":"Super News","description":"Super News Magyarorsz\u00e1g","potentialAction":[{"@type":"SearchAction","target":{"@type":"EntryPoint","urlTemplate":"https:\/\/super-news.info\/hu\/?s={search_term_string}"},"query-input":{"@type":"PropertyValueSpecification","valueRequired":true,"valueName":"search_term_string"}}],"inLanguage":"hu"},{"@type":"Person","@id":"https:\/\/super-news.info\/hu\/#\/schema\/person\/2d4068cb2f39cd10008c2fce578a7356","name":"super-news","image":{"@type":"ImageObject","inLanguage":"hu","@id":"https:\/\/secure.gravatar.com\/avatar\/64ebac40b93f26a154f8a9b5b6fdccfc46f442b26b3dd6756dbff3bf9dc76fd7?s=96&d=mm&r=g","url":"https:\/\/secure.gravatar.com\/avatar\/64ebac40b93f26a154f8a9b5b6fdccfc46f442b26b3dd6756dbff3bf9dc76fd7?s=96&d=mm&r=g","contentUrl":"https:\/\/secure.gravatar.com\/avatar\/64ebac40b93f26a154f8a9b5b6fdccfc46f442b26b3dd6756dbff3bf9dc76fd7?s=96&d=mm&r=g","caption":"super-news"},"url":"https:\/\/super-news.info\/hu\/author\/pt\/"}]}},"_links":{"self":[{"href":"https:\/\/super-news.info\/hu\/wp-json\/wp\/v2\/posts\/8991","targetHints":{"allow":["GET"]}}],"collection":[{"href":"https:\/\/super-news.info\/hu\/wp-json\/wp\/v2\/posts"}],"about":[{"href":"https:\/\/super-news.info\/hu\/wp-json\/wp\/v2\/types\/post"}],"author":[{"embeddable":true,"href":"https:\/\/super-news.info\/hu\/wp-json\/wp\/v2\/users\/2"}],"replies":[{"embeddable":true,"href":"https:\/\/super-news.info\/hu\/wp-json\/wp\/v2\/comments?post=8991"}],"version-history":[{"count":1,"href":"https:\/\/super-news.info\/hu\/wp-json\/wp\/v2\/posts\/8991\/revisions"}],"predecessor-version":[{"id":8993,"href":"https:\/\/super-news.info\/hu\/wp-json\/wp\/v2\/posts\/8991\/revisions\/8993"}],"wp:featuredmedia":[{"embeddable":true,"href":"https:\/\/super-news.info\/hu\/wp-json\/wp\/v2\/media\/8992"}],"wp:attachment":[{"href":"https:\/\/super-news.info\/hu\/wp-json\/wp\/v2\/media?parent=8991"}],"wp:term":[{"taxonomy":"category","embeddable":true,"href":"https:\/\/super-news.info\/hu\/wp-json\/wp\/v2\/categories?post=8991"},{"taxonomy":"post_tag","embeddable":true,"href":"https:\/\/super-news.info\/hu\/wp-json\/wp\/v2\/tags?post=8991"}],"curies":[{"name":"wp","href":"https:\/\/api.w.org\/{rel}","templated":true}]}}