{"id":8988,"date":"2019-09-08T09:46:04","date_gmt":"2019-09-08T06:46:04","guid":{"rendered":"https:\/\/super-news.info\/hu\/meglovagolni-a-konjunkturat-vilaggazdasag\/"},"modified":"2019-09-08T09:46:05","modified_gmt":"2019-09-08T06:46:05","slug":"meglovagolni-a-konjunkturat-vilaggazdasag","status":"publish","type":"post","link":"https:\/\/super-news.info\/hu\/meglovagolni-a-konjunkturat-vilaggazdasag\/","title":{"rendered":"Meglovagolni a konjunkt\u00far\u00e1t | Vil\u00e1ggazdas\u00e1g"},"content":{"rendered":"<p>\n\t\t\t\t\t\t\t\tA kis\u00fczemi f\u0151zd\u00e9k hazai \u00e9lbolya region\u00e1lis kitekint\u00e9sben is versenyk\u00e9pes, elv\u00e9gre a rangos nemzetk\u00f6zi versenyeken sz\u00e9p sikereket \u00e9rnek el, valamint exportk\u00e9pes term\u00e9keket dobnak piacra \u2013 v\u00e9li Gyenge Zsolt, a Kis\u00fczemi S\u00f6rf\u0151zd\u00e9k Egyes\u00fclet\u00e9nek eln\u00f6ke.\t\t\t\t\t\t\t<\/p>\n<div>\n<p>Tizen\u00f6t \u00e9vesen ker\u00fcltem a Dreher el\u0151dj\u00e9be, a K\u0151b\u00e1nyai S\u00f6rgy\u00e1rba inasnak, ott tanultam meg a szakm\u00e1t \u2013 v\u00e1gott bele a Manager Magazin \u00e9rdekl\u0151d\u00e9s\u00e9re s\u00f6ripari elk\u00f6telezetts\u00e9g\u00e9nek felg\u00f6ngy\u00f6l\u00edt\u00e9s\u00e9be Gyenge Zsolt, a F\u00f3ti K\u00e9zm\u0171ves S\u00f6rf\u0151zde tulajdonosa, a Kis\u00fczemi S\u00f6rf\u0151zd\u00e9k Egyes\u00fclet\u00e9nek (KSE) eln\u00f6ke. Seg\u00e9dk\u00e9nt kezdte teh\u00e1t a X. ker\u00fcletben 1984-ben, de \u201ea rendszerv\u00e1lt\u00e1ssal j\u00f6tt az els\u0151 szikra, hogy az ember mag\u00e1nv\u00e1llalkoz\u00f3 is lehet\u201d. \u00cdgy a h\u00faszas \u00e9vei elej\u00e9n elment N\u00e9metorsz\u00e1gba, hogy ellesse a fort\u00e9lyokat, ennek eredm\u00e9nyek\u00e9ppen pedig az elm\u00falt h\u00e1rom \u00e9vtizedben a hazai kis\u00fczemi s\u00f6rf\u0151zd\u00e9k t\u00f6bb mint harmad\u00e1t \u0151 \u00e9p\u00edtette fel Miskolct\u00f3l Magyarhertelenden \u00e1t eg\u00e9szen Gy\u0151rz\u00e1molyig. De keze munk\u00e1j\u00e1t a hat\u00e1rainkon k\u00edv\u00fcl is t\u00f6bb mint sz\u00e1z f\u0151zd\u00e9ben dics\u00e9rik, a szomsz\u00e9dos orsz\u00e1gokon t\u00fal N\u00e9met- \u00e9s Franciaorsz\u00e1gban, de f\u0151k\u00e9nt \u00c1zsi\u00e1ban, azon bel\u00fcl is a T\u00e1vol-Keleten.<\/p>\n<h3>Hazai vs. import<\/h3>\n<p>A f\u00f3ti s\u00f6rf\u0151zd\u00e9t 1994-ben \u00e9p\u00edtette, de sok\u00e1ig nem foglalkozott vele, kiadta b\u00e9rbe, 2002-t\u0151l \u00fczemelteti \u0151 maga, komolyabban azonban csak az elm\u00falt h\u00e9t-nyolc \u00e9vben \u00e1llt bele, ahogy a s\u00f6rforradalom sz\u00e1rnyakat kapott. A kapacit\u00e1suk mintegy h\u00e1romezer hektoliter, azaz hatezer kors\u00f3 s\u00f6rt gy\u00e1rtanak \u00e9vente.<\/p>\n<blockquote>\n<p>Ha ma valaki a semmib\u0151l fel akar \u00e9p\u00edteni egy legal\u00e1bb ekkora kibocs\u00e1t\u00e1sra alkalmas, modern g\u00e9pekkel felszerelt \u00fczemet, az 300\u2013500 milli\u00f3 forint. Enn\u00e9l \u00e9rdemben nagyobb t\u00e9telben mi is csak egy p\u00e9nz\u00fcgyi befektet\u0151vel a h\u00e1tt\u00e9rben f\u0151zhetn\u00e9nk s\u00f6rt, de azzal is el\u00e9gedett lenn\u00e9k, ha a mostani szintet hossz\u00fa t\u00e1von fenn tudn\u00e1nk tartani<\/p>\n<\/blockquote>\n<p>\u2013 vont m\u00e9rleget. A berendez\u00e9sekr\u0151l annyit el\u00e1rult, hogy a tart\u00e1lyokat tov\u00e1bbra is \u00e9rdemes itthonr\u00f3l beszerezni, de p\u00e9ld\u00e1ul a s\u00f6rsz\u0171r\u0151, a szivatty\u00fa vagy a v\u00edzl\u00e1gy\u00edt\u00f3 m\u00e1r olasz vagy n\u00e9met import, mint ahogy az ipari automatiz\u00e1l\u00e1s eszk\u00f6zei is, de egyes alkatr\u00e9szeket \u0151k is \u00c1zsi\u00e1b\u00f3l rendelnek.<\/p>\n<div id=\"attachment_1731928\" style=\"width: 1410px\" class=\"wp-caption aligncenter\">\n<p class=\"wp-caption-text\">Fot\u00f3: M\u00f3ricz-Sabj\u00e1n Simon<\/p>\n<\/div>\n<p>Hajnal \u00f6tt\u0151l este kilencig n\u00e9gy f\u0151zet a napi penzum, \u00e9s b\u00e1r a szezon\u00e1lis term\u00e9kekkel egy\u00fctt 1617-f\u00e9le s\u00f6r szerepel a szortimentben, val\u00f3j\u00e1ban hat-h\u00e9t t\u00e9tel egy\u00fcttes jelenl\u00e9te a jellemz\u0151. Tov\u00e1bbra is a hagyom\u00e1nyos s\u00f6r\u00f6k a meghat\u00e1roz\u00f3k, \u00fajhull\u00e1mosokkal csak egy-k\u00e9t \u00e9ve foglalkoznak, de ma m\u00e1r ahogy b\u00faza- \u00e9s gy\u00fcm\u00f6lcs\u00f6s s\u00f6r\u00f6ket, \u00fagy IPA-t \u00e9s APA-t is gy\u00e1rtanak. Kardin\u00e1lis jelent\u0151s\u00e9g\u0171 a csapolt s\u00f6r, \u00edgy az \u00e9rt\u00e9kes\u00edt\u00e9s\u00fck 60-70 sz\u00e1zal\u00e9k\u00e1t a hord\u00f3s v\u00e1ltozat teszi ki a ny\u00e1ri id\u0151szakban, szezonon k\u00edv\u00fcl viszont er\u0151sebb az \u00fcvegesek elad\u00e1sa, ez\u00e9rt az \u00e9v t\u00f6bbi r\u00e9sz\u00e9ben ink\u00e1bb 5050 sz\u00e1zal\u00e9k ez az ar\u00e1ny. Gyenge Zsolt szerint minden s\u00f6rf\u0151zde megtal\u00e1lja a maga \u00fatj\u00e1t, \u0151k a fesztiv\u00e1lokban l\u00e1tj\u00e1k a kiutat, ahogy p\u00e9ld\u00e1ul idehaza k\u00e9pviseltetik magukat Kapolcson, a M\u0171v\u00e9szetek V\u00f6lgy\u00e9ben, \u00fagy Erd\u00e9lyben \u00e9s a B\u00e1ns\u00e1gban is gyakran megfordulnak, de a KSE eln\u00f6kek\u00e9nt is t\u00f6bb olyan fesztiv\u00e1lt szervez, ahol nemcsak a f\u00f3ti, hanem b\u00e1rmely m\u00e1s egy\u00e9b kis\u00fczemi f\u0151zde megmutathatja mag\u00e1t.<\/p>\n<div id=\"attachment_1731922\" style=\"width: 410px\" class=\"wp-caption alignright\"><img loading=\"lazy\" decoding=\"async\" class=\"wp-image-1731922\" src=\"https:\/\/super-news.info\/hu\/wp-content\/uploads\/sites\/3\/2019\/09\/1567925164_940_Meglovagolni-a-konjunkturat-Vilaggazdasag.jpg\" alt=\"\" width=\"400\" height=\"600\"  \/><\/p>\n<p class=\"wp-caption-text\">Fot\u00f3: M\u00f3ricz-Sabj\u00e1n Simon<\/p>\n<\/div>\n<h3>Harc a h\u00e1tt\u00e9rben<\/h3>\n<p>A h\u00e1tt\u00e9rben tov\u00e1bbra is folyik a harc a kis- \u00e9s nagy\u00fczemek k\u00f6z\u00f6tt, els\u0151sorban amiatt, mert a szakember szerint a multik az er\u0151f\u00f6l\u00e9ny\u00fcket \u00e9rv\u00e9nyes\u00edtve uralj\u00e1k a vend\u00e9gl\u00e1t\u00f3helyeket. \u00dagy l\u00e1tja, ha nem lesz bel\u00e1that\u00f3 id\u0151n bel\u00fcl jogszab\u00e1lyv\u00e1ltoz\u00e1s, m\u00e1r megl\u00e9v\u0151 helyeket vesz\u00edthetnek el, \u00fajakra pedig nehezen ker\u00fclhetnek be a csapolt, illetve \u00fcveges s\u00f6reikkel.<\/p>\n<blockquote>\n<p>V\u00e9get kellene vetni a verseny korl\u00e1toz\u00e1s\u00e1t okoz\u00f3 szerz\u0151d\u00e9sek kor\u00e1nak<\/p>\n<\/blockquote>\n<p>\u2013 h\u00fazta al\u00e1. Gyenge Zsolt szerint id\u0151vel besz\u00e9lhet\u00fcnk technol\u00f3giai \u00e9s term\u00e9kfejleszt\u00e9st \u00f6szt\u00f6nz\u0151 p\u00e1ly\u00e1zatokr\u00f3l is a bor\u00e1szatok mint\u00e1j\u00e1ra a s\u00f6rf\u0151zd\u00e9kre szabva, de enn\u00e9l el\u0151bbre val\u00f3 feladat es\u00e9lyegyenl\u0151s\u00e9get biztos\u00edtani az \u00e9ttermeket, kocsm\u00e1kat, kisvend\u00e9gl\u0151ket \u00e9s sz\u00e1llod\u00e1kat mag\u00e1ban foglal\u00f3 HoReCa-piacon.<\/p>\n<p>A kis\u00fczemek k\u00e9tharmad\u00e1t, csaknem 60 f\u0151zd\u00e9t t\u00f6m\u00f6r\u00edt\u0151 KSE t\u00f6bb mint 25 \u00e9ve m\u0171k\u00f6dik,<\/p>\n<p>Gyenge Zsolt 2015-ben vette \u00e1t a staf\u00e9t\u00e1t el\u0151dj\u00e9t\u0151l, Vask\u00f3 Gy\u00f6rgyt\u0151l. \u00c9rt\u00e9kel\u00e9se szerint a szegmens hazai \u00e9lbolya region\u00e1lis kitekint\u00e9sben is versenyk\u00e9pes, elv\u00e9gre a rangos nemzetk\u00f6zi megm\u00e9ret\u00e9seken is sz\u00e9p sikereket \u00e9rnek el, emellett exportk\u00e9pes term\u00e9keket dobnak piacra. \u201eSz\u00e1zn\u00e1l is t\u00f6bb s\u00f6rt\u00edpus l\u00e9tezik vil\u00e1gszerte, idehaza l\u00e9nyeg\u00e9ben m\u00e1r mindegyikkel k\u00eds\u00e9rleteznek. M\u00edg a nagy\u00fczemekn\u00e9l legfeljebb \u00f6t\u2013t\u00edz sz\u00e1zal\u00e9k a fels\u0151 erjeszt\u00e9s\u0171 s\u00f6r\u00f6k ar\u00e1nya, j\u00f3 n\u00e9h\u00e1ny kisebb f\u0151zd\u00e9n\u00e9l t\u00f6bb ale-t gy\u00e1rtanak, mint lagert. Mivel az \u00f6tleteknek, a kreativit\u00e1snak nincs hat\u00e1ra, sok esetben nem puszt\u00e1n k\u00f6vetik, hanem form\u00e1lj\u00e1k a trendeket a magyar f\u0151zd\u00e9k\u201d \u2013 \u00e1llap\u00edtotta meg.<\/p>\n<div id=\"attachment_1731925\" style=\"width: 1410px\" class=\"wp-caption aligncenter\"><img loading=\"lazy\" decoding=\"async\" class=\"size-full wp-image-1731925\" src=\"https:\/\/super-news.info\/hu\/wp-content\/uploads\/sites\/3\/2019\/09\/1567925164_858_Meglovagolni-a-konjunkturat-Vilaggazdasag.jpg\" alt=\"\" width=\"1400\" height=\"933\"  \/><\/p>\n<p class=\"wp-caption-text\">Fot\u00f3: M\u00f3ricz-Sabj\u00e1n Simon<\/p>\n<\/div>\n<h3>Alma a f\u00e1j\u00e1t\u00f3l<\/h3>\n<p>Gyenge Zsolt arra k\u00fcl\u00f6n\u00f6sen b\u00fcszke, hogy legnagyobb l\u00e1nya, a 29 \u00e9ves Zs\u00f3fi m\u00e1r \u00e9vekkel ezel\u0151tt bekapcsol\u00f3dott a F\u00f3ti K\u00e9zm\u0171ves S\u00f6rf\u0151zde v\u00e9rkering\u00e9s\u00e9be. \u201eNyak\u00e1ba vette Eur\u00f3p\u00e1t, mint anno \u00e9n is az 1990-es \u00e9vek elej\u00e9n, hogy l\u00e1sson, tanuljon, a tapasztalatokat pedig itthon hasznos\u00edtsa\u201d \u2013 mondta, hozz\u00e1t\u00e9ve, hogy Zs\u00f3fi n\u00e9lk\u00fcl aligha lenne ilyen magas sz\u00ednvonal\u00fa \u00e9s v\u00e1ltozatos az \u00fajhull\u00e1mos, azon bel\u00fcl is a gy\u00fcm\u00f6lcs\u00f6s s\u00f6r\u00f6k k\u00edn\u00e1lata. M\u00e1rpedig azon vannak, hogy a f\u0151bb fogyaszt\u00f3i ig\u00e9nyekre legyen v\u00e1laszk\u00e9nt saj\u00e1t s\u00f6r\u00fck. Vannak, akik szerint a kis\u00fczemi s\u00f6r\u00f6k palack\u00e1r\u00e1nak sem szabad meghaladni a 600\u2013800 forintot, a KSE eln\u00f6ke szerint enn\u00e9l viszont sokkal \u00e1rnyaltabb a k\u00e9p. \u201eL\u00e9tezik olyan t\u00e9tel n\u00e1lunk, amely olcs\u00f3bb, mint a 250-300 forintos nagy\u00fczemi lager, de ha p\u00e9ld\u00e1ul egy Russian Imperial Stoutot veszek alapul, azt nagykereskedelmi \u00e1ron sem adhatom 1000 forint alatt.\u201d Gyenge Zsolt szerint<\/p>\n<p>a rendszerv\u00e1lt\u00e1s \u00f3ta nem l\u00e1tott konjunkt\u00fara napjaiban, amikor a wellness-sz\u00e1llod\u00e1k ak\u00e1r h\u00f3napokkal el\u0151re megtelnek, az emberek s\u00f6rre is t\u00f6bbet k\u00f6ltenek, ebb\u0151l pedig igyekeznek a kis f\u0151zd\u00e9k is profit\u00e1lni.<\/p>\n<p style=\"text-align: right;\"><em>A cikk a Manager Magazin j\u00faniusi sz\u00e1m\u00e1ban jelent meg<\/em><br \/><em>(Meglovagolni a konjunkt\u00far\u00e1t)<br \/>(C\u00edmlapk\u00e9p forr\u00e1sa: M\u00f3ricz-Sabj\u00e1n Simon)<\/em><\/p>\n<\/div>\n<p><script>\n    window.fbAsyncInit = function() {\n        FB.init({\n            appId      : \"204760236815359\",\n            xfbml      : true,\n            version    : \"v2.12\"\n        });\n        FB.AppEvents.logPageView();\n    };<\/p>\n<p>    (function(d, s, id){\n        var js, fjs = d.getElementsByTagName(s)[0];\n        if (d.getElementById(id)) {return;}\n        js = d.createElement(s); js.id = id;\n        js.src = \"http:\/\/connect.facebook.net\/hu_HU\/sdk.js\";\n        fjs.parentNode.insertBefore(js, fjs);\n    }(document, \"script\", \"facebook-jssdk\"));\n<\/script><br \/>\n<br \/>\n<!--noindex--><br \/>\n<a href=\"https:\/\/www.vg.hu\/manager-magazin\/meglovagolni-a-konjunkturat-1731910\/\" rel=\"nofollow\">Source link <\/a><br \/>\n<!--\/noindex--><\/p>\n","protected":false},"excerpt":{"rendered":"<p>A kis\u00fczemi f\u0151zd\u00e9k hazai \u00e9lbolya region\u00e1lis kitekint\u00e9sben is versenyk\u00e9pes, elv\u00e9gre a rangos nemzetk\u00f6zi versenyeken sz\u00e9p sikereket \u00e9rnek el, valamint exportk\u00e9pes term\u00e9keket dobnak piacra \u2013 v\u00e9li Gyenge Zsolt, a Kis\u00fczemi S\u00f6rf\u0151zd\u00e9k Egyes\u00fclet\u00e9nek eln\u00f6ke. Tizen\u00f6t \u00e9vesen ker\u00fcltem a Dreher el\u0151dj\u00e9be, a K\u0151b\u00e1nyai S\u00f6rgy\u00e1rba inasnak, ott tanultam meg a szakm\u00e1t \u2013 v\u00e1gott bele a Manager Magazin \u00e9rdekl\u0151d\u00e9s\u00e9re s\u00f6ripari [&hellip;]<\/p>\n","protected":false},"author":2,"featured_media":8989,"comment_status":"open","ping_status":"open","sticky":false,"template":"","format":"standard","meta":{"footnotes":""},"categories":[1],"tags":[],"class_list":["post-8988","post","type-post","status-publish","format-standard","has-post-thumbnail","hentry","category-penzugyi-hirek"],"yoast_head":"<!-- This site is optimized with the Yoast SEO plugin v27.4 - https:\/\/yoast.com\/product\/yoast-seo-wordpress\/ -->\n<title>Meglovagolni a konjunkt\u00far\u00e1t | Vil\u00e1ggazdas\u00e1g - Super News<\/title>\n<meta name=\"robots\" content=\"index, follow, max-snippet:-1, max-image-preview:large, max-video-preview:-1\" \/>\n<link rel=\"canonical\" href=\"https:\/\/super-news.info\/hu\/meglovagolni-a-konjunkturat-vilaggazdasag\/\" \/>\n<meta property=\"og:locale\" content=\"hu_HU\" \/>\n<meta property=\"og:type\" content=\"article\" \/>\n<meta property=\"og:title\" content=\"Meglovagolni a konjunkt\u00far\u00e1t | Vil\u00e1ggazdas\u00e1g - Super News\" \/>\n<meta property=\"og:description\" content=\"A kis\u00fczemi f\u0151zd\u00e9k hazai \u00e9lbolya region\u00e1lis kitekint\u00e9sben is versenyk\u00e9pes, elv\u00e9gre a rangos nemzetk\u00f6zi versenyeken sz\u00e9p sikereket \u00e9rnek el, valamint exportk\u00e9pes term\u00e9keket dobnak piacra \u2013 v\u00e9li Gyenge Zsolt, a Kis\u00fczemi S\u00f6rf\u0151zd\u00e9k Egyes\u00fclet\u00e9nek eln\u00f6ke. Tizen\u00f6t \u00e9vesen ker\u00fcltem a Dreher el\u0151dj\u00e9be, a K\u0151b\u00e1nyai S\u00f6rgy\u00e1rba inasnak, ott tanultam meg a szakm\u00e1t \u2013 v\u00e1gott bele a Manager Magazin \u00e9rdekl\u0151d\u00e9s\u00e9re s\u00f6ripari [&hellip;]\" \/>\n<meta property=\"og:url\" content=\"https:\/\/super-news.info\/hu\/meglovagolni-a-konjunkturat-vilaggazdasag\/\" \/>\n<meta property=\"og:site_name\" content=\"Super News\" \/>\n<meta property=\"article:published_time\" content=\"2019-09-08T06:46:04+00:00\" \/>\n<meta property=\"article:modified_time\" content=\"2019-09-08T06:46:05+00:00\" \/>\n<meta property=\"og:image\" content=\"https:\/\/super-news.info\/hu\/wp-content\/uploads\/sites\/3\/2019\/09\/Meglovagolni-a-konjunkt-r-t-Vil-ggazdas-g.jpg\" \/>\n\t<meta property=\"og:image:width\" content=\"1400\" \/>\n\t<meta property=\"og:image:height\" content=\"933\" \/>\n\t<meta property=\"og:image:type\" content=\"image\/jpeg\" \/>\n<meta name=\"author\" content=\"super-news\" \/>\n<meta name=\"twitter:card\" content=\"summary_large_image\" \/>\n<meta name=\"twitter:label1\" content=\"Szerz\u0151:\" \/>\n\t<meta name=\"twitter:data1\" content=\"super-news\" \/>\n\t<meta name=\"twitter:label2\" content=\"Becs\u00fclt olvas\u00e1si id\u0151\" \/>\n\t<meta name=\"twitter:data2\" content=\"6 perc\" \/>\n<script type=\"application\/ld+json\" class=\"yoast-schema-graph\">{\"@context\":\"https:\\\/\\\/schema.org\",\"@graph\":[{\"@type\":\"Article\",\"@id\":\"https:\\\/\\\/super-news.info\\\/hu\\\/meglovagolni-a-konjunkturat-vilaggazdasag\\\/#article\",\"isPartOf\":{\"@id\":\"https:\\\/\\\/super-news.info\\\/hu\\\/meglovagolni-a-konjunkturat-vilaggazdasag\\\/\"},\"author\":{\"name\":\"super-news\",\"@id\":\"https:\\\/\\\/super-news.info\\\/hu\\\/#\\\/schema\\\/person\\\/2d4068cb2f39cd10008c2fce578a7356\"},\"headline\":\"Meglovagolni a konjunkt\u00far\u00e1t | Vil\u00e1ggazdas\u00e1g\",\"datePublished\":\"2019-09-08T06:46:04+00:00\",\"dateModified\":\"2019-09-08T06:46:05+00:00\",\"mainEntityOfPage\":{\"@id\":\"https:\\\/\\\/super-news.info\\\/hu\\\/meglovagolni-a-konjunkturat-vilaggazdasag\\\/\"},\"wordCount\":1287,\"commentCount\":0,\"image\":{\"@id\":\"https:\\\/\\\/super-news.info\\\/hu\\\/meglovagolni-a-konjunkturat-vilaggazdasag\\\/#primaryimage\"},\"thumbnailUrl\":\"https:\\\/\\\/super-news.info\\\/hu\\\/wp-content\\\/uploads\\\/sites\\\/3\\\/2019\\\/09\\\/Meglovagolni-a-konjunkt-r-t-Vil-ggazdas-g.jpg\",\"articleSection\":[\"P\u00c9NZ\u00dcGYI H\u00cdREK\"],\"inLanguage\":\"hu\",\"potentialAction\":[{\"@type\":\"CommentAction\",\"name\":\"Comment\",\"target\":[\"https:\\\/\\\/super-news.info\\\/hu\\\/meglovagolni-a-konjunkturat-vilaggazdasag\\\/#respond\"]}]},{\"@type\":\"WebPage\",\"@id\":\"https:\\\/\\\/super-news.info\\\/hu\\\/meglovagolni-a-konjunkturat-vilaggazdasag\\\/\",\"url\":\"https:\\\/\\\/super-news.info\\\/hu\\\/meglovagolni-a-konjunkturat-vilaggazdasag\\\/\",\"name\":\"Meglovagolni a konjunkt\u00far\u00e1t | Vil\u00e1ggazdas\u00e1g - Super News\",\"isPartOf\":{\"@id\":\"https:\\\/\\\/super-news.info\\\/hu\\\/#website\"},\"primaryImageOfPage\":{\"@id\":\"https:\\\/\\\/super-news.info\\\/hu\\\/meglovagolni-a-konjunkturat-vilaggazdasag\\\/#primaryimage\"},\"image\":{\"@id\":\"https:\\\/\\\/super-news.info\\\/hu\\\/meglovagolni-a-konjunkturat-vilaggazdasag\\\/#primaryimage\"},\"thumbnailUrl\":\"https:\\\/\\\/super-news.info\\\/hu\\\/wp-content\\\/uploads\\\/sites\\\/3\\\/2019\\\/09\\\/Meglovagolni-a-konjunkt-r-t-Vil-ggazdas-g.jpg\",\"datePublished\":\"2019-09-08T06:46:04+00:00\",\"dateModified\":\"2019-09-08T06:46:05+00:00\",\"author\":{\"@id\":\"https:\\\/\\\/super-news.info\\\/hu\\\/#\\\/schema\\\/person\\\/2d4068cb2f39cd10008c2fce578a7356\"},\"breadcrumb\":{\"@id\":\"https:\\\/\\\/super-news.info\\\/hu\\\/meglovagolni-a-konjunkturat-vilaggazdasag\\\/#breadcrumb\"},\"inLanguage\":\"hu\",\"potentialAction\":[{\"@type\":\"ReadAction\",\"target\":[\"https:\\\/\\\/super-news.info\\\/hu\\\/meglovagolni-a-konjunkturat-vilaggazdasag\\\/\"]}]},{\"@type\":\"ImageObject\",\"inLanguage\":\"hu\",\"@id\":\"https:\\\/\\\/super-news.info\\\/hu\\\/meglovagolni-a-konjunkturat-vilaggazdasag\\\/#primaryimage\",\"url\":\"https:\\\/\\\/super-news.info\\\/hu\\\/wp-content\\\/uploads\\\/sites\\\/3\\\/2019\\\/09\\\/Meglovagolni-a-konjunkt-r-t-Vil-ggazdas-g.jpg\",\"contentUrl\":\"https:\\\/\\\/super-news.info\\\/hu\\\/wp-content\\\/uploads\\\/sites\\\/3\\\/2019\\\/09\\\/Meglovagolni-a-konjunkt-r-t-Vil-ggazdas-g.jpg\",\"width\":1400,\"height\":933,\"caption\":\"Meglovagolni a konjunkt\u00far\u00e1t | Vil\u00e1ggazdas\u00e1g\"},{\"@type\":\"BreadcrumbList\",\"@id\":\"https:\\\/\\\/super-news.info\\\/hu\\\/meglovagolni-a-konjunkturat-vilaggazdasag\\\/#breadcrumb\",\"itemListElement\":[{\"@type\":\"ListItem\",\"position\":1,\"name\":\"\u0413\u043b\u0430\u0432\u043d\u0430\u044f \u0441\u0442\u0440\u0430\u043d\u0438\u0446\u0430\",\"item\":\"https:\\\/\\\/super-news.info\\\/hu\\\/\"},{\"@type\":\"ListItem\",\"position\":2,\"name\":\"Meglovagolni a konjunkt\u00far\u00e1t | Vil\u00e1ggazdas\u00e1g\"}]},{\"@type\":\"WebSite\",\"@id\":\"https:\\\/\\\/super-news.info\\\/hu\\\/#website\",\"url\":\"https:\\\/\\\/super-news.info\\\/hu\\\/\",\"name\":\"Super News\",\"description\":\"Super News Magyarorsz\u00e1g\",\"potentialAction\":[{\"@type\":\"SearchAction\",\"target\":{\"@type\":\"EntryPoint\",\"urlTemplate\":\"https:\\\/\\\/super-news.info\\\/hu\\\/?s={search_term_string}\"},\"query-input\":{\"@type\":\"PropertyValueSpecification\",\"valueRequired\":true,\"valueName\":\"search_term_string\"}}],\"inLanguage\":\"hu\"},{\"@type\":\"Person\",\"@id\":\"https:\\\/\\\/super-news.info\\\/hu\\\/#\\\/schema\\\/person\\\/2d4068cb2f39cd10008c2fce578a7356\",\"name\":\"super-news\",\"image\":{\"@type\":\"ImageObject\",\"inLanguage\":\"hu\",\"@id\":\"https:\\\/\\\/secure.gravatar.com\\\/avatar\\\/64ebac40b93f26a154f8a9b5b6fdccfc46f442b26b3dd6756dbff3bf9dc76fd7?s=96&d=mm&r=g\",\"url\":\"https:\\\/\\\/secure.gravatar.com\\\/avatar\\\/64ebac40b93f26a154f8a9b5b6fdccfc46f442b26b3dd6756dbff3bf9dc76fd7?s=96&d=mm&r=g\",\"contentUrl\":\"https:\\\/\\\/secure.gravatar.com\\\/avatar\\\/64ebac40b93f26a154f8a9b5b6fdccfc46f442b26b3dd6756dbff3bf9dc76fd7?s=96&d=mm&r=g\",\"caption\":\"super-news\"},\"url\":\"https:\\\/\\\/super-news.info\\\/hu\\\/author\\\/pt\\\/\"}]}<\/script>\n<!-- \/ Yoast SEO plugin. -->","yoast_head_json":{"title":"Meglovagolni a konjunkt\u00far\u00e1t | Vil\u00e1ggazdas\u00e1g - Super News","robots":{"index":"index","follow":"follow","max-snippet":"max-snippet:-1","max-image-preview":"max-image-preview:large","max-video-preview":"max-video-preview:-1"},"canonical":"https:\/\/super-news.info\/hu\/meglovagolni-a-konjunkturat-vilaggazdasag\/","og_locale":"hu_HU","og_type":"article","og_title":"Meglovagolni a konjunkt\u00far\u00e1t | Vil\u00e1ggazdas\u00e1g - Super News","og_description":"A kis\u00fczemi f\u0151zd\u00e9k hazai \u00e9lbolya region\u00e1lis kitekint\u00e9sben is versenyk\u00e9pes, elv\u00e9gre a rangos nemzetk\u00f6zi versenyeken sz\u00e9p sikereket \u00e9rnek el, valamint exportk\u00e9pes term\u00e9keket dobnak piacra \u2013 v\u00e9li Gyenge Zsolt, a Kis\u00fczemi S\u00f6rf\u0151zd\u00e9k Egyes\u00fclet\u00e9nek eln\u00f6ke. Tizen\u00f6t \u00e9vesen ker\u00fcltem a Dreher el\u0151dj\u00e9be, a K\u0151b\u00e1nyai S\u00f6rgy\u00e1rba inasnak, ott tanultam meg a szakm\u00e1t \u2013 v\u00e1gott bele a Manager Magazin \u00e9rdekl\u0151d\u00e9s\u00e9re s\u00f6ripari [&hellip;]","og_url":"https:\/\/super-news.info\/hu\/meglovagolni-a-konjunkturat-vilaggazdasag\/","og_site_name":"Super News","article_published_time":"2019-09-08T06:46:04+00:00","article_modified_time":"2019-09-08T06:46:05+00:00","og_image":[{"width":1400,"height":933,"url":"https:\/\/super-news.info\/hu\/wp-content\/uploads\/sites\/3\/2019\/09\/Meglovagolni-a-konjunkt-r-t-Vil-ggazdas-g.jpg","type":"image\/jpeg"}],"author":"super-news","twitter_card":"summary_large_image","twitter_misc":{"Szerz\u0151:":"super-news","Becs\u00fclt olvas\u00e1si id\u0151":"6 perc"},"schema":{"@context":"https:\/\/schema.org","@graph":[{"@type":"Article","@id":"https:\/\/super-news.info\/hu\/meglovagolni-a-konjunkturat-vilaggazdasag\/#article","isPartOf":{"@id":"https:\/\/super-news.info\/hu\/meglovagolni-a-konjunkturat-vilaggazdasag\/"},"author":{"name":"super-news","@id":"https:\/\/super-news.info\/hu\/#\/schema\/person\/2d4068cb2f39cd10008c2fce578a7356"},"headline":"Meglovagolni a konjunkt\u00far\u00e1t | Vil\u00e1ggazdas\u00e1g","datePublished":"2019-09-08T06:46:04+00:00","dateModified":"2019-09-08T06:46:05+00:00","mainEntityOfPage":{"@id":"https:\/\/super-news.info\/hu\/meglovagolni-a-konjunkturat-vilaggazdasag\/"},"wordCount":1287,"commentCount":0,"image":{"@id":"https:\/\/super-news.info\/hu\/meglovagolni-a-konjunkturat-vilaggazdasag\/#primaryimage"},"thumbnailUrl":"https:\/\/super-news.info\/hu\/wp-content\/uploads\/sites\/3\/2019\/09\/Meglovagolni-a-konjunkt-r-t-Vil-ggazdas-g.jpg","articleSection":["P\u00c9NZ\u00dcGYI H\u00cdREK"],"inLanguage":"hu","potentialAction":[{"@type":"CommentAction","name":"Comment","target":["https:\/\/super-news.info\/hu\/meglovagolni-a-konjunkturat-vilaggazdasag\/#respond"]}]},{"@type":"WebPage","@id":"https:\/\/super-news.info\/hu\/meglovagolni-a-konjunkturat-vilaggazdasag\/","url":"https:\/\/super-news.info\/hu\/meglovagolni-a-konjunkturat-vilaggazdasag\/","name":"Meglovagolni a konjunkt\u00far\u00e1t | Vil\u00e1ggazdas\u00e1g - Super News","isPartOf":{"@id":"https:\/\/super-news.info\/hu\/#website"},"primaryImageOfPage":{"@id":"https:\/\/super-news.info\/hu\/meglovagolni-a-konjunkturat-vilaggazdasag\/#primaryimage"},"image":{"@id":"https:\/\/super-news.info\/hu\/meglovagolni-a-konjunkturat-vilaggazdasag\/#primaryimage"},"thumbnailUrl":"https:\/\/super-news.info\/hu\/wp-content\/uploads\/sites\/3\/2019\/09\/Meglovagolni-a-konjunkt-r-t-Vil-ggazdas-g.jpg","datePublished":"2019-09-08T06:46:04+00:00","dateModified":"2019-09-08T06:46:05+00:00","author":{"@id":"https:\/\/super-news.info\/hu\/#\/schema\/person\/2d4068cb2f39cd10008c2fce578a7356"},"breadcrumb":{"@id":"https:\/\/super-news.info\/hu\/meglovagolni-a-konjunkturat-vilaggazdasag\/#breadcrumb"},"inLanguage":"hu","potentialAction":[{"@type":"ReadAction","target":["https:\/\/super-news.info\/hu\/meglovagolni-a-konjunkturat-vilaggazdasag\/"]}]},{"@type":"ImageObject","inLanguage":"hu","@id":"https:\/\/super-news.info\/hu\/meglovagolni-a-konjunkturat-vilaggazdasag\/#primaryimage","url":"https:\/\/super-news.info\/hu\/wp-content\/uploads\/sites\/3\/2019\/09\/Meglovagolni-a-konjunkt-r-t-Vil-ggazdas-g.jpg","contentUrl":"https:\/\/super-news.info\/hu\/wp-content\/uploads\/sites\/3\/2019\/09\/Meglovagolni-a-konjunkt-r-t-Vil-ggazdas-g.jpg","width":1400,"height":933,"caption":"Meglovagolni a konjunkt\u00far\u00e1t | Vil\u00e1ggazdas\u00e1g"},{"@type":"BreadcrumbList","@id":"https:\/\/super-news.info\/hu\/meglovagolni-a-konjunkturat-vilaggazdasag\/#breadcrumb","itemListElement":[{"@type":"ListItem","position":1,"name":"\u0413\u043b\u0430\u0432\u043d\u0430\u044f \u0441\u0442\u0440\u0430\u043d\u0438\u0446\u0430","item":"https:\/\/super-news.info\/hu\/"},{"@type":"ListItem","position":2,"name":"Meglovagolni a konjunkt\u00far\u00e1t | Vil\u00e1ggazdas\u00e1g"}]},{"@type":"WebSite","@id":"https:\/\/super-news.info\/hu\/#website","url":"https:\/\/super-news.info\/hu\/","name":"Super News","description":"Super News Magyarorsz\u00e1g","potentialAction":[{"@type":"SearchAction","target":{"@type":"EntryPoint","urlTemplate":"https:\/\/super-news.info\/hu\/?s={search_term_string}"},"query-input":{"@type":"PropertyValueSpecification","valueRequired":true,"valueName":"search_term_string"}}],"inLanguage":"hu"},{"@type":"Person","@id":"https:\/\/super-news.info\/hu\/#\/schema\/person\/2d4068cb2f39cd10008c2fce578a7356","name":"super-news","image":{"@type":"ImageObject","inLanguage":"hu","@id":"https:\/\/secure.gravatar.com\/avatar\/64ebac40b93f26a154f8a9b5b6fdccfc46f442b26b3dd6756dbff3bf9dc76fd7?s=96&d=mm&r=g","url":"https:\/\/secure.gravatar.com\/avatar\/64ebac40b93f26a154f8a9b5b6fdccfc46f442b26b3dd6756dbff3bf9dc76fd7?s=96&d=mm&r=g","contentUrl":"https:\/\/secure.gravatar.com\/avatar\/64ebac40b93f26a154f8a9b5b6fdccfc46f442b26b3dd6756dbff3bf9dc76fd7?s=96&d=mm&r=g","caption":"super-news"},"url":"https:\/\/super-news.info\/hu\/author\/pt\/"}]}},"_links":{"self":[{"href":"https:\/\/super-news.info\/hu\/wp-json\/wp\/v2\/posts\/8988","targetHints":{"allow":["GET"]}}],"collection":[{"href":"https:\/\/super-news.info\/hu\/wp-json\/wp\/v2\/posts"}],"about":[{"href":"https:\/\/super-news.info\/hu\/wp-json\/wp\/v2\/types\/post"}],"author":[{"embeddable":true,"href":"https:\/\/super-news.info\/hu\/wp-json\/wp\/v2\/users\/2"}],"replies":[{"embeddable":true,"href":"https:\/\/super-news.info\/hu\/wp-json\/wp\/v2\/comments?post=8988"}],"version-history":[{"count":1,"href":"https:\/\/super-news.info\/hu\/wp-json\/wp\/v2\/posts\/8988\/revisions"}],"predecessor-version":[{"id":8990,"href":"https:\/\/super-news.info\/hu\/wp-json\/wp\/v2\/posts\/8988\/revisions\/8990"}],"wp:featuredmedia":[{"embeddable":true,"href":"https:\/\/super-news.info\/hu\/wp-json\/wp\/v2\/media\/8989"}],"wp:attachment":[{"href":"https:\/\/super-news.info\/hu\/wp-json\/wp\/v2\/media?parent=8988"}],"wp:term":[{"taxonomy":"category","embeddable":true,"href":"https:\/\/super-news.info\/hu\/wp-json\/wp\/v2\/categories?post=8988"},{"taxonomy":"post_tag","embeddable":true,"href":"https:\/\/super-news.info\/hu\/wp-json\/wp\/v2\/tags?post=8988"}],"curies":[{"name":"wp","href":"https:\/\/api.w.org\/{rel}","templated":true}]}}