{"id":8978,"date":"2019-09-07T16:59:56","date_gmt":"2019-09-07T13:59:56","guid":{"rendered":"https:\/\/super-news.info\/hu\/szeles-es-oszies-lesz-az-ido\/"},"modified":"2019-09-07T16:59:57","modified_gmt":"2019-09-07T13:59:57","slug":"szeles-es-oszies-lesz-az-ido","status":"publish","type":"post","link":"https:\/\/super-news.info\/hu\/szeles-es-oszies-lesz-az-ido\/","title":{"rendered":"Szeles \u00e9s \u0151szies lesz az id\u0151"},"content":{"rendered":"<div>\n<p>Reggelig az orsz\u00e1g nagy r\u00e9sz\u00e9n t\u00f6bbnyire er\u0151sen felh\u0151s id\u0151re k\u00e9sz\u00fclhet\u00fcnk, \u00e9s t\u00f6bbfel\u00e9 sz\u00e1m\u00edtani kell es\u0151re, z\u00e1porra, helyenk\u00e9nt zivatarra. Az orsz\u00e1g k\u00f6z\u00e9ps\u0151 harmad\u00e1ban jelent\u0151sebb mennyis\u00e9g\u0171 csapad\u00e9k is lehullhat. Vas\u00e1rnap d\u00e9lel\u0151tt m\u00e9g f\u0151k\u00e9nt a nyugati \u00e9s az \u00e9szaki megy\u00e9kben fordulhat el\u0151 kisebb es\u0151, majd szakadozik a felh\u0151zet, \u00e9s d\u00e9lut\u00e1n csup\u00e1n elsz\u00f3rtan val\u00f3sz\u00edn\u0171 z\u00e1por, n\u00e9hol zivatar. Estefel\u00e9 azt\u00e1n nyugat fel\u0151l befelh\u0151s\u00f6dik az \u00e9g, \u00e9s ism\u00e9t egyre t\u00f6bbfel\u00e9 sz\u00e1m\u00edthatunk csapad\u00e9kra. A keleties sz\u00e9l meg\u00e9l\u00e9nk\u00fcl, helyenk\u00e9nt meger\u0151s\u00f6dik.<\/p>\n<div id=\"attachment_1409614\" style=\"width: 1410px\" class=\"wp-caption alignnone\">\n<p class=\"wp-caption-text\">Fot\u00f3: AFP<\/p>\n<\/div>\n<p>Zivatarok k\u00f6rnyezet\u00e9ben er\u0151s vagy viharos l\u00f6k\u00e9sek is lehetnek.<\/p>\n<p>A legalacsonyabb \u00e9jszakai h\u0151m\u00e9rs\u00e9klet 12 \u00e9s 17 fok k\u00f6z\u00f6tt alakul.<\/p>\n<p>A legmagasabb nappali h\u0151m\u00e9rs\u00e9klet vas\u00e1rnap 18 \u00e9s 27 fok k\u00f6z\u00f6tt alakul, a keleti hat\u00e1rvid\u00e9ken lesz a melegebb.<\/p>\n<\/p><\/div>\n<p><script>\n    window.fbAsyncInit = function() {\n        FB.init({\n            appId      : \"204760236815359\",\n            xfbml      : true,\n            version    : \"v2.12\"\n        });\n        FB.AppEvents.logPageView();\n    };<\/p>\n<p>    (function(d, s, id){\n        var js, fjs = d.getElementsByTagName(s)[0];\n        if (d.getElementById(id)) {return;}\n        js = d.createElement(s); js.id = id;\n        js.src = \"http:\/\/connect.facebook.net\/hu_HU\/sdk.js\";\n        fjs.parentNode.insertBefore(js, fjs);\n    }(document, \"script\", \"facebook-jssdk\"));\n<\/script><br \/>\n<br \/>\n<!--noindex--><br \/>\n<a href=\"https:\/\/www.vg.hu\/kozelet\/kozeleti-hirek\/szeles-es-oszies-lesz-az-ido-1733284\/\" rel=\"nofollow\">Source link <\/a><br \/>\n<!--\/noindex--><\/p>\n","protected":false},"excerpt":{"rendered":"<p>Reggelig az orsz\u00e1g nagy r\u00e9sz\u00e9n t\u00f6bbnyire er\u0151sen felh\u0151s id\u0151re k\u00e9sz\u00fclhet\u00fcnk, \u00e9s t\u00f6bbfel\u00e9 sz\u00e1m\u00edtani kell es\u0151re, z\u00e1porra, helyenk\u00e9nt zivatarra. Az orsz\u00e1g k\u00f6z\u00e9ps\u0151 harmad\u00e1ban jelent\u0151sebb mennyis\u00e9g\u0171 csapad\u00e9k is lehullhat. Vas\u00e1rnap d\u00e9lel\u0151tt m\u00e9g f\u0151k\u00e9nt a nyugati \u00e9s az \u00e9szaki megy\u00e9kben fordulhat el\u0151 kisebb es\u0151, majd szakadozik a felh\u0151zet, \u00e9s d\u00e9lut\u00e1n csup\u00e1n elsz\u00f3rtan val\u00f3sz\u00edn\u0171 z\u00e1por, n\u00e9hol zivatar. Estefel\u00e9 azt\u00e1n [&hellip;]<\/p>\n","protected":false},"author":2,"featured_media":1515,"comment_status":"open","ping_status":"open","sticky":false,"template":"","format":"standard","meta":{"footnotes":""},"categories":[1],"tags":[],"class_list":["post-8978","post","type-post","status-publish","format-standard","has-post-thumbnail","hentry","category-penzugyi-hirek"],"yoast_head":"<!-- This site is optimized with the Yoast SEO plugin v27.4 - https:\/\/yoast.com\/product\/yoast-seo-wordpress\/ -->\n<title>Szeles \u00e9s \u0151szies lesz az id\u0151 - Super News<\/title>\n<meta name=\"robots\" content=\"index, follow, max-snippet:-1, max-image-preview:large, max-video-preview:-1\" \/>\n<link rel=\"canonical\" href=\"https:\/\/super-news.info\/hu\/szeles-es-oszies-lesz-az-ido\/\" \/>\n<meta property=\"og:locale\" content=\"hu_HU\" \/>\n<meta property=\"og:type\" content=\"article\" \/>\n<meta property=\"og:title\" content=\"Szeles \u00e9s \u0151szies lesz az id\u0151 - Super News\" \/>\n<meta property=\"og:description\" content=\"Reggelig az orsz\u00e1g nagy r\u00e9sz\u00e9n t\u00f6bbnyire er\u0151sen felh\u0151s id\u0151re k\u00e9sz\u00fclhet\u00fcnk, \u00e9s t\u00f6bbfel\u00e9 sz\u00e1m\u00edtani kell es\u0151re, z\u00e1porra, helyenk\u00e9nt zivatarra. Az orsz\u00e1g k\u00f6z\u00e9ps\u0151 harmad\u00e1ban jelent\u0151sebb mennyis\u00e9g\u0171 csapad\u00e9k is lehullhat. Vas\u00e1rnap d\u00e9lel\u0151tt m\u00e9g f\u0151k\u00e9nt a nyugati \u00e9s az \u00e9szaki megy\u00e9kben fordulhat el\u0151 kisebb es\u0151, majd szakadozik a felh\u0151zet, \u00e9s d\u00e9lut\u00e1n csup\u00e1n elsz\u00f3rtan val\u00f3sz\u00edn\u0171 z\u00e1por, n\u00e9hol zivatar. Estefel\u00e9 azt\u00e1n [&hellip;]\" \/>\n<meta property=\"og:url\" content=\"https:\/\/super-news.info\/hu\/szeles-es-oszies-lesz-az-ido\/\" \/>\n<meta property=\"og:site_name\" content=\"Super News\" \/>\n<meta property=\"article:published_time\" content=\"2019-09-07T13:59:56+00:00\" \/>\n<meta property=\"article:modified_time\" content=\"2019-09-07T13:59:57+00:00\" \/>\n<meta property=\"og:image\" content=\"https:\/\/super-news.info\/hu\/wp-content\/uploads\/sites\/3\/2019\/05\/Szeles-felh\u0151s-id\u0151-v\u00e1r-r\u00e1nk-szerd\u00e1n.jpg\" \/>\n\t<meta property=\"og:image:width\" content=\"1400\" \/>\n\t<meta property=\"og:image:height\" content=\"959\" \/>\n\t<meta property=\"og:image:type\" content=\"image\/jpeg\" \/>\n<meta name=\"author\" content=\"super-news\" \/>\n<meta name=\"twitter:card\" content=\"summary_large_image\" \/>\n<meta name=\"twitter:label1\" content=\"Szerz\u0151:\" \/>\n\t<meta name=\"twitter:data1\" content=\"super-news\" \/>\n\t<meta name=\"twitter:label2\" content=\"Becs\u00fclt olvas\u00e1si id\u0151\" \/>\n\t<meta name=\"twitter:data2\" content=\"1 perc\" \/>\n<script type=\"application\/ld+json\" class=\"yoast-schema-graph\">{\"@context\":\"https:\\\/\\\/schema.org\",\"@graph\":[{\"@type\":\"Article\",\"@id\":\"https:\\\/\\\/super-news.info\\\/hu\\\/szeles-es-oszies-lesz-az-ido\\\/#article\",\"isPartOf\":{\"@id\":\"https:\\\/\\\/super-news.info\\\/hu\\\/szeles-es-oszies-lesz-az-ido\\\/\"},\"author\":{\"name\":\"super-news\",\"@id\":\"https:\\\/\\\/super-news.info\\\/hu\\\/#\\\/schema\\\/person\\\/2d4068cb2f39cd10008c2fce578a7356\"},\"headline\":\"Szeles \u00e9s \u0151szies lesz az id\u0151\",\"datePublished\":\"2019-09-07T13:59:56+00:00\",\"dateModified\":\"2019-09-07T13:59:57+00:00\",\"mainEntityOfPage\":{\"@id\":\"https:\\\/\\\/super-news.info\\\/hu\\\/szeles-es-oszies-lesz-az-ido\\\/\"},\"wordCount\":186,\"commentCount\":0,\"image\":{\"@id\":\"https:\\\/\\\/super-news.info\\\/hu\\\/szeles-es-oszies-lesz-az-ido\\\/#primaryimage\"},\"thumbnailUrl\":\"https:\\\/\\\/super-news.info\\\/hu\\\/wp-content\\\/uploads\\\/sites\\\/3\\\/2019\\\/05\\\/Szeles-felh\u0151s-id\u0151-v\u00e1r-r\u00e1nk-szerd\u00e1n.jpg\",\"articleSection\":[\"P\u00c9NZ\u00dcGYI H\u00cdREK\"],\"inLanguage\":\"hu\",\"potentialAction\":[{\"@type\":\"CommentAction\",\"name\":\"Comment\",\"target\":[\"https:\\\/\\\/super-news.info\\\/hu\\\/szeles-es-oszies-lesz-az-ido\\\/#respond\"]}]},{\"@type\":\"WebPage\",\"@id\":\"https:\\\/\\\/super-news.info\\\/hu\\\/szeles-es-oszies-lesz-az-ido\\\/\",\"url\":\"https:\\\/\\\/super-news.info\\\/hu\\\/szeles-es-oszies-lesz-az-ido\\\/\",\"name\":\"Szeles \u00e9s \u0151szies lesz az id\u0151 - Super News\",\"isPartOf\":{\"@id\":\"https:\\\/\\\/super-news.info\\\/hu\\\/#website\"},\"primaryImageOfPage\":{\"@id\":\"https:\\\/\\\/super-news.info\\\/hu\\\/szeles-es-oszies-lesz-az-ido\\\/#primaryimage\"},\"image\":{\"@id\":\"https:\\\/\\\/super-news.info\\\/hu\\\/szeles-es-oszies-lesz-az-ido\\\/#primaryimage\"},\"thumbnailUrl\":\"https:\\\/\\\/super-news.info\\\/hu\\\/wp-content\\\/uploads\\\/sites\\\/3\\\/2019\\\/05\\\/Szeles-felh\u0151s-id\u0151-v\u00e1r-r\u00e1nk-szerd\u00e1n.jpg\",\"datePublished\":\"2019-09-07T13:59:56+00:00\",\"dateModified\":\"2019-09-07T13:59:57+00:00\",\"author\":{\"@id\":\"https:\\\/\\\/super-news.info\\\/hu\\\/#\\\/schema\\\/person\\\/2d4068cb2f39cd10008c2fce578a7356\"},\"breadcrumb\":{\"@id\":\"https:\\\/\\\/super-news.info\\\/hu\\\/szeles-es-oszies-lesz-az-ido\\\/#breadcrumb\"},\"inLanguage\":\"hu\",\"potentialAction\":[{\"@type\":\"ReadAction\",\"target\":[\"https:\\\/\\\/super-news.info\\\/hu\\\/szeles-es-oszies-lesz-az-ido\\\/\"]}]},{\"@type\":\"ImageObject\",\"inLanguage\":\"hu\",\"@id\":\"https:\\\/\\\/super-news.info\\\/hu\\\/szeles-es-oszies-lesz-az-ido\\\/#primaryimage\",\"url\":\"https:\\\/\\\/super-news.info\\\/hu\\\/wp-content\\\/uploads\\\/sites\\\/3\\\/2019\\\/05\\\/Szeles-felh\u0151s-id\u0151-v\u00e1r-r\u00e1nk-szerd\u00e1n.jpg\",\"contentUrl\":\"https:\\\/\\\/super-news.info\\\/hu\\\/wp-content\\\/uploads\\\/sites\\\/3\\\/2019\\\/05\\\/Szeles-felh\u0151s-id\u0151-v\u00e1r-r\u00e1nk-szerd\u00e1n.jpg\",\"width\":1400,\"height\":959,\"caption\":\"Szeles, felh\u0151s id\u0151 v\u00e1r r\u00e1nk szerd\u00e1n\"},{\"@type\":\"BreadcrumbList\",\"@id\":\"https:\\\/\\\/super-news.info\\\/hu\\\/szeles-es-oszies-lesz-az-ido\\\/#breadcrumb\",\"itemListElement\":[{\"@type\":\"ListItem\",\"position\":1,\"name\":\"\u0413\u043b\u0430\u0432\u043d\u0430\u044f \u0441\u0442\u0440\u0430\u043d\u0438\u0446\u0430\",\"item\":\"https:\\\/\\\/super-news.info\\\/hu\\\/\"},{\"@type\":\"ListItem\",\"position\":2,\"name\":\"Szeles \u00e9s \u0151szies lesz az id\u0151\"}]},{\"@type\":\"WebSite\",\"@id\":\"https:\\\/\\\/super-news.info\\\/hu\\\/#website\",\"url\":\"https:\\\/\\\/super-news.info\\\/hu\\\/\",\"name\":\"Super News\",\"description\":\"Super News Magyarorsz\u00e1g\",\"potentialAction\":[{\"@type\":\"SearchAction\",\"target\":{\"@type\":\"EntryPoint\",\"urlTemplate\":\"https:\\\/\\\/super-news.info\\\/hu\\\/?s={search_term_string}\"},\"query-input\":{\"@type\":\"PropertyValueSpecification\",\"valueRequired\":true,\"valueName\":\"search_term_string\"}}],\"inLanguage\":\"hu\"},{\"@type\":\"Person\",\"@id\":\"https:\\\/\\\/super-news.info\\\/hu\\\/#\\\/schema\\\/person\\\/2d4068cb2f39cd10008c2fce578a7356\",\"name\":\"super-news\",\"image\":{\"@type\":\"ImageObject\",\"inLanguage\":\"hu\",\"@id\":\"https:\\\/\\\/secure.gravatar.com\\\/avatar\\\/64ebac40b93f26a154f8a9b5b6fdccfc46f442b26b3dd6756dbff3bf9dc76fd7?s=96&d=mm&r=g\",\"url\":\"https:\\\/\\\/secure.gravatar.com\\\/avatar\\\/64ebac40b93f26a154f8a9b5b6fdccfc46f442b26b3dd6756dbff3bf9dc76fd7?s=96&d=mm&r=g\",\"contentUrl\":\"https:\\\/\\\/secure.gravatar.com\\\/avatar\\\/64ebac40b93f26a154f8a9b5b6fdccfc46f442b26b3dd6756dbff3bf9dc76fd7?s=96&d=mm&r=g\",\"caption\":\"super-news\"},\"url\":\"https:\\\/\\\/super-news.info\\\/hu\\\/author\\\/pt\\\/\"}]}<\/script>\n<!-- \/ Yoast SEO plugin. -->","yoast_head_json":{"title":"Szeles \u00e9s \u0151szies lesz az id\u0151 - Super News","robots":{"index":"index","follow":"follow","max-snippet":"max-snippet:-1","max-image-preview":"max-image-preview:large","max-video-preview":"max-video-preview:-1"},"canonical":"https:\/\/super-news.info\/hu\/szeles-es-oszies-lesz-az-ido\/","og_locale":"hu_HU","og_type":"article","og_title":"Szeles \u00e9s \u0151szies lesz az id\u0151 - Super News","og_description":"Reggelig az orsz\u00e1g nagy r\u00e9sz\u00e9n t\u00f6bbnyire er\u0151sen felh\u0151s id\u0151re k\u00e9sz\u00fclhet\u00fcnk, \u00e9s t\u00f6bbfel\u00e9 sz\u00e1m\u00edtani kell es\u0151re, z\u00e1porra, helyenk\u00e9nt zivatarra. Az orsz\u00e1g k\u00f6z\u00e9ps\u0151 harmad\u00e1ban jelent\u0151sebb mennyis\u00e9g\u0171 csapad\u00e9k is lehullhat. Vas\u00e1rnap d\u00e9lel\u0151tt m\u00e9g f\u0151k\u00e9nt a nyugati \u00e9s az \u00e9szaki megy\u00e9kben fordulhat el\u0151 kisebb es\u0151, majd szakadozik a felh\u0151zet, \u00e9s d\u00e9lut\u00e1n csup\u00e1n elsz\u00f3rtan val\u00f3sz\u00edn\u0171 z\u00e1por, n\u00e9hol zivatar. Estefel\u00e9 azt\u00e1n [&hellip;]","og_url":"https:\/\/super-news.info\/hu\/szeles-es-oszies-lesz-az-ido\/","og_site_name":"Super News","article_published_time":"2019-09-07T13:59:56+00:00","article_modified_time":"2019-09-07T13:59:57+00:00","og_image":[{"width":1400,"height":959,"url":"https:\/\/super-news.info\/hu\/wp-content\/uploads\/sites\/3\/2019\/05\/Szeles-felh\u0151s-id\u0151-v\u00e1r-r\u00e1nk-szerd\u00e1n.jpg","type":"image\/jpeg"}],"author":"super-news","twitter_card":"summary_large_image","twitter_misc":{"Szerz\u0151:":"super-news","Becs\u00fclt olvas\u00e1si id\u0151":"1 perc"},"schema":{"@context":"https:\/\/schema.org","@graph":[{"@type":"Article","@id":"https:\/\/super-news.info\/hu\/szeles-es-oszies-lesz-az-ido\/#article","isPartOf":{"@id":"https:\/\/super-news.info\/hu\/szeles-es-oszies-lesz-az-ido\/"},"author":{"name":"super-news","@id":"https:\/\/super-news.info\/hu\/#\/schema\/person\/2d4068cb2f39cd10008c2fce578a7356"},"headline":"Szeles \u00e9s \u0151szies lesz az id\u0151","datePublished":"2019-09-07T13:59:56+00:00","dateModified":"2019-09-07T13:59:57+00:00","mainEntityOfPage":{"@id":"https:\/\/super-news.info\/hu\/szeles-es-oszies-lesz-az-ido\/"},"wordCount":186,"commentCount":0,"image":{"@id":"https:\/\/super-news.info\/hu\/szeles-es-oszies-lesz-az-ido\/#primaryimage"},"thumbnailUrl":"https:\/\/super-news.info\/hu\/wp-content\/uploads\/sites\/3\/2019\/05\/Szeles-felh\u0151s-id\u0151-v\u00e1r-r\u00e1nk-szerd\u00e1n.jpg","articleSection":["P\u00c9NZ\u00dcGYI H\u00cdREK"],"inLanguage":"hu","potentialAction":[{"@type":"CommentAction","name":"Comment","target":["https:\/\/super-news.info\/hu\/szeles-es-oszies-lesz-az-ido\/#respond"]}]},{"@type":"WebPage","@id":"https:\/\/super-news.info\/hu\/szeles-es-oszies-lesz-az-ido\/","url":"https:\/\/super-news.info\/hu\/szeles-es-oszies-lesz-az-ido\/","name":"Szeles \u00e9s \u0151szies lesz az id\u0151 - Super News","isPartOf":{"@id":"https:\/\/super-news.info\/hu\/#website"},"primaryImageOfPage":{"@id":"https:\/\/super-news.info\/hu\/szeles-es-oszies-lesz-az-ido\/#primaryimage"},"image":{"@id":"https:\/\/super-news.info\/hu\/szeles-es-oszies-lesz-az-ido\/#primaryimage"},"thumbnailUrl":"https:\/\/super-news.info\/hu\/wp-content\/uploads\/sites\/3\/2019\/05\/Szeles-felh\u0151s-id\u0151-v\u00e1r-r\u00e1nk-szerd\u00e1n.jpg","datePublished":"2019-09-07T13:59:56+00:00","dateModified":"2019-09-07T13:59:57+00:00","author":{"@id":"https:\/\/super-news.info\/hu\/#\/schema\/person\/2d4068cb2f39cd10008c2fce578a7356"},"breadcrumb":{"@id":"https:\/\/super-news.info\/hu\/szeles-es-oszies-lesz-az-ido\/#breadcrumb"},"inLanguage":"hu","potentialAction":[{"@type":"ReadAction","target":["https:\/\/super-news.info\/hu\/szeles-es-oszies-lesz-az-ido\/"]}]},{"@type":"ImageObject","inLanguage":"hu","@id":"https:\/\/super-news.info\/hu\/szeles-es-oszies-lesz-az-ido\/#primaryimage","url":"https:\/\/super-news.info\/hu\/wp-content\/uploads\/sites\/3\/2019\/05\/Szeles-felh\u0151s-id\u0151-v\u00e1r-r\u00e1nk-szerd\u00e1n.jpg","contentUrl":"https:\/\/super-news.info\/hu\/wp-content\/uploads\/sites\/3\/2019\/05\/Szeles-felh\u0151s-id\u0151-v\u00e1r-r\u00e1nk-szerd\u00e1n.jpg","width":1400,"height":959,"caption":"Szeles, felh\u0151s id\u0151 v\u00e1r r\u00e1nk szerd\u00e1n"},{"@type":"BreadcrumbList","@id":"https:\/\/super-news.info\/hu\/szeles-es-oszies-lesz-az-ido\/#breadcrumb","itemListElement":[{"@type":"ListItem","position":1,"name":"\u0413\u043b\u0430\u0432\u043d\u0430\u044f \u0441\u0442\u0440\u0430\u043d\u0438\u0446\u0430","item":"https:\/\/super-news.info\/hu\/"},{"@type":"ListItem","position":2,"name":"Szeles \u00e9s \u0151szies lesz az id\u0151"}]},{"@type":"WebSite","@id":"https:\/\/super-news.info\/hu\/#website","url":"https:\/\/super-news.info\/hu\/","name":"Super News","description":"Super News Magyarorsz\u00e1g","potentialAction":[{"@type":"SearchAction","target":{"@type":"EntryPoint","urlTemplate":"https:\/\/super-news.info\/hu\/?s={search_term_string}"},"query-input":{"@type":"PropertyValueSpecification","valueRequired":true,"valueName":"search_term_string"}}],"inLanguage":"hu"},{"@type":"Person","@id":"https:\/\/super-news.info\/hu\/#\/schema\/person\/2d4068cb2f39cd10008c2fce578a7356","name":"super-news","image":{"@type":"ImageObject","inLanguage":"hu","@id":"https:\/\/secure.gravatar.com\/avatar\/64ebac40b93f26a154f8a9b5b6fdccfc46f442b26b3dd6756dbff3bf9dc76fd7?s=96&d=mm&r=g","url":"https:\/\/secure.gravatar.com\/avatar\/64ebac40b93f26a154f8a9b5b6fdccfc46f442b26b3dd6756dbff3bf9dc76fd7?s=96&d=mm&r=g","contentUrl":"https:\/\/secure.gravatar.com\/avatar\/64ebac40b93f26a154f8a9b5b6fdccfc46f442b26b3dd6756dbff3bf9dc76fd7?s=96&d=mm&r=g","caption":"super-news"},"url":"https:\/\/super-news.info\/hu\/author\/pt\/"}]}},"_links":{"self":[{"href":"https:\/\/super-news.info\/hu\/wp-json\/wp\/v2\/posts\/8978","targetHints":{"allow":["GET"]}}],"collection":[{"href":"https:\/\/super-news.info\/hu\/wp-json\/wp\/v2\/posts"}],"about":[{"href":"https:\/\/super-news.info\/hu\/wp-json\/wp\/v2\/types\/post"}],"author":[{"embeddable":true,"href":"https:\/\/super-news.info\/hu\/wp-json\/wp\/v2\/users\/2"}],"replies":[{"embeddable":true,"href":"https:\/\/super-news.info\/hu\/wp-json\/wp\/v2\/comments?post=8978"}],"version-history":[{"count":1,"href":"https:\/\/super-news.info\/hu\/wp-json\/wp\/v2\/posts\/8978\/revisions"}],"predecessor-version":[{"id":8979,"href":"https:\/\/super-news.info\/hu\/wp-json\/wp\/v2\/posts\/8978\/revisions\/8979"}],"wp:featuredmedia":[{"embeddable":true,"href":"https:\/\/super-news.info\/hu\/wp-json\/wp\/v2\/media\/1515"}],"wp:attachment":[{"href":"https:\/\/super-news.info\/hu\/wp-json\/wp\/v2\/media?parent=8978"}],"wp:term":[{"taxonomy":"category","embeddable":true,"href":"https:\/\/super-news.info\/hu\/wp-json\/wp\/v2\/categories?post=8978"},{"taxonomy":"post_tag","embeddable":true,"href":"https:\/\/super-news.info\/hu\/wp-json\/wp\/v2\/tags?post=8978"}],"curies":[{"name":"wp","href":"https:\/\/api.w.org\/{rel}","templated":true}]}}